{"id":2356,"date":"2017-12-18T13:00:11","date_gmt":"2017-12-18T13:00:11","guid":{"rendered":"https:\/\/rideon.es\/?p=2356"},"modified":"2017-12-18T13:00:11","modified_gmt":"2017-12-18T13:00:11","slug":"fornells-y-la-caldereta-de-langosta","status":"publish","type":"post","link":"https:\/\/rideon.es\/renting-empresas\/fornells-y-la-caldereta-de-langosta\/","title":{"rendered":"Fornells y la caldereta de langosta"},"content":{"rendered":"<p><span style=\"font-weight: 400\">Fornells, el puerto m\u00e1s famoso para degustar la Caldereta de Langosta<\/span><br \/>\n<span style=\"font-weight: 400\">El pueblo de Fornells, con sus callejuelas y sus casas blancas, conserva todo su pasado marinero y es una de las mejores rutas que podemos hacer <\/span><a href=\"https:\/\/rideon.es\/es\/alquiler-moto-menorca\/\"><span style=\"font-weight: 400\">en moto por Menorca<\/span><\/a><span style=\"font-weight: 400\">. <\/span><\/p>\n<p><b>Fornells<\/b><span style=\"font-weight: 400\"> es una localidad del municipio de <\/span><b>Es Mercadal<\/b><span style=\"font-weight: 400\"> con una interesante oferta tur\u00edstica y gastron\u00f3mica, con restaurantes de gran renombre especializados en platos de pescado y marisco y famosos por sus recetas de <\/span><b>Caldereta de langosta<\/b><span style=\"font-weight: 400\">. Es precisamente esta gastronom\u00eda la se\u00f1a de identidad de Fornells y toda su cocina se desarrolla entorno a la pesca, siempre fresca, que traen a diario los pescadores al puerto. <\/span><br \/>\n<img fetchpriority=\"high\" decoding=\"async\" class=\"aligncenter\" src=\"https:\/\/rideon.es\/wp-content\/uploads\/2017\/12\/caldereta-llagosta-alquieler-moto-menorca.jpg\" alt=\"Caldereta langosta alquiler de moto menorca\" width=\"800\" height=\"602\" \/><\/p>\n<p><span style=\"font-weight: 400\">Pero tambi\u00e9n Fornells es visita obligada durante unas <\/span><b>vacaciones en Menorca<\/b><span style=\"font-weight: 400\">, por la belleza de su paisaje, por su entorno natural y por una historia bien conservada que se muestra en el <\/span><b>Castell de Sant Antoni<\/b><span style=\"font-weight: 400\">, en la Casa del Contramaestre o en la torre de defensa construida en su costa para defender el <\/span><b>Norte de Menorca<\/b><span style=\"font-weight: 400\"> de los piratas.<\/span><br \/>\n<img decoding=\"async\" class=\"aligncenter\" src=\"https:\/\/rideon.es\/wp-content\/uploads\/2017\/12\/torre-del-contramestre-fornells-ret-scooter-menorca.png\" alt=\"castell de sant antoni alquiler de moto menorca\" width=\"799\" height=\"402\" \/><\/p>\n<p><span style=\"font-weight: 400\">El <\/span><b>Yacimiento arqueol\u00f3gico Sanitja<\/b><span style=\"font-weight: 400\">, la planta de la iglesia paelocristiana del puerto o la Cueva de los Ingleses son otras de las interesantes propuestas que nos ofrece esta localidad.<\/span><\/p>\n<p><span style=\"font-weight: 400\">Pasear por sus calles es la mejor opci\u00f3n para comprobar c\u00f3mo el tiempo transcurre de otra manera en este peque\u00f1o <\/span><b>pueblo marinero<\/b><span style=\"font-weight: 400\">. En \u00e9l se respira la calma que irradia la Isla y los menorquines. <\/span><br \/>\n<img decoding=\"async\" class=\"aligncenter\" src=\"https:\/\/rideon.es\/wp-content\/uploads\/2017\/12\/pasear-calles-fornells-alquiler-moto-menorca.png\" alt=\"calles de Fornells alquiler de moto menorca\" width=\"801\" height=\"523\" \/><\/p>\n<p><span style=\"font-weight: 400\">Por otro lado, el <\/span><b>Puerto de Fornells<\/b><span style=\"font-weight: 400\">, en una gran bah\u00eda de 3 kil\u00f3metros de longitud y unas aguas tranquilas, ofrece un marco inmejorable para la pr\u00e1ctica de <\/span><b>deportes n\u00e1uticos<\/b><span style=\"font-weight: 400\"> como el submarinismo, la vela, pirag\u00fcismo e incluso esqu\u00ed acu\u00e1tico.No hay que olvidar la importancia que tiene este puerto natural en la imponente <\/span><b>costa Norte de Menorca<\/b><span style=\"font-weight: 400\">, ya que es uno de los pocos refugios que encuentran las embarcaciones en los momentos en los que llegan los temporales de Tramuntana.<\/span><br \/>\n<img loading=\"lazy\" decoding=\"async\" class=\"aligncenter\" src=\"https:\/\/rideon.es\/wp-content\/uploads\/2017\/12\/puerto-fornells-alquiler-motos-menorca.png\" alt=\"puerto de fornells alquiler de moto menorca\" width=\"798\" height=\"593\" \/><\/p>\n<p><span style=\"font-weight: 400\">Tambi\u00e9n, este bello entorno es escenario, tierra adentro, de otras actividades como la equitaci\u00f3n, el senderismo, ciclismo&#8230; <\/span><\/p>\n<p><span style=\"font-weight: 400\">Fornells ofrece una todo aquello por lo que Menorca es famosa, por ejemplo<\/span><b> el pasado pesquero<\/b><span style=\"font-weight: 400\"> y posee una amplia variedad de pescados y mariscos que, del mismo modo, llegan con toda su frescura a la cocina.\u00a0<\/span><\/p>\n<p><span style=\"font-weight: 400\">Del ganado porcino obtienen la base para sabrosos embutidos. Del ganado ovino, ricas carnes de cordero. Y de su ganado vacuno, la leche para elaborar un <\/span><b>queso \u00fanico<\/b><span style=\"font-weight: 400\">, con denominaci\u00f3n de origen (<\/span><b>Mah\u00f3n-Menorca<\/b><span style=\"font-weight: 400\">), que dicen que debe su particular sabor a unos pastos que conservan el sabor salino del mar. <\/span><\/p>\n<p><span style=\"font-weight: 400\">Con tan buen materia prima surgen unas <\/span><b>recetas sencillas pero muy sabrosas<\/b><span style=\"font-weight: 400\">. Recetas que cuentan con influencias de las distintas civilizaciones que han dejado su huella en la Isla. Influencia de las culturas cl\u00e1sicas mediterr\u00e1neas, de los \u00e1rabes, franceses y brit\u00e1nicos muy presentes hoy en todos sus platos principales, su reposter\u00eda y sus licores. <\/span><br \/>\n<span style=\"font-weight: 400\">Por ello, <\/span><b>Menorca es un destino completo<\/b><span style=\"font-weight: 400\">. Una Isla que huye del turismo de masas, que conserva todo su legado hist\u00f3rico, cultural y ambiental, que ofrece paisajes y playas de ensue\u00f1o y, d\u00f3nde adem\u00e1s, se come muy bien&#8230; <\/span><\/p>\n<p><span style=\"font-weight: 400\">Para reservas online de motos de alquiler en Menorca pueden visitar nuestra web <\/span><a href=\"https:\/\/rideon.es\/es\/alquiler-moto-menorca\/\"><span style=\"font-weight: 400\">www.rideon.es<\/span><\/a><\/p>\n","protected":false},"excerpt":{"rendered":"<p>Fornells, el puerto m\u00e1s famoso para degustar la Caldereta de Langosta El pueblo de Fornells, con sus callejuelas y sus casas blancas, conserva todo su pasado marinero y es una de las mejores rutas que podemos hacer en moto por Menorca. Fornells es una localidad del municipio de Es Mercadal con una interesante oferta tur\u00edstica<\/p>\n","protected":false},"author":2,"featured_media":2759,"comment_status":"open","ping_status":"closed","sticky":false,"template":"","format":"standard","meta":{"inline_featured_image":false,"footnotes":""},"categories":[58,56,14],"tags":[],"class_list":["post-2356","post","type-post","status-publish","format-standard","has-post-thumbnail","hentry","category-gastronomia","category-lugar-interes","category-menorca"],"yoast_head":"<!-- This site is optimized with the Yoast SEO Premium plugin v18.7 (Yoast SEO v27.5) - https:\/\/yoast.com\/product\/yoast-seo-premium-wordpress\/ -->\n<title>Fornells y la caldereta de langosta - Rideon alquiler moto Menorca<\/title>\n<meta name=\"description\" content=\"Degustar una buena caldereta de langosta y visitar con tu alquiler moto Menorca uno de los pueblos m\u00e1s encantadores de la isla.\" \/>\n<meta name=\"robots\" content=\"index, follow, max-snippet:-1, max-image-preview:large, max-video-preview:-1\" \/>\n<link rel=\"canonical\" href=\"https:\/\/rideon.es\/renting-empresas\/fornells-y-la-caldereta-de-langosta\/\" \/>\n<meta property=\"og:locale\" content=\"es_ES\" \/>\n<meta property=\"og:type\" content=\"article\" \/>\n<meta property=\"og:title\" content=\"Fornells y la caldereta de langosta\" \/>\n<meta property=\"og:description\" content=\"Degustar una buena caldereta de langosta y visitar con tu alquiler moto Menorca uno de los pueblos m\u00e1s encantadores de la isla.\" \/>\n<meta property=\"og:url\" content=\"https:\/\/rideon.es\/renting-empresas\/fornells-y-la-caldereta-de-langosta\/\" \/>\n<meta property=\"og:site_name\" content=\"Alquiler de motos mensual y Renting para Empresas\" \/>\n<meta property=\"article:published_time\" content=\"2017-12-18T13:00:11+00:00\" \/>\n<meta property=\"og:image\" content=\"https:\/\/rideon.es\/renting-empresas\/wp-content\/uploads\/sites\/19\/2019\/06\/chaqueta-verano-richa-alquiler-moto-mallorca.jpg\" \/>\n\t<meta property=\"og:image:width\" content=\"720\" \/>\n\t<meta property=\"og:image:height\" content=\"720\" \/>\n\t<meta property=\"og:image:type\" content=\"image\/jpeg\" \/>\n<meta name=\"author\" content=\"Ride On\" \/>\n<meta name=\"twitter:card\" content=\"summary_large_image\" \/>\n<meta name=\"twitter:label1\" content=\"Escrito por\" \/>\n\t<meta name=\"twitter:data1\" content=\"Ride On\" \/>\n\t<meta name=\"twitter:label2\" content=\"Tiempo de lectura\" \/>\n\t<meta name=\"twitter:data2\" content=\"3 minutos\" \/>\n<script type=\"application\/ld+json\" class=\"yoast-schema-graph\">{\"@context\":\"https:\\\/\\\/schema.org\",\"@graph\":[{\"@type\":\"Article\",\"@id\":\"https:\\\/\\\/rideon.es\\\/renting-empresas\\\/fornells-y-la-caldereta-de-langosta\\\/#article\",\"isPartOf\":{\"@id\":\"https:\\\/\\\/rideon.es\\\/renting-empresas\\\/fornells-y-la-caldereta-de-langosta\\\/\"},\"author\":{\"name\":\"Ride On\",\"@id\":\"https:\\\/\\\/rideon.es\\\/renting-empresas\\\/#\\\/schema\\\/person\\\/48d6770e55c623d929bd20ce295611a7\"},\"headline\":\"Fornells y la caldereta de langosta\",\"datePublished\":\"2017-12-18T13:00:11+00:00\",\"mainEntityOfPage\":{\"@id\":\"https:\\\/\\\/rideon.es\\\/renting-empresas\\\/fornells-y-la-caldereta-de-langosta\\\/\"},\"wordCount\":558,\"commentCount\":0,\"publisher\":{\"@id\":\"https:\\\/\\\/rideon.es\\\/renting-empresas\\\/#organization\"},\"image\":{\"@id\":\"https:\\\/\\\/rideon.es\\\/renting-empresas\\\/fornells-y-la-caldereta-de-langosta\\\/#primaryimage\"},\"thumbnailUrl\":\"https:\\\/\\\/rideon.es\\\/renting-empresas\\\/wp-content\\\/uploads\\\/sites\\\/19\\\/2019\\\/06\\\/chaqueta-verano-richa-alquiler-moto-mallorca.jpg\",\"articleSection\":[\"Gastronom\u00eda\",\"Lugares de inter\u00e9s\",\"Menorca\"],\"inLanguage\":\"es\",\"potentialAction\":[{\"@type\":\"CommentAction\",\"name\":\"Comment\",\"target\":[\"https:\\\/\\\/rideon.es\\\/renting-empresas\\\/fornells-y-la-caldereta-de-langosta\\\/#respond\"]}]},{\"@type\":\"WebPage\",\"@id\":\"https:\\\/\\\/rideon.es\\\/renting-empresas\\\/fornells-y-la-caldereta-de-langosta\\\/\",\"url\":\"https:\\\/\\\/rideon.es\\\/renting-empresas\\\/fornells-y-la-caldereta-de-langosta\\\/\",\"name\":\"Fornells y la caldereta de langosta - Rideon alquiler moto Menorca\",\"isPartOf\":{\"@id\":\"https:\\\/\\\/rideon.es\\\/renting-empresas\\\/#website\"},\"primaryImageOfPage\":{\"@id\":\"https:\\\/\\\/rideon.es\\\/renting-empresas\\\/fornells-y-la-caldereta-de-langosta\\\/#primaryimage\"},\"image\":{\"@id\":\"https:\\\/\\\/rideon.es\\\/renting-empresas\\\/fornells-y-la-caldereta-de-langosta\\\/#primaryimage\"},\"thumbnailUrl\":\"https:\\\/\\\/rideon.es\\\/renting-empresas\\\/wp-content\\\/uploads\\\/sites\\\/19\\\/2019\\\/06\\\/chaqueta-verano-richa-alquiler-moto-mallorca.jpg\",\"datePublished\":\"2017-12-18T13:00:11+00:00\",\"description\":\"Degustar una buena caldereta de langosta y visitar con tu alquiler moto Menorca uno de los pueblos m\u00e1s encantadores de la isla.\",\"inLanguage\":\"es\",\"potentialAction\":[{\"@type\":\"ReadAction\",\"target\":[\"https:\\\/\\\/rideon.es\\\/renting-empresas\\\/fornells-y-la-caldereta-de-langosta\\\/\"]}]},{\"@type\":\"ImageObject\",\"inLanguage\":\"es\",\"@id\":\"https:\\\/\\\/rideon.es\\\/renting-empresas\\\/fornells-y-la-caldereta-de-langosta\\\/#primaryimage\",\"url\":\"https:\\\/\\\/rideon.es\\\/renting-empresas\\\/wp-content\\\/uploads\\\/sites\\\/19\\\/2019\\\/06\\\/chaqueta-verano-richa-alquiler-moto-mallorca.jpg\",\"contentUrl\":\"https:\\\/\\\/rideon.es\\\/renting-empresas\\\/wp-content\\\/uploads\\\/sites\\\/19\\\/2019\\\/06\\\/chaqueta-verano-richa-alquiler-moto-mallorca.jpg\",\"width\":720,\"height\":720},{\"@type\":\"WebSite\",\"@id\":\"https:\\\/\\\/rideon.es\\\/renting-empresas\\\/#website\",\"url\":\"https:\\\/\\\/rideon.es\\\/renting-empresas\\\/\",\"name\":\"Alquiler de motos mensual y Renting para Empresas\",\"description\":\"Las motos m\u00e1s c\u00f3modas y seguras para disfrutar de tus vacaciones sobre ruedas. Alquiler de motos en Menorca, Mallorca, Barcelona y Valencia con Rideon.es\",\"publisher\":{\"@id\":\"https:\\\/\\\/rideon.es\\\/renting-empresas\\\/#organization\"},\"potentialAction\":[{\"@type\":\"SearchAction\",\"target\":{\"@type\":\"EntryPoint\",\"urlTemplate\":\"https:\\\/\\\/rideon.es\\\/renting-empresas\\\/?s={search_term_string}\"},\"query-input\":{\"@type\":\"PropertyValueSpecification\",\"valueRequired\":true,\"valueName\":\"search_term_string\"}}],\"inLanguage\":\"es\"},{\"@type\":\"Organization\",\"@id\":\"https:\\\/\\\/rideon.es\\\/renting-empresas\\\/#organization\",\"name\":\"Alquiler de motos mensual y Renting para Empresas\",\"url\":\"https:\\\/\\\/rideon.es\\\/renting-empresas\\\/\",\"logo\":{\"@type\":\"ImageObject\",\"inLanguage\":\"es\",\"@id\":\"https:\\\/\\\/rideon.es\\\/renting-empresas\\\/#\\\/schema\\\/logo\\\/image\\\/\",\"url\":\"https:\\\/\\\/rideon.es\\\/renting-empresas\\\/wp-content\\\/uploads\\\/sites\\\/19\\\/2020\\\/02\\\/rideon_logo-200x78-1.png\",\"contentUrl\":\"https:\\\/\\\/rideon.es\\\/renting-empresas\\\/wp-content\\\/uploads\\\/sites\\\/19\\\/2020\\\/02\\\/rideon_logo-200x78-1.png\",\"width\":200,\"height\":78,\"caption\":\"Alquiler de motos mensual y Renting para Empresas\"},\"image\":{\"@id\":\"https:\\\/\\\/rideon.es\\\/renting-empresas\\\/#\\\/schema\\\/logo\\\/image\\\/\"}},{\"@type\":\"Person\",\"@id\":\"https:\\\/\\\/rideon.es\\\/renting-empresas\\\/#\\\/schema\\\/person\\\/48d6770e55c623d929bd20ce295611a7\",\"name\":\"Ride On\",\"image\":{\"@type\":\"ImageObject\",\"inLanguage\":\"es\",\"@id\":\"https:\\\/\\\/secure.gravatar.com\\\/avatar\\\/785e72183089da6a00243c0f0e2d52db79b9983b602219afb07c868943086138?s=96&d=mm&r=g\",\"url\":\"https:\\\/\\\/secure.gravatar.com\\\/avatar\\\/785e72183089da6a00243c0f0e2d52db79b9983b602219afb07c868943086138?s=96&d=mm&r=g\",\"contentUrl\":\"https:\\\/\\\/secure.gravatar.com\\\/avatar\\\/785e72183089da6a00243c0f0e2d52db79b9983b602219afb07c868943086138?s=96&d=mm&r=g\",\"caption\":\"Ride On\"},\"url\":\"https:\\\/\\\/rideon.es\\\/renting-empresas\\\/author\\\/eduardoyauri\\\/\"}]}<\/script>\n<!-- \/ Yoast SEO Premium plugin. -->","yoast_head_json":{"title":"Fornells y la caldereta de langosta - Rideon alquiler moto Menorca","description":"Degustar una buena caldereta de langosta y visitar con tu alquiler moto Menorca uno de los pueblos m\u00e1s encantadores de la isla.","robots":{"index":"index","follow":"follow","max-snippet":"max-snippet:-1","max-image-preview":"max-image-preview:large","max-video-preview":"max-video-preview:-1"},"canonical":"https:\/\/rideon.es\/renting-empresas\/fornells-y-la-caldereta-de-langosta\/","og_locale":"es_ES","og_type":"article","og_title":"Fornells y la caldereta de langosta","og_description":"Degustar una buena caldereta de langosta y visitar con tu alquiler moto Menorca uno de los pueblos m\u00e1s encantadores de la isla.","og_url":"https:\/\/rideon.es\/renting-empresas\/fornells-y-la-caldereta-de-langosta\/","og_site_name":"Alquiler de motos mensual y Renting para Empresas","article_published_time":"2017-12-18T13:00:11+00:00","og_image":[{"width":720,"height":720,"url":"https:\/\/rideon.es\/renting-empresas\/wp-content\/uploads\/sites\/19\/2019\/06\/chaqueta-verano-richa-alquiler-moto-mallorca.jpg","type":"image\/jpeg"}],"author":"Ride On","twitter_card":"summary_large_image","twitter_misc":{"Escrito por":"Ride On","Tiempo de lectura":"3 minutos"},"schema":{"@context":"https:\/\/schema.org","@graph":[{"@type":"Article","@id":"https:\/\/rideon.es\/renting-empresas\/fornells-y-la-caldereta-de-langosta\/#article","isPartOf":{"@id":"https:\/\/rideon.es\/renting-empresas\/fornells-y-la-caldereta-de-langosta\/"},"author":{"name":"Ride On","@id":"https:\/\/rideon.es\/renting-empresas\/#\/schema\/person\/48d6770e55c623d929bd20ce295611a7"},"headline":"Fornells y la caldereta de langosta","datePublished":"2017-12-18T13:00:11+00:00","mainEntityOfPage":{"@id":"https:\/\/rideon.es\/renting-empresas\/fornells-y-la-caldereta-de-langosta\/"},"wordCount":558,"commentCount":0,"publisher":{"@id":"https:\/\/rideon.es\/renting-empresas\/#organization"},"image":{"@id":"https:\/\/rideon.es\/renting-empresas\/fornells-y-la-caldereta-de-langosta\/#primaryimage"},"thumbnailUrl":"https:\/\/rideon.es\/renting-empresas\/wp-content\/uploads\/sites\/19\/2019\/06\/chaqueta-verano-richa-alquiler-moto-mallorca.jpg","articleSection":["Gastronom\u00eda","Lugares de inter\u00e9s","Menorca"],"inLanguage":"es","potentialAction":[{"@type":"CommentAction","name":"Comment","target":["https:\/\/rideon.es\/renting-empresas\/fornells-y-la-caldereta-de-langosta\/#respond"]}]},{"@type":"WebPage","@id":"https:\/\/rideon.es\/renting-empresas\/fornells-y-la-caldereta-de-langosta\/","url":"https:\/\/rideon.es\/renting-empresas\/fornells-y-la-caldereta-de-langosta\/","name":"Fornells y la caldereta de langosta - Rideon alquiler moto Menorca","isPartOf":{"@id":"https:\/\/rideon.es\/renting-empresas\/#website"},"primaryImageOfPage":{"@id":"https:\/\/rideon.es\/renting-empresas\/fornells-y-la-caldereta-de-langosta\/#primaryimage"},"image":{"@id":"https:\/\/rideon.es\/renting-empresas\/fornells-y-la-caldereta-de-langosta\/#primaryimage"},"thumbnailUrl":"https:\/\/rideon.es\/renting-empresas\/wp-content\/uploads\/sites\/19\/2019\/06\/chaqueta-verano-richa-alquiler-moto-mallorca.jpg","datePublished":"2017-12-18T13:00:11+00:00","description":"Degustar una buena caldereta de langosta y visitar con tu alquiler moto Menorca uno de los pueblos m\u00e1s encantadores de la isla.","inLanguage":"es","potentialAction":[{"@type":"ReadAction","target":["https:\/\/rideon.es\/renting-empresas\/fornells-y-la-caldereta-de-langosta\/"]}]},{"@type":"ImageObject","inLanguage":"es","@id":"https:\/\/rideon.es\/renting-empresas\/fornells-y-la-caldereta-de-langosta\/#primaryimage","url":"https:\/\/rideon.es\/renting-empresas\/wp-content\/uploads\/sites\/19\/2019\/06\/chaqueta-verano-richa-alquiler-moto-mallorca.jpg","contentUrl":"https:\/\/rideon.es\/renting-empresas\/wp-content\/uploads\/sites\/19\/2019\/06\/chaqueta-verano-richa-alquiler-moto-mallorca.jpg","width":720,"height":720},{"@type":"WebSite","@id":"https:\/\/rideon.es\/renting-empresas\/#website","url":"https:\/\/rideon.es\/renting-empresas\/","name":"Alquiler de motos mensual y Renting para Empresas","description":"Las motos m\u00e1s c\u00f3modas y seguras para disfrutar de tus vacaciones sobre ruedas. Alquiler de motos en Menorca, Mallorca, Barcelona y Valencia con Rideon.es","publisher":{"@id":"https:\/\/rideon.es\/renting-empresas\/#organization"},"potentialAction":[{"@type":"SearchAction","target":{"@type":"EntryPoint","urlTemplate":"https:\/\/rideon.es\/renting-empresas\/?s={search_term_string}"},"query-input":{"@type":"PropertyValueSpecification","valueRequired":true,"valueName":"search_term_string"}}],"inLanguage":"es"},{"@type":"Organization","@id":"https:\/\/rideon.es\/renting-empresas\/#organization","name":"Alquiler de motos mensual y Renting para Empresas","url":"https:\/\/rideon.es\/renting-empresas\/","logo":{"@type":"ImageObject","inLanguage":"es","@id":"https:\/\/rideon.es\/renting-empresas\/#\/schema\/logo\/image\/","url":"https:\/\/rideon.es\/renting-empresas\/wp-content\/uploads\/sites\/19\/2020\/02\/rideon_logo-200x78-1.png","contentUrl":"https:\/\/rideon.es\/renting-empresas\/wp-content\/uploads\/sites\/19\/2020\/02\/rideon_logo-200x78-1.png","width":200,"height":78,"caption":"Alquiler de motos mensual y Renting para Empresas"},"image":{"@id":"https:\/\/rideon.es\/renting-empresas\/#\/schema\/logo\/image\/"}},{"@type":"Person","@id":"https:\/\/rideon.es\/renting-empresas\/#\/schema\/person\/48d6770e55c623d929bd20ce295611a7","name":"Ride On","image":{"@type":"ImageObject","inLanguage":"es","@id":"https:\/\/secure.gravatar.com\/avatar\/785e72183089da6a00243c0f0e2d52db79b9983b602219afb07c868943086138?s=96&d=mm&r=g","url":"https:\/\/secure.gravatar.com\/avatar\/785e72183089da6a00243c0f0e2d52db79b9983b602219afb07c868943086138?s=96&d=mm&r=g","contentUrl":"https:\/\/secure.gravatar.com\/avatar\/785e72183089da6a00243c0f0e2d52db79b9983b602219afb07c868943086138?s=96&d=mm&r=g","caption":"Ride On"},"url":"https:\/\/rideon.es\/renting-empresas\/author\/eduardoyauri\/"}]}},"_links":{"self":[{"href":"https:\/\/rideon.es\/renting-empresas\/wp-json\/wp\/v2\/posts\/2356","targetHints":{"allow":["GET"]}}],"collection":[{"href":"https:\/\/rideon.es\/renting-empresas\/wp-json\/wp\/v2\/posts"}],"about":[{"href":"https:\/\/rideon.es\/renting-empresas\/wp-json\/wp\/v2\/types\/post"}],"author":[{"embeddable":true,"href":"https:\/\/rideon.es\/renting-empresas\/wp-json\/wp\/v2\/users\/2"}],"replies":[{"embeddable":true,"href":"https:\/\/rideon.es\/renting-empresas\/wp-json\/wp\/v2\/comments?post=2356"}],"version-history":[{"count":0,"href":"https:\/\/rideon.es\/renting-empresas\/wp-json\/wp\/v2\/posts\/2356\/revisions"}],"wp:featuredmedia":[{"embeddable":true,"href":"https:\/\/rideon.es\/renting-empresas\/wp-json\/wp\/v2\/media\/2759"}],"wp:attachment":[{"href":"https:\/\/rideon.es\/renting-empresas\/wp-json\/wp\/v2\/media?parent=2356"}],"wp:term":[{"taxonomy":"category","embeddable":true,"href":"https:\/\/rideon.es\/renting-empresas\/wp-json\/wp\/v2\/categories?post=2356"},{"taxonomy":"post_tag","embeddable":true,"href":"https:\/\/rideon.es\/renting-empresas\/wp-json\/wp\/v2\/tags?post=2356"}],"curies":[{"name":"wp","href":"https:\/\/api.w.org\/{rel}","templated":true}]}}