{"id":2332,"date":"2017-11-23T14:33:30","date_gmt":"2017-11-23T14:33:30","guid":{"rendered":"https:\/\/rideon.es\/?p=2332"},"modified":"2017-11-23T14:33:30","modified_gmt":"2017-11-23T14:33:30","slug":"calas-virgenes-de-menorca","status":"publish","type":"post","link":"https:\/\/rideon.es\/renting-empresas\/calas-virgenes-de-menorca\/","title":{"rendered":"Calas virgenes de Menorca"},"content":{"rendered":"<p>Desde nuestro servicio de <a href=\"https:\/\/rideon.es\/es\/alquiler-moto-menorca\/\">alquiler de motos en Menorca<\/a>, hoy queremos proponeros algunas de las calas m\u00e1s aisladas del municipio de <b>Ciutadella<\/b>. <b>Calas v\u00edrgenes<\/b> a las que acceden pocos ba\u00f1istas y con las que podr\u00e9is disfrutar de paisajes incre\u00edbles y ba\u00f1os de mar inolvidables. Eso s\u00ed, despu\u00e9s de <b>recorrer senderos<\/b> y cierta distancia a pie por entornos naturales. As\u00ed que, deber\u00e1n abstenerse aquellos que no deseen realizar muchos esfuerzos durante sus vacaciones en la Isla&#8230;<\/p>\n<p class=\"western\">De entre todas las calas v\u00edrgenes que hemos seleccionado para disfrutar de la otra costa de Ciutadella, destaca <b>Cales Morts<\/b>, tambi\u00e9n conocida como Cala en Morts, a 9 kil\u00f3metros de Ciutadella. O su vecina <b>Cala Pous<\/b>, las dos \u00fanicas calas localizadas en las inmediaciones de <b>Punta Nati<\/b>. Los acantilados abruptos que las custodian las hacen casi inaccesibles.<\/p>\n<p><img fetchpriority=\"high\" decoding=\"async\" class=\"aligncenter\" src=\"https:\/\/rideon.es\/wp-content\/uploads\/2017\/11\/calas-morts-alquiler-moto-menorca.png\" alt=\"cala mortsalquiler moto menorca\" width=\"799\" height=\"506\" \/><\/p>\n<p class=\"western\"><b>Cala Carb\u00f3<\/b> es otra de nuestras calas rec\u00f3nditas. Se encuentra a 13 kil\u00f3metros de Ciutadella, entre Cap de Ferro y Punta Rotja. El acceso por carretera a Cala Carb\u00f3 se realiza siguiendo la se\u00f1alizaci\u00f3n viaria y los desv\u00edos hasta <b>Cala Algaiarens<\/b>. En este playa, \u00c0rea Natural d\u2019Especial Inter\u00e8s, se deber\u00e1 abonar un peaje por estacionar el scooter de alquiler en menorca<b>\u00a0<\/b>o cualquier otro veh\u00edculo particular. Desde aqu\u00ed se deber\u00e1 recorrer a pie un sendero de 1,5 kil\u00f3metros hasta llegar a Cala Carb\u00f3.<\/p>\n<p><img decoding=\"async\" class=\"aligncenter\" src=\"https:\/\/rideon.es\/wp-content\/uploads\/2017\/11\/cala-algaiarens-alquiler-moto-menorca.png\" alt=\"cala mortsalquiler moto menorca\" width=\"799\" height=\"442\" \/><\/p>\n<p class=\"western\">Otra propuesta es la <b>Platja des Talaier<\/b>, tambi\u00e9n a 13 kil\u00f3metros de Ciutadella, entre las puntas des Pinar y de na Bruna, y bajo la Talaia d\u2019Artrutx. Una cala preciosa de arena blanca y fina, con un frondos pinar a sus espaldas y unas aguas limpias y cristalinas, supone una excursi\u00f3n perfecta. Para acceder a esta cala hay que llegar <b>en moto hasta el Arenal de Son Saura<\/b> y luego tomar caminos rurales que conducen hasta la peque\u00f1a playa.<\/p>\n<p><img decoding=\"async\" class=\"aligncenter\" src=\"https:\/\/rideon.es\/wp-content\/uploads\/2017\/11\/cala-des-talaier-alquiler-moto-menorca.png\" alt=\"cala mortsalquiler moto menorca\" width=\"799\" height=\"563\" \/><\/p>\n<p class=\"western\">Por \u00faltimo, <b>Cales Piques<\/b>, tambi\u00e9n conocida como Calespiques, que se encuentra a 7 kil\u00f3metros de Ciutadella y para la que no es necesario hacer largos recorridos a pie. La cala se encuentra pr\u00f3xima a los n\u00facleos tur\u00edsticos <b>Cala en Forcat y Cala en Brut<\/b>, y tiene acceso desde la Urbanizaci\u00f3n &#8216;Los Delfines&#8217;, d\u00f3nde se puede <b>aparcar el scooter\u00a0de forma gratu\u00edta<\/b>. A pesar de su f\u00e1cil acceso, es una cala con baja afluencia de ba\u00f1istas.<\/p>\n<p><img loading=\"lazy\" decoding=\"async\" class=\"aligncenter\" src=\"https:\/\/rideon.es\/wp-content\/uploads\/2017\/11\/calespiques-alquiler-moto-menorca.png\" alt=\"cala es piques moto menorca\" width=\"800\" height=\"440\" \/><br \/>\n<span style=\"font-weight: 400\">Para reservas online de motos de alquiler Barcelona pueden visitar nuestra web <\/span><a href=\"https:\/\/rideon.es\/es\/alquiler-moto-menorca\/\"><span style=\"font-weight: 400\">www.rideon.es<\/span><\/a><\/p>\n","protected":false},"excerpt":{"rendered":"<p>Desde nuestro servicio de alquiler de motos en Menorca, hoy queremos proponeros algunas de las calas m\u00e1s aisladas del municipio de Ciutadella. Calas v\u00edrgenes a las que acceden pocos ba\u00f1istas y con las que podr\u00e9is disfrutar de paisajes incre\u00edbles y ba\u00f1os de mar inolvidables. Eso s\u00ed, despu\u00e9s de recorrer senderos y cierta distancia a pie<\/p>\n","protected":false},"author":2,"featured_media":2336,"comment_status":"open","ping_status":"closed","sticky":false,"template":"","format":"standard","meta":{"inline_featured_image":false,"footnotes":""},"categories":[14,52],"tags":[],"class_list":["post-2332","post","type-post","status-publish","format-standard","has-post-thumbnail","hentry","category-menorca","category-playas"],"yoast_head":"<!-- This site is optimized with the Yoast SEO Premium plugin v18.7 (Yoast SEO v27.5) - https:\/\/yoast.com\/product\/yoast-seo-premium-wordpress\/ -->\n<title>Calas virgenes de Menorca - Rideon.es<\/title>\n<meta name=\"description\" content=\"Descubre las verdaderas calas v\u00edergenes de Menorca y disfruta de los rincones m\u00e1s fabulosos de la isla con tu alquiler de moto en Menorca.\" \/>\n<meta name=\"robots\" content=\"index, follow, max-snippet:-1, max-image-preview:large, max-video-preview:-1\" \/>\n<link rel=\"canonical\" href=\"https:\/\/rideon.es\/renting-empresas\/calas-virgenes-de-menorca\/\" \/>\n<meta property=\"og:locale\" content=\"es_ES\" \/>\n<meta property=\"og:type\" content=\"article\" \/>\n<meta property=\"og:title\" content=\"Calas virgenes de Menorca\" \/>\n<meta property=\"og:description\" content=\"Descubre las verdaderas calas v\u00edergenes de Menorca y disfruta de los rincones m\u00e1s fabulosos de la isla con tu alquiler de moto en Menorca.\" \/>\n<meta property=\"og:url\" content=\"https:\/\/rideon.es\/renting-empresas\/calas-virgenes-de-menorca\/\" \/>\n<meta property=\"og:site_name\" content=\"Alquiler de motos mensual y Renting para Empresas\" \/>\n<meta property=\"article:published_time\" content=\"2017-11-23T14:33:30+00:00\" \/>\n<meta name=\"author\" content=\"Ride On\" \/>\n<meta name=\"twitter:card\" content=\"summary_large_image\" \/>\n<meta name=\"twitter:label1\" content=\"Escrito por\" \/>\n\t<meta name=\"twitter:data1\" content=\"Ride On\" \/>\n\t<meta name=\"twitter:label2\" content=\"Tiempo de lectura\" \/>\n\t<meta name=\"twitter:data2\" content=\"2 minutos\" \/>\n<script type=\"application\/ld+json\" class=\"yoast-schema-graph\">{\"@context\":\"https:\\\/\\\/schema.org\",\"@graph\":[{\"@type\":\"Article\",\"@id\":\"https:\\\/\\\/rideon.es\\\/renting-empresas\\\/calas-virgenes-de-menorca\\\/#article\",\"isPartOf\":{\"@id\":\"https:\\\/\\\/rideon.es\\\/renting-empresas\\\/calas-virgenes-de-menorca\\\/\"},\"author\":{\"name\":\"Ride On\",\"@id\":\"https:\\\/\\\/rideon.es\\\/renting-empresas\\\/#\\\/schema\\\/person\\\/48d6770e55c623d929bd20ce295611a7\"},\"headline\":\"Calas virgenes de Menorca\",\"datePublished\":\"2017-11-23T14:33:30+00:00\",\"mainEntityOfPage\":{\"@id\":\"https:\\\/\\\/rideon.es\\\/renting-empresas\\\/calas-virgenes-de-menorca\\\/\"},\"wordCount\":418,\"commentCount\":0,\"publisher\":{\"@id\":\"https:\\\/\\\/rideon.es\\\/renting-empresas\\\/#organization\"},\"image\":{\"@id\":\"https:\\\/\\\/rideon.es\\\/renting-empresas\\\/calas-virgenes-de-menorca\\\/#primaryimage\"},\"thumbnailUrl\":\"\",\"articleSection\":[\"Menorca\",\"Playas\"],\"inLanguage\":\"es\",\"potentialAction\":[{\"@type\":\"CommentAction\",\"name\":\"Comment\",\"target\":[\"https:\\\/\\\/rideon.es\\\/renting-empresas\\\/calas-virgenes-de-menorca\\\/#respond\"]}]},{\"@type\":\"WebPage\",\"@id\":\"https:\\\/\\\/rideon.es\\\/renting-empresas\\\/calas-virgenes-de-menorca\\\/\",\"url\":\"https:\\\/\\\/rideon.es\\\/renting-empresas\\\/calas-virgenes-de-menorca\\\/\",\"name\":\"Calas virgenes de Menorca - Rideon.es\",\"isPartOf\":{\"@id\":\"https:\\\/\\\/rideon.es\\\/renting-empresas\\\/#website\"},\"primaryImageOfPage\":{\"@id\":\"https:\\\/\\\/rideon.es\\\/renting-empresas\\\/calas-virgenes-de-menorca\\\/#primaryimage\"},\"image\":{\"@id\":\"https:\\\/\\\/rideon.es\\\/renting-empresas\\\/calas-virgenes-de-menorca\\\/#primaryimage\"},\"thumbnailUrl\":\"\",\"datePublished\":\"2017-11-23T14:33:30+00:00\",\"description\":\"Descubre las verdaderas calas v\u00edergenes de Menorca y disfruta de los rincones m\u00e1s fabulosos de la isla con tu alquiler de moto en Menorca.\",\"inLanguage\":\"es\",\"potentialAction\":[{\"@type\":\"ReadAction\",\"target\":[\"https:\\\/\\\/rideon.es\\\/renting-empresas\\\/calas-virgenes-de-menorca\\\/\"]}]},{\"@type\":\"ImageObject\",\"inLanguage\":\"es\",\"@id\":\"https:\\\/\\\/rideon.es\\\/renting-empresas\\\/calas-virgenes-de-menorca\\\/#primaryimage\",\"url\":\"\",\"contentUrl\":\"\"},{\"@type\":\"WebSite\",\"@id\":\"https:\\\/\\\/rideon.es\\\/renting-empresas\\\/#website\",\"url\":\"https:\\\/\\\/rideon.es\\\/renting-empresas\\\/\",\"name\":\"Alquiler de motos mensual y Renting para Empresas\",\"description\":\"Las motos m\u00e1s c\u00f3modas y seguras para disfrutar de tus vacaciones sobre ruedas. Alquiler de motos en Menorca, Mallorca, Barcelona y Valencia con Rideon.es\",\"publisher\":{\"@id\":\"https:\\\/\\\/rideon.es\\\/renting-empresas\\\/#organization\"},\"potentialAction\":[{\"@type\":\"SearchAction\",\"target\":{\"@type\":\"EntryPoint\",\"urlTemplate\":\"https:\\\/\\\/rideon.es\\\/renting-empresas\\\/?s={search_term_string}\"},\"query-input\":{\"@type\":\"PropertyValueSpecification\",\"valueRequired\":true,\"valueName\":\"search_term_string\"}}],\"inLanguage\":\"es\"},{\"@type\":\"Organization\",\"@id\":\"https:\\\/\\\/rideon.es\\\/renting-empresas\\\/#organization\",\"name\":\"Alquiler de motos mensual y Renting para Empresas\",\"url\":\"https:\\\/\\\/rideon.es\\\/renting-empresas\\\/\",\"logo\":{\"@type\":\"ImageObject\",\"inLanguage\":\"es\",\"@id\":\"https:\\\/\\\/rideon.es\\\/renting-empresas\\\/#\\\/schema\\\/logo\\\/image\\\/\",\"url\":\"https:\\\/\\\/rideon.es\\\/renting-empresas\\\/wp-content\\\/uploads\\\/sites\\\/19\\\/2020\\\/02\\\/rideon_logo-200x78-1.png\",\"contentUrl\":\"https:\\\/\\\/rideon.es\\\/renting-empresas\\\/wp-content\\\/uploads\\\/sites\\\/19\\\/2020\\\/02\\\/rideon_logo-200x78-1.png\",\"width\":200,\"height\":78,\"caption\":\"Alquiler de motos mensual y Renting para Empresas\"},\"image\":{\"@id\":\"https:\\\/\\\/rideon.es\\\/renting-empresas\\\/#\\\/schema\\\/logo\\\/image\\\/\"}},{\"@type\":\"Person\",\"@id\":\"https:\\\/\\\/rideon.es\\\/renting-empresas\\\/#\\\/schema\\\/person\\\/48d6770e55c623d929bd20ce295611a7\",\"name\":\"Ride On\",\"image\":{\"@type\":\"ImageObject\",\"inLanguage\":\"es\",\"@id\":\"https:\\\/\\\/secure.gravatar.com\\\/avatar\\\/785e72183089da6a00243c0f0e2d52db79b9983b602219afb07c868943086138?s=96&d=mm&r=g\",\"url\":\"https:\\\/\\\/secure.gravatar.com\\\/avatar\\\/785e72183089da6a00243c0f0e2d52db79b9983b602219afb07c868943086138?s=96&d=mm&r=g\",\"contentUrl\":\"https:\\\/\\\/secure.gravatar.com\\\/avatar\\\/785e72183089da6a00243c0f0e2d52db79b9983b602219afb07c868943086138?s=96&d=mm&r=g\",\"caption\":\"Ride On\"},\"url\":\"https:\\\/\\\/rideon.es\\\/renting-empresas\\\/author\\\/eduardoyauri\\\/\"}]}<\/script>\n<!-- \/ Yoast SEO Premium plugin. -->","yoast_head_json":{"title":"Calas virgenes de Menorca - Rideon.es","description":"Descubre las verdaderas calas v\u00edergenes de Menorca y disfruta de los rincones m\u00e1s fabulosos de la isla con tu alquiler de moto en Menorca.","robots":{"index":"index","follow":"follow","max-snippet":"max-snippet:-1","max-image-preview":"max-image-preview:large","max-video-preview":"max-video-preview:-1"},"canonical":"https:\/\/rideon.es\/renting-empresas\/calas-virgenes-de-menorca\/","og_locale":"es_ES","og_type":"article","og_title":"Calas virgenes de Menorca","og_description":"Descubre las verdaderas calas v\u00edergenes de Menorca y disfruta de los rincones m\u00e1s fabulosos de la isla con tu alquiler de moto en Menorca.","og_url":"https:\/\/rideon.es\/renting-empresas\/calas-virgenes-de-menorca\/","og_site_name":"Alquiler de motos mensual y Renting para Empresas","article_published_time":"2017-11-23T14:33:30+00:00","author":"Ride On","twitter_card":"summary_large_image","twitter_misc":{"Escrito por":"Ride On","Tiempo de lectura":"2 minutos"},"schema":{"@context":"https:\/\/schema.org","@graph":[{"@type":"Article","@id":"https:\/\/rideon.es\/renting-empresas\/calas-virgenes-de-menorca\/#article","isPartOf":{"@id":"https:\/\/rideon.es\/renting-empresas\/calas-virgenes-de-menorca\/"},"author":{"name":"Ride On","@id":"https:\/\/rideon.es\/renting-empresas\/#\/schema\/person\/48d6770e55c623d929bd20ce295611a7"},"headline":"Calas virgenes de Menorca","datePublished":"2017-11-23T14:33:30+00:00","mainEntityOfPage":{"@id":"https:\/\/rideon.es\/renting-empresas\/calas-virgenes-de-menorca\/"},"wordCount":418,"commentCount":0,"publisher":{"@id":"https:\/\/rideon.es\/renting-empresas\/#organization"},"image":{"@id":"https:\/\/rideon.es\/renting-empresas\/calas-virgenes-de-menorca\/#primaryimage"},"thumbnailUrl":"","articleSection":["Menorca","Playas"],"inLanguage":"es","potentialAction":[{"@type":"CommentAction","name":"Comment","target":["https:\/\/rideon.es\/renting-empresas\/calas-virgenes-de-menorca\/#respond"]}]},{"@type":"WebPage","@id":"https:\/\/rideon.es\/renting-empresas\/calas-virgenes-de-menorca\/","url":"https:\/\/rideon.es\/renting-empresas\/calas-virgenes-de-menorca\/","name":"Calas virgenes de Menorca - Rideon.es","isPartOf":{"@id":"https:\/\/rideon.es\/renting-empresas\/#website"},"primaryImageOfPage":{"@id":"https:\/\/rideon.es\/renting-empresas\/calas-virgenes-de-menorca\/#primaryimage"},"image":{"@id":"https:\/\/rideon.es\/renting-empresas\/calas-virgenes-de-menorca\/#primaryimage"},"thumbnailUrl":"","datePublished":"2017-11-23T14:33:30+00:00","description":"Descubre las verdaderas calas v\u00edergenes de Menorca y disfruta de los rincones m\u00e1s fabulosos de la isla con tu alquiler de moto en Menorca.","inLanguage":"es","potentialAction":[{"@type":"ReadAction","target":["https:\/\/rideon.es\/renting-empresas\/calas-virgenes-de-menorca\/"]}]},{"@type":"ImageObject","inLanguage":"es","@id":"https:\/\/rideon.es\/renting-empresas\/calas-virgenes-de-menorca\/#primaryimage","url":"","contentUrl":""},{"@type":"WebSite","@id":"https:\/\/rideon.es\/renting-empresas\/#website","url":"https:\/\/rideon.es\/renting-empresas\/","name":"Alquiler de motos mensual y Renting para Empresas","description":"Las motos m\u00e1s c\u00f3modas y seguras para disfrutar de tus vacaciones sobre ruedas. Alquiler de motos en Menorca, Mallorca, Barcelona y Valencia con Rideon.es","publisher":{"@id":"https:\/\/rideon.es\/renting-empresas\/#organization"},"potentialAction":[{"@type":"SearchAction","target":{"@type":"EntryPoint","urlTemplate":"https:\/\/rideon.es\/renting-empresas\/?s={search_term_string}"},"query-input":{"@type":"PropertyValueSpecification","valueRequired":true,"valueName":"search_term_string"}}],"inLanguage":"es"},{"@type":"Organization","@id":"https:\/\/rideon.es\/renting-empresas\/#organization","name":"Alquiler de motos mensual y Renting para Empresas","url":"https:\/\/rideon.es\/renting-empresas\/","logo":{"@type":"ImageObject","inLanguage":"es","@id":"https:\/\/rideon.es\/renting-empresas\/#\/schema\/logo\/image\/","url":"https:\/\/rideon.es\/renting-empresas\/wp-content\/uploads\/sites\/19\/2020\/02\/rideon_logo-200x78-1.png","contentUrl":"https:\/\/rideon.es\/renting-empresas\/wp-content\/uploads\/sites\/19\/2020\/02\/rideon_logo-200x78-1.png","width":200,"height":78,"caption":"Alquiler de motos mensual y Renting para Empresas"},"image":{"@id":"https:\/\/rideon.es\/renting-empresas\/#\/schema\/logo\/image\/"}},{"@type":"Person","@id":"https:\/\/rideon.es\/renting-empresas\/#\/schema\/person\/48d6770e55c623d929bd20ce295611a7","name":"Ride On","image":{"@type":"ImageObject","inLanguage":"es","@id":"https:\/\/secure.gravatar.com\/avatar\/785e72183089da6a00243c0f0e2d52db79b9983b602219afb07c868943086138?s=96&d=mm&r=g","url":"https:\/\/secure.gravatar.com\/avatar\/785e72183089da6a00243c0f0e2d52db79b9983b602219afb07c868943086138?s=96&d=mm&r=g","contentUrl":"https:\/\/secure.gravatar.com\/avatar\/785e72183089da6a00243c0f0e2d52db79b9983b602219afb07c868943086138?s=96&d=mm&r=g","caption":"Ride On"},"url":"https:\/\/rideon.es\/renting-empresas\/author\/eduardoyauri\/"}]}},"_links":{"self":[{"href":"https:\/\/rideon.es\/renting-empresas\/wp-json\/wp\/v2\/posts\/2332","targetHints":{"allow":["GET"]}}],"collection":[{"href":"https:\/\/rideon.es\/renting-empresas\/wp-json\/wp\/v2\/posts"}],"about":[{"href":"https:\/\/rideon.es\/renting-empresas\/wp-json\/wp\/v2\/types\/post"}],"author":[{"embeddable":true,"href":"https:\/\/rideon.es\/renting-empresas\/wp-json\/wp\/v2\/users\/2"}],"replies":[{"embeddable":true,"href":"https:\/\/rideon.es\/renting-empresas\/wp-json\/wp\/v2\/comments?post=2332"}],"version-history":[{"count":0,"href":"https:\/\/rideon.es\/renting-empresas\/wp-json\/wp\/v2\/posts\/2332\/revisions"}],"wp:featuredmedia":[{"embeddable":true,"href":"https:\/\/rideon.es\/renting-empresas\/wp-json\/"}],"wp:attachment":[{"href":"https:\/\/rideon.es\/renting-empresas\/wp-json\/wp\/v2\/media?parent=2332"}],"wp:term":[{"taxonomy":"category","embeddable":true,"href":"https:\/\/rideon.es\/renting-empresas\/wp-json\/wp\/v2\/categories?post=2332"},{"taxonomy":"post_tag","embeddable":true,"href":"https:\/\/rideon.es\/renting-empresas\/wp-json\/wp\/v2\/tags?post=2332"}],"curies":[{"name":"wp","href":"https:\/\/api.w.org\/{rel}","templated":true}]}}