{"id":2262,"date":"2017-10-03T11:48:07","date_gmt":"2017-10-03T11:48:07","guid":{"rendered":"https:\/\/rideon.es\/?p=2262"},"modified":"2017-10-03T11:48:07","modified_gmt":"2017-10-03T11:48:07","slug":"probamos-la-sym-jet-14-por-barcelona","status":"publish","type":"post","link":"https:\/\/rideon.es\/renting-empresas\/probamos-la-sym-jet-14-por-barcelona\/","title":{"rendered":"Probamos la Sym Jet 14 por Barcelona"},"content":{"rendered":"<p><span style=\"font-weight: 400\">Sym presenta una nueva moto para conquistar el mercado urbano, desde Ride On hemos probado la Sym Jet 14 y valoramos si es una buena opci\u00f3n para el desarrollo urbano y si es una buena opci\u00f3n para mejorar el alquiler de moto en Barcelona. Ride On te ofrece las mejores motos para el mejor <\/span><a href=\"https:\/\/rideon.es\/es\/alquiler-motos-barcelona\/\"><span style=\"font-weight: 400\">alquiler moto Barcelona<\/span><\/a><span style=\"font-weight: 400\">.<\/span><br \/>\n<img fetchpriority=\"high\" decoding=\"async\" class=\"img-responsive aligncenter\" src=\"https:\/\/rideon.es\/wp-content\/uploads\/2017\/10\/delante-sym-jet-14.jpg\" alt=\"Parte delantera Sym Jet14\" width=\"800\" height=\"555\" \/><\/p>\n<p><span style=\"font-weight: 400\">La Jet 14 incorpora novedades en el dise\u00f1o de la carrocer\u00eda como la nueva doble \u00f3ptica con faros led tanto en la parte delantera como en la trasera, tambi\u00e9n incorpora llantas de 14 que es a lo que le debe su nombre de Jet 14.<\/span><br \/>\n<img decoding=\"async\" class=\"img-responsive aligncenter\" src=\"https:\/\/rideon.es\/wp-content\/uploads\/2017\/10\/suelo-plano-sym-jet-14.jpg\" alt=\"Capacidad casco integral sym jet14\" width=\"800\" height=\"444\" \/><\/p>\n<p><span style=\"font-weight: 400\">En la parte \u00a0trasera se puede ver como la plataforma para los pies continua plana, esto facilitar\u00e1 mucho el transporte y el acceso de la moto en los trayectos urbanos, \u00a0esto unido a la reducidas dimensiones de ancho de manillar garantiza el movimiento dentro de ciudad de forma \u00e1gil y c\u00f3moda. \u00a0Ride On te ofrece las mejores motos para el mejor <\/span><span style=\"font-weight: 400\">alquiler moto Barcelona<\/span><span style=\"font-weight: 400\">.<\/span><\/p>\n<p><span style=\"font-weight: 400\">La Jet incorpora varios accesorios que mejoran la comodidad durante la conducci\u00f3n, como el gancho en la parte delantera escamoteable para poder colgar una bolsa o bolsa de deporte. Tambi\u00e9n debajo del asiento hay espacio para un casco integral o para una mochila. <\/span><br \/>\n<img decoding=\"async\" class=\"img-responsive aligncenter\" src=\"https:\/\/rideon.es\/wp-content\/uploads\/2017\/10\/trasera-sym-jet-14.jpg\" alt=\"Parte trasera sym jet14\" width=\"800\" height=\"294\" \/><\/p>\n<p><span style=\"font-weight: 400\">Una de las principales caracter\u00edsticas al subirse a una Jet 14 es la suma comodidad al tener la plataforma para los pies completamente plana, lo que permite una subida a la moto de forma muy f\u00e1cil y c\u00f3moda. Es una moto muy compacta, con unas medidas relativamente reducidas, esta permite moverse con facilidad por el tr\u00e1fico urbano. Adem\u00e1s con una altura de 771 mm permite poner los pies con comodidad en el suelo en las paradas en sem\u00e1foros.\u00a0<\/span><br \/>\n<img loading=\"lazy\" decoding=\"async\" class=\"img-responsive aligncenter\" src=\"https:\/\/rideon.es\/wp-content\/uploads\/2017\/10\/sym-jet-14.jpg\" alt=\"Sym jet14\" width=\"800\" height=\"395\" \/><\/p>\n<p><span style=\"font-weight: 400\">El motor se comporta de forma muy suave y fino, es un Euro4 de 11 CV con un gran empuje, un motor que no llega a 125CC de 2 v\u00e1lvulas de inyecci\u00f3n y sobretodo destacar que viene equipado con un cilindro con recubrimiento cer\u00e1mico, muy usado en las motocicletas de competici\u00f3n. La forma m\u00e1s c\u00f3moda para descubrir Barcelona es mediante nuestro servicio de alquiler de scooter.<\/span><\/p>\n<p><span style=\"font-weight: 400\"> La suspensi\u00f3n de la jet 14 trabaja de forma correcta al pasar por encima de bacheados para frenar en las calles o en los alcantarillados, delante equipa un disco de freno delantero de 275 delante y tambor detr\u00e1s con el sistema CBS de frenada combinada.<\/span><\/p>\n<p><span style=\"font-weight: 400\">Para reservas online de motos de alquiler Barcelona pueden visitar nuestra web <\/span><a href=\"https:\/\/rideon.es\/es\/alquiler-motos-barcelona\/\"><span style=\"font-weight: 400\">www.rideon.es<\/span><\/a><\/p>\n","protected":false},"excerpt":{"rendered":"<p>Sym presenta una nueva moto para conquistar el mercado urbano, desde Ride On hemos probado la Sym Jet 14 y valoramos si es una buena opci\u00f3n para el desarrollo urbano y si es una buena opci\u00f3n para mejorar el alquiler de moto en Barcelona. Ride On te ofrece las mejores motos para el mejor alquiler<\/p>\n","protected":false},"author":2,"featured_media":2263,"comment_status":"open","ping_status":"closed","sticky":false,"template":"","format":"standard","meta":{"inline_featured_image":false,"footnotes":""},"categories":[9,49],"tags":[],"class_list":["post-2262","post","type-post","status-publish","format-standard","has-post-thumbnail","hentry","category-barcelona","category-consejos"],"yoast_head":"<!-- This site is optimized with the Yoast SEO Premium plugin v18.7 (Yoast SEO v27.5) - https:\/\/yoast.com\/product\/yoast-seo-premium-wordpress\/ -->\n<title>Probamos la Sym Jet 14 por Barcelona - Alquiler de motos mensual y Renting para Empresas<\/title>\n<meta name=\"description\" content=\"Probamos la Sym Jet14 por Barcelona, analizamos si es una buena opci\u00f3n para tu alqiuler de moto Barcelona, f\u00e1cil de manejar y de aparcar.\" \/>\n<meta name=\"robots\" content=\"index, follow, max-snippet:-1, max-image-preview:large, max-video-preview:-1\" \/>\n<link rel=\"canonical\" href=\"https:\/\/rideon.es\/renting-empresas\/probamos-la-sym-jet-14-por-barcelona\/\" \/>\n<meta property=\"og:locale\" content=\"es_ES\" \/>\n<meta property=\"og:type\" content=\"article\" \/>\n<meta property=\"og:title\" content=\"Probamos la Sym Jet 14 por Barcelona\" \/>\n<meta property=\"og:description\" content=\"Probamos la Sym Jet14 por Barcelona, analizamos si es una buena opci\u00f3n para tu alqiuler de moto Barcelona, f\u00e1cil de manejar y de aparcar.\" \/>\n<meta property=\"og:url\" content=\"https:\/\/rideon.es\/renting-empresas\/probamos-la-sym-jet-14-por-barcelona\/\" \/>\n<meta property=\"og:site_name\" content=\"Alquiler de motos mensual y Renting para Empresas\" \/>\n<meta property=\"article:published_time\" content=\"2017-10-03T11:48:07+00:00\" \/>\n<meta name=\"author\" content=\"Ride On\" \/>\n<meta name=\"twitter:card\" content=\"summary_large_image\" \/>\n<meta name=\"twitter:label1\" content=\"Escrito por\" \/>\n\t<meta name=\"twitter:data1\" content=\"Ride On\" \/>\n\t<meta name=\"twitter:label2\" content=\"Tiempo de lectura\" \/>\n\t<meta name=\"twitter:data2\" content=\"2 minutos\" \/>\n<script type=\"application\/ld+json\" class=\"yoast-schema-graph\">{\"@context\":\"https:\\\/\\\/schema.org\",\"@graph\":[{\"@type\":\"Article\",\"@id\":\"https:\\\/\\\/rideon.es\\\/renting-empresas\\\/probamos-la-sym-jet-14-por-barcelona\\\/#article\",\"isPartOf\":{\"@id\":\"https:\\\/\\\/rideon.es\\\/renting-empresas\\\/probamos-la-sym-jet-14-por-barcelona\\\/\"},\"author\":{\"name\":\"Ride On\",\"@id\":\"https:\\\/\\\/rideon.es\\\/renting-empresas\\\/#\\\/schema\\\/person\\\/48d6770e55c623d929bd20ce295611a7\"},\"headline\":\"Probamos la Sym Jet 14 por Barcelona\",\"datePublished\":\"2017-10-03T11:48:07+00:00\",\"mainEntityOfPage\":{\"@id\":\"https:\\\/\\\/rideon.es\\\/renting-empresas\\\/probamos-la-sym-jet-14-por-barcelona\\\/\"},\"wordCount\":431,\"commentCount\":0,\"publisher\":{\"@id\":\"https:\\\/\\\/rideon.es\\\/renting-empresas\\\/#organization\"},\"image\":{\"@id\":\"https:\\\/\\\/rideon.es\\\/renting-empresas\\\/probamos-la-sym-jet-14-por-barcelona\\\/#primaryimage\"},\"thumbnailUrl\":\"\",\"articleSection\":[\"Barcelona\",\"Consejos\"],\"inLanguage\":\"es\",\"potentialAction\":[{\"@type\":\"CommentAction\",\"name\":\"Comment\",\"target\":[\"https:\\\/\\\/rideon.es\\\/renting-empresas\\\/probamos-la-sym-jet-14-por-barcelona\\\/#respond\"]}]},{\"@type\":\"WebPage\",\"@id\":\"https:\\\/\\\/rideon.es\\\/renting-empresas\\\/probamos-la-sym-jet-14-por-barcelona\\\/\",\"url\":\"https:\\\/\\\/rideon.es\\\/renting-empresas\\\/probamos-la-sym-jet-14-por-barcelona\\\/\",\"name\":\"Probamos la Sym Jet 14 por Barcelona - Alquiler de motos mensual y Renting para Empresas\",\"isPartOf\":{\"@id\":\"https:\\\/\\\/rideon.es\\\/renting-empresas\\\/#website\"},\"primaryImageOfPage\":{\"@id\":\"https:\\\/\\\/rideon.es\\\/renting-empresas\\\/probamos-la-sym-jet-14-por-barcelona\\\/#primaryimage\"},\"image\":{\"@id\":\"https:\\\/\\\/rideon.es\\\/renting-empresas\\\/probamos-la-sym-jet-14-por-barcelona\\\/#primaryimage\"},\"thumbnailUrl\":\"\",\"datePublished\":\"2017-10-03T11:48:07+00:00\",\"description\":\"Probamos la Sym Jet14 por Barcelona, analizamos si es una buena opci\u00f3n para tu alqiuler de moto Barcelona, f\u00e1cil de manejar y de aparcar.\",\"inLanguage\":\"es\",\"potentialAction\":[{\"@type\":\"ReadAction\",\"target\":[\"https:\\\/\\\/rideon.es\\\/renting-empresas\\\/probamos-la-sym-jet-14-por-barcelona\\\/\"]}]},{\"@type\":\"ImageObject\",\"inLanguage\":\"es\",\"@id\":\"https:\\\/\\\/rideon.es\\\/renting-empresas\\\/probamos-la-sym-jet-14-por-barcelona\\\/#primaryimage\",\"url\":\"\",\"contentUrl\":\"\"},{\"@type\":\"WebSite\",\"@id\":\"https:\\\/\\\/rideon.es\\\/renting-empresas\\\/#website\",\"url\":\"https:\\\/\\\/rideon.es\\\/renting-empresas\\\/\",\"name\":\"Alquiler de motos mensual y Renting para Empresas\",\"description\":\"Las motos m\u00e1s c\u00f3modas y seguras para disfrutar de tus vacaciones sobre ruedas. Alquiler de motos en Menorca, Mallorca, Barcelona y Valencia con Rideon.es\",\"publisher\":{\"@id\":\"https:\\\/\\\/rideon.es\\\/renting-empresas\\\/#organization\"},\"potentialAction\":[{\"@type\":\"SearchAction\",\"target\":{\"@type\":\"EntryPoint\",\"urlTemplate\":\"https:\\\/\\\/rideon.es\\\/renting-empresas\\\/?s={search_term_string}\"},\"query-input\":{\"@type\":\"PropertyValueSpecification\",\"valueRequired\":true,\"valueName\":\"search_term_string\"}}],\"inLanguage\":\"es\"},{\"@type\":\"Organization\",\"@id\":\"https:\\\/\\\/rideon.es\\\/renting-empresas\\\/#organization\",\"name\":\"Alquiler de motos mensual y Renting para Empresas\",\"url\":\"https:\\\/\\\/rideon.es\\\/renting-empresas\\\/\",\"logo\":{\"@type\":\"ImageObject\",\"inLanguage\":\"es\",\"@id\":\"https:\\\/\\\/rideon.es\\\/renting-empresas\\\/#\\\/schema\\\/logo\\\/image\\\/\",\"url\":\"https:\\\/\\\/rideon.es\\\/renting-empresas\\\/wp-content\\\/uploads\\\/sites\\\/19\\\/2020\\\/02\\\/rideon_logo-200x78-1.png\",\"contentUrl\":\"https:\\\/\\\/rideon.es\\\/renting-empresas\\\/wp-content\\\/uploads\\\/sites\\\/19\\\/2020\\\/02\\\/rideon_logo-200x78-1.png\",\"width\":200,\"height\":78,\"caption\":\"Alquiler de motos mensual y Renting para Empresas\"},\"image\":{\"@id\":\"https:\\\/\\\/rideon.es\\\/renting-empresas\\\/#\\\/schema\\\/logo\\\/image\\\/\"}},{\"@type\":\"Person\",\"@id\":\"https:\\\/\\\/rideon.es\\\/renting-empresas\\\/#\\\/schema\\\/person\\\/48d6770e55c623d929bd20ce295611a7\",\"name\":\"Ride On\",\"image\":{\"@type\":\"ImageObject\",\"inLanguage\":\"es\",\"@id\":\"https:\\\/\\\/secure.gravatar.com\\\/avatar\\\/785e72183089da6a00243c0f0e2d52db79b9983b602219afb07c868943086138?s=96&d=mm&r=g\",\"url\":\"https:\\\/\\\/secure.gravatar.com\\\/avatar\\\/785e72183089da6a00243c0f0e2d52db79b9983b602219afb07c868943086138?s=96&d=mm&r=g\",\"contentUrl\":\"https:\\\/\\\/secure.gravatar.com\\\/avatar\\\/785e72183089da6a00243c0f0e2d52db79b9983b602219afb07c868943086138?s=96&d=mm&r=g\",\"caption\":\"Ride On\"},\"url\":\"https:\\\/\\\/rideon.es\\\/renting-empresas\\\/author\\\/eduardoyauri\\\/\"}]}<\/script>\n<!-- \/ Yoast SEO Premium plugin. -->","yoast_head_json":{"title":"Probamos la Sym Jet 14 por Barcelona - Alquiler de motos mensual y Renting para Empresas","description":"Probamos la Sym Jet14 por Barcelona, analizamos si es una buena opci\u00f3n para tu alqiuler de moto Barcelona, f\u00e1cil de manejar y de aparcar.","robots":{"index":"index","follow":"follow","max-snippet":"max-snippet:-1","max-image-preview":"max-image-preview:large","max-video-preview":"max-video-preview:-1"},"canonical":"https:\/\/rideon.es\/renting-empresas\/probamos-la-sym-jet-14-por-barcelona\/","og_locale":"es_ES","og_type":"article","og_title":"Probamos la Sym Jet 14 por Barcelona","og_description":"Probamos la Sym Jet14 por Barcelona, analizamos si es una buena opci\u00f3n para tu alqiuler de moto Barcelona, f\u00e1cil de manejar y de aparcar.","og_url":"https:\/\/rideon.es\/renting-empresas\/probamos-la-sym-jet-14-por-barcelona\/","og_site_name":"Alquiler de motos mensual y Renting para Empresas","article_published_time":"2017-10-03T11:48:07+00:00","author":"Ride On","twitter_card":"summary_large_image","twitter_misc":{"Escrito por":"Ride On","Tiempo de lectura":"2 minutos"},"schema":{"@context":"https:\/\/schema.org","@graph":[{"@type":"Article","@id":"https:\/\/rideon.es\/renting-empresas\/probamos-la-sym-jet-14-por-barcelona\/#article","isPartOf":{"@id":"https:\/\/rideon.es\/renting-empresas\/probamos-la-sym-jet-14-por-barcelona\/"},"author":{"name":"Ride On","@id":"https:\/\/rideon.es\/renting-empresas\/#\/schema\/person\/48d6770e55c623d929bd20ce295611a7"},"headline":"Probamos la Sym Jet 14 por Barcelona","datePublished":"2017-10-03T11:48:07+00:00","mainEntityOfPage":{"@id":"https:\/\/rideon.es\/renting-empresas\/probamos-la-sym-jet-14-por-barcelona\/"},"wordCount":431,"commentCount":0,"publisher":{"@id":"https:\/\/rideon.es\/renting-empresas\/#organization"},"image":{"@id":"https:\/\/rideon.es\/renting-empresas\/probamos-la-sym-jet-14-por-barcelona\/#primaryimage"},"thumbnailUrl":"","articleSection":["Barcelona","Consejos"],"inLanguage":"es","potentialAction":[{"@type":"CommentAction","name":"Comment","target":["https:\/\/rideon.es\/renting-empresas\/probamos-la-sym-jet-14-por-barcelona\/#respond"]}]},{"@type":"WebPage","@id":"https:\/\/rideon.es\/renting-empresas\/probamos-la-sym-jet-14-por-barcelona\/","url":"https:\/\/rideon.es\/renting-empresas\/probamos-la-sym-jet-14-por-barcelona\/","name":"Probamos la Sym Jet 14 por Barcelona - Alquiler de motos mensual y Renting para Empresas","isPartOf":{"@id":"https:\/\/rideon.es\/renting-empresas\/#website"},"primaryImageOfPage":{"@id":"https:\/\/rideon.es\/renting-empresas\/probamos-la-sym-jet-14-por-barcelona\/#primaryimage"},"image":{"@id":"https:\/\/rideon.es\/renting-empresas\/probamos-la-sym-jet-14-por-barcelona\/#primaryimage"},"thumbnailUrl":"","datePublished":"2017-10-03T11:48:07+00:00","description":"Probamos la Sym Jet14 por Barcelona, analizamos si es una buena opci\u00f3n para tu alqiuler de moto Barcelona, f\u00e1cil de manejar y de aparcar.","inLanguage":"es","potentialAction":[{"@type":"ReadAction","target":["https:\/\/rideon.es\/renting-empresas\/probamos-la-sym-jet-14-por-barcelona\/"]}]},{"@type":"ImageObject","inLanguage":"es","@id":"https:\/\/rideon.es\/renting-empresas\/probamos-la-sym-jet-14-por-barcelona\/#primaryimage","url":"","contentUrl":""},{"@type":"WebSite","@id":"https:\/\/rideon.es\/renting-empresas\/#website","url":"https:\/\/rideon.es\/renting-empresas\/","name":"Alquiler de motos mensual y Renting para Empresas","description":"Las motos m\u00e1s c\u00f3modas y seguras para disfrutar de tus vacaciones sobre ruedas. Alquiler de motos en Menorca, Mallorca, Barcelona y Valencia con Rideon.es","publisher":{"@id":"https:\/\/rideon.es\/renting-empresas\/#organization"},"potentialAction":[{"@type":"SearchAction","target":{"@type":"EntryPoint","urlTemplate":"https:\/\/rideon.es\/renting-empresas\/?s={search_term_string}"},"query-input":{"@type":"PropertyValueSpecification","valueRequired":true,"valueName":"search_term_string"}}],"inLanguage":"es"},{"@type":"Organization","@id":"https:\/\/rideon.es\/renting-empresas\/#organization","name":"Alquiler de motos mensual y Renting para Empresas","url":"https:\/\/rideon.es\/renting-empresas\/","logo":{"@type":"ImageObject","inLanguage":"es","@id":"https:\/\/rideon.es\/renting-empresas\/#\/schema\/logo\/image\/","url":"https:\/\/rideon.es\/renting-empresas\/wp-content\/uploads\/sites\/19\/2020\/02\/rideon_logo-200x78-1.png","contentUrl":"https:\/\/rideon.es\/renting-empresas\/wp-content\/uploads\/sites\/19\/2020\/02\/rideon_logo-200x78-1.png","width":200,"height":78,"caption":"Alquiler de motos mensual y Renting para Empresas"},"image":{"@id":"https:\/\/rideon.es\/renting-empresas\/#\/schema\/logo\/image\/"}},{"@type":"Person","@id":"https:\/\/rideon.es\/renting-empresas\/#\/schema\/person\/48d6770e55c623d929bd20ce295611a7","name":"Ride On","image":{"@type":"ImageObject","inLanguage":"es","@id":"https:\/\/secure.gravatar.com\/avatar\/785e72183089da6a00243c0f0e2d52db79b9983b602219afb07c868943086138?s=96&d=mm&r=g","url":"https:\/\/secure.gravatar.com\/avatar\/785e72183089da6a00243c0f0e2d52db79b9983b602219afb07c868943086138?s=96&d=mm&r=g","contentUrl":"https:\/\/secure.gravatar.com\/avatar\/785e72183089da6a00243c0f0e2d52db79b9983b602219afb07c868943086138?s=96&d=mm&r=g","caption":"Ride On"},"url":"https:\/\/rideon.es\/renting-empresas\/author\/eduardoyauri\/"}]}},"_links":{"self":[{"href":"https:\/\/rideon.es\/renting-empresas\/wp-json\/wp\/v2\/posts\/2262","targetHints":{"allow":["GET"]}}],"collection":[{"href":"https:\/\/rideon.es\/renting-empresas\/wp-json\/wp\/v2\/posts"}],"about":[{"href":"https:\/\/rideon.es\/renting-empresas\/wp-json\/wp\/v2\/types\/post"}],"author":[{"embeddable":true,"href":"https:\/\/rideon.es\/renting-empresas\/wp-json\/wp\/v2\/users\/2"}],"replies":[{"embeddable":true,"href":"https:\/\/rideon.es\/renting-empresas\/wp-json\/wp\/v2\/comments?post=2262"}],"version-history":[{"count":0,"href":"https:\/\/rideon.es\/renting-empresas\/wp-json\/wp\/v2\/posts\/2262\/revisions"}],"wp:featuredmedia":[{"embeddable":true,"href":"https:\/\/rideon.es\/renting-empresas\/wp-json\/"}],"wp:attachment":[{"href":"https:\/\/rideon.es\/renting-empresas\/wp-json\/wp\/v2\/media?parent=2262"}],"wp:term":[{"taxonomy":"category","embeddable":true,"href":"https:\/\/rideon.es\/renting-empresas\/wp-json\/wp\/v2\/categories?post=2262"},{"taxonomy":"post_tag","embeddable":true,"href":"https:\/\/rideon.es\/renting-empresas\/wp-json\/wp\/v2\/tags?post=2262"}],"curies":[{"name":"wp","href":"https:\/\/api.w.org\/{rel}","templated":true}]}}