{"id":2162,"date":"2017-07-21T12:43:47","date_gmt":"2017-07-21T12:43:47","guid":{"rendered":"https:\/\/rideon.es\/?p=2162"},"modified":"2017-07-21T12:43:47","modified_gmt":"2017-07-21T12:43:47","slug":"seu-mallorca-cathedral-and-gran-hotel","status":"publish","type":"post","link":"https:\/\/rideon.es\/renting-empresas\/seu-mallorca-cathedral-and-gran-hotel\/","title":{"rendered":"Seu Mallorca Cathedral and Gran Hotel"},"content":{"rendered":"<p><span style=\"font-weight: 400\">Palma is a monumental city which has lived facing the sea from the moment it was conceived, and as a result diverse cultures have arrived here and left their mark, above all the Arabs (who called the city Madina Mayurqa) and then Christians, who conquered the island in 1229. <\/span><br \/>\n<span style=\"font-weight: 400\">The historic city centre still retains its medieval layout, and the best way of seeing it is by setting off from the imposing cathedral, known as the Seu de Mallorca, the finest vantage point there is overlooking the magnificent Bay of Palma.<\/span><br \/>\n<img fetchpriority=\"high\" decoding=\"async\" class=\"img-responsive aligncenter\" src=\"https:\/\/rideon.es\/wp-content\/uploads\/2017\/07\/catedral-de-mallorca.png\" alt=\"visita la catedral de Mallorca\" width=\"800\" height=\"586\" \/><\/p>\n<p><span style=\"font-weight: 400\">The Cathedral is a Gothic building which houses artistic interventions from different centuries and prides itself on having the largest original rose window of all the European cathedrals in this style, known as the \u2018Gothic Eye\u2019, with a surface area of nearly 100 m2 \u00a0\u00a0and comprised of over 1,200 stained glass windows<\/span><br \/>\n<img decoding=\"async\" class=\"img-responsive aligncenter\" src=\"https:\/\/rideon.es\/wp-content\/uploads\/2017\/07\/roseton-catedral-palma.png\" alt=\"roseta de la catedral de Mallorca\" width=\"802\" height=\"540\" \/><br \/>\nAntoni Gaud\u00ed and Miquel Barcel\u00f3. Mallorca cathedral houses the intervention of Catalan architect Antoni Gaud\u00ed carried out in the early 20th century, as well as the more recent installation of a huge ceramic mural by Mallorcan artist Miquel Barcel\u00f3.<br \/>\n<span style=\"font-weight: 400\">Below the ancient city wall lie ses Voltes, a former military enclosure which has been turned into a space for exhibitions and performances, and the parc de la Mar, an extremely popular green lung frequented by local people. Next to the church stands the Almudaina Palace, once an Arab palace but later Christianised and renovated, delimited on the sea side by the wall that used to protect the city. Enjoy Mallorca with your <\/span><a href=\"https:\/\/rideon.es\/en\/mallorca\/\"><span style=\"font-weight: 400\">scooter rental Mallorca<\/span><\/a><br \/>\n<img decoding=\"async\" class=\"img-responsive aligncenter\" src=\"https:\/\/rideon.es\/wp-content\/uploads\/2017\/07\/ses-voltes-mallorca.png\" alt=\"Visita les Ses voltes Mallorca\" width=\"800\" height=\"580\" \/><br \/>\nThe chant of the Sybil. This 13thcentury chant which prophesies the end of the world is performed on Christmas Eve, during midnight mass (maitines), in the cathedral. It has been declared Intangible Cultural Heritage by UNESCO.<br \/>\n<span style=\"font-weight: 400\">At its feet the gardens of Hort del Rei stretch out, with water features, benches where one can sit and enjoy the atmosphere and Joan Mir\u00f3. These gardens connect to the central passeig des Born, a boulevard presided over by two stone sphinxes and flanked by trees, and a lively shopping area which leads up to the street of avinguda de Jaume III, where you will find boutiques selling the top brands in clothes and accessories and a department store.\u00a0<\/span><br \/>\nStroll along the medieval wall. A walk that runs on the seafront along the restored stretches of the ancient city wall which used to protect Palma.<br \/>\n<img loading=\"lazy\" decoding=\"async\" class=\"img-responsive aligncenter\" src=\"https:\/\/rideon.es\/wp-content\/uploads\/2017\/07\/el-gran-hotel-mallorca.png\" alt=\"Visita el gran hotel de Mallorca\" width=\"801\" height=\"545\" \/><br \/>\n<span style=\"font-weight: 400\">In the nearby pla\u00e7a de Weyler stands the Gran Hotel, one of the most important examples there are of Modernism, now converted into an exhibition space. Beside the Teatre Principal \u2013which has an excellent cultural programme all year round\u2013 some steps lead up to the pla\u00e7a Major, a large square with porticoes where shopping streets like Sant Miquel, Sindicat and Col\u00f3n converge. This latter road connects to pla\u00e7a de Cort, the administrative heart of the city, presided over by the city hall and the seat of the Consell de Mallorca, or island council, a good example of the Mallorcan Neo-Gothic style.<\/span><br \/>\nA day at the races. Son Pardo racetrack is the venue for trotting races, two-wheeled carts pulled at a trot by horses. On summer nights you can have dinner beside the racetrack itself.<\/p>\n","protected":false},"excerpt":{"rendered":"<p>Palma is a monumental city which has lived facing the sea from the moment it was conceived, and as a result diverse cultures have arrived here and left their mark, above all the Arabs (who called the city Madina Mayurqa) and then Christians, who conquered the island in 1229. The historic city centre still retains<\/p>\n","protected":false},"author":2,"featured_media":2159,"comment_status":"open","ping_status":"closed","sticky":false,"template":"","format":"standard","meta":{"inline_featured_image":false,"footnotes":""},"categories":[54,57],"tags":[],"class_list":["post-2162","post","type-post","status-publish","format-standard","has-post-thumbnail","hentry","category-mallorca-en","category-places-of-interest"],"yoast_head":"<!-- This site is optimized with the Yoast SEO Premium plugin v18.7 (Yoast SEO v27.5) - https:\/\/yoast.com\/product\/yoast-seo-premium-wordpress\/ -->\n<title>Seu Mallorca Cathedral and Gran Hotel - Alquiler de motos mensual y Renting para Empresas<\/title>\n<meta name=\"description\" content=\"Discover with Rideon scooter Hire Mallorca the most monumental sites of the city, visit Mallorca Cathedral and Gran Hotel.\" \/>\n<meta name=\"robots\" content=\"index, follow, max-snippet:-1, max-image-preview:large, max-video-preview:-1\" \/>\n<link rel=\"canonical\" href=\"https:\/\/rideon.es\/renting-empresas\/seu-mallorca-cathedral-and-gran-hotel\/\" \/>\n<meta property=\"og:locale\" content=\"es_ES\" \/>\n<meta property=\"og:type\" content=\"article\" \/>\n<meta property=\"og:title\" content=\"Seu Mallorca Cathedral and Gran Hotel\" \/>\n<meta property=\"og:description\" content=\"Discover with Rideon scooter Hire Mallorca the most monumental sites of the city, visit Mallorca Cathedral and Gran Hotel.\" \/>\n<meta property=\"og:url\" content=\"https:\/\/rideon.es\/renting-empresas\/seu-mallorca-cathedral-and-gran-hotel\/\" \/>\n<meta property=\"og:site_name\" content=\"Alquiler de motos mensual y Renting para Empresas\" \/>\n<meta property=\"article:published_time\" content=\"2017-07-21T12:43:47+00:00\" \/>\n<meta name=\"author\" content=\"Ride On\" \/>\n<meta name=\"twitter:card\" content=\"summary_large_image\" \/>\n<meta name=\"twitter:label1\" content=\"Escrito por\" \/>\n\t<meta name=\"twitter:data1\" content=\"Ride On\" \/>\n\t<meta name=\"twitter:label2\" content=\"Tiempo de lectura\" \/>\n\t<meta name=\"twitter:data2\" content=\"3 minutos\" \/>\n<script type=\"application\/ld+json\" class=\"yoast-schema-graph\">{\"@context\":\"https:\\\/\\\/schema.org\",\"@graph\":[{\"@type\":\"Article\",\"@id\":\"https:\\\/\\\/rideon.es\\\/renting-empresas\\\/seu-mallorca-cathedral-and-gran-hotel\\\/#article\",\"isPartOf\":{\"@id\":\"https:\\\/\\\/rideon.es\\\/renting-empresas\\\/seu-mallorca-cathedral-and-gran-hotel\\\/\"},\"author\":{\"name\":\"Ride On\",\"@id\":\"https:\\\/\\\/rideon.es\\\/renting-empresas\\\/#\\\/schema\\\/person\\\/48d6770e55c623d929bd20ce295611a7\"},\"headline\":\"Seu Mallorca Cathedral and Gran Hotel\",\"datePublished\":\"2017-07-21T12:43:47+00:00\",\"mainEntityOfPage\":{\"@id\":\"https:\\\/\\\/rideon.es\\\/renting-empresas\\\/seu-mallorca-cathedral-and-gran-hotel\\\/\"},\"wordCount\":541,\"commentCount\":0,\"publisher\":{\"@id\":\"https:\\\/\\\/rideon.es\\\/renting-empresas\\\/#organization\"},\"image\":{\"@id\":\"https:\\\/\\\/rideon.es\\\/renting-empresas\\\/seu-mallorca-cathedral-and-gran-hotel\\\/#primaryimage\"},\"thumbnailUrl\":\"\",\"articleSection\":[\"Mallorca\",\"Places of interest\"],\"inLanguage\":\"es\",\"potentialAction\":[{\"@type\":\"CommentAction\",\"name\":\"Comment\",\"target\":[\"https:\\\/\\\/rideon.es\\\/renting-empresas\\\/seu-mallorca-cathedral-and-gran-hotel\\\/#respond\"]}]},{\"@type\":\"WebPage\",\"@id\":\"https:\\\/\\\/rideon.es\\\/renting-empresas\\\/seu-mallorca-cathedral-and-gran-hotel\\\/\",\"url\":\"https:\\\/\\\/rideon.es\\\/renting-empresas\\\/seu-mallorca-cathedral-and-gran-hotel\\\/\",\"name\":\"Seu Mallorca Cathedral and Gran Hotel - Alquiler de motos mensual y Renting para Empresas\",\"isPartOf\":{\"@id\":\"https:\\\/\\\/rideon.es\\\/renting-empresas\\\/#website\"},\"primaryImageOfPage\":{\"@id\":\"https:\\\/\\\/rideon.es\\\/renting-empresas\\\/seu-mallorca-cathedral-and-gran-hotel\\\/#primaryimage\"},\"image\":{\"@id\":\"https:\\\/\\\/rideon.es\\\/renting-empresas\\\/seu-mallorca-cathedral-and-gran-hotel\\\/#primaryimage\"},\"thumbnailUrl\":\"\",\"datePublished\":\"2017-07-21T12:43:47+00:00\",\"description\":\"Discover with Rideon scooter Hire Mallorca the most monumental sites of the city, visit Mallorca Cathedral and Gran Hotel.\",\"inLanguage\":\"es\",\"potentialAction\":[{\"@type\":\"ReadAction\",\"target\":[\"https:\\\/\\\/rideon.es\\\/renting-empresas\\\/seu-mallorca-cathedral-and-gran-hotel\\\/\"]}]},{\"@type\":\"ImageObject\",\"inLanguage\":\"es\",\"@id\":\"https:\\\/\\\/rideon.es\\\/renting-empresas\\\/seu-mallorca-cathedral-and-gran-hotel\\\/#primaryimage\",\"url\":\"\",\"contentUrl\":\"\"},{\"@type\":\"WebSite\",\"@id\":\"https:\\\/\\\/rideon.es\\\/renting-empresas\\\/#website\",\"url\":\"https:\\\/\\\/rideon.es\\\/renting-empresas\\\/\",\"name\":\"Alquiler de motos mensual y Renting para Empresas\",\"description\":\"Las motos m\u00e1s c\u00f3modas y seguras para disfrutar de tus vacaciones sobre ruedas. Alquiler de motos en Menorca, Mallorca, Barcelona y Valencia con Rideon.es\",\"publisher\":{\"@id\":\"https:\\\/\\\/rideon.es\\\/renting-empresas\\\/#organization\"},\"potentialAction\":[{\"@type\":\"SearchAction\",\"target\":{\"@type\":\"EntryPoint\",\"urlTemplate\":\"https:\\\/\\\/rideon.es\\\/renting-empresas\\\/?s={search_term_string}\"},\"query-input\":{\"@type\":\"PropertyValueSpecification\",\"valueRequired\":true,\"valueName\":\"search_term_string\"}}],\"inLanguage\":\"es\"},{\"@type\":\"Organization\",\"@id\":\"https:\\\/\\\/rideon.es\\\/renting-empresas\\\/#organization\",\"name\":\"Alquiler de motos mensual y Renting para Empresas\",\"url\":\"https:\\\/\\\/rideon.es\\\/renting-empresas\\\/\",\"logo\":{\"@type\":\"ImageObject\",\"inLanguage\":\"es\",\"@id\":\"https:\\\/\\\/rideon.es\\\/renting-empresas\\\/#\\\/schema\\\/logo\\\/image\\\/\",\"url\":\"https:\\\/\\\/rideon.es\\\/renting-empresas\\\/wp-content\\\/uploads\\\/sites\\\/19\\\/2020\\\/02\\\/rideon_logo-200x78-1.png\",\"contentUrl\":\"https:\\\/\\\/rideon.es\\\/renting-empresas\\\/wp-content\\\/uploads\\\/sites\\\/19\\\/2020\\\/02\\\/rideon_logo-200x78-1.png\",\"width\":200,\"height\":78,\"caption\":\"Alquiler de motos mensual y Renting para Empresas\"},\"image\":{\"@id\":\"https:\\\/\\\/rideon.es\\\/renting-empresas\\\/#\\\/schema\\\/logo\\\/image\\\/\"}},{\"@type\":\"Person\",\"@id\":\"https:\\\/\\\/rideon.es\\\/renting-empresas\\\/#\\\/schema\\\/person\\\/48d6770e55c623d929bd20ce295611a7\",\"name\":\"Ride On\",\"image\":{\"@type\":\"ImageObject\",\"inLanguage\":\"es\",\"@id\":\"https:\\\/\\\/secure.gravatar.com\\\/avatar\\\/785e72183089da6a00243c0f0e2d52db79b9983b602219afb07c868943086138?s=96&d=mm&r=g\",\"url\":\"https:\\\/\\\/secure.gravatar.com\\\/avatar\\\/785e72183089da6a00243c0f0e2d52db79b9983b602219afb07c868943086138?s=96&d=mm&r=g\",\"contentUrl\":\"https:\\\/\\\/secure.gravatar.com\\\/avatar\\\/785e72183089da6a00243c0f0e2d52db79b9983b602219afb07c868943086138?s=96&d=mm&r=g\",\"caption\":\"Ride On\"},\"url\":\"https:\\\/\\\/rideon.es\\\/renting-empresas\\\/author\\\/eduardoyauri\\\/\"}]}<\/script>\n<!-- \/ Yoast SEO Premium plugin. -->","yoast_head_json":{"title":"Seu Mallorca Cathedral and Gran Hotel - Alquiler de motos mensual y Renting para Empresas","description":"Discover with Rideon scooter Hire Mallorca the most monumental sites of the city, visit Mallorca Cathedral and Gran Hotel.","robots":{"index":"index","follow":"follow","max-snippet":"max-snippet:-1","max-image-preview":"max-image-preview:large","max-video-preview":"max-video-preview:-1"},"canonical":"https:\/\/rideon.es\/renting-empresas\/seu-mallorca-cathedral-and-gran-hotel\/","og_locale":"es_ES","og_type":"article","og_title":"Seu Mallorca Cathedral and Gran Hotel","og_description":"Discover with Rideon scooter Hire Mallorca the most monumental sites of the city, visit Mallorca Cathedral and Gran Hotel.","og_url":"https:\/\/rideon.es\/renting-empresas\/seu-mallorca-cathedral-and-gran-hotel\/","og_site_name":"Alquiler de motos mensual y Renting para Empresas","article_published_time":"2017-07-21T12:43:47+00:00","author":"Ride On","twitter_card":"summary_large_image","twitter_misc":{"Escrito por":"Ride On","Tiempo de lectura":"3 minutos"},"schema":{"@context":"https:\/\/schema.org","@graph":[{"@type":"Article","@id":"https:\/\/rideon.es\/renting-empresas\/seu-mallorca-cathedral-and-gran-hotel\/#article","isPartOf":{"@id":"https:\/\/rideon.es\/renting-empresas\/seu-mallorca-cathedral-and-gran-hotel\/"},"author":{"name":"Ride On","@id":"https:\/\/rideon.es\/renting-empresas\/#\/schema\/person\/48d6770e55c623d929bd20ce295611a7"},"headline":"Seu Mallorca Cathedral and Gran Hotel","datePublished":"2017-07-21T12:43:47+00:00","mainEntityOfPage":{"@id":"https:\/\/rideon.es\/renting-empresas\/seu-mallorca-cathedral-and-gran-hotel\/"},"wordCount":541,"commentCount":0,"publisher":{"@id":"https:\/\/rideon.es\/renting-empresas\/#organization"},"image":{"@id":"https:\/\/rideon.es\/renting-empresas\/seu-mallorca-cathedral-and-gran-hotel\/#primaryimage"},"thumbnailUrl":"","articleSection":["Mallorca","Places of interest"],"inLanguage":"es","potentialAction":[{"@type":"CommentAction","name":"Comment","target":["https:\/\/rideon.es\/renting-empresas\/seu-mallorca-cathedral-and-gran-hotel\/#respond"]}]},{"@type":"WebPage","@id":"https:\/\/rideon.es\/renting-empresas\/seu-mallorca-cathedral-and-gran-hotel\/","url":"https:\/\/rideon.es\/renting-empresas\/seu-mallorca-cathedral-and-gran-hotel\/","name":"Seu Mallorca Cathedral and Gran Hotel - Alquiler de motos mensual y Renting para Empresas","isPartOf":{"@id":"https:\/\/rideon.es\/renting-empresas\/#website"},"primaryImageOfPage":{"@id":"https:\/\/rideon.es\/renting-empresas\/seu-mallorca-cathedral-and-gran-hotel\/#primaryimage"},"image":{"@id":"https:\/\/rideon.es\/renting-empresas\/seu-mallorca-cathedral-and-gran-hotel\/#primaryimage"},"thumbnailUrl":"","datePublished":"2017-07-21T12:43:47+00:00","description":"Discover with Rideon scooter Hire Mallorca the most monumental sites of the city, visit Mallorca Cathedral and Gran Hotel.","inLanguage":"es","potentialAction":[{"@type":"ReadAction","target":["https:\/\/rideon.es\/renting-empresas\/seu-mallorca-cathedral-and-gran-hotel\/"]}]},{"@type":"ImageObject","inLanguage":"es","@id":"https:\/\/rideon.es\/renting-empresas\/seu-mallorca-cathedral-and-gran-hotel\/#primaryimage","url":"","contentUrl":""},{"@type":"WebSite","@id":"https:\/\/rideon.es\/renting-empresas\/#website","url":"https:\/\/rideon.es\/renting-empresas\/","name":"Alquiler de motos mensual y Renting para Empresas","description":"Las motos m\u00e1s c\u00f3modas y seguras para disfrutar de tus vacaciones sobre ruedas. Alquiler de motos en Menorca, Mallorca, Barcelona y Valencia con Rideon.es","publisher":{"@id":"https:\/\/rideon.es\/renting-empresas\/#organization"},"potentialAction":[{"@type":"SearchAction","target":{"@type":"EntryPoint","urlTemplate":"https:\/\/rideon.es\/renting-empresas\/?s={search_term_string}"},"query-input":{"@type":"PropertyValueSpecification","valueRequired":true,"valueName":"search_term_string"}}],"inLanguage":"es"},{"@type":"Organization","@id":"https:\/\/rideon.es\/renting-empresas\/#organization","name":"Alquiler de motos mensual y Renting para Empresas","url":"https:\/\/rideon.es\/renting-empresas\/","logo":{"@type":"ImageObject","inLanguage":"es","@id":"https:\/\/rideon.es\/renting-empresas\/#\/schema\/logo\/image\/","url":"https:\/\/rideon.es\/renting-empresas\/wp-content\/uploads\/sites\/19\/2020\/02\/rideon_logo-200x78-1.png","contentUrl":"https:\/\/rideon.es\/renting-empresas\/wp-content\/uploads\/sites\/19\/2020\/02\/rideon_logo-200x78-1.png","width":200,"height":78,"caption":"Alquiler de motos mensual y Renting para Empresas"},"image":{"@id":"https:\/\/rideon.es\/renting-empresas\/#\/schema\/logo\/image\/"}},{"@type":"Person","@id":"https:\/\/rideon.es\/renting-empresas\/#\/schema\/person\/48d6770e55c623d929bd20ce295611a7","name":"Ride On","image":{"@type":"ImageObject","inLanguage":"es","@id":"https:\/\/secure.gravatar.com\/avatar\/785e72183089da6a00243c0f0e2d52db79b9983b602219afb07c868943086138?s=96&d=mm&r=g","url":"https:\/\/secure.gravatar.com\/avatar\/785e72183089da6a00243c0f0e2d52db79b9983b602219afb07c868943086138?s=96&d=mm&r=g","contentUrl":"https:\/\/secure.gravatar.com\/avatar\/785e72183089da6a00243c0f0e2d52db79b9983b602219afb07c868943086138?s=96&d=mm&r=g","caption":"Ride On"},"url":"https:\/\/rideon.es\/renting-empresas\/author\/eduardoyauri\/"}]}},"_links":{"self":[{"href":"https:\/\/rideon.es\/renting-empresas\/wp-json\/wp\/v2\/posts\/2162","targetHints":{"allow":["GET"]}}],"collection":[{"href":"https:\/\/rideon.es\/renting-empresas\/wp-json\/wp\/v2\/posts"}],"about":[{"href":"https:\/\/rideon.es\/renting-empresas\/wp-json\/wp\/v2\/types\/post"}],"author":[{"embeddable":true,"href":"https:\/\/rideon.es\/renting-empresas\/wp-json\/wp\/v2\/users\/2"}],"replies":[{"embeddable":true,"href":"https:\/\/rideon.es\/renting-empresas\/wp-json\/wp\/v2\/comments?post=2162"}],"version-history":[{"count":0,"href":"https:\/\/rideon.es\/renting-empresas\/wp-json\/wp\/v2\/posts\/2162\/revisions"}],"wp:featuredmedia":[{"embeddable":true,"href":"https:\/\/rideon.es\/renting-empresas\/wp-json\/"}],"wp:attachment":[{"href":"https:\/\/rideon.es\/renting-empresas\/wp-json\/wp\/v2\/media?parent=2162"}],"wp:term":[{"taxonomy":"category","embeddable":true,"href":"https:\/\/rideon.es\/renting-empresas\/wp-json\/wp\/v2\/categories?post=2162"},{"taxonomy":"post_tag","embeddable":true,"href":"https:\/\/rideon.es\/renting-empresas\/wp-json\/wp\/v2\/tags?post=2162"}],"curies":[{"name":"wp","href":"https:\/\/api.w.org\/{rel}","templated":true}]}}