{"id":2154,"date":"2017-07-21T12:32:52","date_gmt":"2017-07-21T12:32:52","guid":{"rendered":"https:\/\/rideon.es\/?p=2154"},"modified":"2017-07-21T12:32:52","modified_gmt":"2017-07-21T12:32:52","slug":"catedral-de-mallorca-y-el-gran-hotel","status":"publish","type":"post","link":"https:\/\/rideon.es\/renting-empresas\/catedral-de-mallorca-y-el-gran-hotel\/","title":{"rendered":"Catedral de Mallorca y el gran hotel"},"content":{"rendered":"<p><span style=\"font-weight: 400\">Palma de Mallorca es una ciudad monumental que desde sus or\u00edgenes ha vivido de cara al mar, y por ella han recalado diversas culturas que han dejado su impronta, sobre todo \u00e1rabes (que la llamaron Madina Mayurqa) y cristianos, que conquistaron la isla en 1229. <\/span><br \/>\n<span style=\"font-weight: 400\">El centro hist\u00f3rico conserva un marcado trazado medieval, y la mejor manera de recorrerlo es partiendo de la imponente Catedral de Mallorca, conocida como LaSeu, el mejor mirador sobre la grandiosa bah\u00eda de Palma. \u00a0Mallorca es perfecto para ser visitado con el<\/span><a href=\"https:\/\/rideon.es\/es\/alquiler-moto-mallorca\/\"><span style=\"font-weight: 400\"> aquiler moto Mallorca<\/span><\/a><span style=\"font-weight: 400\">.<\/span><br \/>\n<img fetchpriority=\"high\" decoding=\"async\" class=\"img-responsive aligncenter\" src=\"https:\/\/rideon.es\/wp-content\/uploads\/2017\/07\/catedral-de-mallorca.png\" alt=\"visita la catedral de Mallorca\" width=\"799\" height=\"585\" \/><\/p>\n<p><span style=\"font-weight: 400\">La Catedral es un edificio g\u00f3tico que atesora intervenciones art\u00edsticas de diversos siglos y se \u00a0enorgullece de poseer el mayor roset\u00f3n original de las catedrales europeas de este estilo, conocido como el Ojo del G\u00f3tico, con casi 100 m2 \u00a0de superficie y m\u00e1s de 1.200 cristales de colores. <\/span><br \/>\n<img decoding=\"async\" class=\"img-responsive aligncenter\" src=\"https:\/\/rideon.es\/wp-content\/uploads\/2017\/07\/roseton-catedral-palma.png\" alt=\"roseta de la catedral de Mallorca\" width=\"799\" height=\"538\" \/><br \/>\nAntoni Gaud\u00ed y Miquel Barcel\u00f3. La catedral de Mallorca atesora la intervenci\u00f3n del arquitecto catal\u00e1n Antoni Gaud\u00ed a principios del s. XX, y la reciente instalaci\u00f3n de un gran mural cer\u00e1mico del artista mallorqu\u00edn Miquel Barcel\u00f3.<br \/>\n<span style=\"font-weight: 400\">Bajo la vieja muralla se encuentra ses Voltes, recinto militar transformado en espacio esc\u00e9nico y expositivo, y el parc de la Mar, pulm\u00f3n urbano muy concurrido por la gente local. Junto al templo se yergue el Palacio de la Almudaina, antiguo palacio \u00e1rabe, posteriormente cristianizado y reformado, delimitado en la parte mar\u00edtima por la muralla que proteg\u00eda la ciudad.\u00a0<\/span><br \/>\n<img decoding=\"async\" class=\"img-responsive aligncenter\" src=\"https:\/\/rideon.es\/wp-content\/uploads\/2017\/07\/ses-voltes-mallorca.png\" alt=\"Visita les Ses voltes Mallorca\" width=\"801\" height=\"581\" \/><br \/>\nEl Cant de la Sibil\u00b7la. Por Nochebuena, durante la misa de maitines, se interpreta en la Seu este canto del s. XIII en el que se profetiza el fin del mundo. Declarado Patrimonio Inmaterial de la Humanidad por la Unesco<br \/>\n<span style=\"font-weight: 400\">A sus pies se extienden los jardines del Hort del Rei, con juegos de agua, bancos para disfrutar del ambiente y esculturas de artistas como Subirachs o Joan Mir\u00f3. Estos jardines conectan con el c\u00e9ntrico passeig des Born, bulevar encabezado por dos esfinges de piedra y<\/span><br \/>\n<span style=\"font-weight: 400\">flanqueado por \u00e1rboles, animada zona comercial que desemboca en la avinguda de Jaume III, donde se encontrar\u00e1n tiendas de primeras marcas de ropa, complementos y unos grandes almacenes.\u00a0<\/span><br \/>\nPaseo por la muralla medieval. Un recorrido que transcurre siempre junto al mar por los tramos restaurados de la antigua muralla que anta\u00f1o proteg\u00eda la ciudad de Palma.<br \/>\n<img loading=\"lazy\" decoding=\"async\" class=\"img-responsive aligncenter\" src=\"https:\/\/rideon.es\/wp-content\/uploads\/2017\/07\/el-gran-hotel-mallorca.png\" alt=\"Visita el gran hotel de Mallorca\" width=\"802\" height=\"545\" \/><br \/>\n<span style=\"font-weight: 400\">En la cercana pla\u00e7a de Weyler se levanta el Gran Hotel, una de las muestras m\u00e1s importantes del Modernismo, convertido en un espacio expositivo. Junto al Teatre Principal \u2014con excelente programaci\u00f3n cultural durante todo el a\u00f1o\u2014 unas escaleras desembocan en la pla\u00e7a Major, amplia plaza porticada donde convergen calles comerciales como Sant Miquel, Sindicat y Col\u00f3n. Esta \u00faltima conecta con la plaza de Cort, coraz\u00f3n administrativo de la ciudad, presidida por el Ayuntamiento y la sede del Consell de Mallorca, buena muestra del neog\u00f3tico mallorqu\u00edn. <\/span><br \/>\nUn d\u00eda en las carreras. En el Hip\u00f3dromo de Son Pardo se celebran carreras de trotones, carros de dos ruedas tirados por caballos al trote. En las noches de verano se puede cenar junto a las pistas de competici\u00f3n<br \/>\n<span style=\"font-weight: 400\">Para reservas online de motos de alquiler Mallorca pueden visitar nuestra web <\/span><a href=\"https:\/\/rideon.es\/\"><span style=\"font-weight: 400\">www.rideon.es<\/span><\/a><\/p>\n","protected":false},"excerpt":{"rendered":"<p>Palma de Mallorca es una ciudad monumental que desde sus or\u00edgenes ha vivido de cara al mar, y por ella han recalado diversas culturas que han dejado su impronta, sobre todo \u00e1rabes (que la llamaron Madina Mayurqa) y cristianos, que conquistaron la isla en 1229. El centro hist\u00f3rico conserva un marcado trazado medieval, y la<\/p>\n","protected":false},"author":2,"featured_media":2159,"comment_status":"open","ping_status":"closed","sticky":false,"template":"","format":"standard","meta":{"inline_featured_image":false,"footnotes":""},"categories":[56,11],"tags":[],"class_list":["post-2154","post","type-post","status-publish","format-standard","has-post-thumbnail","hentry","category-lugar-interes","category-mallorca"],"yoast_head":"<!-- This site is optimized with the Yoast SEO Premium plugin v18.7 (Yoast SEO v27.5) - https:\/\/yoast.com\/product\/yoast-seo-premium-wordpress\/ -->\n<title>Catedral de Mallorca y el gran hotel - Alquiler de motos mensual y Renting para Empresas<\/title>\n<meta name=\"description\" content=\"Descubre con Rideon alquiler de motos Mallorca los rincones m\u00e1s monumentales de la ciudad con la catedral de Mallorca y el Gran hotel.\" \/>\n<meta name=\"robots\" content=\"index, follow, max-snippet:-1, max-image-preview:large, max-video-preview:-1\" \/>\n<link rel=\"canonical\" href=\"https:\/\/rideon.es\/renting-empresas\/catedral-de-mallorca-y-el-gran-hotel\/\" \/>\n<meta property=\"og:locale\" content=\"es_ES\" \/>\n<meta property=\"og:type\" content=\"article\" \/>\n<meta property=\"og:title\" content=\"Catedral de Mallorca y el gran hotel\" \/>\n<meta property=\"og:description\" content=\"Descubre con Rideon alquiler de motos Mallorca los rincones m\u00e1s monumentales de la ciudad con la catedral de Mallorca y el Gran hotel.\" \/>\n<meta property=\"og:url\" content=\"https:\/\/rideon.es\/renting-empresas\/catedral-de-mallorca-y-el-gran-hotel\/\" \/>\n<meta property=\"og:site_name\" content=\"Alquiler de motos mensual y Renting para Empresas\" \/>\n<meta property=\"article:published_time\" content=\"2017-07-21T12:32:52+00:00\" \/>\n<meta name=\"author\" content=\"Ride On\" \/>\n<meta name=\"twitter:card\" content=\"summary_large_image\" \/>\n<meta name=\"twitter:label1\" content=\"Escrito por\" \/>\n\t<meta name=\"twitter:data1\" content=\"Ride On\" \/>\n\t<meta name=\"twitter:label2\" content=\"Tiempo de lectura\" \/>\n\t<meta name=\"twitter:data2\" content=\"3 minutos\" \/>\n<script type=\"application\/ld+json\" class=\"yoast-schema-graph\">{\"@context\":\"https:\\\/\\\/schema.org\",\"@graph\":[{\"@type\":\"Article\",\"@id\":\"https:\\\/\\\/rideon.es\\\/renting-empresas\\\/catedral-de-mallorca-y-el-gran-hotel\\\/#article\",\"isPartOf\":{\"@id\":\"https:\\\/\\\/rideon.es\\\/renting-empresas\\\/catedral-de-mallorca-y-el-gran-hotel\\\/\"},\"author\":{\"name\":\"Ride On\",\"@id\":\"https:\\\/\\\/rideon.es\\\/renting-empresas\\\/#\\\/schema\\\/person\\\/48d6770e55c623d929bd20ce295611a7\"},\"headline\":\"Catedral de Mallorca y el gran hotel\",\"datePublished\":\"2017-07-21T12:32:52+00:00\",\"mainEntityOfPage\":{\"@id\":\"https:\\\/\\\/rideon.es\\\/renting-empresas\\\/catedral-de-mallorca-y-el-gran-hotel\\\/\"},\"wordCount\":552,\"commentCount\":0,\"publisher\":{\"@id\":\"https:\\\/\\\/rideon.es\\\/renting-empresas\\\/#organization\"},\"image\":{\"@id\":\"https:\\\/\\\/rideon.es\\\/renting-empresas\\\/catedral-de-mallorca-y-el-gran-hotel\\\/#primaryimage\"},\"thumbnailUrl\":\"\",\"articleSection\":[\"Lugares de inter\u00e9s\",\"Mallorca\"],\"inLanguage\":\"es\",\"potentialAction\":[{\"@type\":\"CommentAction\",\"name\":\"Comment\",\"target\":[\"https:\\\/\\\/rideon.es\\\/renting-empresas\\\/catedral-de-mallorca-y-el-gran-hotel\\\/#respond\"]}]},{\"@type\":\"WebPage\",\"@id\":\"https:\\\/\\\/rideon.es\\\/renting-empresas\\\/catedral-de-mallorca-y-el-gran-hotel\\\/\",\"url\":\"https:\\\/\\\/rideon.es\\\/renting-empresas\\\/catedral-de-mallorca-y-el-gran-hotel\\\/\",\"name\":\"Catedral de Mallorca y el gran hotel - Alquiler de motos mensual y Renting para Empresas\",\"isPartOf\":{\"@id\":\"https:\\\/\\\/rideon.es\\\/renting-empresas\\\/#website\"},\"primaryImageOfPage\":{\"@id\":\"https:\\\/\\\/rideon.es\\\/renting-empresas\\\/catedral-de-mallorca-y-el-gran-hotel\\\/#primaryimage\"},\"image\":{\"@id\":\"https:\\\/\\\/rideon.es\\\/renting-empresas\\\/catedral-de-mallorca-y-el-gran-hotel\\\/#primaryimage\"},\"thumbnailUrl\":\"\",\"datePublished\":\"2017-07-21T12:32:52+00:00\",\"description\":\"Descubre con Rideon alquiler de motos Mallorca los rincones m\u00e1s monumentales de la ciudad con la catedral de Mallorca y el Gran hotel.\",\"inLanguage\":\"es\",\"potentialAction\":[{\"@type\":\"ReadAction\",\"target\":[\"https:\\\/\\\/rideon.es\\\/renting-empresas\\\/catedral-de-mallorca-y-el-gran-hotel\\\/\"]}]},{\"@type\":\"ImageObject\",\"inLanguage\":\"es\",\"@id\":\"https:\\\/\\\/rideon.es\\\/renting-empresas\\\/catedral-de-mallorca-y-el-gran-hotel\\\/#primaryimage\",\"url\":\"\",\"contentUrl\":\"\"},{\"@type\":\"WebSite\",\"@id\":\"https:\\\/\\\/rideon.es\\\/renting-empresas\\\/#website\",\"url\":\"https:\\\/\\\/rideon.es\\\/renting-empresas\\\/\",\"name\":\"Alquiler de motos mensual y Renting para Empresas\",\"description\":\"Las motos m\u00e1s c\u00f3modas y seguras para disfrutar de tus vacaciones sobre ruedas. Alquiler de motos en Menorca, Mallorca, Barcelona y Valencia con Rideon.es\",\"publisher\":{\"@id\":\"https:\\\/\\\/rideon.es\\\/renting-empresas\\\/#organization\"},\"potentialAction\":[{\"@type\":\"SearchAction\",\"target\":{\"@type\":\"EntryPoint\",\"urlTemplate\":\"https:\\\/\\\/rideon.es\\\/renting-empresas\\\/?s={search_term_string}\"},\"query-input\":{\"@type\":\"PropertyValueSpecification\",\"valueRequired\":true,\"valueName\":\"search_term_string\"}}],\"inLanguage\":\"es\"},{\"@type\":\"Organization\",\"@id\":\"https:\\\/\\\/rideon.es\\\/renting-empresas\\\/#organization\",\"name\":\"Alquiler de motos mensual y Renting para Empresas\",\"url\":\"https:\\\/\\\/rideon.es\\\/renting-empresas\\\/\",\"logo\":{\"@type\":\"ImageObject\",\"inLanguage\":\"es\",\"@id\":\"https:\\\/\\\/rideon.es\\\/renting-empresas\\\/#\\\/schema\\\/logo\\\/image\\\/\",\"url\":\"https:\\\/\\\/rideon.es\\\/renting-empresas\\\/wp-content\\\/uploads\\\/sites\\\/19\\\/2020\\\/02\\\/rideon_logo-200x78-1.png\",\"contentUrl\":\"https:\\\/\\\/rideon.es\\\/renting-empresas\\\/wp-content\\\/uploads\\\/sites\\\/19\\\/2020\\\/02\\\/rideon_logo-200x78-1.png\",\"width\":200,\"height\":78,\"caption\":\"Alquiler de motos mensual y Renting para Empresas\"},\"image\":{\"@id\":\"https:\\\/\\\/rideon.es\\\/renting-empresas\\\/#\\\/schema\\\/logo\\\/image\\\/\"}},{\"@type\":\"Person\",\"@id\":\"https:\\\/\\\/rideon.es\\\/renting-empresas\\\/#\\\/schema\\\/person\\\/48d6770e55c623d929bd20ce295611a7\",\"name\":\"Ride On\",\"image\":{\"@type\":\"ImageObject\",\"inLanguage\":\"es\",\"@id\":\"https:\\\/\\\/secure.gravatar.com\\\/avatar\\\/785e72183089da6a00243c0f0e2d52db79b9983b602219afb07c868943086138?s=96&d=mm&r=g\",\"url\":\"https:\\\/\\\/secure.gravatar.com\\\/avatar\\\/785e72183089da6a00243c0f0e2d52db79b9983b602219afb07c868943086138?s=96&d=mm&r=g\",\"contentUrl\":\"https:\\\/\\\/secure.gravatar.com\\\/avatar\\\/785e72183089da6a00243c0f0e2d52db79b9983b602219afb07c868943086138?s=96&d=mm&r=g\",\"caption\":\"Ride On\"},\"url\":\"https:\\\/\\\/rideon.es\\\/renting-empresas\\\/author\\\/eduardoyauri\\\/\"}]}<\/script>\n<!-- \/ Yoast SEO Premium plugin. -->","yoast_head_json":{"title":"Catedral de Mallorca y el gran hotel - Alquiler de motos mensual y Renting para Empresas","description":"Descubre con Rideon alquiler de motos Mallorca los rincones m\u00e1s monumentales de la ciudad con la catedral de Mallorca y el Gran hotel.","robots":{"index":"index","follow":"follow","max-snippet":"max-snippet:-1","max-image-preview":"max-image-preview:large","max-video-preview":"max-video-preview:-1"},"canonical":"https:\/\/rideon.es\/renting-empresas\/catedral-de-mallorca-y-el-gran-hotel\/","og_locale":"es_ES","og_type":"article","og_title":"Catedral de Mallorca y el gran hotel","og_description":"Descubre con Rideon alquiler de motos Mallorca los rincones m\u00e1s monumentales de la ciudad con la catedral de Mallorca y el Gran hotel.","og_url":"https:\/\/rideon.es\/renting-empresas\/catedral-de-mallorca-y-el-gran-hotel\/","og_site_name":"Alquiler de motos mensual y Renting para Empresas","article_published_time":"2017-07-21T12:32:52+00:00","author":"Ride On","twitter_card":"summary_large_image","twitter_misc":{"Escrito por":"Ride On","Tiempo de lectura":"3 minutos"},"schema":{"@context":"https:\/\/schema.org","@graph":[{"@type":"Article","@id":"https:\/\/rideon.es\/renting-empresas\/catedral-de-mallorca-y-el-gran-hotel\/#article","isPartOf":{"@id":"https:\/\/rideon.es\/renting-empresas\/catedral-de-mallorca-y-el-gran-hotel\/"},"author":{"name":"Ride On","@id":"https:\/\/rideon.es\/renting-empresas\/#\/schema\/person\/48d6770e55c623d929bd20ce295611a7"},"headline":"Catedral de Mallorca y el gran hotel","datePublished":"2017-07-21T12:32:52+00:00","mainEntityOfPage":{"@id":"https:\/\/rideon.es\/renting-empresas\/catedral-de-mallorca-y-el-gran-hotel\/"},"wordCount":552,"commentCount":0,"publisher":{"@id":"https:\/\/rideon.es\/renting-empresas\/#organization"},"image":{"@id":"https:\/\/rideon.es\/renting-empresas\/catedral-de-mallorca-y-el-gran-hotel\/#primaryimage"},"thumbnailUrl":"","articleSection":["Lugares de inter\u00e9s","Mallorca"],"inLanguage":"es","potentialAction":[{"@type":"CommentAction","name":"Comment","target":["https:\/\/rideon.es\/renting-empresas\/catedral-de-mallorca-y-el-gran-hotel\/#respond"]}]},{"@type":"WebPage","@id":"https:\/\/rideon.es\/renting-empresas\/catedral-de-mallorca-y-el-gran-hotel\/","url":"https:\/\/rideon.es\/renting-empresas\/catedral-de-mallorca-y-el-gran-hotel\/","name":"Catedral de Mallorca y el gran hotel - Alquiler de motos mensual y Renting para Empresas","isPartOf":{"@id":"https:\/\/rideon.es\/renting-empresas\/#website"},"primaryImageOfPage":{"@id":"https:\/\/rideon.es\/renting-empresas\/catedral-de-mallorca-y-el-gran-hotel\/#primaryimage"},"image":{"@id":"https:\/\/rideon.es\/renting-empresas\/catedral-de-mallorca-y-el-gran-hotel\/#primaryimage"},"thumbnailUrl":"","datePublished":"2017-07-21T12:32:52+00:00","description":"Descubre con Rideon alquiler de motos Mallorca los rincones m\u00e1s monumentales de la ciudad con la catedral de Mallorca y el Gran hotel.","inLanguage":"es","potentialAction":[{"@type":"ReadAction","target":["https:\/\/rideon.es\/renting-empresas\/catedral-de-mallorca-y-el-gran-hotel\/"]}]},{"@type":"ImageObject","inLanguage":"es","@id":"https:\/\/rideon.es\/renting-empresas\/catedral-de-mallorca-y-el-gran-hotel\/#primaryimage","url":"","contentUrl":""},{"@type":"WebSite","@id":"https:\/\/rideon.es\/renting-empresas\/#website","url":"https:\/\/rideon.es\/renting-empresas\/","name":"Alquiler de motos mensual y Renting para Empresas","description":"Las motos m\u00e1s c\u00f3modas y seguras para disfrutar de tus vacaciones sobre ruedas. Alquiler de motos en Menorca, Mallorca, Barcelona y Valencia con Rideon.es","publisher":{"@id":"https:\/\/rideon.es\/renting-empresas\/#organization"},"potentialAction":[{"@type":"SearchAction","target":{"@type":"EntryPoint","urlTemplate":"https:\/\/rideon.es\/renting-empresas\/?s={search_term_string}"},"query-input":{"@type":"PropertyValueSpecification","valueRequired":true,"valueName":"search_term_string"}}],"inLanguage":"es"},{"@type":"Organization","@id":"https:\/\/rideon.es\/renting-empresas\/#organization","name":"Alquiler de motos mensual y Renting para Empresas","url":"https:\/\/rideon.es\/renting-empresas\/","logo":{"@type":"ImageObject","inLanguage":"es","@id":"https:\/\/rideon.es\/renting-empresas\/#\/schema\/logo\/image\/","url":"https:\/\/rideon.es\/renting-empresas\/wp-content\/uploads\/sites\/19\/2020\/02\/rideon_logo-200x78-1.png","contentUrl":"https:\/\/rideon.es\/renting-empresas\/wp-content\/uploads\/sites\/19\/2020\/02\/rideon_logo-200x78-1.png","width":200,"height":78,"caption":"Alquiler de motos mensual y Renting para Empresas"},"image":{"@id":"https:\/\/rideon.es\/renting-empresas\/#\/schema\/logo\/image\/"}},{"@type":"Person","@id":"https:\/\/rideon.es\/renting-empresas\/#\/schema\/person\/48d6770e55c623d929bd20ce295611a7","name":"Ride On","image":{"@type":"ImageObject","inLanguage":"es","@id":"https:\/\/secure.gravatar.com\/avatar\/785e72183089da6a00243c0f0e2d52db79b9983b602219afb07c868943086138?s=96&d=mm&r=g","url":"https:\/\/secure.gravatar.com\/avatar\/785e72183089da6a00243c0f0e2d52db79b9983b602219afb07c868943086138?s=96&d=mm&r=g","contentUrl":"https:\/\/secure.gravatar.com\/avatar\/785e72183089da6a00243c0f0e2d52db79b9983b602219afb07c868943086138?s=96&d=mm&r=g","caption":"Ride On"},"url":"https:\/\/rideon.es\/renting-empresas\/author\/eduardoyauri\/"}]}},"_links":{"self":[{"href":"https:\/\/rideon.es\/renting-empresas\/wp-json\/wp\/v2\/posts\/2154","targetHints":{"allow":["GET"]}}],"collection":[{"href":"https:\/\/rideon.es\/renting-empresas\/wp-json\/wp\/v2\/posts"}],"about":[{"href":"https:\/\/rideon.es\/renting-empresas\/wp-json\/wp\/v2\/types\/post"}],"author":[{"embeddable":true,"href":"https:\/\/rideon.es\/renting-empresas\/wp-json\/wp\/v2\/users\/2"}],"replies":[{"embeddable":true,"href":"https:\/\/rideon.es\/renting-empresas\/wp-json\/wp\/v2\/comments?post=2154"}],"version-history":[{"count":0,"href":"https:\/\/rideon.es\/renting-empresas\/wp-json\/wp\/v2\/posts\/2154\/revisions"}],"wp:featuredmedia":[{"embeddable":true,"href":"https:\/\/rideon.es\/renting-empresas\/wp-json\/"}],"wp:attachment":[{"href":"https:\/\/rideon.es\/renting-empresas\/wp-json\/wp\/v2\/media?parent=2154"}],"wp:term":[{"taxonomy":"category","embeddable":true,"href":"https:\/\/rideon.es\/renting-empresas\/wp-json\/wp\/v2\/categories?post=2154"},{"taxonomy":"post_tag","embeddable":true,"href":"https:\/\/rideon.es\/renting-empresas\/wp-json\/wp\/v2\/tags?post=2154"}],"curies":[{"name":"wp","href":"https:\/\/api.w.org\/{rel}","templated":true}]}}