{"id":2141,"date":"2017-07-17T15:59:37","date_gmt":"2017-07-17T15:59:37","guid":{"rendered":"https:\/\/rideon.es\/?p=2141"},"modified":"2017-07-17T15:59:37","modified_gmt":"2017-07-17T15:59:37","slug":"visita-barranc-dalgender","status":"publish","type":"post","link":"https:\/\/rideon.es\/renting-empresas\/visita-barranc-dalgender\/","title":{"rendered":"Visita el Barranc d&#8217;Algender"},"content":{"rendered":"<p><span style=\"font-weight: 400\">Barranc d&#8217;Algender, una de las \u00e1reas naturales m\u00e1s importantes de Menorca<\/span><\/p>\n<p><span style=\"font-weight: 400\">El Barranc d&#8217;Algender es el <\/span><b>barranco m\u00e1s importante de Menorca<\/b><span style=\"font-weight: 400\"> no s\u00f3lo por ser el de mayor tama\u00f1o y por conservar una gran riqueza medioambiental, sino tambi\u00e9n por ser el lugar en el que se han encontrado los restos humanos m\u00e1s antiguos de la Isla, datados en el a\u00f1o 2200 a.C. <\/span><\/p>\n<p><img fetchpriority=\"high\" decoding=\"async\" class=\"img-responsive aligncenter\" src=\"https:\/\/rideon.es\/wp-content\/uploads\/2017\/07\/barranc-dalgendar.png\" alt=\"Visita el barranc d'algender en moto por Menorca\" width=\"800\" height=\"423\" \/><\/p>\n<p><span style=\"font-weight: 400\">El Barranco de Algendar ha sido declarado <\/span><b>Patrimonio de la Humanidad<\/b><span style=\"font-weight: 400\"> y es una de las recomendaciones que hacemos a nuestros clientes de<\/span><a href=\"https:\/\/rideon.es\/es\/alquiler-moto-menorca\/\"> <span style=\"font-weight: 400\">alquiler de motos en Menorca<\/span><\/a><span style=\"font-weight: 400\"> para disfrutar al m\u00e1ximo de la riqueza natural de la Isla.<\/span><\/p>\n<p><span style=\"font-weight: 400\">Se trata de una zona virgen de gran belleza, con mucha vegetaci\u00f3n y acantilados imponentes que se puede recorrer a pie, algunos tramos en bicicleta, mediante un recorrido de baja dificultad de cerca de 8 kil\u00f3metros que <\/span><b>comienza en Ferreries y termina en la Cala Galdana<\/b><span style=\"font-weight: 400\">.<\/span><br \/>\n<img decoding=\"async\" class=\"img-responsive aligncenter\" src=\"https:\/\/rideon.es\/wp-content\/uploads\/2017\/07\/barranc-algendar-menorca.png\" alt=\"Visita el barranc d'algender en el alquiler de moto por Menorca\" width=\"801\" height=\"573\" \/><\/p>\n<p><span style=\"font-weight: 400\">El gran valor ecol\u00f3gico de este barranco menorqu\u00edn se pone de manifiesto en la docena de ecosistemas que alberga, h\u00e1bitat de m\u00e1s de <\/span><b>200 especies animales y vegetales<\/b><span style=\"font-weight: 400\"> entre las que se cuentan 18 especies end\u00e9micas y 26 consideradas como \u00fanicas. <\/span><span style=\"font-weight: 400\">Descubre Menorca y su sitios de encanto con total libertad con nuestro servicio de \u00a0<\/span><a href=\"https:\/\/rideon.es\/es\/alquiler-moto-menorca\/\"><span style=\"font-weight: 400\">alquiler motos Menorca<\/span><\/a><\/p>\n<p><span style=\"font-weight: 400\">Como todos los barrancos de la isla, es zona de caza para aves rapaces, cern\u00edcalos, gavilanes, milanos, lechuzas e incluso, el halc\u00f3n peregrino sobrevuelan el barranco. En las zonas de agua dulce hay tortugas de agua, ranas, anguilas y gambusias.<\/span><br \/>\n<span style=\"font-weight: 400\">Estas particularidades convierten al Barranc d&#8217;Algender en una <\/span><b>excursi\u00f3n de gran inter\u00e9s<\/b><span style=\"font-weight: 400\"> que recorre tierras cultivadas con t\u00e9cnicas ancestrales, frondosos bosques, acantilados y caminos milenarios.<\/span><br \/>\n<img decoding=\"async\" class=\"img-responsive aligncenter\" src=\"https:\/\/rideon.es\/wp-content\/uploads\/2017\/07\/alcedo-atthis-barranc-algender-Manorca.png\" alt=\"Visita el barranc d'algender el alcedo atthis\" width=\"800\" height=\"603\" \/><\/p>\n<p><span style=\"font-weight: 400\">En algunos puntos de la ruta, el barranco adquiere dimensiones asombrosas con cauces que llegan a alcanzar los <\/span><b>ochenta metros de altura<\/b><span style=\"font-weight: 400\">.<\/span><br \/>\n<span style=\"font-weight: 400\">Un mirador ubicado en uno de los puntos m\u00e1s elevados del barranco permite al senderista disfrutar desde la altura del impresionante paisaje de esta formaci\u00f3n geol\u00f3gica. Sobre paredes verticales de hasta 50 metros de altura, la panor\u00e1mica es inolvidable.<\/span><br \/>\n<img loading=\"lazy\" decoding=\"async\" class=\"img-responsive aligncenter\" src=\"https:\/\/rideon.es\/wp-content\/uploads\/2017\/07\/vistas-barranco-algender.png\" alt=\"vistas desde el barranc d'algender el alcedo atthis\" width=\"800\" height=\"566\" \/><\/p>\n<p><span style=\"font-weight: 400\">Tambi\u00e9n se puede recorrer parte de la ruta desde el <\/span><b>lecho del torrente<\/b><span style=\"font-weight: 400\">, cambiando totalmente la experiencia y caminando entre paredes verticales de gran altura.<\/span><br \/>\n<span style=\"font-weight: 400\">Hay que destacar que este torrente tiene agua durante todo el a\u00f1o, algo que no es habitual en Baleares pero que s\u00ed se da en este cauce gracias, en parte, a las aguas subterr\u00e1neas del acu\u00edfero de Es Migjorn, que afloran en las \u00e1reas m\u00e1s deprimidas del barranco y mantienen el caudal procedente del <\/span><b>macizo de Santa \u00c1gueda<\/b><span style=\"font-weight: 400\">.<\/span><\/p>\n<p><span style=\"font-weight: 400\">Visite nuestra p\u00e1gina web para disfrutar del mejor servicio de <\/span><a href=\"https:\/\/rideon.es\/es\/\"><span style=\"font-weight: 400\">alquiler de motos en Menorca<\/span><\/a><span style=\"font-weight: 400\">.<\/span><\/p>\n","protected":false},"excerpt":{"rendered":"<p>Barranc d&#8217;Algender, una de las \u00e1reas naturales m\u00e1s importantes de Menorca El Barranc d&#8217;Algender es el barranco m\u00e1s importante de Menorca no s\u00f3lo por ser el de mayor tama\u00f1o y por conservar una gran riqueza medioambiental, sino tambi\u00e9n por ser el lugar en el que se han encontrado los restos humanos m\u00e1s antiguos de la<\/p>\n","protected":false},"author":2,"featured_media":2146,"comment_status":"open","ping_status":"closed","sticky":false,"template":"","format":"standard","meta":{"inline_featured_image":false,"footnotes":""},"categories":[56,14],"tags":[],"class_list":["post-2141","post","type-post","status-publish","format-standard","has-post-thumbnail","hentry","category-lugar-interes","category-menorca"],"yoast_head":"<!-- This site is optimized with the Yoast SEO Premium plugin v18.7 (Yoast SEO v27.5) - https:\/\/yoast.com\/product\/yoast-seo-premium-wordpress\/ -->\n<title>Visita el Barranc d&#039;Algender - Alquiler de motos mensual y Renting para Empresas<\/title>\n<meta name=\"description\" content=\"Visita con Ride On Menorca el Barranc d&#039;Algender, una de las \u00e1reas naturales m\u00e1s importantes de Menorca y un espacio precioso para disfrutar de la isla.\" \/>\n<meta name=\"robots\" content=\"index, follow, max-snippet:-1, max-image-preview:large, max-video-preview:-1\" \/>\n<link rel=\"canonical\" href=\"https:\/\/rideon.es\/renting-empresas\/visita-barranc-dalgender\/\" \/>\n<meta property=\"og:locale\" content=\"es_ES\" \/>\n<meta property=\"og:type\" content=\"article\" \/>\n<meta property=\"og:title\" content=\"Visita el Barranc d&#039;Algender\" \/>\n<meta property=\"og:description\" content=\"Visita con Ride On Menorca el Barranc d&#039;Algender, una de las \u00e1reas naturales m\u00e1s importantes de Menorca y un espacio precioso para disfrutar de la isla.\" \/>\n<meta property=\"og:url\" content=\"https:\/\/rideon.es\/renting-empresas\/visita-barranc-dalgender\/\" \/>\n<meta property=\"og:site_name\" content=\"Alquiler de motos mensual y Renting para Empresas\" \/>\n<meta property=\"article:published_time\" content=\"2017-07-17T15:59:37+00:00\" \/>\n<meta name=\"author\" content=\"Ride On\" \/>\n<meta name=\"twitter:card\" content=\"summary_large_image\" \/>\n<meta name=\"twitter:label1\" content=\"Escrito por\" \/>\n\t<meta name=\"twitter:data1\" content=\"Ride On\" \/>\n\t<meta name=\"twitter:label2\" content=\"Tiempo de lectura\" \/>\n\t<meta name=\"twitter:data2\" content=\"2 minutos\" \/>\n<script type=\"application\/ld+json\" class=\"yoast-schema-graph\">{\"@context\":\"https:\\\/\\\/schema.org\",\"@graph\":[{\"@type\":\"Article\",\"@id\":\"https:\\\/\\\/rideon.es\\\/renting-empresas\\\/visita-barranc-dalgender\\\/#article\",\"isPartOf\":{\"@id\":\"https:\\\/\\\/rideon.es\\\/renting-empresas\\\/visita-barranc-dalgender\\\/\"},\"author\":{\"name\":\"Ride On\",\"@id\":\"https:\\\/\\\/rideon.es\\\/renting-empresas\\\/#\\\/schema\\\/person\\\/48d6770e55c623d929bd20ce295611a7\"},\"headline\":\"Visita el Barranc d&#8217;Algender\",\"datePublished\":\"2017-07-17T15:59:37+00:00\",\"mainEntityOfPage\":{\"@id\":\"https:\\\/\\\/rideon.es\\\/renting-empresas\\\/visita-barranc-dalgender\\\/\"},\"wordCount\":462,\"commentCount\":0,\"publisher\":{\"@id\":\"https:\\\/\\\/rideon.es\\\/renting-empresas\\\/#organization\"},\"image\":{\"@id\":\"https:\\\/\\\/rideon.es\\\/renting-empresas\\\/visita-barranc-dalgender\\\/#primaryimage\"},\"thumbnailUrl\":\"\",\"articleSection\":[\"Lugares de inter\u00e9s\",\"Menorca\"],\"inLanguage\":\"es\",\"potentialAction\":[{\"@type\":\"CommentAction\",\"name\":\"Comment\",\"target\":[\"https:\\\/\\\/rideon.es\\\/renting-empresas\\\/visita-barranc-dalgender\\\/#respond\"]}]},{\"@type\":\"WebPage\",\"@id\":\"https:\\\/\\\/rideon.es\\\/renting-empresas\\\/visita-barranc-dalgender\\\/\",\"url\":\"https:\\\/\\\/rideon.es\\\/renting-empresas\\\/visita-barranc-dalgender\\\/\",\"name\":\"Visita el Barranc d'Algender - Alquiler de motos mensual y Renting para Empresas\",\"isPartOf\":{\"@id\":\"https:\\\/\\\/rideon.es\\\/renting-empresas\\\/#website\"},\"primaryImageOfPage\":{\"@id\":\"https:\\\/\\\/rideon.es\\\/renting-empresas\\\/visita-barranc-dalgender\\\/#primaryimage\"},\"image\":{\"@id\":\"https:\\\/\\\/rideon.es\\\/renting-empresas\\\/visita-barranc-dalgender\\\/#primaryimage\"},\"thumbnailUrl\":\"\",\"datePublished\":\"2017-07-17T15:59:37+00:00\",\"description\":\"Visita con Ride On Menorca el Barranc d'Algender, una de las \u00e1reas naturales m\u00e1s importantes de Menorca y un espacio precioso para disfrutar de la isla.\",\"inLanguage\":\"es\",\"potentialAction\":[{\"@type\":\"ReadAction\",\"target\":[\"https:\\\/\\\/rideon.es\\\/renting-empresas\\\/visita-barranc-dalgender\\\/\"]}]},{\"@type\":\"ImageObject\",\"inLanguage\":\"es\",\"@id\":\"https:\\\/\\\/rideon.es\\\/renting-empresas\\\/visita-barranc-dalgender\\\/#primaryimage\",\"url\":\"\",\"contentUrl\":\"\"},{\"@type\":\"WebSite\",\"@id\":\"https:\\\/\\\/rideon.es\\\/renting-empresas\\\/#website\",\"url\":\"https:\\\/\\\/rideon.es\\\/renting-empresas\\\/\",\"name\":\"Alquiler de motos mensual y Renting para Empresas\",\"description\":\"Las motos m\u00e1s c\u00f3modas y seguras para disfrutar de tus vacaciones sobre ruedas. Alquiler de motos en Menorca, Mallorca, Barcelona y Valencia con Rideon.es\",\"publisher\":{\"@id\":\"https:\\\/\\\/rideon.es\\\/renting-empresas\\\/#organization\"},\"potentialAction\":[{\"@type\":\"SearchAction\",\"target\":{\"@type\":\"EntryPoint\",\"urlTemplate\":\"https:\\\/\\\/rideon.es\\\/renting-empresas\\\/?s={search_term_string}\"},\"query-input\":{\"@type\":\"PropertyValueSpecification\",\"valueRequired\":true,\"valueName\":\"search_term_string\"}}],\"inLanguage\":\"es\"},{\"@type\":\"Organization\",\"@id\":\"https:\\\/\\\/rideon.es\\\/renting-empresas\\\/#organization\",\"name\":\"Alquiler de motos mensual y Renting para Empresas\",\"url\":\"https:\\\/\\\/rideon.es\\\/renting-empresas\\\/\",\"logo\":{\"@type\":\"ImageObject\",\"inLanguage\":\"es\",\"@id\":\"https:\\\/\\\/rideon.es\\\/renting-empresas\\\/#\\\/schema\\\/logo\\\/image\\\/\",\"url\":\"https:\\\/\\\/rideon.es\\\/renting-empresas\\\/wp-content\\\/uploads\\\/sites\\\/19\\\/2020\\\/02\\\/rideon_logo-200x78-1.png\",\"contentUrl\":\"https:\\\/\\\/rideon.es\\\/renting-empresas\\\/wp-content\\\/uploads\\\/sites\\\/19\\\/2020\\\/02\\\/rideon_logo-200x78-1.png\",\"width\":200,\"height\":78,\"caption\":\"Alquiler de motos mensual y Renting para Empresas\"},\"image\":{\"@id\":\"https:\\\/\\\/rideon.es\\\/renting-empresas\\\/#\\\/schema\\\/logo\\\/image\\\/\"}},{\"@type\":\"Person\",\"@id\":\"https:\\\/\\\/rideon.es\\\/renting-empresas\\\/#\\\/schema\\\/person\\\/48d6770e55c623d929bd20ce295611a7\",\"name\":\"Ride On\",\"image\":{\"@type\":\"ImageObject\",\"inLanguage\":\"es\",\"@id\":\"https:\\\/\\\/secure.gravatar.com\\\/avatar\\\/785e72183089da6a00243c0f0e2d52db79b9983b602219afb07c868943086138?s=96&d=mm&r=g\",\"url\":\"https:\\\/\\\/secure.gravatar.com\\\/avatar\\\/785e72183089da6a00243c0f0e2d52db79b9983b602219afb07c868943086138?s=96&d=mm&r=g\",\"contentUrl\":\"https:\\\/\\\/secure.gravatar.com\\\/avatar\\\/785e72183089da6a00243c0f0e2d52db79b9983b602219afb07c868943086138?s=96&d=mm&r=g\",\"caption\":\"Ride On\"},\"url\":\"https:\\\/\\\/rideon.es\\\/renting-empresas\\\/author\\\/eduardoyauri\\\/\"}]}<\/script>\n<!-- \/ Yoast SEO Premium plugin. -->","yoast_head_json":{"title":"Visita el Barranc d'Algender - Alquiler de motos mensual y Renting para Empresas","description":"Visita con Ride On Menorca el Barranc d'Algender, una de las \u00e1reas naturales m\u00e1s importantes de Menorca y un espacio precioso para disfrutar de la isla.","robots":{"index":"index","follow":"follow","max-snippet":"max-snippet:-1","max-image-preview":"max-image-preview:large","max-video-preview":"max-video-preview:-1"},"canonical":"https:\/\/rideon.es\/renting-empresas\/visita-barranc-dalgender\/","og_locale":"es_ES","og_type":"article","og_title":"Visita el Barranc d'Algender","og_description":"Visita con Ride On Menorca el Barranc d'Algender, una de las \u00e1reas naturales m\u00e1s importantes de Menorca y un espacio precioso para disfrutar de la isla.","og_url":"https:\/\/rideon.es\/renting-empresas\/visita-barranc-dalgender\/","og_site_name":"Alquiler de motos mensual y Renting para Empresas","article_published_time":"2017-07-17T15:59:37+00:00","author":"Ride On","twitter_card":"summary_large_image","twitter_misc":{"Escrito por":"Ride On","Tiempo de lectura":"2 minutos"},"schema":{"@context":"https:\/\/schema.org","@graph":[{"@type":"Article","@id":"https:\/\/rideon.es\/renting-empresas\/visita-barranc-dalgender\/#article","isPartOf":{"@id":"https:\/\/rideon.es\/renting-empresas\/visita-barranc-dalgender\/"},"author":{"name":"Ride On","@id":"https:\/\/rideon.es\/renting-empresas\/#\/schema\/person\/48d6770e55c623d929bd20ce295611a7"},"headline":"Visita el Barranc d&#8217;Algender","datePublished":"2017-07-17T15:59:37+00:00","mainEntityOfPage":{"@id":"https:\/\/rideon.es\/renting-empresas\/visita-barranc-dalgender\/"},"wordCount":462,"commentCount":0,"publisher":{"@id":"https:\/\/rideon.es\/renting-empresas\/#organization"},"image":{"@id":"https:\/\/rideon.es\/renting-empresas\/visita-barranc-dalgender\/#primaryimage"},"thumbnailUrl":"","articleSection":["Lugares de inter\u00e9s","Menorca"],"inLanguage":"es","potentialAction":[{"@type":"CommentAction","name":"Comment","target":["https:\/\/rideon.es\/renting-empresas\/visita-barranc-dalgender\/#respond"]}]},{"@type":"WebPage","@id":"https:\/\/rideon.es\/renting-empresas\/visita-barranc-dalgender\/","url":"https:\/\/rideon.es\/renting-empresas\/visita-barranc-dalgender\/","name":"Visita el Barranc d'Algender - Alquiler de motos mensual y Renting para Empresas","isPartOf":{"@id":"https:\/\/rideon.es\/renting-empresas\/#website"},"primaryImageOfPage":{"@id":"https:\/\/rideon.es\/renting-empresas\/visita-barranc-dalgender\/#primaryimage"},"image":{"@id":"https:\/\/rideon.es\/renting-empresas\/visita-barranc-dalgender\/#primaryimage"},"thumbnailUrl":"","datePublished":"2017-07-17T15:59:37+00:00","description":"Visita con Ride On Menorca el Barranc d'Algender, una de las \u00e1reas naturales m\u00e1s importantes de Menorca y un espacio precioso para disfrutar de la isla.","inLanguage":"es","potentialAction":[{"@type":"ReadAction","target":["https:\/\/rideon.es\/renting-empresas\/visita-barranc-dalgender\/"]}]},{"@type":"ImageObject","inLanguage":"es","@id":"https:\/\/rideon.es\/renting-empresas\/visita-barranc-dalgender\/#primaryimage","url":"","contentUrl":""},{"@type":"WebSite","@id":"https:\/\/rideon.es\/renting-empresas\/#website","url":"https:\/\/rideon.es\/renting-empresas\/","name":"Alquiler de motos mensual y Renting para Empresas","description":"Las motos m\u00e1s c\u00f3modas y seguras para disfrutar de tus vacaciones sobre ruedas. Alquiler de motos en Menorca, Mallorca, Barcelona y Valencia con Rideon.es","publisher":{"@id":"https:\/\/rideon.es\/renting-empresas\/#organization"},"potentialAction":[{"@type":"SearchAction","target":{"@type":"EntryPoint","urlTemplate":"https:\/\/rideon.es\/renting-empresas\/?s={search_term_string}"},"query-input":{"@type":"PropertyValueSpecification","valueRequired":true,"valueName":"search_term_string"}}],"inLanguage":"es"},{"@type":"Organization","@id":"https:\/\/rideon.es\/renting-empresas\/#organization","name":"Alquiler de motos mensual y Renting para Empresas","url":"https:\/\/rideon.es\/renting-empresas\/","logo":{"@type":"ImageObject","inLanguage":"es","@id":"https:\/\/rideon.es\/renting-empresas\/#\/schema\/logo\/image\/","url":"https:\/\/rideon.es\/renting-empresas\/wp-content\/uploads\/sites\/19\/2020\/02\/rideon_logo-200x78-1.png","contentUrl":"https:\/\/rideon.es\/renting-empresas\/wp-content\/uploads\/sites\/19\/2020\/02\/rideon_logo-200x78-1.png","width":200,"height":78,"caption":"Alquiler de motos mensual y Renting para Empresas"},"image":{"@id":"https:\/\/rideon.es\/renting-empresas\/#\/schema\/logo\/image\/"}},{"@type":"Person","@id":"https:\/\/rideon.es\/renting-empresas\/#\/schema\/person\/48d6770e55c623d929bd20ce295611a7","name":"Ride On","image":{"@type":"ImageObject","inLanguage":"es","@id":"https:\/\/secure.gravatar.com\/avatar\/785e72183089da6a00243c0f0e2d52db79b9983b602219afb07c868943086138?s=96&d=mm&r=g","url":"https:\/\/secure.gravatar.com\/avatar\/785e72183089da6a00243c0f0e2d52db79b9983b602219afb07c868943086138?s=96&d=mm&r=g","contentUrl":"https:\/\/secure.gravatar.com\/avatar\/785e72183089da6a00243c0f0e2d52db79b9983b602219afb07c868943086138?s=96&d=mm&r=g","caption":"Ride On"},"url":"https:\/\/rideon.es\/renting-empresas\/author\/eduardoyauri\/"}]}},"_links":{"self":[{"href":"https:\/\/rideon.es\/renting-empresas\/wp-json\/wp\/v2\/posts\/2141","targetHints":{"allow":["GET"]}}],"collection":[{"href":"https:\/\/rideon.es\/renting-empresas\/wp-json\/wp\/v2\/posts"}],"about":[{"href":"https:\/\/rideon.es\/renting-empresas\/wp-json\/wp\/v2\/types\/post"}],"author":[{"embeddable":true,"href":"https:\/\/rideon.es\/renting-empresas\/wp-json\/wp\/v2\/users\/2"}],"replies":[{"embeddable":true,"href":"https:\/\/rideon.es\/renting-empresas\/wp-json\/wp\/v2\/comments?post=2141"}],"version-history":[{"count":0,"href":"https:\/\/rideon.es\/renting-empresas\/wp-json\/wp\/v2\/posts\/2141\/revisions"}],"wp:featuredmedia":[{"embeddable":true,"href":"https:\/\/rideon.es\/renting-empresas\/wp-json\/"}],"wp:attachment":[{"href":"https:\/\/rideon.es\/renting-empresas\/wp-json\/wp\/v2\/media?parent=2141"}],"wp:term":[{"taxonomy":"category","embeddable":true,"href":"https:\/\/rideon.es\/renting-empresas\/wp-json\/wp\/v2\/categories?post=2141"},{"taxonomy":"post_tag","embeddable":true,"href":"https:\/\/rideon.es\/renting-empresas\/wp-json\/wp\/v2\/tags?post=2141"}],"curies":[{"name":"wp","href":"https:\/\/api.w.org\/{rel}","templated":true}]}}