{"id":2053,"date":"2017-05-31T14:22:53","date_gmt":"2017-05-31T14:22:53","guid":{"rendered":"https:\/\/rideon.es\/?p=2053"},"modified":"2017-05-31T14:22:53","modified_gmt":"2017-05-31T14:22:53","slug":"moto-necesito-alquiler","status":"publish","type":"post","link":"https:\/\/rideon.es\/renting-empresas\/moto-necesito-alquiler\/","title":{"rendered":"\u00bfQue moto necesito para mi alquiler?"},"content":{"rendered":"<p><span style=\"font-weight: 400\">Ahora que llega el buen tiempo quiz\u00e1s te est\u00e9s planteando alquilar una moto, pero al margen de comparar precios sigue estos consejos para conseguir la que mejor se adapta a tus necesidades. Ride On te ofrece las mejores motos para el mejor <\/span><a href=\"https:\/\/rideon.es\"><span style=\"font-weight: 400\">alquiler moto Barcelona<\/span><\/a><span style=\"font-weight: 400\">.<\/span><\/p>\n<ol>\n<li style=\"font-weight: 400\">\n<h2><span style=\"font-weight: 400\">Tipo de moto<\/span><\/h2>\n<\/li>\n<\/ol>\n<p><span style=\"font-weight: 400\">Dentro de las scooters hay muchos tipos, valora si necesitas una ligera y b\u00e1sica u otro que sea m\u00e1s moto para que prime las prestaciones y la comodidad. <\/span><br \/>\n<span style=\"font-weight: 400\">\u00bfVas a usarlo solo por ciudad? \u00bfO necesitas algo m\u00e1s para no ir vendido por carretera?<\/span><br \/>\n<img fetchpriority=\"high\" decoding=\"async\" class=\"img-responsive aligncenter\" src=\"https:\/\/rideon.es\/wp-content\/uploads\/2017\/05\/Peugeot-Tweet-rideon-barcelona.jpg\" alt=\"Consejos alquiler scoooter Barcelona\" width=\"799\" height=\"655\" \/><\/p>\n<ol start=\"2\">\n<li>\n<h2><span style=\"font-weight: 400\"> \u00a0\u00a0Cilindrada<\/span><\/h2>\n<\/li>\n<\/ol>\n<p><span style=\"font-weight: 400\">Una 125 que supere los 100 km por hora puede ser m\u00e1s que suficiente para ciudad, carreteras, o alguna acci\u00f3n puntual por autopista. Pero si vas a ir por carretera abierta se te quedara corta de motor, hay que revisar el aceite a menudo y la mec\u00e1nica sufrir\u00e1 un envejecimiento prematuro.\u00a0<\/span><\/p>\n<h2><span style=\"font-weight: 400\"> \u00a0\u00a0\u00a0\u00a0\u00a0\u00a03. Frenos<\/span><\/h2>\n<p><span style=\"font-weight: 400\">Hoy en dia es mejor que te decantas por unos frenos de doble freno de disco y abs, incluso si no planeas salir de la ciudad.\u00a0\u00a0<\/span><br \/>\n<img decoding=\"async\" class=\"img-responsive aligncenter\" src=\"https:\/\/rideon.es\/wp-content\/uploads\/2017\/05\/Yamaha-alquiler-moto-barcelona.jpg\" alt=\"Consejos alquiler moto Barcelona\" width=\"801\" height=\"450\" \/><\/p>\n<h2><span style=\"font-weight: 400\"> \u00a0\u00a0\u00a0\u00a0\u00a0\u00a04. Huecos portaobjetos y maletero<\/span><\/h2>\n<p><span style=\"font-weight: 400\">Aunque lo tuyo sean los trayectos cortos, es recomendable que en el maletero quepa al menos un casco, si caben m\u00e1s cosas mejor que mejor.\u00a0\u00a0<\/span><\/p>\n<p><img decoding=\"async\" class=\"img-responsive aligncenter\" src=\"https:\/\/rideon.es\/wp-content\/uploads\/2017\/05\/consejos-alquiler-moto-barcelona.jpg\" alt=\"Consejos maletas alquiler moto Barcelona\" width=\"800\" height=\"534\" \/><\/p>\n<h2><span style=\"font-weight: 400\"> \u00a0\u00a0\u00a0\u00a0\u00a0\u00a05. El color<\/span><\/h2>\n<p><span style=\"font-weight: 400\">Por seguridad conviene que tu moto sea de alg\u00fan color llamativo pero si necesitas un veh\u00edculo para ir a sitios m\u00e1s elegantes o reuniones de negocios, siempre puedes combinarlo con una equipaci\u00f3n de colores m\u00e1s vivos. <\/span><\/p>\n<h2><span style=\"font-weight: 400\"> \u00a0\u00a0\u00a0\u00a0\u00a0\u00a06. Protecci\u00f3n aerodin\u00e1mica<\/span><\/h2>\n<p><span style=\"font-weight: 400\">Si solo vas a usar la moto con buen tiempo, una pantalla demasiada elevada o demasiado carenado te quitaran frescor y penalizan el consumo. Sin embargo si es una motocicleta para un renting de todo el a\u00f1o, no olvides que un buen carenado y la posibilidad de montar pantallas m\u00e1s altas ser\u00e1n la mejor protecci\u00f3n para el fr\u00edo y la lluvia y te dar\u00e1n mejor libertad a la hora de vestir. Descubre Barcelona con nuestro servicio de <\/span><a href=\"https:\/\/rideon.es\/es\/alquiler-motos-barcelona\/\"><span style=\"font-weight: 400\">alquiler de motos barcelona<\/span><\/a><span style=\"font-weight: 400\">.<\/span><\/p>\n<h2><span style=\"font-weight: 400\"> \u00a0\u00a0\u00a0\u00a0\u00a0\u00a0\u00a07. La postura <\/span><\/h2>\n<p><span style=\"font-weight: 400\">Una moto excesivamente grande o peque\u00f1a para tu tama\u00f1o se puede convertir en un suplicio con el paso de los kil\u00f3metros.<\/span><\/p>\n<h2><span style=\"font-weight: 400\"> \u00a0\u00a0\u00a0\u00a0\u00a0\u00a0\u00a08. Autonom\u00eda <\/span><\/h2>\n<p><span style=\"font-weight: 400\">Un dep\u00f3sito demasiado peque\u00f1o aporta ligereza pero puede resultar molesto si tienes que repostar cada momento.<\/span><br \/>\n<img loading=\"lazy\" decoding=\"async\" class=\"img-responsive aligncenter\" src=\"https:\/\/rideon.es\/wp-content\/uploads\/2017\/05\/yamaha-resonator-125-rideon-barcelona.jpg\" alt=\"Consejos autonomia alquiler moto Barcelona\" width=\"801\" height=\"463\" \/><\/p>\n<h2><span style=\"font-weight: 400\"> \u00a0\u00a0\u00a0\u00a0\u00a0\u00a0\u00a09. Display<\/span><\/h2>\n<p><span style=\"font-weight: 400\">Cuanto m\u00e1s completo mejor, aunque sea la moto m\u00e1s urbanita del mercado, adem\u00e1s del nivel de combustible resulta especialmente pr\u00e1ctico contar con un reloj horario y si se puede con un reloj de temperatura exterior, para abrigarse mejor con el mal tiempo y estar alerta ante posibles placas de hielo.<\/span><\/p>\n<h2><span style=\"font-weight: 400\"> \u00a0\u00a0\u00a0\u00a0\u00a0\u00a010. Condiciones de alquiler<\/span><\/h2>\n<p><span style=\"font-weight: 400\">Si se trata de ahorrar dinero repasa bien las ofertas, las promociones, la garant\u00eda y los precios sobretodo ten en cuenta que muchas veces lo barato acaba saliendo caro. <\/span><br \/>\n<span style=\"font-weight: 400\">Para reservas online de motos de alquiler Mallorca pueden visitar nuestra web <\/span><a href=\"https:\/\/rideon.es\/es\/\"><span style=\"font-weight: 400\">www.rideon.es<\/span><\/a><\/p>\n","protected":false},"excerpt":{"rendered":"<p>Ahora que llega el buen tiempo quiz\u00e1s te est\u00e9s planteando alquilar una moto, pero al margen de comparar precios sigue estos consejos para conseguir la que mejor se adapta a tus necesidades. Ride On te ofrece las mejores motos para el mejor alquiler moto Barcelona. Tipo de moto Dentro de las scooters hay muchos tipos,<\/p>\n","protected":false},"author":2,"featured_media":2051,"comment_status":"open","ping_status":"closed","sticky":false,"template":"","format":"standard","meta":{"inline_featured_image":false,"footnotes":""},"categories":[9,49],"tags":[],"class_list":["post-2053","post","type-post","status-publish","format-standard","has-post-thumbnail","hentry","category-barcelona","category-consejos"],"yoast_head":"<!-- This site is optimized with the Yoast SEO Premium plugin v18.7 (Yoast SEO v27.5) - https:\/\/yoast.com\/product\/yoast-seo-premium-wordpress\/ -->\n<title>\u00bfQue moto necesito para mi alquiler? - Alquiler de motos mensual y Renting para Empresas<\/title>\n<meta name=\"description\" content=\"Ahora que llega el buen tiempo quiz\u00e1s te est\u00e9s planteando el alquiler de una moto, consejos para que alquiles la moto que realmente necesitas\" \/>\n<meta name=\"robots\" content=\"index, follow, max-snippet:-1, max-image-preview:large, max-video-preview:-1\" \/>\n<link rel=\"canonical\" href=\"https:\/\/rideon.es\/renting-empresas\/moto-necesito-alquiler\/\" \/>\n<meta property=\"og:locale\" content=\"es_ES\" \/>\n<meta property=\"og:type\" content=\"article\" \/>\n<meta property=\"og:title\" content=\"\u00bfQue moto necesito para mi alquiler?\" \/>\n<meta property=\"og:description\" content=\"Ahora que llega el buen tiempo quiz\u00e1s te est\u00e9s planteando el alquiler de una moto, consejos para que alquiles la moto que realmente necesitas\" \/>\n<meta property=\"og:url\" content=\"https:\/\/rideon.es\/renting-empresas\/moto-necesito-alquiler\/\" \/>\n<meta property=\"og:site_name\" content=\"Alquiler de motos mensual y Renting para Empresas\" \/>\n<meta property=\"article:published_time\" content=\"2017-05-31T14:22:53+00:00\" \/>\n<meta name=\"author\" content=\"Ride On\" \/>\n<meta name=\"twitter:card\" content=\"summary_large_image\" \/>\n<meta name=\"twitter:label1\" content=\"Escrito por\" \/>\n\t<meta name=\"twitter:data1\" content=\"Ride On\" \/>\n\t<meta name=\"twitter:label2\" content=\"Tiempo de lectura\" \/>\n\t<meta name=\"twitter:data2\" content=\"2 minutos\" \/>\n<script type=\"application\/ld+json\" class=\"yoast-schema-graph\">{\"@context\":\"https:\\\/\\\/schema.org\",\"@graph\":[{\"@type\":\"Article\",\"@id\":\"https:\\\/\\\/rideon.es\\\/renting-empresas\\\/moto-necesito-alquiler\\\/#article\",\"isPartOf\":{\"@id\":\"https:\\\/\\\/rideon.es\\\/renting-empresas\\\/moto-necesito-alquiler\\\/\"},\"author\":{\"name\":\"Ride On\",\"@id\":\"https:\\\/\\\/rideon.es\\\/renting-empresas\\\/#\\\/schema\\\/person\\\/48d6770e55c623d929bd20ce295611a7\"},\"headline\":\"\u00bfQue moto necesito para mi alquiler?\",\"datePublished\":\"2017-05-31T14:22:53+00:00\",\"mainEntityOfPage\":{\"@id\":\"https:\\\/\\\/rideon.es\\\/renting-empresas\\\/moto-necesito-alquiler\\\/\"},\"wordCount\":496,\"commentCount\":0,\"publisher\":{\"@id\":\"https:\\\/\\\/rideon.es\\\/renting-empresas\\\/#organization\"},\"image\":{\"@id\":\"https:\\\/\\\/rideon.es\\\/renting-empresas\\\/moto-necesito-alquiler\\\/#primaryimage\"},\"thumbnailUrl\":\"\",\"articleSection\":[\"Barcelona\",\"Consejos\"],\"inLanguage\":\"es\",\"potentialAction\":[{\"@type\":\"CommentAction\",\"name\":\"Comment\",\"target\":[\"https:\\\/\\\/rideon.es\\\/renting-empresas\\\/moto-necesito-alquiler\\\/#respond\"]}]},{\"@type\":\"WebPage\",\"@id\":\"https:\\\/\\\/rideon.es\\\/renting-empresas\\\/moto-necesito-alquiler\\\/\",\"url\":\"https:\\\/\\\/rideon.es\\\/renting-empresas\\\/moto-necesito-alquiler\\\/\",\"name\":\"\u00bfQue moto necesito para mi alquiler? - Alquiler de motos mensual y Renting para Empresas\",\"isPartOf\":{\"@id\":\"https:\\\/\\\/rideon.es\\\/renting-empresas\\\/#website\"},\"primaryImageOfPage\":{\"@id\":\"https:\\\/\\\/rideon.es\\\/renting-empresas\\\/moto-necesito-alquiler\\\/#primaryimage\"},\"image\":{\"@id\":\"https:\\\/\\\/rideon.es\\\/renting-empresas\\\/moto-necesito-alquiler\\\/#primaryimage\"},\"thumbnailUrl\":\"\",\"datePublished\":\"2017-05-31T14:22:53+00:00\",\"description\":\"Ahora que llega el buen tiempo quiz\u00e1s te est\u00e9s planteando el alquiler de una moto, consejos para que alquiles la moto que realmente necesitas\",\"inLanguage\":\"es\",\"potentialAction\":[{\"@type\":\"ReadAction\",\"target\":[\"https:\\\/\\\/rideon.es\\\/renting-empresas\\\/moto-necesito-alquiler\\\/\"]}]},{\"@type\":\"ImageObject\",\"inLanguage\":\"es\",\"@id\":\"https:\\\/\\\/rideon.es\\\/renting-empresas\\\/moto-necesito-alquiler\\\/#primaryimage\",\"url\":\"\",\"contentUrl\":\"\"},{\"@type\":\"WebSite\",\"@id\":\"https:\\\/\\\/rideon.es\\\/renting-empresas\\\/#website\",\"url\":\"https:\\\/\\\/rideon.es\\\/renting-empresas\\\/\",\"name\":\"Alquiler de motos mensual y Renting para Empresas\",\"description\":\"Las motos m\u00e1s c\u00f3modas y seguras para disfrutar de tus vacaciones sobre ruedas. Alquiler de motos en Menorca, Mallorca, Barcelona y Valencia con Rideon.es\",\"publisher\":{\"@id\":\"https:\\\/\\\/rideon.es\\\/renting-empresas\\\/#organization\"},\"potentialAction\":[{\"@type\":\"SearchAction\",\"target\":{\"@type\":\"EntryPoint\",\"urlTemplate\":\"https:\\\/\\\/rideon.es\\\/renting-empresas\\\/?s={search_term_string}\"},\"query-input\":{\"@type\":\"PropertyValueSpecification\",\"valueRequired\":true,\"valueName\":\"search_term_string\"}}],\"inLanguage\":\"es\"},{\"@type\":\"Organization\",\"@id\":\"https:\\\/\\\/rideon.es\\\/renting-empresas\\\/#organization\",\"name\":\"Alquiler de motos mensual y Renting para Empresas\",\"url\":\"https:\\\/\\\/rideon.es\\\/renting-empresas\\\/\",\"logo\":{\"@type\":\"ImageObject\",\"inLanguage\":\"es\",\"@id\":\"https:\\\/\\\/rideon.es\\\/renting-empresas\\\/#\\\/schema\\\/logo\\\/image\\\/\",\"url\":\"https:\\\/\\\/rideon.es\\\/renting-empresas\\\/wp-content\\\/uploads\\\/sites\\\/19\\\/2020\\\/02\\\/rideon_logo-200x78-1.png\",\"contentUrl\":\"https:\\\/\\\/rideon.es\\\/renting-empresas\\\/wp-content\\\/uploads\\\/sites\\\/19\\\/2020\\\/02\\\/rideon_logo-200x78-1.png\",\"width\":200,\"height\":78,\"caption\":\"Alquiler de motos mensual y Renting para Empresas\"},\"image\":{\"@id\":\"https:\\\/\\\/rideon.es\\\/renting-empresas\\\/#\\\/schema\\\/logo\\\/image\\\/\"}},{\"@type\":\"Person\",\"@id\":\"https:\\\/\\\/rideon.es\\\/renting-empresas\\\/#\\\/schema\\\/person\\\/48d6770e55c623d929bd20ce295611a7\",\"name\":\"Ride On\",\"image\":{\"@type\":\"ImageObject\",\"inLanguage\":\"es\",\"@id\":\"https:\\\/\\\/secure.gravatar.com\\\/avatar\\\/785e72183089da6a00243c0f0e2d52db79b9983b602219afb07c868943086138?s=96&d=mm&r=g\",\"url\":\"https:\\\/\\\/secure.gravatar.com\\\/avatar\\\/785e72183089da6a00243c0f0e2d52db79b9983b602219afb07c868943086138?s=96&d=mm&r=g\",\"contentUrl\":\"https:\\\/\\\/secure.gravatar.com\\\/avatar\\\/785e72183089da6a00243c0f0e2d52db79b9983b602219afb07c868943086138?s=96&d=mm&r=g\",\"caption\":\"Ride On\"},\"url\":\"https:\\\/\\\/rideon.es\\\/renting-empresas\\\/author\\\/eduardoyauri\\\/\"}]}<\/script>\n<!-- \/ Yoast SEO Premium plugin. -->","yoast_head_json":{"title":"\u00bfQue moto necesito para mi alquiler? - Alquiler de motos mensual y Renting para Empresas","description":"Ahora que llega el buen tiempo quiz\u00e1s te est\u00e9s planteando el alquiler de una moto, consejos para que alquiles la moto que realmente necesitas","robots":{"index":"index","follow":"follow","max-snippet":"max-snippet:-1","max-image-preview":"max-image-preview:large","max-video-preview":"max-video-preview:-1"},"canonical":"https:\/\/rideon.es\/renting-empresas\/moto-necesito-alquiler\/","og_locale":"es_ES","og_type":"article","og_title":"\u00bfQue moto necesito para mi alquiler?","og_description":"Ahora que llega el buen tiempo quiz\u00e1s te est\u00e9s planteando el alquiler de una moto, consejos para que alquiles la moto que realmente necesitas","og_url":"https:\/\/rideon.es\/renting-empresas\/moto-necesito-alquiler\/","og_site_name":"Alquiler de motos mensual y Renting para Empresas","article_published_time":"2017-05-31T14:22:53+00:00","author":"Ride On","twitter_card":"summary_large_image","twitter_misc":{"Escrito por":"Ride On","Tiempo de lectura":"2 minutos"},"schema":{"@context":"https:\/\/schema.org","@graph":[{"@type":"Article","@id":"https:\/\/rideon.es\/renting-empresas\/moto-necesito-alquiler\/#article","isPartOf":{"@id":"https:\/\/rideon.es\/renting-empresas\/moto-necesito-alquiler\/"},"author":{"name":"Ride On","@id":"https:\/\/rideon.es\/renting-empresas\/#\/schema\/person\/48d6770e55c623d929bd20ce295611a7"},"headline":"\u00bfQue moto necesito para mi alquiler?","datePublished":"2017-05-31T14:22:53+00:00","mainEntityOfPage":{"@id":"https:\/\/rideon.es\/renting-empresas\/moto-necesito-alquiler\/"},"wordCount":496,"commentCount":0,"publisher":{"@id":"https:\/\/rideon.es\/renting-empresas\/#organization"},"image":{"@id":"https:\/\/rideon.es\/renting-empresas\/moto-necesito-alquiler\/#primaryimage"},"thumbnailUrl":"","articleSection":["Barcelona","Consejos"],"inLanguage":"es","potentialAction":[{"@type":"CommentAction","name":"Comment","target":["https:\/\/rideon.es\/renting-empresas\/moto-necesito-alquiler\/#respond"]}]},{"@type":"WebPage","@id":"https:\/\/rideon.es\/renting-empresas\/moto-necesito-alquiler\/","url":"https:\/\/rideon.es\/renting-empresas\/moto-necesito-alquiler\/","name":"\u00bfQue moto necesito para mi alquiler? - Alquiler de motos mensual y Renting para Empresas","isPartOf":{"@id":"https:\/\/rideon.es\/renting-empresas\/#website"},"primaryImageOfPage":{"@id":"https:\/\/rideon.es\/renting-empresas\/moto-necesito-alquiler\/#primaryimage"},"image":{"@id":"https:\/\/rideon.es\/renting-empresas\/moto-necesito-alquiler\/#primaryimage"},"thumbnailUrl":"","datePublished":"2017-05-31T14:22:53+00:00","description":"Ahora que llega el buen tiempo quiz\u00e1s te est\u00e9s planteando el alquiler de una moto, consejos para que alquiles la moto que realmente necesitas","inLanguage":"es","potentialAction":[{"@type":"ReadAction","target":["https:\/\/rideon.es\/renting-empresas\/moto-necesito-alquiler\/"]}]},{"@type":"ImageObject","inLanguage":"es","@id":"https:\/\/rideon.es\/renting-empresas\/moto-necesito-alquiler\/#primaryimage","url":"","contentUrl":""},{"@type":"WebSite","@id":"https:\/\/rideon.es\/renting-empresas\/#website","url":"https:\/\/rideon.es\/renting-empresas\/","name":"Alquiler de motos mensual y Renting para Empresas","description":"Las motos m\u00e1s c\u00f3modas y seguras para disfrutar de tus vacaciones sobre ruedas. Alquiler de motos en Menorca, Mallorca, Barcelona y Valencia con Rideon.es","publisher":{"@id":"https:\/\/rideon.es\/renting-empresas\/#organization"},"potentialAction":[{"@type":"SearchAction","target":{"@type":"EntryPoint","urlTemplate":"https:\/\/rideon.es\/renting-empresas\/?s={search_term_string}"},"query-input":{"@type":"PropertyValueSpecification","valueRequired":true,"valueName":"search_term_string"}}],"inLanguage":"es"},{"@type":"Organization","@id":"https:\/\/rideon.es\/renting-empresas\/#organization","name":"Alquiler de motos mensual y Renting para Empresas","url":"https:\/\/rideon.es\/renting-empresas\/","logo":{"@type":"ImageObject","inLanguage":"es","@id":"https:\/\/rideon.es\/renting-empresas\/#\/schema\/logo\/image\/","url":"https:\/\/rideon.es\/renting-empresas\/wp-content\/uploads\/sites\/19\/2020\/02\/rideon_logo-200x78-1.png","contentUrl":"https:\/\/rideon.es\/renting-empresas\/wp-content\/uploads\/sites\/19\/2020\/02\/rideon_logo-200x78-1.png","width":200,"height":78,"caption":"Alquiler de motos mensual y Renting para Empresas"},"image":{"@id":"https:\/\/rideon.es\/renting-empresas\/#\/schema\/logo\/image\/"}},{"@type":"Person","@id":"https:\/\/rideon.es\/renting-empresas\/#\/schema\/person\/48d6770e55c623d929bd20ce295611a7","name":"Ride On","image":{"@type":"ImageObject","inLanguage":"es","@id":"https:\/\/secure.gravatar.com\/avatar\/785e72183089da6a00243c0f0e2d52db79b9983b602219afb07c868943086138?s=96&d=mm&r=g","url":"https:\/\/secure.gravatar.com\/avatar\/785e72183089da6a00243c0f0e2d52db79b9983b602219afb07c868943086138?s=96&d=mm&r=g","contentUrl":"https:\/\/secure.gravatar.com\/avatar\/785e72183089da6a00243c0f0e2d52db79b9983b602219afb07c868943086138?s=96&d=mm&r=g","caption":"Ride On"},"url":"https:\/\/rideon.es\/renting-empresas\/author\/eduardoyauri\/"}]}},"_links":{"self":[{"href":"https:\/\/rideon.es\/renting-empresas\/wp-json\/wp\/v2\/posts\/2053","targetHints":{"allow":["GET"]}}],"collection":[{"href":"https:\/\/rideon.es\/renting-empresas\/wp-json\/wp\/v2\/posts"}],"about":[{"href":"https:\/\/rideon.es\/renting-empresas\/wp-json\/wp\/v2\/types\/post"}],"author":[{"embeddable":true,"href":"https:\/\/rideon.es\/renting-empresas\/wp-json\/wp\/v2\/users\/2"}],"replies":[{"embeddable":true,"href":"https:\/\/rideon.es\/renting-empresas\/wp-json\/wp\/v2\/comments?post=2053"}],"version-history":[{"count":0,"href":"https:\/\/rideon.es\/renting-empresas\/wp-json\/wp\/v2\/posts\/2053\/revisions"}],"wp:featuredmedia":[{"embeddable":true,"href":"https:\/\/rideon.es\/renting-empresas\/wp-json\/"}],"wp:attachment":[{"href":"https:\/\/rideon.es\/renting-empresas\/wp-json\/wp\/v2\/media?parent=2053"}],"wp:term":[{"taxonomy":"category","embeddable":true,"href":"https:\/\/rideon.es\/renting-empresas\/wp-json\/wp\/v2\/categories?post=2053"},{"taxonomy":"post_tag","embeddable":true,"href":"https:\/\/rideon.es\/renting-empresas\/wp-json\/wp\/v2\/tags?post=2053"}],"curies":[{"name":"wp","href":"https:\/\/api.w.org\/{rel}","templated":true}]}}