{"id":2040,"date":"2017-05-23T15:12:48","date_gmt":"2017-05-23T15:12:48","guid":{"rendered":"https:\/\/rideon.es\/?p=2040"},"modified":"2017-05-23T15:12:48","modified_gmt":"2017-05-23T15:12:48","slug":"servicio-maletas-menorca","status":"publish","type":"post","link":"https:\/\/rideon.es\/renting-empresas\/servicio-maletas-menorca\/","title":{"rendered":"Servicio RidePort-ON"},"content":{"rendered":"<h1><span style=\"font-weight: 400\">Servicio de Maletas de Ride On<\/span><\/h1>\n<p><span style=\"font-weight: 400\">Si se ha decidido ir de vacaciones \u00a0a Menorca y no quieres tener que cargar con todo el equipaje, averiguar c\u00f3mo llegar hasta el hotel y encontrar un medio de transporte para poder moverse por la isla, \u00a0el servicio de reparto recogida de maletas de Ride On es tu servicio. Con este servicio podr\u00e1s disfrutar de tus vacaciones en Menorca nada m\u00e1s llegar a la isla. <\/span><br \/>\n<span style=\"font-weight: 400\">Con el servicio de maletas RidePort-On apostamos por tres de nuestros principios como empresa de alquiler de motos en Menorca. <\/span><br \/>\n<img fetchpriority=\"high\" decoding=\"async\" class=\"img-responsive aligncenter\" src=\"https:\/\/rideon.es\/wp-content\/uploads\/2017\/05\/aeropuerto-menorca.jpg\" alt=\"maletas Aeropuerto Menorca\" width=\"799\" height=\"423\" \/><\/p>\n<p><span style=\"font-weight: 400\">&#8211; \u201cBe cool\u201d, olvidarse de inc\u00f3modos autobuses o caros servicios de transfer o taxis, \u00a0nos encargamos de recoger a nuestros clientes en el aeropuerto de Menorca y llevarlos a nuestras oficinas situadas a tan solo 3 minutos del aeropuerto de forma completamente gratuita.<\/span><br \/>\n<img decoding=\"async\" class=\"img-responsive aligncenter\" src=\"https:\/\/rideon.es\/wp-content\/uploads\/2017\/05\/Be-cool.jpg\" alt=\"Be-cool Servicio recogida maletas Aeropuerto Menorca\" width=\"801\" height=\"389\" \/><\/p>\n<p><span style=\"font-weight: 400\">&#8211; \u201cBe rider\u201d, nada m\u00e1s entregar la moto los clientes de Ride On se pueden olvidar de su equipaje, nos encargamos de llevarlo directamente al hotel donde se alojan.<\/span><br \/>\n<img decoding=\"async\" class=\"img-responsive aligncenter\" src=\"https:\/\/rideon.es\/wp-content\/uploads\/2017\/05\/Be-rider.jpg\" alt=\"Be-rider Servicio recogida maletas Aeropuerto Menorca\" width=\"801\" height=\"420\" \/><\/p>\n<p><span style=\"font-weight: 400\">&#8211; \u201cBe free\u201d a partir del momento que entregamos la moto empiezan las vacaciones para nuestros clientes y s\u00f3lo existe una cosa para ellos, disfrutar de Menorca y de todos los encantos que posee. <\/span><br \/>\n<img loading=\"lazy\" decoding=\"async\" class=\"img-responsive aligncenter\" src=\"https:\/\/rideon.es\/wp-content\/uploads\/2017\/05\/Be-free.jpg\" alt=\"Be-free Servicio recogida maletas Aeropuerto Menorca\" width=\"800\" height=\"439\" \/><br \/>\n<span style=\"font-weight: 400\">A dem\u00e1s con RidePort-On nuestros clientes tienen la seguridad que cuando sus d\u00edas de relax hayan terminado el equipo de Ride On volver\u00e1 a recoger el equipaje y llevarlos al aeropuerto desde nuestras oficinas otra vez.<\/span><br \/>\n<span style=\"font-weight: 400\">Con RidePort-On nuestros clientes disfrutan de unas vacaciones Cool, Rider and Free y adem\u00e1s busca nuestras promociones especiales para obtener descuentos en el servicio. No te lo pierdas y alquila ahora mismo tu moto en Menorca en <\/span><a href=\"https:\/\/rideon.es\/es\/alquiler-moto-menorca\/\"><span style=\"font-weight: 400\">www.rideon.es<\/span><\/a><\/p>\n","protected":false},"excerpt":{"rendered":"<p>Servicio de Maletas de Ride On Si se ha decidido ir de vacaciones \u00a0a Menorca y no quieres tener que cargar con todo el equipaje, averiguar c\u00f3mo llegar hasta el hotel y encontrar un medio de transporte para poder moverse por la isla, \u00a0el servicio de reparto recogida de maletas de Ride On es tu<\/p>\n","protected":false},"author":2,"featured_media":3191,"comment_status":"open","ping_status":"closed","sticky":false,"template":"","format":"standard","meta":{"inline_featured_image":false,"footnotes":""},"categories":[49,14],"tags":[],"class_list":["post-2040","post","type-post","status-publish","format-standard","has-post-thumbnail","hentry","category-consejos","category-menorca"],"yoast_head":"<!-- This site is optimized with the Yoast SEO Premium plugin v18.7 (Yoast SEO v27.5) - https:\/\/yoast.com\/product\/yoast-seo-premium-wordpress\/ -->\n<title>Servicio RidePort-ON - Alquiler de motos mensual y Renting para Empresas<\/title>\n<meta name=\"description\" content=\"Decubre el servicio de recogida de maletas de RideOn, las recogemos en el aeropuerto y las llevamos a tu hotel. Dusfruta de tus vacaciones en Menorca\" \/>\n<meta name=\"robots\" content=\"index, follow, max-snippet:-1, max-image-preview:large, max-video-preview:-1\" \/>\n<link rel=\"canonical\" href=\"https:\/\/rideon.es\/renting-empresas\/servicio-maletas-menorca\/\" \/>\n<meta property=\"og:locale\" content=\"es_ES\" \/>\n<meta property=\"og:type\" content=\"article\" \/>\n<meta property=\"og:title\" content=\"Servicio RidePort-ON\" \/>\n<meta property=\"og:description\" content=\"Decubre el servicio de recogida de maletas de RideOn, las recogemos en el aeropuerto y las llevamos a tu hotel. Dusfruta de tus vacaciones en Menorca\" \/>\n<meta property=\"og:url\" content=\"https:\/\/rideon.es\/renting-empresas\/servicio-maletas-menorca\/\" \/>\n<meta property=\"og:site_name\" content=\"Alquiler de motos mensual y Renting para Empresas\" \/>\n<meta property=\"article:published_time\" content=\"2017-05-23T15:12:48+00:00\" \/>\n<meta name=\"author\" content=\"Ride On\" \/>\n<meta name=\"twitter:card\" content=\"summary_large_image\" \/>\n<meta name=\"twitter:label1\" content=\"Escrito por\" \/>\n\t<meta name=\"twitter:data1\" content=\"Ride On\" \/>\n\t<meta name=\"twitter:label2\" content=\"Tiempo de lectura\" \/>\n\t<meta name=\"twitter:data2\" content=\"1 minuto\" \/>\n<script type=\"application\/ld+json\" class=\"yoast-schema-graph\">{\"@context\":\"https:\\\/\\\/schema.org\",\"@graph\":[{\"@type\":\"Article\",\"@id\":\"https:\\\/\\\/rideon.es\\\/renting-empresas\\\/servicio-maletas-menorca\\\/#article\",\"isPartOf\":{\"@id\":\"https:\\\/\\\/rideon.es\\\/renting-empresas\\\/servicio-maletas-menorca\\\/\"},\"author\":{\"name\":\"Ride On\",\"@id\":\"https:\\\/\\\/rideon.es\\\/renting-empresas\\\/#\\\/schema\\\/person\\\/48d6770e55c623d929bd20ce295611a7\"},\"headline\":\"Servicio RidePort-ON\",\"datePublished\":\"2017-05-23T15:12:48+00:00\",\"mainEntityOfPage\":{\"@id\":\"https:\\\/\\\/rideon.es\\\/renting-empresas\\\/servicio-maletas-menorca\\\/\"},\"wordCount\":284,\"commentCount\":0,\"publisher\":{\"@id\":\"https:\\\/\\\/rideon.es\\\/renting-empresas\\\/#organization\"},\"image\":{\"@id\":\"https:\\\/\\\/rideon.es\\\/renting-empresas\\\/servicio-maletas-menorca\\\/#primaryimage\"},\"thumbnailUrl\":\"\",\"articleSection\":[\"Consejos\",\"Menorca\"],\"inLanguage\":\"es\",\"potentialAction\":[{\"@type\":\"CommentAction\",\"name\":\"Comment\",\"target\":[\"https:\\\/\\\/rideon.es\\\/renting-empresas\\\/servicio-maletas-menorca\\\/#respond\"]}]},{\"@type\":\"WebPage\",\"@id\":\"https:\\\/\\\/rideon.es\\\/renting-empresas\\\/servicio-maletas-menorca\\\/\",\"url\":\"https:\\\/\\\/rideon.es\\\/renting-empresas\\\/servicio-maletas-menorca\\\/\",\"name\":\"Servicio RidePort-ON - Alquiler de motos mensual y Renting para Empresas\",\"isPartOf\":{\"@id\":\"https:\\\/\\\/rideon.es\\\/renting-empresas\\\/#website\"},\"primaryImageOfPage\":{\"@id\":\"https:\\\/\\\/rideon.es\\\/renting-empresas\\\/servicio-maletas-menorca\\\/#primaryimage\"},\"image\":{\"@id\":\"https:\\\/\\\/rideon.es\\\/renting-empresas\\\/servicio-maletas-menorca\\\/#primaryimage\"},\"thumbnailUrl\":\"\",\"datePublished\":\"2017-05-23T15:12:48+00:00\",\"description\":\"Decubre el servicio de recogida de maletas de RideOn, las recogemos en el aeropuerto y las llevamos a tu hotel. Dusfruta de tus vacaciones en Menorca\",\"inLanguage\":\"es\",\"potentialAction\":[{\"@type\":\"ReadAction\",\"target\":[\"https:\\\/\\\/rideon.es\\\/renting-empresas\\\/servicio-maletas-menorca\\\/\"]}]},{\"@type\":\"ImageObject\",\"inLanguage\":\"es\",\"@id\":\"https:\\\/\\\/rideon.es\\\/renting-empresas\\\/servicio-maletas-menorca\\\/#primaryimage\",\"url\":\"\",\"contentUrl\":\"\"},{\"@type\":\"WebSite\",\"@id\":\"https:\\\/\\\/rideon.es\\\/renting-empresas\\\/#website\",\"url\":\"https:\\\/\\\/rideon.es\\\/renting-empresas\\\/\",\"name\":\"Alquiler de motos mensual y Renting para Empresas\",\"description\":\"Las motos m\u00e1s c\u00f3modas y seguras para disfrutar de tus vacaciones sobre ruedas. Alquiler de motos en Menorca, Mallorca, Barcelona y Valencia con Rideon.es\",\"publisher\":{\"@id\":\"https:\\\/\\\/rideon.es\\\/renting-empresas\\\/#organization\"},\"potentialAction\":[{\"@type\":\"SearchAction\",\"target\":{\"@type\":\"EntryPoint\",\"urlTemplate\":\"https:\\\/\\\/rideon.es\\\/renting-empresas\\\/?s={search_term_string}\"},\"query-input\":{\"@type\":\"PropertyValueSpecification\",\"valueRequired\":true,\"valueName\":\"search_term_string\"}}],\"inLanguage\":\"es\"},{\"@type\":\"Organization\",\"@id\":\"https:\\\/\\\/rideon.es\\\/renting-empresas\\\/#organization\",\"name\":\"Alquiler de motos mensual y Renting para Empresas\",\"url\":\"https:\\\/\\\/rideon.es\\\/renting-empresas\\\/\",\"logo\":{\"@type\":\"ImageObject\",\"inLanguage\":\"es\",\"@id\":\"https:\\\/\\\/rideon.es\\\/renting-empresas\\\/#\\\/schema\\\/logo\\\/image\\\/\",\"url\":\"https:\\\/\\\/rideon.es\\\/renting-empresas\\\/wp-content\\\/uploads\\\/sites\\\/19\\\/2020\\\/02\\\/rideon_logo-200x78-1.png\",\"contentUrl\":\"https:\\\/\\\/rideon.es\\\/renting-empresas\\\/wp-content\\\/uploads\\\/sites\\\/19\\\/2020\\\/02\\\/rideon_logo-200x78-1.png\",\"width\":200,\"height\":78,\"caption\":\"Alquiler de motos mensual y Renting para Empresas\"},\"image\":{\"@id\":\"https:\\\/\\\/rideon.es\\\/renting-empresas\\\/#\\\/schema\\\/logo\\\/image\\\/\"}},{\"@type\":\"Person\",\"@id\":\"https:\\\/\\\/rideon.es\\\/renting-empresas\\\/#\\\/schema\\\/person\\\/48d6770e55c623d929bd20ce295611a7\",\"name\":\"Ride On\",\"image\":{\"@type\":\"ImageObject\",\"inLanguage\":\"es\",\"@id\":\"https:\\\/\\\/secure.gravatar.com\\\/avatar\\\/785e72183089da6a00243c0f0e2d52db79b9983b602219afb07c868943086138?s=96&d=mm&r=g\",\"url\":\"https:\\\/\\\/secure.gravatar.com\\\/avatar\\\/785e72183089da6a00243c0f0e2d52db79b9983b602219afb07c868943086138?s=96&d=mm&r=g\",\"contentUrl\":\"https:\\\/\\\/secure.gravatar.com\\\/avatar\\\/785e72183089da6a00243c0f0e2d52db79b9983b602219afb07c868943086138?s=96&d=mm&r=g\",\"caption\":\"Ride On\"},\"url\":\"https:\\\/\\\/rideon.es\\\/renting-empresas\\\/author\\\/eduardoyauri\\\/\"}]}<\/script>\n<!-- \/ Yoast SEO Premium plugin. -->","yoast_head_json":{"title":"Servicio RidePort-ON - Alquiler de motos mensual y Renting para Empresas","description":"Decubre el servicio de recogida de maletas de RideOn, las recogemos en el aeropuerto y las llevamos a tu hotel. Dusfruta de tus vacaciones en Menorca","robots":{"index":"index","follow":"follow","max-snippet":"max-snippet:-1","max-image-preview":"max-image-preview:large","max-video-preview":"max-video-preview:-1"},"canonical":"https:\/\/rideon.es\/renting-empresas\/servicio-maletas-menorca\/","og_locale":"es_ES","og_type":"article","og_title":"Servicio RidePort-ON","og_description":"Decubre el servicio de recogida de maletas de RideOn, las recogemos en el aeropuerto y las llevamos a tu hotel. Dusfruta de tus vacaciones en Menorca","og_url":"https:\/\/rideon.es\/renting-empresas\/servicio-maletas-menorca\/","og_site_name":"Alquiler de motos mensual y Renting para Empresas","article_published_time":"2017-05-23T15:12:48+00:00","author":"Ride On","twitter_card":"summary_large_image","twitter_misc":{"Escrito por":"Ride On","Tiempo de lectura":"1 minuto"},"schema":{"@context":"https:\/\/schema.org","@graph":[{"@type":"Article","@id":"https:\/\/rideon.es\/renting-empresas\/servicio-maletas-menorca\/#article","isPartOf":{"@id":"https:\/\/rideon.es\/renting-empresas\/servicio-maletas-menorca\/"},"author":{"name":"Ride On","@id":"https:\/\/rideon.es\/renting-empresas\/#\/schema\/person\/48d6770e55c623d929bd20ce295611a7"},"headline":"Servicio RidePort-ON","datePublished":"2017-05-23T15:12:48+00:00","mainEntityOfPage":{"@id":"https:\/\/rideon.es\/renting-empresas\/servicio-maletas-menorca\/"},"wordCount":284,"commentCount":0,"publisher":{"@id":"https:\/\/rideon.es\/renting-empresas\/#organization"},"image":{"@id":"https:\/\/rideon.es\/renting-empresas\/servicio-maletas-menorca\/#primaryimage"},"thumbnailUrl":"","articleSection":["Consejos","Menorca"],"inLanguage":"es","potentialAction":[{"@type":"CommentAction","name":"Comment","target":["https:\/\/rideon.es\/renting-empresas\/servicio-maletas-menorca\/#respond"]}]},{"@type":"WebPage","@id":"https:\/\/rideon.es\/renting-empresas\/servicio-maletas-menorca\/","url":"https:\/\/rideon.es\/renting-empresas\/servicio-maletas-menorca\/","name":"Servicio RidePort-ON - Alquiler de motos mensual y Renting para Empresas","isPartOf":{"@id":"https:\/\/rideon.es\/renting-empresas\/#website"},"primaryImageOfPage":{"@id":"https:\/\/rideon.es\/renting-empresas\/servicio-maletas-menorca\/#primaryimage"},"image":{"@id":"https:\/\/rideon.es\/renting-empresas\/servicio-maletas-menorca\/#primaryimage"},"thumbnailUrl":"","datePublished":"2017-05-23T15:12:48+00:00","description":"Decubre el servicio de recogida de maletas de RideOn, las recogemos en el aeropuerto y las llevamos a tu hotel. Dusfruta de tus vacaciones en Menorca","inLanguage":"es","potentialAction":[{"@type":"ReadAction","target":["https:\/\/rideon.es\/renting-empresas\/servicio-maletas-menorca\/"]}]},{"@type":"ImageObject","inLanguage":"es","@id":"https:\/\/rideon.es\/renting-empresas\/servicio-maletas-menorca\/#primaryimage","url":"","contentUrl":""},{"@type":"WebSite","@id":"https:\/\/rideon.es\/renting-empresas\/#website","url":"https:\/\/rideon.es\/renting-empresas\/","name":"Alquiler de motos mensual y Renting para Empresas","description":"Las motos m\u00e1s c\u00f3modas y seguras para disfrutar de tus vacaciones sobre ruedas. Alquiler de motos en Menorca, Mallorca, Barcelona y Valencia con Rideon.es","publisher":{"@id":"https:\/\/rideon.es\/renting-empresas\/#organization"},"potentialAction":[{"@type":"SearchAction","target":{"@type":"EntryPoint","urlTemplate":"https:\/\/rideon.es\/renting-empresas\/?s={search_term_string}"},"query-input":{"@type":"PropertyValueSpecification","valueRequired":true,"valueName":"search_term_string"}}],"inLanguage":"es"},{"@type":"Organization","@id":"https:\/\/rideon.es\/renting-empresas\/#organization","name":"Alquiler de motos mensual y Renting para Empresas","url":"https:\/\/rideon.es\/renting-empresas\/","logo":{"@type":"ImageObject","inLanguage":"es","@id":"https:\/\/rideon.es\/renting-empresas\/#\/schema\/logo\/image\/","url":"https:\/\/rideon.es\/renting-empresas\/wp-content\/uploads\/sites\/19\/2020\/02\/rideon_logo-200x78-1.png","contentUrl":"https:\/\/rideon.es\/renting-empresas\/wp-content\/uploads\/sites\/19\/2020\/02\/rideon_logo-200x78-1.png","width":200,"height":78,"caption":"Alquiler de motos mensual y Renting para Empresas"},"image":{"@id":"https:\/\/rideon.es\/renting-empresas\/#\/schema\/logo\/image\/"}},{"@type":"Person","@id":"https:\/\/rideon.es\/renting-empresas\/#\/schema\/person\/48d6770e55c623d929bd20ce295611a7","name":"Ride On","image":{"@type":"ImageObject","inLanguage":"es","@id":"https:\/\/secure.gravatar.com\/avatar\/785e72183089da6a00243c0f0e2d52db79b9983b602219afb07c868943086138?s=96&d=mm&r=g","url":"https:\/\/secure.gravatar.com\/avatar\/785e72183089da6a00243c0f0e2d52db79b9983b602219afb07c868943086138?s=96&d=mm&r=g","contentUrl":"https:\/\/secure.gravatar.com\/avatar\/785e72183089da6a00243c0f0e2d52db79b9983b602219afb07c868943086138?s=96&d=mm&r=g","caption":"Ride On"},"url":"https:\/\/rideon.es\/renting-empresas\/author\/eduardoyauri\/"}]}},"_links":{"self":[{"href":"https:\/\/rideon.es\/renting-empresas\/wp-json\/wp\/v2\/posts\/2040","targetHints":{"allow":["GET"]}}],"collection":[{"href":"https:\/\/rideon.es\/renting-empresas\/wp-json\/wp\/v2\/posts"}],"about":[{"href":"https:\/\/rideon.es\/renting-empresas\/wp-json\/wp\/v2\/types\/post"}],"author":[{"embeddable":true,"href":"https:\/\/rideon.es\/renting-empresas\/wp-json\/wp\/v2\/users\/2"}],"replies":[{"embeddable":true,"href":"https:\/\/rideon.es\/renting-empresas\/wp-json\/wp\/v2\/comments?post=2040"}],"version-history":[{"count":0,"href":"https:\/\/rideon.es\/renting-empresas\/wp-json\/wp\/v2\/posts\/2040\/revisions"}],"wp:featuredmedia":[{"embeddable":true,"href":"https:\/\/rideon.es\/renting-empresas\/wp-json\/"}],"wp:attachment":[{"href":"https:\/\/rideon.es\/renting-empresas\/wp-json\/wp\/v2\/media?parent=2040"}],"wp:term":[{"taxonomy":"category","embeddable":true,"href":"https:\/\/rideon.es\/renting-empresas\/wp-json\/wp\/v2\/categories?post=2040"},{"taxonomy":"post_tag","embeddable":true,"href":"https:\/\/rideon.es\/renting-empresas\/wp-json\/wp\/v2\/tags?post=2040"}],"curies":[{"name":"wp","href":"https:\/\/api.w.org\/{rel}","templated":true}]}}