{"id":1962,"date":"2017-04-24T16:02:43","date_gmt":"2017-04-24T16:02:43","guid":{"rendered":"https:\/\/rideon.es\/?p=1962"},"modified":"2017-04-24T16:02:43","modified_gmt":"2017-04-24T16:02:43","slug":"salon-motoh-barcelona-2017","status":"publish","type":"post","link":"https:\/\/rideon.es\/renting-empresas\/salon-motoh-barcelona-2017\/","title":{"rendered":"Salon MotOh! Barcelona 2017"},"content":{"rendered":"<h2><span style=\"font-weight: 400\">Salon MotoOh! Barcelona 2017<\/span><\/h2>\n<p><span style=\"font-weight: 400\">Rideon Estuvo en el Sal\u00f3n Motoh! Barcelona para ver las principales novedades en el sector del motociclismo, esta segunda edici\u00f3n de la feria experiment\u00f3 un salto cualitativo respecto a la anterior con una mayor superficie para expositores y mayor duraci\u00f3n de feria, desde el 30 de marzo al 02 de abril de 2017. Ride On te ofrece las mejores motos para el mejor <\/span><a href=\"https:\/\/rideon.es\"><span style=\"font-weight: 400\">alquiler moto Barcelona<\/span><\/a><span style=\"font-weight: 400\">.<\/span><\/p>\n<p><span style=\"font-weight: 400\">Los casi 8.000 m2 de exposici\u00f3n ya ocupados suponen un incremento del 24% con respecto a la pasada edici\u00f3n. En este espacio, un centenar de marcas mostrar\u00e1n sus novedades. Entre ellas figuran Aprilia, Benelli, BMW, Cagiva, Daelim, Derbi, Ducati, Hanway, Harley Davidson , Honda, Husqvarna , Indian, Kawasaki, Keeway, KTM, Kymco, Macbor, Moto Guzzi, MV Agusta, Peugeot Scooters, Piaggio, Polaris, Rieju, Royal Enfield, Scomadi, Suzuki, Sym, Triumph, Vespa y Yamaha. Adem\u00e1s de otras marcas clave del aftermarket como Vicma, Dmot, Mt Helmets, Andreani, Wunderlich, Touratech.<\/span><\/p>\n<p><span style=\"font-weight: 400\">De entre todas las marcas en Ride On destacaremos las tres novedades que nos parecieron m\u00e1s relevantes en el sal\u00f3n:<\/span><\/p>\n<h2><span style=\"font-weight: 400\">LLega la SUV de las motos de la mano de Honda <\/span><\/h2>\n<p><span style=\"font-weight: 400\">Motoh! es una ocasi\u00f3n excelente para que todas las marcas pueden mostrar su visi\u00f3n y las nuevas propuestas de mercado a los usuarios y visitantes, y honda ha hecho gala de ello mostrando. <\/span><br \/>\n<img fetchpriority=\"high\" decoding=\"async\" class=\"img-responsive aligncenter\" src=\"https:\/\/rideon.es\/wp-content\/uploads\/2017\/04\/X-ADV.jpg\" alt=\"Novedades Honda Motoh 2017 Barcelona\" width=\"800\" height=\"450\" \/><\/p>\n<p><span style=\"font-weight: 400\">La X-ADV es un producto de nueva generaci\u00f3n, es un producto revolucionario por parte de Honda que busca posicionarse en un nuevo segmento de mercado en el cual se dise\u00f1a una motocicleta mezclando la practicidad de una commuter o moto utilitaria con una serie de tarados de suspensi\u00f3n que la hacen una moto ideal para el desarrollo en ciudad y tambi\u00e9n en pistas. <\/span><\/p>\n<h2><span style=\"font-weight: 400\">Harley Davidson<\/span><\/h2>\n<p><img decoding=\"async\" class=\"img-responsive aligncenter\" src=\"https:\/\/rideon.es\/wp-content\/uploads\/2017\/04\/Harley-barcelona-motoh-2017.jpg\" alt=\"Novedades Harley Davidson Motoh 2017 Barcelona\" width=\"799\" height=\"499\" \/><\/p>\n<p><span style=\"font-weight: 400\">Harley Davidson contin\u00faa con la estrategia de buscar un cliente m\u00e1s joven y urbano para sus motos, presenta una motocicletas m\u00e1s pensadas para un \u00f3ptimo desarrollo en ciudad, la Street Rod 750 llega al mercado espa\u00f1ol a principios de mayo de 2017 y seguro que dar\u00e1 mucho de qu\u00e9 hablar.\u00a0<\/span><\/p>\n<h2><span style=\"font-weight: 400\">Gas Gas<\/span><\/h2>\n<p><img decoding=\"async\" class=\"img-responsive aligncenter\" src=\"https:\/\/rideon.es\/wp-content\/uploads\/2017\/04\/gas-gas-enduro.jpg\" alt=\"Novedades Gas Gas Motoh 2017 Barcelona\" width=\"800\" height=\"533\" \/><br \/>\n<span style=\"font-weight: 400\">Torrot Gas Gas presenta en esta edici\u00f3n dos grandes novedades, en primer lugar el modelo de enduro de dos tiempos de Gas gas, el desarrollo llamado Phoenix, aunando en una misma moto conceptos como la m\u00e1xima fiabilidad, las grandes prestaciones y la confianza.<\/span><\/p>\n<p><span style=\"font-weight: 400\">Adem\u00e1s Gas-gas sorprende con una propuesta completamente opuesta,la MUVI, \u00a0algo nacido para la ciudad, un scooter urbano el\u00e9ctrico con bater\u00eda extra\u00edble muy m\u00f3vil para la conducci\u00f3n en corto de la ciudad. La planta de Salt (Girona) apuesta muy fuerte por la moto el\u00e9ctrica y producir\u00e1 2.500 unidades este scooter verde.\u00a0<\/span><\/p>\n<h2><span style=\"font-weight: 400\">Triumph Street Triple<\/span><\/h2>\n<p><img loading=\"lazy\" decoding=\"async\" class=\"img-responsive aligncenter\" src=\"https:\/\/rideon.es\/wp-content\/uploads\/2017\/04\/Triumph-street-barcelona-motoh-2017.jpg\" alt=\"Novedades Triumph Motoh 2017 Barcelona\" width=\"800\" height=\"600\" \/><br \/>\n<span style=\"font-weight: 400\">La principal novedad de Triumph en la feria es la nueva gama street triple, en la feria de Barcelona se tuvo la oportunidad de ver la Rs acabada de llegar a los concesionarios, la R y la S y la S2 limitable que llevar\u00e1 en menos de dos meses a la venta.<\/span><\/p>\n<p><span style=\"font-weight: 400\">Para reservas online de motos de alquiler Mallorca pueden visitar nuestra web <\/span><a href=\"https:\/\/rideon.es\/es\/alquiler-motos-barcelona\/\"><span style=\"font-weight: 400\">www.rideon.es<\/span><\/a><\/p>\n","protected":false},"excerpt":{"rendered":"<p>Salon MotoOh! Barcelona 2017 Rideon Estuvo en el Sal\u00f3n Motoh! Barcelona para ver las principales novedades en el sector del motociclismo, esta segunda edici\u00f3n de la feria experiment\u00f3 un salto cualitativo respecto a la anterior con una mayor superficie para expositores y mayor duraci\u00f3n de feria, desde el 30 de marzo al 02 de abril<\/p>\n","protected":false},"author":2,"featured_media":1968,"comment_status":"open","ping_status":"closed","sticky":false,"template":"","format":"standard","meta":{"inline_featured_image":false,"footnotes":""},"categories":[9,49],"tags":[],"class_list":["post-1962","post","type-post","status-publish","format-standard","has-post-thumbnail","hentry","category-barcelona","category-consejos"],"yoast_head":"<!-- This site is optimized with the Yoast SEO Premium plugin v18.7 (Yoast SEO v27.5) - https:\/\/yoast.com\/product\/yoast-seo-premium-wordpress\/ -->\n<title>Salon Motoh! Barcelona - Rideon.es<\/title>\n<meta name=\"description\" content=\"Explicamos las princpales novedades del salon Motoh! de Barcelona. Descubre las nuevas propuestas de los principales fabricanes de motos.\" \/>\n<meta name=\"robots\" content=\"index, follow, max-snippet:-1, max-image-preview:large, max-video-preview:-1\" \/>\n<link rel=\"canonical\" href=\"https:\/\/rideon.es\/renting-empresas\/salon-motoh-barcelona-2017\/\" \/>\n<meta property=\"og:locale\" content=\"es_ES\" \/>\n<meta property=\"og:type\" content=\"article\" \/>\n<meta property=\"og:title\" content=\"Salon MotOh! Barcelona 2017\" \/>\n<meta property=\"og:description\" content=\"Explicamos las princpales novedades del salon Motoh! de Barcelona. Descubre las nuevas propuestas de los principales fabricanes de motos.\" \/>\n<meta property=\"og:url\" content=\"https:\/\/rideon.es\/renting-empresas\/salon-motoh-barcelona-2017\/\" \/>\n<meta property=\"og:site_name\" content=\"Alquiler de motos mensual y Renting para Empresas\" \/>\n<meta property=\"article:published_time\" content=\"2017-04-24T16:02:43+00:00\" \/>\n<meta property=\"og:image\" content=\"https:\/\/rideon.es\/renting-empresas\/wp-content\/uploads\/sites\/19\/2019\/05\/BMW-c-evolution-delante.png\" \/>\n\t<meta property=\"og:image:width\" content=\"1137\" \/>\n\t<meta property=\"og:image:height\" content=\"624\" \/>\n\t<meta property=\"og:image:type\" content=\"image\/png\" \/>\n<meta name=\"author\" content=\"Ride On\" \/>\n<meta name=\"twitter:card\" content=\"summary_large_image\" \/>\n<meta name=\"twitter:label1\" content=\"Escrito por\" \/>\n\t<meta name=\"twitter:data1\" content=\"Ride On\" \/>\n\t<meta name=\"twitter:label2\" content=\"Tiempo de lectura\" \/>\n\t<meta name=\"twitter:data2\" content=\"3 minutos\" \/>\n<script type=\"application\/ld+json\" class=\"yoast-schema-graph\">{\"@context\":\"https:\\\/\\\/schema.org\",\"@graph\":[{\"@type\":\"Article\",\"@id\":\"https:\\\/\\\/rideon.es\\\/renting-empresas\\\/salon-motoh-barcelona-2017\\\/#article\",\"isPartOf\":{\"@id\":\"https:\\\/\\\/rideon.es\\\/renting-empresas\\\/salon-motoh-barcelona-2017\\\/\"},\"author\":{\"name\":\"Ride On\",\"@id\":\"https:\\\/\\\/rideon.es\\\/renting-empresas\\\/#\\\/schema\\\/person\\\/48d6770e55c623d929bd20ce295611a7\"},\"headline\":\"Salon MotOh! Barcelona 2017\",\"datePublished\":\"2017-04-24T16:02:43+00:00\",\"mainEntityOfPage\":{\"@id\":\"https:\\\/\\\/rideon.es\\\/renting-empresas\\\/salon-motoh-barcelona-2017\\\/\"},\"wordCount\":520,\"commentCount\":0,\"publisher\":{\"@id\":\"https:\\\/\\\/rideon.es\\\/renting-empresas\\\/#organization\"},\"image\":{\"@id\":\"https:\\\/\\\/rideon.es\\\/renting-empresas\\\/salon-motoh-barcelona-2017\\\/#primaryimage\"},\"thumbnailUrl\":\"https:\\\/\\\/rideon.es\\\/renting-empresas\\\/wp-content\\\/uploads\\\/sites\\\/19\\\/2019\\\/05\\\/BMW-c-evolution-delante.png\",\"articleSection\":[\"Barcelona\",\"Consejos\"],\"inLanguage\":\"es\",\"potentialAction\":[{\"@type\":\"CommentAction\",\"name\":\"Comment\",\"target\":[\"https:\\\/\\\/rideon.es\\\/renting-empresas\\\/salon-motoh-barcelona-2017\\\/#respond\"]}]},{\"@type\":\"WebPage\",\"@id\":\"https:\\\/\\\/rideon.es\\\/renting-empresas\\\/salon-motoh-barcelona-2017\\\/\",\"url\":\"https:\\\/\\\/rideon.es\\\/renting-empresas\\\/salon-motoh-barcelona-2017\\\/\",\"name\":\"Salon Motoh! Barcelona - Rideon.es\",\"isPartOf\":{\"@id\":\"https:\\\/\\\/rideon.es\\\/renting-empresas\\\/#website\"},\"primaryImageOfPage\":{\"@id\":\"https:\\\/\\\/rideon.es\\\/renting-empresas\\\/salon-motoh-barcelona-2017\\\/#primaryimage\"},\"image\":{\"@id\":\"https:\\\/\\\/rideon.es\\\/renting-empresas\\\/salon-motoh-barcelona-2017\\\/#primaryimage\"},\"thumbnailUrl\":\"https:\\\/\\\/rideon.es\\\/renting-empresas\\\/wp-content\\\/uploads\\\/sites\\\/19\\\/2019\\\/05\\\/BMW-c-evolution-delante.png\",\"datePublished\":\"2017-04-24T16:02:43+00:00\",\"description\":\"Explicamos las princpales novedades del salon Motoh! de Barcelona. Descubre las nuevas propuestas de los principales fabricanes de motos.\",\"inLanguage\":\"es\",\"potentialAction\":[{\"@type\":\"ReadAction\",\"target\":[\"https:\\\/\\\/rideon.es\\\/renting-empresas\\\/salon-motoh-barcelona-2017\\\/\"]}]},{\"@type\":\"ImageObject\",\"inLanguage\":\"es\",\"@id\":\"https:\\\/\\\/rideon.es\\\/renting-empresas\\\/salon-motoh-barcelona-2017\\\/#primaryimage\",\"url\":\"https:\\\/\\\/rideon.es\\\/renting-empresas\\\/wp-content\\\/uploads\\\/sites\\\/19\\\/2019\\\/05\\\/BMW-c-evolution-delante.png\",\"contentUrl\":\"https:\\\/\\\/rideon.es\\\/renting-empresas\\\/wp-content\\\/uploads\\\/sites\\\/19\\\/2019\\\/05\\\/BMW-c-evolution-delante.png\",\"width\":1137,\"height\":624},{\"@type\":\"WebSite\",\"@id\":\"https:\\\/\\\/rideon.es\\\/renting-empresas\\\/#website\",\"url\":\"https:\\\/\\\/rideon.es\\\/renting-empresas\\\/\",\"name\":\"Alquiler de motos mensual y Renting para Empresas\",\"description\":\"Las motos m\u00e1s c\u00f3modas y seguras para disfrutar de tus vacaciones sobre ruedas. Alquiler de motos en Menorca, Mallorca, Barcelona y Valencia con Rideon.es\",\"publisher\":{\"@id\":\"https:\\\/\\\/rideon.es\\\/renting-empresas\\\/#organization\"},\"potentialAction\":[{\"@type\":\"SearchAction\",\"target\":{\"@type\":\"EntryPoint\",\"urlTemplate\":\"https:\\\/\\\/rideon.es\\\/renting-empresas\\\/?s={search_term_string}\"},\"query-input\":{\"@type\":\"PropertyValueSpecification\",\"valueRequired\":true,\"valueName\":\"search_term_string\"}}],\"inLanguage\":\"es\"},{\"@type\":\"Organization\",\"@id\":\"https:\\\/\\\/rideon.es\\\/renting-empresas\\\/#organization\",\"name\":\"Alquiler de motos mensual y Renting para Empresas\",\"url\":\"https:\\\/\\\/rideon.es\\\/renting-empresas\\\/\",\"logo\":{\"@type\":\"ImageObject\",\"inLanguage\":\"es\",\"@id\":\"https:\\\/\\\/rideon.es\\\/renting-empresas\\\/#\\\/schema\\\/logo\\\/image\\\/\",\"url\":\"https:\\\/\\\/rideon.es\\\/renting-empresas\\\/wp-content\\\/uploads\\\/sites\\\/19\\\/2020\\\/02\\\/rideon_logo-200x78-1.png\",\"contentUrl\":\"https:\\\/\\\/rideon.es\\\/renting-empresas\\\/wp-content\\\/uploads\\\/sites\\\/19\\\/2020\\\/02\\\/rideon_logo-200x78-1.png\",\"width\":200,\"height\":78,\"caption\":\"Alquiler de motos mensual y Renting para Empresas\"},\"image\":{\"@id\":\"https:\\\/\\\/rideon.es\\\/renting-empresas\\\/#\\\/schema\\\/logo\\\/image\\\/\"}},{\"@type\":\"Person\",\"@id\":\"https:\\\/\\\/rideon.es\\\/renting-empresas\\\/#\\\/schema\\\/person\\\/48d6770e55c623d929bd20ce295611a7\",\"name\":\"Ride On\",\"image\":{\"@type\":\"ImageObject\",\"inLanguage\":\"es\",\"@id\":\"https:\\\/\\\/secure.gravatar.com\\\/avatar\\\/785e72183089da6a00243c0f0e2d52db79b9983b602219afb07c868943086138?s=96&d=mm&r=g\",\"url\":\"https:\\\/\\\/secure.gravatar.com\\\/avatar\\\/785e72183089da6a00243c0f0e2d52db79b9983b602219afb07c868943086138?s=96&d=mm&r=g\",\"contentUrl\":\"https:\\\/\\\/secure.gravatar.com\\\/avatar\\\/785e72183089da6a00243c0f0e2d52db79b9983b602219afb07c868943086138?s=96&d=mm&r=g\",\"caption\":\"Ride On\"},\"url\":\"https:\\\/\\\/rideon.es\\\/renting-empresas\\\/author\\\/eduardoyauri\\\/\"}]}<\/script>\n<!-- \/ Yoast SEO Premium plugin. -->","yoast_head_json":{"title":"Salon Motoh! Barcelona - Rideon.es","description":"Explicamos las princpales novedades del salon Motoh! de Barcelona. Descubre las nuevas propuestas de los principales fabricanes de motos.","robots":{"index":"index","follow":"follow","max-snippet":"max-snippet:-1","max-image-preview":"max-image-preview:large","max-video-preview":"max-video-preview:-1"},"canonical":"https:\/\/rideon.es\/renting-empresas\/salon-motoh-barcelona-2017\/","og_locale":"es_ES","og_type":"article","og_title":"Salon MotOh! Barcelona 2017","og_description":"Explicamos las princpales novedades del salon Motoh! de Barcelona. Descubre las nuevas propuestas de los principales fabricanes de motos.","og_url":"https:\/\/rideon.es\/renting-empresas\/salon-motoh-barcelona-2017\/","og_site_name":"Alquiler de motos mensual y Renting para Empresas","article_published_time":"2017-04-24T16:02:43+00:00","og_image":[{"width":1137,"height":624,"url":"https:\/\/rideon.es\/renting-empresas\/wp-content\/uploads\/sites\/19\/2019\/05\/BMW-c-evolution-delante.png","type":"image\/png"}],"author":"Ride On","twitter_card":"summary_large_image","twitter_misc":{"Escrito por":"Ride On","Tiempo de lectura":"3 minutos"},"schema":{"@context":"https:\/\/schema.org","@graph":[{"@type":"Article","@id":"https:\/\/rideon.es\/renting-empresas\/salon-motoh-barcelona-2017\/#article","isPartOf":{"@id":"https:\/\/rideon.es\/renting-empresas\/salon-motoh-barcelona-2017\/"},"author":{"name":"Ride On","@id":"https:\/\/rideon.es\/renting-empresas\/#\/schema\/person\/48d6770e55c623d929bd20ce295611a7"},"headline":"Salon MotOh! Barcelona 2017","datePublished":"2017-04-24T16:02:43+00:00","mainEntityOfPage":{"@id":"https:\/\/rideon.es\/renting-empresas\/salon-motoh-barcelona-2017\/"},"wordCount":520,"commentCount":0,"publisher":{"@id":"https:\/\/rideon.es\/renting-empresas\/#organization"},"image":{"@id":"https:\/\/rideon.es\/renting-empresas\/salon-motoh-barcelona-2017\/#primaryimage"},"thumbnailUrl":"https:\/\/rideon.es\/renting-empresas\/wp-content\/uploads\/sites\/19\/2019\/05\/BMW-c-evolution-delante.png","articleSection":["Barcelona","Consejos"],"inLanguage":"es","potentialAction":[{"@type":"CommentAction","name":"Comment","target":["https:\/\/rideon.es\/renting-empresas\/salon-motoh-barcelona-2017\/#respond"]}]},{"@type":"WebPage","@id":"https:\/\/rideon.es\/renting-empresas\/salon-motoh-barcelona-2017\/","url":"https:\/\/rideon.es\/renting-empresas\/salon-motoh-barcelona-2017\/","name":"Salon Motoh! Barcelona - Rideon.es","isPartOf":{"@id":"https:\/\/rideon.es\/renting-empresas\/#website"},"primaryImageOfPage":{"@id":"https:\/\/rideon.es\/renting-empresas\/salon-motoh-barcelona-2017\/#primaryimage"},"image":{"@id":"https:\/\/rideon.es\/renting-empresas\/salon-motoh-barcelona-2017\/#primaryimage"},"thumbnailUrl":"https:\/\/rideon.es\/renting-empresas\/wp-content\/uploads\/sites\/19\/2019\/05\/BMW-c-evolution-delante.png","datePublished":"2017-04-24T16:02:43+00:00","description":"Explicamos las princpales novedades del salon Motoh! de Barcelona. Descubre las nuevas propuestas de los principales fabricanes de motos.","inLanguage":"es","potentialAction":[{"@type":"ReadAction","target":["https:\/\/rideon.es\/renting-empresas\/salon-motoh-barcelona-2017\/"]}]},{"@type":"ImageObject","inLanguage":"es","@id":"https:\/\/rideon.es\/renting-empresas\/salon-motoh-barcelona-2017\/#primaryimage","url":"https:\/\/rideon.es\/renting-empresas\/wp-content\/uploads\/sites\/19\/2019\/05\/BMW-c-evolution-delante.png","contentUrl":"https:\/\/rideon.es\/renting-empresas\/wp-content\/uploads\/sites\/19\/2019\/05\/BMW-c-evolution-delante.png","width":1137,"height":624},{"@type":"WebSite","@id":"https:\/\/rideon.es\/renting-empresas\/#website","url":"https:\/\/rideon.es\/renting-empresas\/","name":"Alquiler de motos mensual y Renting para Empresas","description":"Las motos m\u00e1s c\u00f3modas y seguras para disfrutar de tus vacaciones sobre ruedas. Alquiler de motos en Menorca, Mallorca, Barcelona y Valencia con Rideon.es","publisher":{"@id":"https:\/\/rideon.es\/renting-empresas\/#organization"},"potentialAction":[{"@type":"SearchAction","target":{"@type":"EntryPoint","urlTemplate":"https:\/\/rideon.es\/renting-empresas\/?s={search_term_string}"},"query-input":{"@type":"PropertyValueSpecification","valueRequired":true,"valueName":"search_term_string"}}],"inLanguage":"es"},{"@type":"Organization","@id":"https:\/\/rideon.es\/renting-empresas\/#organization","name":"Alquiler de motos mensual y Renting para Empresas","url":"https:\/\/rideon.es\/renting-empresas\/","logo":{"@type":"ImageObject","inLanguage":"es","@id":"https:\/\/rideon.es\/renting-empresas\/#\/schema\/logo\/image\/","url":"https:\/\/rideon.es\/renting-empresas\/wp-content\/uploads\/sites\/19\/2020\/02\/rideon_logo-200x78-1.png","contentUrl":"https:\/\/rideon.es\/renting-empresas\/wp-content\/uploads\/sites\/19\/2020\/02\/rideon_logo-200x78-1.png","width":200,"height":78,"caption":"Alquiler de motos mensual y Renting para Empresas"},"image":{"@id":"https:\/\/rideon.es\/renting-empresas\/#\/schema\/logo\/image\/"}},{"@type":"Person","@id":"https:\/\/rideon.es\/renting-empresas\/#\/schema\/person\/48d6770e55c623d929bd20ce295611a7","name":"Ride On","image":{"@type":"ImageObject","inLanguage":"es","@id":"https:\/\/secure.gravatar.com\/avatar\/785e72183089da6a00243c0f0e2d52db79b9983b602219afb07c868943086138?s=96&d=mm&r=g","url":"https:\/\/secure.gravatar.com\/avatar\/785e72183089da6a00243c0f0e2d52db79b9983b602219afb07c868943086138?s=96&d=mm&r=g","contentUrl":"https:\/\/secure.gravatar.com\/avatar\/785e72183089da6a00243c0f0e2d52db79b9983b602219afb07c868943086138?s=96&d=mm&r=g","caption":"Ride On"},"url":"https:\/\/rideon.es\/renting-empresas\/author\/eduardoyauri\/"}]}},"_links":{"self":[{"href":"https:\/\/rideon.es\/renting-empresas\/wp-json\/wp\/v2\/posts\/1962","targetHints":{"allow":["GET"]}}],"collection":[{"href":"https:\/\/rideon.es\/renting-empresas\/wp-json\/wp\/v2\/posts"}],"about":[{"href":"https:\/\/rideon.es\/renting-empresas\/wp-json\/wp\/v2\/types\/post"}],"author":[{"embeddable":true,"href":"https:\/\/rideon.es\/renting-empresas\/wp-json\/wp\/v2\/users\/2"}],"replies":[{"embeddable":true,"href":"https:\/\/rideon.es\/renting-empresas\/wp-json\/wp\/v2\/comments?post=1962"}],"version-history":[{"count":0,"href":"https:\/\/rideon.es\/renting-empresas\/wp-json\/wp\/v2\/posts\/1962\/revisions"}],"wp:featuredmedia":[{"embeddable":true,"href":"https:\/\/rideon.es\/renting-empresas\/wp-json\/wp\/v2\/media\/1968"}],"wp:attachment":[{"href":"https:\/\/rideon.es\/renting-empresas\/wp-json\/wp\/v2\/media?parent=1962"}],"wp:term":[{"taxonomy":"category","embeddable":true,"href":"https:\/\/rideon.es\/renting-empresas\/wp-json\/wp\/v2\/categories?post=1962"},{"taxonomy":"post_tag","embeddable":true,"href":"https:\/\/rideon.es\/renting-empresas\/wp-json\/wp\/v2\/tags?post=1962"}],"curies":[{"name":"wp","href":"https:\/\/api.w.org\/{rel}","templated":true}]}}