{"id":1950,"date":"2017-04-21T16:30:17","date_gmt":"2017-04-21T16:30:17","guid":{"rendered":"https:\/\/rideon.es\/?p=1950"},"modified":"2017-04-21T16:30:17","modified_gmt":"2017-04-21T16:30:17","slug":"cascos-para-alquiler-moto","status":"publish","type":"post","link":"https:\/\/rideon.es\/renting-empresas\/cascos-para-alquiler-moto\/","title":{"rendered":"\u00bfQu\u00e9 casco escojo para mi alquiler de moto?"},"content":{"rendered":"<p><span style=\"font-weight: 400\">Desde Rideon Mallorca vamos a analizar las opciones de cascos que puedes encontrar en nuestras oficinas de <\/span><a href=\"https:\/\/rideon.es\/mallorca\/\"><b>alquiler de motos en Mallorca<\/b><\/a><span style=\"font-weight: 400\">.<\/span><\/p>\n<h2><span style=\"font-weight: 400\">Cascos integrales<\/span><\/h2>\n<p><span style=\"font-weight: 400\">En primer lugar los cascos integrales, son los casco que ofrecen mayor protecci\u00f3n de la cabeza, ofrecen una protecci\u00f3n integral tanto de la cabeza como de la cara, barbilla y nuca.<\/span><br \/>\n<\/br><br \/>\n&nbsp;<br \/>\n<img decoding=\"async\" class=\"img-responsive\" src=\"https:\/\/rideon.es\/wp-content\/uploads\/2017\/04\/casco-deportivo-shark.jpg\" alt=\"Casco integral alquiler moto Mallorca\" width=\"100%\" \/><br \/>\n<\/br><br \/>\n&nbsp;<br \/>\n&nbsp;<br \/>\n<span style=\"font-weight: 400\">Muchos de los casco integrales se fabrican para la competici\u00f3n y se clasifican como deportivos, dise\u00f1ados tanto para un uso en carretera como uso en circuito, pensados para mejorar la ligereza, aerodin\u1e3fica, seguridad y ventilaci\u00f3n. La mayor\u00eda de cascos deportivos incluyen el cierre de doble hebilla, el \u00fanico permitido en los circuitos.<\/span><br \/>\n&nbsp;<br \/>\n<span style=\"font-weight: 400\">Dentro de los casco integrales tambi\u00e9n podemos encontrar los tipo sport touring, cascos dise\u00f1ados para ofrecer una mejor versatilidad, ofrecen una mayor comodidad en marcha, sistemas de ventilaci\u00f3n regulables, la l\u00e1mina antivaho pinlock, as\u00ed como el visor solar. Son cascos pr\u00e1cticos y que pueden incorporar tanto el cierre de doble hebilla como el cierre microm\u00e9trico tipo Spiuk. Casco dise\u00f1ados para motos deportivas, nuggets de cualquier cilindrada, trails asf\u00e1lticas, custom o las m\u00e1s usuales que se pueden encontrar en el alquiler de moto en Mallorca como son los Scooters urbanos.<\/span><br \/>\n&nbsp;<br \/>\n<img decoding=\"async\" class=\"img-responsive\" src=\"https:\/\/rideon.es\/wp-content\/uploads\/2017\/04\/casco-sport-touring-alquiler-moto-mallorca.jpg\" alt=\"Casco integral HJC alquiler moto Mallorca\" width=\"100%\" \/><br \/>\n&nbsp;<\/p>\n<h2><\/h2>\n<h2><span style=\"font-weight: 400\">Cascos JET<\/span><\/h2>\n<p><span style=\"font-weight: 400\">En segundo lugar tenemos los casco jet, estos casco tienen una est\u00e9tica i l\u00edneas m\u00e1s urbanas, ofrecen una protecci\u00f3n de la cabeza dejando al descubierto la cara y la barbilla. Una de las mayores ventajas de los jet es que ofrecen mayor visibilidad que los integrales y una mayor ventilaci\u00f3n, perfecto para tu <\/span><a href=\"https:\/\/rideon.es\/mallorca\/\"><b>alquiler de moto por Mallorca<\/b><\/a><span style=\"font-weight: 400\"> en verano.<\/span><br \/>\n<\/br><br \/>\n&nbsp;<br \/>\n<img decoding=\"async\" class=\"img-responsive\" src=\"https:\/\/rideon.es\/wp-content\/uploads\/2017\/04\/casco-jet-alquiler-moto-mallorca.jpg\" alt=\"Casco JET alquiler moto Mallorca\" width=\"100%\" \/><br \/>\n&nbsp;<br \/>\n<\/br><br \/>\nLos casco Jet han sido dise\u00f1ados especialmente para los usuarios de Scooters y maxiscooters, perfectos para el alquiler de un scooter en Mallorca.<br \/>\n&nbsp;<\/p>\n<h2><span style=\"font-weight: 400\">Cascos Modulares<\/span><\/h2>\n<p><span style=\"font-weight: 400\">La principal caracter\u00edstica de los casco modulares es que permiten alzar la mentonera, por lo que permite convertir el casco integral en jet y viceversa. Son casco que combinan los beneficios de un casco Jet como la circulaci\u00f3n en entorno urbanos con la protecci\u00f3n m\u00e1s similares a un casco integral.<\/span><br \/>\n<\/br><br \/>\n&nbsp;<br \/>\n<img decoding=\"async\" class=\"img-responsive\" src=\"https:\/\/rideon.es\/wp-content\/uploads\/2017\/04\/cascos-modulares-alqiler-moto-mallorca.jpg\" alt=\"Casco Modulares alquiler moto Mallorca\" width=\"100%\" \/><br \/>\n&nbsp;<br \/>\n&nbsp;<br \/>\n<\/br><br \/>\n<span style=\"font-weight: 400\">Los cascos modulares est\u00e1n especialmente dise\u00f1ados para el segmento touring, para usuarios que recorran largas distancias tanto en carretera como en autopista, normalmente motos GT, turistas o trails de alta cilindrada. Los casco touring pueden incorporar elementos que ofrezcan el m\u00e1ximo confort en marcha como los intercomunicadores, el visor solar o hasta unos fant\u00e1sticos y mullidos acolchados interiores. Visita la isla de Mallorca con tu <\/span><a href=\"http:\/\/www.rideonmotorent.com\/\"><span style=\"font-weight: 400\">alquiler motos Mallorca<\/span><\/a><span style=\"font-weight: 400\"> Ride On.<\/span><br \/>\n<\/br><br \/>\n&nbsp;<br \/>\n<span style=\"font-weight: 400\">Cascos Adventure<\/span><br \/>\n&nbsp;<br \/>\n<img decoding=\"async\" class=\"img-responsive\" src=\"https:\/\/rideon.es\/wp-content\/uploads\/2017\/04\/tourer_advwb_1.jpg\" alt=\"Casco adventure alquiler moto Mallorca\" width=\"100%\" \/><br \/>\n&nbsp;<br \/>\n&nbsp;<br \/>\n<\/br><br \/>\n<span style=\"font-weight: 400\">Los adventure combinan lo mejor de un casco integral, es decir, son casco de una sola pieza ofreciendo toda la protecci\u00f3n de estos pero incorporan peque\u00f1os elementos m\u00e1s t\u00edpicos del uso en off-road como la visera, la mentonera m\u00e1s avanzada y la posibilidad de quitar la pantall e incluir unas gafas de motocros. <\/span><br \/>\n&nbsp;<br \/>\n<span style=\"font-weight: 400\">Para m\u00e1s informaci\u00f3n visiten nuestro <\/span><a href=\"https:\/\/rideon.es\/mallorca\/\"><span style=\"font-weight: 400\">Blog<\/span><\/a><span style=\"font-weight: 400\">, para reservas online de motos de alquiler Mallorca pueden visitar nuestra web <\/span><a href=\"https:\/\/rideon.es\/\"><span style=\"font-weight: 400\">www.rideon.es<\/span><\/a><br \/>\n&nbsp;<\/p>\n","protected":false},"excerpt":{"rendered":"<p>Desde Rideon Mallorca vamos a analizar las opciones de cascos que puedes encontrar en nuestras oficinas de alquiler de motos en Mallorca. Cascos integrales En primer lugar los cascos integrales, son los casco que ofrecen mayor protecci\u00f3n de la cabeza, ofrecen una protecci\u00f3n integral tanto de la cabeza como de la cara, barbilla y nuca.<\/p>\n","protected":false},"author":2,"featured_media":1952,"comment_status":"open","ping_status":"closed","sticky":false,"template":"","format":"standard","meta":{"inline_featured_image":false,"footnotes":""},"categories":[12,11],"tags":[],"class_list":["post-1950","post","type-post","status-publish","format-standard","has-post-thumbnail","hentry","category-blog","category-mallorca"],"yoast_head":"<!-- This site is optimized with the Yoast SEO Premium plugin v18.7 (Yoast SEO v27.5) - https:\/\/yoast.com\/product\/yoast-seo-premium-wordpress\/ -->\n<title>\u00bfQu\u00e9 casco escojo para mi alquiler de moto? - Alquiler de motos mensual y Renting para Empresas<\/title>\n<meta name=\"description\" content=\"Desde Rideon Mallorca analizamos el mejors casco que puedes encontrar en nuestras oficinas de alquiler de motos en Mallorca.\" \/>\n<meta name=\"robots\" content=\"index, follow, max-snippet:-1, max-image-preview:large, max-video-preview:-1\" \/>\n<link rel=\"canonical\" href=\"https:\/\/rideon.es\/renting-empresas\/cascos-para-alquiler-moto\/\" \/>\n<meta property=\"og:locale\" content=\"es_ES\" \/>\n<meta property=\"og:type\" content=\"article\" \/>\n<meta property=\"og:title\" content=\"\u00bfQu\u00e9 casco escojo para mi alquiler de moto?\" \/>\n<meta property=\"og:description\" content=\"Desde Rideon Mallorca analizamos el mejors casco que puedes encontrar en nuestras oficinas de alquiler de motos en Mallorca.\" \/>\n<meta property=\"og:url\" content=\"https:\/\/rideon.es\/renting-empresas\/cascos-para-alquiler-moto\/\" \/>\n<meta property=\"og:site_name\" content=\"Alquiler de motos mensual y Renting para Empresas\" \/>\n<meta property=\"article:published_time\" content=\"2017-04-21T16:30:17+00:00\" \/>\n<meta name=\"author\" content=\"Ride On\" \/>\n<meta name=\"twitter:card\" content=\"summary_large_image\" \/>\n<meta name=\"twitter:label1\" content=\"Escrito por\" \/>\n\t<meta name=\"twitter:data1\" content=\"Ride On\" \/>\n\t<meta name=\"twitter:label2\" content=\"Tiempo de lectura\" \/>\n\t<meta name=\"twitter:data2\" content=\"3 minutos\" \/>\n<script type=\"application\/ld+json\" class=\"yoast-schema-graph\">{\"@context\":\"https:\\\/\\\/schema.org\",\"@graph\":[{\"@type\":\"Article\",\"@id\":\"https:\\\/\\\/rideon.es\\\/renting-empresas\\\/cascos-para-alquiler-moto\\\/#article\",\"isPartOf\":{\"@id\":\"https:\\\/\\\/rideon.es\\\/renting-empresas\\\/cascos-para-alquiler-moto\\\/\"},\"author\":{\"name\":\"Ride On\",\"@id\":\"https:\\\/\\\/rideon.es\\\/renting-empresas\\\/#\\\/schema\\\/person\\\/48d6770e55c623d929bd20ce295611a7\"},\"headline\":\"\u00bfQu\u00e9 casco escojo para mi alquiler de moto?\",\"datePublished\":\"2017-04-21T16:30:17+00:00\",\"mainEntityOfPage\":{\"@id\":\"https:\\\/\\\/rideon.es\\\/renting-empresas\\\/cascos-para-alquiler-moto\\\/\"},\"wordCount\":542,\"commentCount\":0,\"publisher\":{\"@id\":\"https:\\\/\\\/rideon.es\\\/renting-empresas\\\/#organization\"},\"image\":{\"@id\":\"https:\\\/\\\/rideon.es\\\/renting-empresas\\\/cascos-para-alquiler-moto\\\/#primaryimage\"},\"thumbnailUrl\":\"\",\"articleSection\":[\"Blog\",\"Mallorca\"],\"inLanguage\":\"es\",\"potentialAction\":[{\"@type\":\"CommentAction\",\"name\":\"Comment\",\"target\":[\"https:\\\/\\\/rideon.es\\\/renting-empresas\\\/cascos-para-alquiler-moto\\\/#respond\"]}]},{\"@type\":\"WebPage\",\"@id\":\"https:\\\/\\\/rideon.es\\\/renting-empresas\\\/cascos-para-alquiler-moto\\\/\",\"url\":\"https:\\\/\\\/rideon.es\\\/renting-empresas\\\/cascos-para-alquiler-moto\\\/\",\"name\":\"\u00bfQu\u00e9 casco escojo para mi alquiler de moto? - Alquiler de motos mensual y Renting para Empresas\",\"isPartOf\":{\"@id\":\"https:\\\/\\\/rideon.es\\\/renting-empresas\\\/#website\"},\"primaryImageOfPage\":{\"@id\":\"https:\\\/\\\/rideon.es\\\/renting-empresas\\\/cascos-para-alquiler-moto\\\/#primaryimage\"},\"image\":{\"@id\":\"https:\\\/\\\/rideon.es\\\/renting-empresas\\\/cascos-para-alquiler-moto\\\/#primaryimage\"},\"thumbnailUrl\":\"\",\"datePublished\":\"2017-04-21T16:30:17+00:00\",\"description\":\"Desde Rideon Mallorca analizamos el mejors casco que puedes encontrar en nuestras oficinas de alquiler de motos en Mallorca.\",\"inLanguage\":\"es\",\"potentialAction\":[{\"@type\":\"ReadAction\",\"target\":[\"https:\\\/\\\/rideon.es\\\/renting-empresas\\\/cascos-para-alquiler-moto\\\/\"]}]},{\"@type\":\"ImageObject\",\"inLanguage\":\"es\",\"@id\":\"https:\\\/\\\/rideon.es\\\/renting-empresas\\\/cascos-para-alquiler-moto\\\/#primaryimage\",\"url\":\"\",\"contentUrl\":\"\"},{\"@type\":\"WebSite\",\"@id\":\"https:\\\/\\\/rideon.es\\\/renting-empresas\\\/#website\",\"url\":\"https:\\\/\\\/rideon.es\\\/renting-empresas\\\/\",\"name\":\"Alquiler de motos mensual y Renting para Empresas\",\"description\":\"Las motos m\u00e1s c\u00f3modas y seguras para disfrutar de tus vacaciones sobre ruedas. Alquiler de motos en Menorca, Mallorca, Barcelona y Valencia con Rideon.es\",\"publisher\":{\"@id\":\"https:\\\/\\\/rideon.es\\\/renting-empresas\\\/#organization\"},\"potentialAction\":[{\"@type\":\"SearchAction\",\"target\":{\"@type\":\"EntryPoint\",\"urlTemplate\":\"https:\\\/\\\/rideon.es\\\/renting-empresas\\\/?s={search_term_string}\"},\"query-input\":{\"@type\":\"PropertyValueSpecification\",\"valueRequired\":true,\"valueName\":\"search_term_string\"}}],\"inLanguage\":\"es\"},{\"@type\":\"Organization\",\"@id\":\"https:\\\/\\\/rideon.es\\\/renting-empresas\\\/#organization\",\"name\":\"Alquiler de motos mensual y Renting para Empresas\",\"url\":\"https:\\\/\\\/rideon.es\\\/renting-empresas\\\/\",\"logo\":{\"@type\":\"ImageObject\",\"inLanguage\":\"es\",\"@id\":\"https:\\\/\\\/rideon.es\\\/renting-empresas\\\/#\\\/schema\\\/logo\\\/image\\\/\",\"url\":\"https:\\\/\\\/rideon.es\\\/renting-empresas\\\/wp-content\\\/uploads\\\/sites\\\/19\\\/2020\\\/02\\\/rideon_logo-200x78-1.png\",\"contentUrl\":\"https:\\\/\\\/rideon.es\\\/renting-empresas\\\/wp-content\\\/uploads\\\/sites\\\/19\\\/2020\\\/02\\\/rideon_logo-200x78-1.png\",\"width\":200,\"height\":78,\"caption\":\"Alquiler de motos mensual y Renting para Empresas\"},\"image\":{\"@id\":\"https:\\\/\\\/rideon.es\\\/renting-empresas\\\/#\\\/schema\\\/logo\\\/image\\\/\"}},{\"@type\":\"Person\",\"@id\":\"https:\\\/\\\/rideon.es\\\/renting-empresas\\\/#\\\/schema\\\/person\\\/48d6770e55c623d929bd20ce295611a7\",\"name\":\"Ride On\",\"image\":{\"@type\":\"ImageObject\",\"inLanguage\":\"es\",\"@id\":\"https:\\\/\\\/secure.gravatar.com\\\/avatar\\\/785e72183089da6a00243c0f0e2d52db79b9983b602219afb07c868943086138?s=96&d=mm&r=g\",\"url\":\"https:\\\/\\\/secure.gravatar.com\\\/avatar\\\/785e72183089da6a00243c0f0e2d52db79b9983b602219afb07c868943086138?s=96&d=mm&r=g\",\"contentUrl\":\"https:\\\/\\\/secure.gravatar.com\\\/avatar\\\/785e72183089da6a00243c0f0e2d52db79b9983b602219afb07c868943086138?s=96&d=mm&r=g\",\"caption\":\"Ride On\"},\"url\":\"https:\\\/\\\/rideon.es\\\/renting-empresas\\\/author\\\/eduardoyauri\\\/\"}]}<\/script>\n<!-- \/ Yoast SEO Premium plugin. -->","yoast_head_json":{"title":"\u00bfQu\u00e9 casco escojo para mi alquiler de moto? - Alquiler de motos mensual y Renting para Empresas","description":"Desde Rideon Mallorca analizamos el mejors casco que puedes encontrar en nuestras oficinas de alquiler de motos en Mallorca.","robots":{"index":"index","follow":"follow","max-snippet":"max-snippet:-1","max-image-preview":"max-image-preview:large","max-video-preview":"max-video-preview:-1"},"canonical":"https:\/\/rideon.es\/renting-empresas\/cascos-para-alquiler-moto\/","og_locale":"es_ES","og_type":"article","og_title":"\u00bfQu\u00e9 casco escojo para mi alquiler de moto?","og_description":"Desde Rideon Mallorca analizamos el mejors casco que puedes encontrar en nuestras oficinas de alquiler de motos en Mallorca.","og_url":"https:\/\/rideon.es\/renting-empresas\/cascos-para-alquiler-moto\/","og_site_name":"Alquiler de motos mensual y Renting para Empresas","article_published_time":"2017-04-21T16:30:17+00:00","author":"Ride On","twitter_card":"summary_large_image","twitter_misc":{"Escrito por":"Ride On","Tiempo de lectura":"3 minutos"},"schema":{"@context":"https:\/\/schema.org","@graph":[{"@type":"Article","@id":"https:\/\/rideon.es\/renting-empresas\/cascos-para-alquiler-moto\/#article","isPartOf":{"@id":"https:\/\/rideon.es\/renting-empresas\/cascos-para-alquiler-moto\/"},"author":{"name":"Ride On","@id":"https:\/\/rideon.es\/renting-empresas\/#\/schema\/person\/48d6770e55c623d929bd20ce295611a7"},"headline":"\u00bfQu\u00e9 casco escojo para mi alquiler de moto?","datePublished":"2017-04-21T16:30:17+00:00","mainEntityOfPage":{"@id":"https:\/\/rideon.es\/renting-empresas\/cascos-para-alquiler-moto\/"},"wordCount":542,"commentCount":0,"publisher":{"@id":"https:\/\/rideon.es\/renting-empresas\/#organization"},"image":{"@id":"https:\/\/rideon.es\/renting-empresas\/cascos-para-alquiler-moto\/#primaryimage"},"thumbnailUrl":"","articleSection":["Blog","Mallorca"],"inLanguage":"es","potentialAction":[{"@type":"CommentAction","name":"Comment","target":["https:\/\/rideon.es\/renting-empresas\/cascos-para-alquiler-moto\/#respond"]}]},{"@type":"WebPage","@id":"https:\/\/rideon.es\/renting-empresas\/cascos-para-alquiler-moto\/","url":"https:\/\/rideon.es\/renting-empresas\/cascos-para-alquiler-moto\/","name":"\u00bfQu\u00e9 casco escojo para mi alquiler de moto? - Alquiler de motos mensual y Renting para Empresas","isPartOf":{"@id":"https:\/\/rideon.es\/renting-empresas\/#website"},"primaryImageOfPage":{"@id":"https:\/\/rideon.es\/renting-empresas\/cascos-para-alquiler-moto\/#primaryimage"},"image":{"@id":"https:\/\/rideon.es\/renting-empresas\/cascos-para-alquiler-moto\/#primaryimage"},"thumbnailUrl":"","datePublished":"2017-04-21T16:30:17+00:00","description":"Desde Rideon Mallorca analizamos el mejors casco que puedes encontrar en nuestras oficinas de alquiler de motos en Mallorca.","inLanguage":"es","potentialAction":[{"@type":"ReadAction","target":["https:\/\/rideon.es\/renting-empresas\/cascos-para-alquiler-moto\/"]}]},{"@type":"ImageObject","inLanguage":"es","@id":"https:\/\/rideon.es\/renting-empresas\/cascos-para-alquiler-moto\/#primaryimage","url":"","contentUrl":""},{"@type":"WebSite","@id":"https:\/\/rideon.es\/renting-empresas\/#website","url":"https:\/\/rideon.es\/renting-empresas\/","name":"Alquiler de motos mensual y Renting para Empresas","description":"Las motos m\u00e1s c\u00f3modas y seguras para disfrutar de tus vacaciones sobre ruedas. Alquiler de motos en Menorca, Mallorca, Barcelona y Valencia con Rideon.es","publisher":{"@id":"https:\/\/rideon.es\/renting-empresas\/#organization"},"potentialAction":[{"@type":"SearchAction","target":{"@type":"EntryPoint","urlTemplate":"https:\/\/rideon.es\/renting-empresas\/?s={search_term_string}"},"query-input":{"@type":"PropertyValueSpecification","valueRequired":true,"valueName":"search_term_string"}}],"inLanguage":"es"},{"@type":"Organization","@id":"https:\/\/rideon.es\/renting-empresas\/#organization","name":"Alquiler de motos mensual y Renting para Empresas","url":"https:\/\/rideon.es\/renting-empresas\/","logo":{"@type":"ImageObject","inLanguage":"es","@id":"https:\/\/rideon.es\/renting-empresas\/#\/schema\/logo\/image\/","url":"https:\/\/rideon.es\/renting-empresas\/wp-content\/uploads\/sites\/19\/2020\/02\/rideon_logo-200x78-1.png","contentUrl":"https:\/\/rideon.es\/renting-empresas\/wp-content\/uploads\/sites\/19\/2020\/02\/rideon_logo-200x78-1.png","width":200,"height":78,"caption":"Alquiler de motos mensual y Renting para Empresas"},"image":{"@id":"https:\/\/rideon.es\/renting-empresas\/#\/schema\/logo\/image\/"}},{"@type":"Person","@id":"https:\/\/rideon.es\/renting-empresas\/#\/schema\/person\/48d6770e55c623d929bd20ce295611a7","name":"Ride On","image":{"@type":"ImageObject","inLanguage":"es","@id":"https:\/\/secure.gravatar.com\/avatar\/785e72183089da6a00243c0f0e2d52db79b9983b602219afb07c868943086138?s=96&d=mm&r=g","url":"https:\/\/secure.gravatar.com\/avatar\/785e72183089da6a00243c0f0e2d52db79b9983b602219afb07c868943086138?s=96&d=mm&r=g","contentUrl":"https:\/\/secure.gravatar.com\/avatar\/785e72183089da6a00243c0f0e2d52db79b9983b602219afb07c868943086138?s=96&d=mm&r=g","caption":"Ride On"},"url":"https:\/\/rideon.es\/renting-empresas\/author\/eduardoyauri\/"}]}},"_links":{"self":[{"href":"https:\/\/rideon.es\/renting-empresas\/wp-json\/wp\/v2\/posts\/1950","targetHints":{"allow":["GET"]}}],"collection":[{"href":"https:\/\/rideon.es\/renting-empresas\/wp-json\/wp\/v2\/posts"}],"about":[{"href":"https:\/\/rideon.es\/renting-empresas\/wp-json\/wp\/v2\/types\/post"}],"author":[{"embeddable":true,"href":"https:\/\/rideon.es\/renting-empresas\/wp-json\/wp\/v2\/users\/2"}],"replies":[{"embeddable":true,"href":"https:\/\/rideon.es\/renting-empresas\/wp-json\/wp\/v2\/comments?post=1950"}],"version-history":[{"count":0,"href":"https:\/\/rideon.es\/renting-empresas\/wp-json\/wp\/v2\/posts\/1950\/revisions"}],"wp:featuredmedia":[{"embeddable":true,"href":"https:\/\/rideon.es\/renting-empresas\/wp-json\/"}],"wp:attachment":[{"href":"https:\/\/rideon.es\/renting-empresas\/wp-json\/wp\/v2\/media?parent=1950"}],"wp:term":[{"taxonomy":"category","embeddable":true,"href":"https:\/\/rideon.es\/renting-empresas\/wp-json\/wp\/v2\/categories?post=1950"},{"taxonomy":"post_tag","embeddable":true,"href":"https:\/\/rideon.es\/renting-empresas\/wp-json\/wp\/v2\/tags?post=1950"}],"curies":[{"name":"wp","href":"https:\/\/api.w.org\/{rel}","templated":true}]}}