{"id":1906,"date":"2017-03-31T11:01:44","date_gmt":"2017-03-31T11:01:44","guid":{"rendered":"https:\/\/rideon.es\/?p=1906"},"modified":"2017-03-31T11:01:44","modified_gmt":"2017-03-31T11:01:44","slug":"la-barcelona-olimpica","status":"publish","type":"post","link":"https:\/\/rideon.es\/renting-empresas\/la-barcelona-olimpica\/","title":{"rendered":"La Barcelona Ol\u00edmpica"},"content":{"rendered":"<h1><span style=\"font-weight: 400\">La Barcelona Ol\u00edmpica<\/span><\/h1>\n<p><span style=\"font-weight: 400\">Si Barcelona naci\u00f3 en una fecha indeterminada hace ya milenios, su renacimiento reciente tiene una fecha muy concreta, el 7 de julio de 1992. Ese d\u00eda se encendi\u00f3 el pebecero y Barcelona ense\u00f1\u00f3 al mundo que era capaz de organizar las mejores olimpiadas de la era moderna. El flechazo de salida fue posible gracias a la colaboraci\u00f3n de los ciudadanos, dejar apartado el yo y sacar a trabajar nosotros, el esp\u00edritu ol\u00edmpico impregn\u00f3 hasta el \u00faltimo rinc\u00f3n de la ciudad. Descubre Barcelona con nuestro servicio de <\/span><a href=\"https:\/\/rideon.es\/barcelona\/\"><span style=\"font-weight: 400\">alquiler de moto barcelona<\/span><\/a><br \/>\n<img decoding=\"async\" class=\"img-responsive\" src=\"https:\/\/rideon.es\/wp-content\/uploads\/2017\/03\/Palau-sant-jordi-barcelona.jpg\" alt=\"Visita Barcelona ol\u00edmpica con Rideon\" width=\"100%\" \/><br \/>\n&nbsp;<br \/>\n<span style=\"font-weight: 400\">El Palau Sant Jordi es un pabell\u00f3n multifuncional situado en la monta\u00f1a de Montjuic de Barcelona. Fue construido con motivo de los Juegos Ol\u00edmpicos de 1992 e inaugurado en 1990. Est\u00e1 considerado la joya del llamado \u00abAnillo Ol\u00edmpico de Montjuic\u00bb, que tambi\u00e9n integran instalaciones como el Estadio Ol\u00edmpico, las Piscinas Picornell o el edificio del INEFC. \u00a0Recuerda que la forma m\u00e1s c\u00f3moda para descubrir Barcelona es mediante nuestro servicio de<\/span><a href=\"https:\/\/rideon.es\/barcelona\/\"><span style=\"font-weight: 400\"> alquiler moto Barcelona<\/span><\/a><br \/>\n<img decoding=\"async\" class=\"img-responsive\" src=\"https:\/\/rideon.es\/wp-content\/uploads\/2017\/03\/Barcelona-1992.jpg\" alt=\"Visita Barcelona ol\u00edmpica con alquiler moto barcelona\" width=\"100%\" \/><br \/>\n&nbsp;<br \/>\n<span style=\"font-weight: 400\">Adem\u00e1s del \u00e9xito organizativo la ciudad aprovech\u00f3 el evento para cambiar sustancialmente su forma, se apost\u00f3 por un modelo que separaba en cuatro localizaciones la actividad ol\u00edmpica urbana y con buena l\u00f3gica no hab\u00eda mejor forma de conectarlas mediante un v\u00eda r\u00e1pida, de esa forma nacieron las rondas de Barcelona.. <\/span><span style=\"font-weight: 400\">E<\/span><span style=\"font-weight: 400\">l centro de Barcelona es dif\u00edcil moverse en coche, por eso te recomendamos nuestro servicio de <\/span><a href=\"https:\/\/rideon.es\/barcelona\/\"><span style=\"font-weight: 400\">moto rent Barcelona<\/span><\/a><span style=\"font-weight: 400\">. <\/span><br \/>\n<img decoding=\"async\" class=\"img-responsive\" src=\"https:\/\/rideon.es\/wp-content\/uploads\/2017\/03\/rondas-barcelona.jpg\" alt=\"Visita Barcelona ol\u00edmpica con Rideon Barcelona\" width=\"100%\" \/><br \/>\n&nbsp;<br \/>\n<span style=\"font-weight: 400\">La Ronda de Dalt posee adem\u00e1s dos ramales denominados Pata Norte y Pata Sur. La primera de ellas comienza en el Nudo de la Trinidad y finaliza en la conexi\u00f3n de la C-31 con la C-32 a la altura de Montgat. La Ronda Litoral, identificada tambi\u00e9n como B-10, es una v\u00eda de circunvalaci\u00f3n de la ciudad de Barcelona,que transcurre entre el Nudo del Llobregat y el Nudo de la Trinidad, recorriendo el sur de la ciudad condal. Junto con la (Ronda de Dalt forman Las Rondas, el cintur\u00f3n viario de alta capacidad de la ciudad de Barcelona.No es f\u00e1cil aparcar en Barcelona, te recomendamos nuestro servicio de<\/span><a href=\"https:\/\/rideon.es\/barcelona\/\"><span style=\"font-weight: 400\"> alquiler moto Barcelona<\/span><\/a><br \/>\n&nbsp;<br \/>\n<span style=\"font-weight: 400\">Se aprovech\u00f3 tambi\u00e9n para modificar el alcantarillado y la tra\u00edda de aguas, el alumbrado y las telecomunicaciones, por si fuera poco se transformaron varias zonas industriales en zonas residenciales, por \u00faltimo Barcelona acostumbrada a dar la espalda al mar, gir\u00f3 sobre s\u00ed misma 180\u00ba y se abri\u00f3 a \u00e9l. A partir de entonce Barcelona se reconcili\u00f3 con el mediterr\u00e1neo proyectando largos paseos y recuperando sus playas.<\/span><br \/>\n<img decoding=\"async\" class=\"img-responsive\" src=\"https:\/\/rideon.es\/wp-content\/uploads\/2017\/03\/diagonal-mar.jpg\" alt=\"Visita Barcelona ol\u00edmpica y Diagonal Mar Rideon Barcelona\" width=\"100%\" \/><br \/>\n<span style=\"font-weight: 400\">Todo contribuy\u00f3, las olimpiadas y el revoco de las fachadas, la recuperaci\u00f3n de nuevos espacios y la publicidad extensiva. Los juegos ol\u00edmpicos fueron el mejor anuncio de Barcelona para mostrarse al mundo, hoy la vida est\u00e1 en todas partes.<\/span><br \/>\n<span style=\"font-weight: 400\">Para m\u00e1s informaci\u00f3n visiten nuestro <\/span><a href=\"https:\/\/rideon.es\/blog-barcelona\/\"><span style=\"font-weight: 400\">Blog de informaci\u00f3n Tur\u00edstica a Barcelona<\/span><\/a><span style=\"font-weight: 400\">, para reservas online de motos de alquiler Mallorca pueden visitar nuestra web <\/span><a href=\"https:\/\/rideon.es\/barcelona\/\"><span style=\"font-weight: 400\">www.rideon.es<\/span><\/a><br \/>\n&nbsp;<\/p>\n","protected":false},"excerpt":{"rendered":"<p>La Barcelona Ol\u00edmpica Si Barcelona naci\u00f3 en una fecha indeterminada hace ya milenios, su renacimiento reciente tiene una fecha muy concreta, el 7 de julio de 1992. Ese d\u00eda se encendi\u00f3 el pebecero y Barcelona ense\u00f1\u00f3 al mundo que era capaz de organizar las mejores olimpiadas de la era moderna. El flechazo de salida fue<\/p>\n","protected":false},"author":2,"featured_media":1912,"comment_status":"open","ping_status":"closed","sticky":false,"template":"","format":"standard","meta":{"inline_featured_image":false,"footnotes":""},"categories":[9],"tags":[],"class_list":["post-1906","post","type-post","status-publish","format-standard","has-post-thumbnail","hentry","category-barcelona"],"yoast_head":"<!-- This site is optimized with the Yoast SEO Premium plugin v18.7 (Yoast SEO v27.5) - https:\/\/yoast.com\/product\/yoast-seo-premium-wordpress\/ -->\n<title>Descubre la Barcelona Ol\u00edmpica- Alquiler moto Barcelona<\/title>\n<meta name=\"description\" content=\"Visita la Barcelona Olimpica y descubre los sitios m\u00e1s espectaculares que dejaron las olimpiadas de 1992 en Barcelona, el evento que lo cambi\u00f3 todo.\" \/>\n<meta name=\"robots\" content=\"index, follow, max-snippet:-1, max-image-preview:large, max-video-preview:-1\" \/>\n<link rel=\"canonical\" href=\"https:\/\/rideon.es\/renting-empresas\/la-barcelona-olimpica\/\" \/>\n<meta property=\"og:locale\" content=\"es_ES\" \/>\n<meta property=\"og:type\" content=\"article\" \/>\n<meta property=\"og:title\" content=\"La Barcelona Ol\u00edmpica\" \/>\n<meta property=\"og:description\" content=\"Visita la Barcelona Olimpica y descubre los sitios m\u00e1s espectaculares que dejaron las olimpiadas de 1992 en Barcelona, el evento que lo cambi\u00f3 todo.\" \/>\n<meta property=\"og:url\" content=\"https:\/\/rideon.es\/renting-empresas\/la-barcelona-olimpica\/\" \/>\n<meta property=\"og:site_name\" content=\"Alquiler de motos mensual y Renting para Empresas\" \/>\n<meta property=\"article:published_time\" content=\"2017-03-31T11:01:44+00:00\" \/>\n<meta name=\"author\" content=\"Ride On\" \/>\n<meta name=\"twitter:card\" content=\"summary_large_image\" \/>\n<meta name=\"twitter:label1\" content=\"Escrito por\" \/>\n\t<meta name=\"twitter:data1\" content=\"Ride On\" \/>\n\t<meta name=\"twitter:label2\" content=\"Tiempo de lectura\" \/>\n\t<meta name=\"twitter:data2\" content=\"3 minutos\" \/>\n<script type=\"application\/ld+json\" class=\"yoast-schema-graph\">{\"@context\":\"https:\\\/\\\/schema.org\",\"@graph\":[{\"@type\":\"Article\",\"@id\":\"https:\\\/\\\/rideon.es\\\/renting-empresas\\\/la-barcelona-olimpica\\\/#article\",\"isPartOf\":{\"@id\":\"https:\\\/\\\/rideon.es\\\/renting-empresas\\\/la-barcelona-olimpica\\\/\"},\"author\":{\"name\":\"Ride On\",\"@id\":\"https:\\\/\\\/rideon.es\\\/renting-empresas\\\/#\\\/schema\\\/person\\\/48d6770e55c623d929bd20ce295611a7\"},\"headline\":\"La Barcelona Ol\u00edmpica\",\"datePublished\":\"2017-03-31T11:01:44+00:00\",\"mainEntityOfPage\":{\"@id\":\"https:\\\/\\\/rideon.es\\\/renting-empresas\\\/la-barcelona-olimpica\\\/\"},\"wordCount\":520,\"commentCount\":0,\"publisher\":{\"@id\":\"https:\\\/\\\/rideon.es\\\/renting-empresas\\\/#organization\"},\"image\":{\"@id\":\"https:\\\/\\\/rideon.es\\\/renting-empresas\\\/la-barcelona-olimpica\\\/#primaryimage\"},\"thumbnailUrl\":\"\",\"articleSection\":[\"Barcelona\"],\"inLanguage\":\"es\",\"potentialAction\":[{\"@type\":\"CommentAction\",\"name\":\"Comment\",\"target\":[\"https:\\\/\\\/rideon.es\\\/renting-empresas\\\/la-barcelona-olimpica\\\/#respond\"]}]},{\"@type\":\"WebPage\",\"@id\":\"https:\\\/\\\/rideon.es\\\/renting-empresas\\\/la-barcelona-olimpica\\\/\",\"url\":\"https:\\\/\\\/rideon.es\\\/renting-empresas\\\/la-barcelona-olimpica\\\/\",\"name\":\"Descubre la Barcelona Ol\u00edmpica- Alquiler moto Barcelona\",\"isPartOf\":{\"@id\":\"https:\\\/\\\/rideon.es\\\/renting-empresas\\\/#website\"},\"primaryImageOfPage\":{\"@id\":\"https:\\\/\\\/rideon.es\\\/renting-empresas\\\/la-barcelona-olimpica\\\/#primaryimage\"},\"image\":{\"@id\":\"https:\\\/\\\/rideon.es\\\/renting-empresas\\\/la-barcelona-olimpica\\\/#primaryimage\"},\"thumbnailUrl\":\"\",\"datePublished\":\"2017-03-31T11:01:44+00:00\",\"description\":\"Visita la Barcelona Olimpica y descubre los sitios m\u00e1s espectaculares que dejaron las olimpiadas de 1992 en Barcelona, el evento que lo cambi\u00f3 todo.\",\"inLanguage\":\"es\",\"potentialAction\":[{\"@type\":\"ReadAction\",\"target\":[\"https:\\\/\\\/rideon.es\\\/renting-empresas\\\/la-barcelona-olimpica\\\/\"]}]},{\"@type\":\"ImageObject\",\"inLanguage\":\"es\",\"@id\":\"https:\\\/\\\/rideon.es\\\/renting-empresas\\\/la-barcelona-olimpica\\\/#primaryimage\",\"url\":\"\",\"contentUrl\":\"\"},{\"@type\":\"WebSite\",\"@id\":\"https:\\\/\\\/rideon.es\\\/renting-empresas\\\/#website\",\"url\":\"https:\\\/\\\/rideon.es\\\/renting-empresas\\\/\",\"name\":\"Alquiler de motos mensual y Renting para Empresas\",\"description\":\"Las motos m\u00e1s c\u00f3modas y seguras para disfrutar de tus vacaciones sobre ruedas. Alquiler de motos en Menorca, Mallorca, Barcelona y Valencia con Rideon.es\",\"publisher\":{\"@id\":\"https:\\\/\\\/rideon.es\\\/renting-empresas\\\/#organization\"},\"potentialAction\":[{\"@type\":\"SearchAction\",\"target\":{\"@type\":\"EntryPoint\",\"urlTemplate\":\"https:\\\/\\\/rideon.es\\\/renting-empresas\\\/?s={search_term_string}\"},\"query-input\":{\"@type\":\"PropertyValueSpecification\",\"valueRequired\":true,\"valueName\":\"search_term_string\"}}],\"inLanguage\":\"es\"},{\"@type\":\"Organization\",\"@id\":\"https:\\\/\\\/rideon.es\\\/renting-empresas\\\/#organization\",\"name\":\"Alquiler de motos mensual y Renting para Empresas\",\"url\":\"https:\\\/\\\/rideon.es\\\/renting-empresas\\\/\",\"logo\":{\"@type\":\"ImageObject\",\"inLanguage\":\"es\",\"@id\":\"https:\\\/\\\/rideon.es\\\/renting-empresas\\\/#\\\/schema\\\/logo\\\/image\\\/\",\"url\":\"https:\\\/\\\/rideon.es\\\/renting-empresas\\\/wp-content\\\/uploads\\\/sites\\\/19\\\/2020\\\/02\\\/rideon_logo-200x78-1.png\",\"contentUrl\":\"https:\\\/\\\/rideon.es\\\/renting-empresas\\\/wp-content\\\/uploads\\\/sites\\\/19\\\/2020\\\/02\\\/rideon_logo-200x78-1.png\",\"width\":200,\"height\":78,\"caption\":\"Alquiler de motos mensual y Renting para Empresas\"},\"image\":{\"@id\":\"https:\\\/\\\/rideon.es\\\/renting-empresas\\\/#\\\/schema\\\/logo\\\/image\\\/\"}},{\"@type\":\"Person\",\"@id\":\"https:\\\/\\\/rideon.es\\\/renting-empresas\\\/#\\\/schema\\\/person\\\/48d6770e55c623d929bd20ce295611a7\",\"name\":\"Ride On\",\"image\":{\"@type\":\"ImageObject\",\"inLanguage\":\"es\",\"@id\":\"https:\\\/\\\/secure.gravatar.com\\\/avatar\\\/785e72183089da6a00243c0f0e2d52db79b9983b602219afb07c868943086138?s=96&d=mm&r=g\",\"url\":\"https:\\\/\\\/secure.gravatar.com\\\/avatar\\\/785e72183089da6a00243c0f0e2d52db79b9983b602219afb07c868943086138?s=96&d=mm&r=g\",\"contentUrl\":\"https:\\\/\\\/secure.gravatar.com\\\/avatar\\\/785e72183089da6a00243c0f0e2d52db79b9983b602219afb07c868943086138?s=96&d=mm&r=g\",\"caption\":\"Ride On\"},\"url\":\"https:\\\/\\\/rideon.es\\\/renting-empresas\\\/author\\\/eduardoyauri\\\/\"}]}<\/script>\n<!-- \/ Yoast SEO Premium plugin. -->","yoast_head_json":{"title":"Descubre la Barcelona Ol\u00edmpica- Alquiler moto Barcelona","description":"Visita la Barcelona Olimpica y descubre los sitios m\u00e1s espectaculares que dejaron las olimpiadas de 1992 en Barcelona, el evento que lo cambi\u00f3 todo.","robots":{"index":"index","follow":"follow","max-snippet":"max-snippet:-1","max-image-preview":"max-image-preview:large","max-video-preview":"max-video-preview:-1"},"canonical":"https:\/\/rideon.es\/renting-empresas\/la-barcelona-olimpica\/","og_locale":"es_ES","og_type":"article","og_title":"La Barcelona Ol\u00edmpica","og_description":"Visita la Barcelona Olimpica y descubre los sitios m\u00e1s espectaculares que dejaron las olimpiadas de 1992 en Barcelona, el evento que lo cambi\u00f3 todo.","og_url":"https:\/\/rideon.es\/renting-empresas\/la-barcelona-olimpica\/","og_site_name":"Alquiler de motos mensual y Renting para Empresas","article_published_time":"2017-03-31T11:01:44+00:00","author":"Ride On","twitter_card":"summary_large_image","twitter_misc":{"Escrito por":"Ride On","Tiempo de lectura":"3 minutos"},"schema":{"@context":"https:\/\/schema.org","@graph":[{"@type":"Article","@id":"https:\/\/rideon.es\/renting-empresas\/la-barcelona-olimpica\/#article","isPartOf":{"@id":"https:\/\/rideon.es\/renting-empresas\/la-barcelona-olimpica\/"},"author":{"name":"Ride On","@id":"https:\/\/rideon.es\/renting-empresas\/#\/schema\/person\/48d6770e55c623d929bd20ce295611a7"},"headline":"La Barcelona Ol\u00edmpica","datePublished":"2017-03-31T11:01:44+00:00","mainEntityOfPage":{"@id":"https:\/\/rideon.es\/renting-empresas\/la-barcelona-olimpica\/"},"wordCount":520,"commentCount":0,"publisher":{"@id":"https:\/\/rideon.es\/renting-empresas\/#organization"},"image":{"@id":"https:\/\/rideon.es\/renting-empresas\/la-barcelona-olimpica\/#primaryimage"},"thumbnailUrl":"","articleSection":["Barcelona"],"inLanguage":"es","potentialAction":[{"@type":"CommentAction","name":"Comment","target":["https:\/\/rideon.es\/renting-empresas\/la-barcelona-olimpica\/#respond"]}]},{"@type":"WebPage","@id":"https:\/\/rideon.es\/renting-empresas\/la-barcelona-olimpica\/","url":"https:\/\/rideon.es\/renting-empresas\/la-barcelona-olimpica\/","name":"Descubre la Barcelona Ol\u00edmpica- Alquiler moto Barcelona","isPartOf":{"@id":"https:\/\/rideon.es\/renting-empresas\/#website"},"primaryImageOfPage":{"@id":"https:\/\/rideon.es\/renting-empresas\/la-barcelona-olimpica\/#primaryimage"},"image":{"@id":"https:\/\/rideon.es\/renting-empresas\/la-barcelona-olimpica\/#primaryimage"},"thumbnailUrl":"","datePublished":"2017-03-31T11:01:44+00:00","description":"Visita la Barcelona Olimpica y descubre los sitios m\u00e1s espectaculares que dejaron las olimpiadas de 1992 en Barcelona, el evento que lo cambi\u00f3 todo.","inLanguage":"es","potentialAction":[{"@type":"ReadAction","target":["https:\/\/rideon.es\/renting-empresas\/la-barcelona-olimpica\/"]}]},{"@type":"ImageObject","inLanguage":"es","@id":"https:\/\/rideon.es\/renting-empresas\/la-barcelona-olimpica\/#primaryimage","url":"","contentUrl":""},{"@type":"WebSite","@id":"https:\/\/rideon.es\/renting-empresas\/#website","url":"https:\/\/rideon.es\/renting-empresas\/","name":"Alquiler de motos mensual y Renting para Empresas","description":"Las motos m\u00e1s c\u00f3modas y seguras para disfrutar de tus vacaciones sobre ruedas. Alquiler de motos en Menorca, Mallorca, Barcelona y Valencia con Rideon.es","publisher":{"@id":"https:\/\/rideon.es\/renting-empresas\/#organization"},"potentialAction":[{"@type":"SearchAction","target":{"@type":"EntryPoint","urlTemplate":"https:\/\/rideon.es\/renting-empresas\/?s={search_term_string}"},"query-input":{"@type":"PropertyValueSpecification","valueRequired":true,"valueName":"search_term_string"}}],"inLanguage":"es"},{"@type":"Organization","@id":"https:\/\/rideon.es\/renting-empresas\/#organization","name":"Alquiler de motos mensual y Renting para Empresas","url":"https:\/\/rideon.es\/renting-empresas\/","logo":{"@type":"ImageObject","inLanguage":"es","@id":"https:\/\/rideon.es\/renting-empresas\/#\/schema\/logo\/image\/","url":"https:\/\/rideon.es\/renting-empresas\/wp-content\/uploads\/sites\/19\/2020\/02\/rideon_logo-200x78-1.png","contentUrl":"https:\/\/rideon.es\/renting-empresas\/wp-content\/uploads\/sites\/19\/2020\/02\/rideon_logo-200x78-1.png","width":200,"height":78,"caption":"Alquiler de motos mensual y Renting para Empresas"},"image":{"@id":"https:\/\/rideon.es\/renting-empresas\/#\/schema\/logo\/image\/"}},{"@type":"Person","@id":"https:\/\/rideon.es\/renting-empresas\/#\/schema\/person\/48d6770e55c623d929bd20ce295611a7","name":"Ride On","image":{"@type":"ImageObject","inLanguage":"es","@id":"https:\/\/secure.gravatar.com\/avatar\/785e72183089da6a00243c0f0e2d52db79b9983b602219afb07c868943086138?s=96&d=mm&r=g","url":"https:\/\/secure.gravatar.com\/avatar\/785e72183089da6a00243c0f0e2d52db79b9983b602219afb07c868943086138?s=96&d=mm&r=g","contentUrl":"https:\/\/secure.gravatar.com\/avatar\/785e72183089da6a00243c0f0e2d52db79b9983b602219afb07c868943086138?s=96&d=mm&r=g","caption":"Ride On"},"url":"https:\/\/rideon.es\/renting-empresas\/author\/eduardoyauri\/"}]}},"_links":{"self":[{"href":"https:\/\/rideon.es\/renting-empresas\/wp-json\/wp\/v2\/posts\/1906","targetHints":{"allow":["GET"]}}],"collection":[{"href":"https:\/\/rideon.es\/renting-empresas\/wp-json\/wp\/v2\/posts"}],"about":[{"href":"https:\/\/rideon.es\/renting-empresas\/wp-json\/wp\/v2\/types\/post"}],"author":[{"embeddable":true,"href":"https:\/\/rideon.es\/renting-empresas\/wp-json\/wp\/v2\/users\/2"}],"replies":[{"embeddable":true,"href":"https:\/\/rideon.es\/renting-empresas\/wp-json\/wp\/v2\/comments?post=1906"}],"version-history":[{"count":0,"href":"https:\/\/rideon.es\/renting-empresas\/wp-json\/wp\/v2\/posts\/1906\/revisions"}],"wp:featuredmedia":[{"embeddable":true,"href":"https:\/\/rideon.es\/renting-empresas\/wp-json\/"}],"wp:attachment":[{"href":"https:\/\/rideon.es\/renting-empresas\/wp-json\/wp\/v2\/media?parent=1906"}],"wp:term":[{"taxonomy":"category","embeddable":true,"href":"https:\/\/rideon.es\/renting-empresas\/wp-json\/wp\/v2\/categories?post=1906"},{"taxonomy":"post_tag","embeddable":true,"href":"https:\/\/rideon.es\/renting-empresas\/wp-json\/wp\/v2\/tags?post=1906"}],"curies":[{"name":"wp","href":"https:\/\/api.w.org\/{rel}","templated":true}]}}