{"id":1890,"date":"2017-03-23T17:26:57","date_gmt":"2017-03-23T17:26:57","guid":{"rendered":"https:\/\/rideon.es\/?p=1890"},"modified":"2017-03-23T17:26:57","modified_gmt":"2017-03-23T17:26:57","slug":"promocion-spring-rideon","status":"publish","type":"post","link":"https:\/\/rideon.es\/renting-empresas\/promocion-spring-rideon\/","title":{"rendered":"Promocion Spring Rideon"},"content":{"rendered":"<h1>PROMOCI\u00d3N WELCOME SPRING DE RIDEON<\/h1>\n<p>Alquila durante esta semana tu moto para Agosto y encuentra el mejor precio. Rompe con la rutina y ponte en carretera. Prep\u00e1rate para vivir las mejores vacaciones y descubre nuevos destinos con tu moto de alquiler. \u00bfA qu\u00e9 est\u00e1s esperando?. Recuerda, esta promoci\u00f3n es v\u00e1lida para tu <a href=\"https:\/\/rideon.es\/barcelona\/\">alquiler moto Barcelona<\/a>, <a href=\"https:\/\/rideon.es\/menorca\/\">alquiler moto Menorca<\/a> y tu <a href=\"https:\/\/rideon.es\/mallorca\/\">alquiler moto Mallorca<\/a>.<\/p>\n<p>\n<img decoding=\"async\" class=\"img-responsive\" src=\"https:\/\/rideon.es\/wp-content\/uploads\/2016\/09\/welcome-spring-Agosto2017-1.jpg\" alt=\"Promoci\u00f3n alquiler moto barcelona\" width=\"100%\" \/><\/p>\n<h2>T\u00e9rminos y Condiciones de la Promoci\u00f3n.<\/h2>\n<p>Oferta v\u00e1lida todas las oficinas de Rideon Barcelona,Menorca y Mallorca.<br \/>\nOferta v\u00e1lida para reservas realizadas desde el 27 de marzo al 02 de Abril.<br \/>\nOferta sujeta a disponibilidad, podr\u00e1 no estar disponible en ciertas oficinas y fechas.<br \/>\nOferta no acumulable y puede terminar sin previo aviso.<br \/>\nOferta v\u00e1lida para reservas realizadas \u00fanicamente en la web.<br \/>\nResto de condiciones seg\u00fan la normativa general de Rideon.<\/p>\n<h2>Como canjear mi promoci\u00f3n.<\/h2>\n<p>\u00bfC\u00f3mo aplicar tu c\u00f3digo de descuento?. Es muy f\u00e1cil, a continuaci\u00f3n te indicamos qu\u00e9 pasos seguir para hacer tu alquiler de moto y obtener el descuento del 10% en tu alquiler.<\/p>\n<h3>Paso 1 reserva tu moto online<\/h3>\n<p>Accede a nuestra p\u00e1gina web de promociones e introduce la oficina de recogida y devoluci\u00f3n y las fechas de Agosto que quieres hacer tu alquiler de moto. Recuerda, esta promoci\u00f3n es v\u00e1lida para tu <a href=\"https:\/\/rideon.es\/barcelona\/\">alquiler moto Barcelona<\/a>, <a href=\"https:\/\/rideon.es\/menorca\/\">alquiler moto Menorca<\/a> y tu <a href=\"https:\/\/rideon.es\/mallorca\/\">alquiler moto Mallorca<\/a><\/p>\n<p><img decoding=\"async\" class=\"img-responsive\" src=\"https:\/\/rideon.es\/wp-content\/uploads\/2017\/03\/motor-reservas-rideon.jpg\" alt=\"Reserva tu moto Online Paso1\" width=\"100%\" \/><\/p>\n<h3>Paso 2 reserva tu moto online<\/h3>\n<p>Escoge el modelo de moto que te gustar\u00eda alquilar, en este paso te mostramos nuestra flota y la disponibilidad de cada modelo para las fechas que has seleccionado, recuerda que puedes ver un v\u00eddeo con las principales caracter\u00edsticas de cada moto antes de alquilarlas!<\/p>\n<p><img decoding=\"async\" class=\"img-responsive\" src=\"https:\/\/rideon.es\/wp-content\/uploads\/2017\/03\/escoger-modelo-moto-rideon.png\" alt=\"Reserva tu moto Online Paso2\" width=\"100%\" \/><\/p>\n<h3>Paso 3 reserva tu moto online<\/h3>\n<p>Ya puede introducir los datos de la promoci\u00f3n.<br \/>\n<img decoding=\"async\" class=\"img-responsive\" src=\"https:\/\/rideon.es\/wp-content\/uploads\/2017\/03\/codigos-promociones.png\" alt=\"Reserva tu moto Online Paso3\" width=\"100%\" \/><\/p>\n<p>Esta oferta es v\u00e1lida durante las fechas se\u00f1aladas en la promoci\u00f3n o hasta fin de existencias, si la promoci\u00f3n est\u00e1 activa y has introducido correctamente el c\u00f3digo de descuento ver\u00e1s este mensaje en el proceso de reserva aplicando el 10% de descuento en el valor del alquiler de tu moto. Recuerda, esta promoci\u00f3n es v\u00e1lida para tu <a href=\"https:\/\/rideon.es\/barcelona\/\">alquiler moto Barcelona<\/a>, <a href=\"https:\/\/rideon.es\/menorca\/\">alquiler moto Menorca<\/a> y tu <a href=\"https:\/\/rideon.es\/mallorca\/\">alquiler moto Mallorca<\/a><\/p>\n<p><img decoding=\"async\" class=\"img-responsive\" src=\"https:\/\/rideon.es\/wp-content\/uploads\/2017\/03\/descuento-aplicado.png\" alt=\"Reserva tu moto Online codigos de descuento\" width=\"100%\" \/><\/p>\n<p>En este p\u00e0so adem\u00e1s, tendr\u00e1s la opci\u00f3n de alquilar extras como el fant\u00e1stico servicio de traslado de maletas o la cobertura en caso de lluvia.<\/p>\n<h3>Paso 4 reserva tu moto online<\/h3>\n<p>Una vez rellenados tus datos te ofrecemos la opci\u00f3n de realizar una prereserva de tu moto mediante el pago de un 25% del valor total de tu reserva, el resto del pago lo podr\u00e1s realizar al llegar a tu oficina de alquiler.<br \/>\n<img decoding=\"async\" class=\"img-responsive\" src=\"https:\/\/rideon.es\/wp-content\/uploads\/2017\/03\/datos-conductor.png\" alt=\"Reserva tu moto Online prepago\" width=\"100%\" \/><\/p>\n<p>Una vez realizado el prepago te mandaremos un correo electr\u00f3nico con el Voucher de confirmaci\u00f3n y con el c\u00f3digo de reserva que deber\u00e1s entregar al recoger tu moto en la oficina de alquiler . Recuerda que para cualquier duda o incidencia puedes acceder a nuestro <a href=\"https:\/\/rideon.es\/preguntas\/\">apartado de dudas y respuestas<\/a> o podr\u00e1s contactar con nosotros al (+34) 971 576 958 o en el mail <a href=\"mailto:info@rideonmotorent.com\">info@rideonmotorent.com<\/a><\/p>\n<p>Para m\u00e1s informaci\u00f3n visita <a href=\"https:\/\/rideon.es\/blog-barcelona\/\">nuestro Blog<\/a> o visita nuestra p\u00e1gina web de alquiler de motos <a href=\"https:\/\/rideon.es\">www.rideon.es<\/a><\/p>\n","protected":false},"excerpt":{"rendered":"<p>PROMOCI\u00d3N WELCOME SPRING DE RIDEON Alquila durante esta semana tu moto para Agosto y encuentra el mejor precio. Rompe con la rutina y ponte en carretera. Prep\u00e1rate para vivir las mejores vacaciones y descubre nuevos destinos con tu moto de alquiler. \u00bfA qu\u00e9 est\u00e1s esperando?. Recuerda, esta promoci\u00f3n es v\u00e1lida para tu alquiler moto Barcelona,<\/p>\n","protected":false},"author":2,"featured_media":1883,"comment_status":"open","ping_status":"closed","sticky":false,"template":"","format":"standard","meta":{"inline_featured_image":false,"footnotes":""},"categories":[9,12,11,14],"tags":[],"class_list":["post-1890","post","type-post","status-publish","format-standard","has-post-thumbnail","hentry","category-barcelona","category-blog","category-mallorca","category-menorca"],"yoast_head":"<!-- This site is optimized with the Yoast SEO Premium plugin v18.7 (Yoast SEO v27.5) - https:\/\/yoast.com\/product\/yoast-seo-premium-wordpress\/ -->\n<title>Promoci\u00f3n 10% Spring Rideon AGOSTO- Rideon.es<\/title>\n<meta name=\"description\" content=\"La mejor promoci\u00f3n para tu alquiler de moto en Agosto. Si alquilas ahora tu moto para Agosto obtendr\u00e1s un 10% de descuento en tu alquiler.\" \/>\n<meta name=\"robots\" content=\"index, follow, max-snippet:-1, max-image-preview:large, max-video-preview:-1\" \/>\n<link rel=\"canonical\" href=\"https:\/\/rideon.es\/renting-empresas\/promocion-spring-rideon\/\" \/>\n<meta property=\"og:locale\" content=\"es_ES\" \/>\n<meta property=\"og:type\" content=\"article\" \/>\n<meta property=\"og:title\" content=\"Promocion Spring Rideon\" \/>\n<meta property=\"og:description\" content=\"La mejor promoci\u00f3n para tu alquiler de moto en Agosto. Si alquilas ahora tu moto para Agosto obtendr\u00e1s un 10% de descuento en tu alquiler.\" \/>\n<meta property=\"og:url\" content=\"https:\/\/rideon.es\/renting-empresas\/promocion-spring-rideon\/\" \/>\n<meta property=\"og:site_name\" content=\"Alquiler de motos mensual y Renting para Empresas\" \/>\n<meta property=\"article:published_time\" content=\"2017-03-23T17:26:57+00:00\" \/>\n<meta name=\"author\" content=\"Ride On\" \/>\n<meta name=\"twitter:card\" content=\"summary_large_image\" \/>\n<meta name=\"twitter:label1\" content=\"Escrito por\" \/>\n\t<meta name=\"twitter:data1\" content=\"Ride On\" \/>\n\t<meta name=\"twitter:label2\" content=\"Tiempo de lectura\" \/>\n\t<meta name=\"twitter:data2\" content=\"3 minutos\" \/>\n<script type=\"application\/ld+json\" class=\"yoast-schema-graph\">{\"@context\":\"https:\\\/\\\/schema.org\",\"@graph\":[{\"@type\":\"Article\",\"@id\":\"https:\\\/\\\/rideon.es\\\/renting-empresas\\\/promocion-spring-rideon\\\/#article\",\"isPartOf\":{\"@id\":\"https:\\\/\\\/rideon.es\\\/renting-empresas\\\/promocion-spring-rideon\\\/\"},\"author\":{\"name\":\"Ride On\",\"@id\":\"https:\\\/\\\/rideon.es\\\/renting-empresas\\\/#\\\/schema\\\/person\\\/48d6770e55c623d929bd20ce295611a7\"},\"headline\":\"Promocion Spring Rideon\",\"datePublished\":\"2017-03-23T17:26:57+00:00\",\"mainEntityOfPage\":{\"@id\":\"https:\\\/\\\/rideon.es\\\/renting-empresas\\\/promocion-spring-rideon\\\/\"},\"wordCount\":546,\"commentCount\":0,\"publisher\":{\"@id\":\"https:\\\/\\\/rideon.es\\\/renting-empresas\\\/#organization\"},\"image\":{\"@id\":\"https:\\\/\\\/rideon.es\\\/renting-empresas\\\/promocion-spring-rideon\\\/#primaryimage\"},\"thumbnailUrl\":\"\",\"articleSection\":[\"Barcelona\",\"Blog\",\"Mallorca\",\"Menorca\"],\"inLanguage\":\"es\",\"potentialAction\":[{\"@type\":\"CommentAction\",\"name\":\"Comment\",\"target\":[\"https:\\\/\\\/rideon.es\\\/renting-empresas\\\/promocion-spring-rideon\\\/#respond\"]}]},{\"@type\":\"WebPage\",\"@id\":\"https:\\\/\\\/rideon.es\\\/renting-empresas\\\/promocion-spring-rideon\\\/\",\"url\":\"https:\\\/\\\/rideon.es\\\/renting-empresas\\\/promocion-spring-rideon\\\/\",\"name\":\"Promoci\u00f3n 10% Spring Rideon AGOSTO- Rideon.es\",\"isPartOf\":{\"@id\":\"https:\\\/\\\/rideon.es\\\/renting-empresas\\\/#website\"},\"primaryImageOfPage\":{\"@id\":\"https:\\\/\\\/rideon.es\\\/renting-empresas\\\/promocion-spring-rideon\\\/#primaryimage\"},\"image\":{\"@id\":\"https:\\\/\\\/rideon.es\\\/renting-empresas\\\/promocion-spring-rideon\\\/#primaryimage\"},\"thumbnailUrl\":\"\",\"datePublished\":\"2017-03-23T17:26:57+00:00\",\"description\":\"La mejor promoci\u00f3n para tu alquiler de moto en Agosto. Si alquilas ahora tu moto para Agosto obtendr\u00e1s un 10% de descuento en tu alquiler.\",\"inLanguage\":\"es\",\"potentialAction\":[{\"@type\":\"ReadAction\",\"target\":[\"https:\\\/\\\/rideon.es\\\/renting-empresas\\\/promocion-spring-rideon\\\/\"]}]},{\"@type\":\"ImageObject\",\"inLanguage\":\"es\",\"@id\":\"https:\\\/\\\/rideon.es\\\/renting-empresas\\\/promocion-spring-rideon\\\/#primaryimage\",\"url\":\"\",\"contentUrl\":\"\"},{\"@type\":\"WebSite\",\"@id\":\"https:\\\/\\\/rideon.es\\\/renting-empresas\\\/#website\",\"url\":\"https:\\\/\\\/rideon.es\\\/renting-empresas\\\/\",\"name\":\"Alquiler de motos mensual y Renting para Empresas\",\"description\":\"Las motos m\u00e1s c\u00f3modas y seguras para disfrutar de tus vacaciones sobre ruedas. Alquiler de motos en Menorca, Mallorca, Barcelona y Valencia con Rideon.es\",\"publisher\":{\"@id\":\"https:\\\/\\\/rideon.es\\\/renting-empresas\\\/#organization\"},\"potentialAction\":[{\"@type\":\"SearchAction\",\"target\":{\"@type\":\"EntryPoint\",\"urlTemplate\":\"https:\\\/\\\/rideon.es\\\/renting-empresas\\\/?s={search_term_string}\"},\"query-input\":{\"@type\":\"PropertyValueSpecification\",\"valueRequired\":true,\"valueName\":\"search_term_string\"}}],\"inLanguage\":\"es\"},{\"@type\":\"Organization\",\"@id\":\"https:\\\/\\\/rideon.es\\\/renting-empresas\\\/#organization\",\"name\":\"Alquiler de motos mensual y Renting para Empresas\",\"url\":\"https:\\\/\\\/rideon.es\\\/renting-empresas\\\/\",\"logo\":{\"@type\":\"ImageObject\",\"inLanguage\":\"es\",\"@id\":\"https:\\\/\\\/rideon.es\\\/renting-empresas\\\/#\\\/schema\\\/logo\\\/image\\\/\",\"url\":\"https:\\\/\\\/rideon.es\\\/renting-empresas\\\/wp-content\\\/uploads\\\/sites\\\/19\\\/2020\\\/02\\\/rideon_logo-200x78-1.png\",\"contentUrl\":\"https:\\\/\\\/rideon.es\\\/renting-empresas\\\/wp-content\\\/uploads\\\/sites\\\/19\\\/2020\\\/02\\\/rideon_logo-200x78-1.png\",\"width\":200,\"height\":78,\"caption\":\"Alquiler de motos mensual y Renting para Empresas\"},\"image\":{\"@id\":\"https:\\\/\\\/rideon.es\\\/renting-empresas\\\/#\\\/schema\\\/logo\\\/image\\\/\"}},{\"@type\":\"Person\",\"@id\":\"https:\\\/\\\/rideon.es\\\/renting-empresas\\\/#\\\/schema\\\/person\\\/48d6770e55c623d929bd20ce295611a7\",\"name\":\"Ride On\",\"image\":{\"@type\":\"ImageObject\",\"inLanguage\":\"es\",\"@id\":\"https:\\\/\\\/secure.gravatar.com\\\/avatar\\\/785e72183089da6a00243c0f0e2d52db79b9983b602219afb07c868943086138?s=96&d=mm&r=g\",\"url\":\"https:\\\/\\\/secure.gravatar.com\\\/avatar\\\/785e72183089da6a00243c0f0e2d52db79b9983b602219afb07c868943086138?s=96&d=mm&r=g\",\"contentUrl\":\"https:\\\/\\\/secure.gravatar.com\\\/avatar\\\/785e72183089da6a00243c0f0e2d52db79b9983b602219afb07c868943086138?s=96&d=mm&r=g\",\"caption\":\"Ride On\"},\"url\":\"https:\\\/\\\/rideon.es\\\/renting-empresas\\\/author\\\/eduardoyauri\\\/\"}]}<\/script>\n<!-- \/ Yoast SEO Premium plugin. -->","yoast_head_json":{"title":"Promoci\u00f3n 10% Spring Rideon AGOSTO- Rideon.es","description":"La mejor promoci\u00f3n para tu alquiler de moto en Agosto. Si alquilas ahora tu moto para Agosto obtendr\u00e1s un 10% de descuento en tu alquiler.","robots":{"index":"index","follow":"follow","max-snippet":"max-snippet:-1","max-image-preview":"max-image-preview:large","max-video-preview":"max-video-preview:-1"},"canonical":"https:\/\/rideon.es\/renting-empresas\/promocion-spring-rideon\/","og_locale":"es_ES","og_type":"article","og_title":"Promocion Spring Rideon","og_description":"La mejor promoci\u00f3n para tu alquiler de moto en Agosto. Si alquilas ahora tu moto para Agosto obtendr\u00e1s un 10% de descuento en tu alquiler.","og_url":"https:\/\/rideon.es\/renting-empresas\/promocion-spring-rideon\/","og_site_name":"Alquiler de motos mensual y Renting para Empresas","article_published_time":"2017-03-23T17:26:57+00:00","author":"Ride On","twitter_card":"summary_large_image","twitter_misc":{"Escrito por":"Ride On","Tiempo de lectura":"3 minutos"},"schema":{"@context":"https:\/\/schema.org","@graph":[{"@type":"Article","@id":"https:\/\/rideon.es\/renting-empresas\/promocion-spring-rideon\/#article","isPartOf":{"@id":"https:\/\/rideon.es\/renting-empresas\/promocion-spring-rideon\/"},"author":{"name":"Ride On","@id":"https:\/\/rideon.es\/renting-empresas\/#\/schema\/person\/48d6770e55c623d929bd20ce295611a7"},"headline":"Promocion Spring Rideon","datePublished":"2017-03-23T17:26:57+00:00","mainEntityOfPage":{"@id":"https:\/\/rideon.es\/renting-empresas\/promocion-spring-rideon\/"},"wordCount":546,"commentCount":0,"publisher":{"@id":"https:\/\/rideon.es\/renting-empresas\/#organization"},"image":{"@id":"https:\/\/rideon.es\/renting-empresas\/promocion-spring-rideon\/#primaryimage"},"thumbnailUrl":"","articleSection":["Barcelona","Blog","Mallorca","Menorca"],"inLanguage":"es","potentialAction":[{"@type":"CommentAction","name":"Comment","target":["https:\/\/rideon.es\/renting-empresas\/promocion-spring-rideon\/#respond"]}]},{"@type":"WebPage","@id":"https:\/\/rideon.es\/renting-empresas\/promocion-spring-rideon\/","url":"https:\/\/rideon.es\/renting-empresas\/promocion-spring-rideon\/","name":"Promoci\u00f3n 10% Spring Rideon AGOSTO- Rideon.es","isPartOf":{"@id":"https:\/\/rideon.es\/renting-empresas\/#website"},"primaryImageOfPage":{"@id":"https:\/\/rideon.es\/renting-empresas\/promocion-spring-rideon\/#primaryimage"},"image":{"@id":"https:\/\/rideon.es\/renting-empresas\/promocion-spring-rideon\/#primaryimage"},"thumbnailUrl":"","datePublished":"2017-03-23T17:26:57+00:00","description":"La mejor promoci\u00f3n para tu alquiler de moto en Agosto. Si alquilas ahora tu moto para Agosto obtendr\u00e1s un 10% de descuento en tu alquiler.","inLanguage":"es","potentialAction":[{"@type":"ReadAction","target":["https:\/\/rideon.es\/renting-empresas\/promocion-spring-rideon\/"]}]},{"@type":"ImageObject","inLanguage":"es","@id":"https:\/\/rideon.es\/renting-empresas\/promocion-spring-rideon\/#primaryimage","url":"","contentUrl":""},{"@type":"WebSite","@id":"https:\/\/rideon.es\/renting-empresas\/#website","url":"https:\/\/rideon.es\/renting-empresas\/","name":"Alquiler de motos mensual y Renting para Empresas","description":"Las motos m\u00e1s c\u00f3modas y seguras para disfrutar de tus vacaciones sobre ruedas. Alquiler de motos en Menorca, Mallorca, Barcelona y Valencia con Rideon.es","publisher":{"@id":"https:\/\/rideon.es\/renting-empresas\/#organization"},"potentialAction":[{"@type":"SearchAction","target":{"@type":"EntryPoint","urlTemplate":"https:\/\/rideon.es\/renting-empresas\/?s={search_term_string}"},"query-input":{"@type":"PropertyValueSpecification","valueRequired":true,"valueName":"search_term_string"}}],"inLanguage":"es"},{"@type":"Organization","@id":"https:\/\/rideon.es\/renting-empresas\/#organization","name":"Alquiler de motos mensual y Renting para Empresas","url":"https:\/\/rideon.es\/renting-empresas\/","logo":{"@type":"ImageObject","inLanguage":"es","@id":"https:\/\/rideon.es\/renting-empresas\/#\/schema\/logo\/image\/","url":"https:\/\/rideon.es\/renting-empresas\/wp-content\/uploads\/sites\/19\/2020\/02\/rideon_logo-200x78-1.png","contentUrl":"https:\/\/rideon.es\/renting-empresas\/wp-content\/uploads\/sites\/19\/2020\/02\/rideon_logo-200x78-1.png","width":200,"height":78,"caption":"Alquiler de motos mensual y Renting para Empresas"},"image":{"@id":"https:\/\/rideon.es\/renting-empresas\/#\/schema\/logo\/image\/"}},{"@type":"Person","@id":"https:\/\/rideon.es\/renting-empresas\/#\/schema\/person\/48d6770e55c623d929bd20ce295611a7","name":"Ride On","image":{"@type":"ImageObject","inLanguage":"es","@id":"https:\/\/secure.gravatar.com\/avatar\/785e72183089da6a00243c0f0e2d52db79b9983b602219afb07c868943086138?s=96&d=mm&r=g","url":"https:\/\/secure.gravatar.com\/avatar\/785e72183089da6a00243c0f0e2d52db79b9983b602219afb07c868943086138?s=96&d=mm&r=g","contentUrl":"https:\/\/secure.gravatar.com\/avatar\/785e72183089da6a00243c0f0e2d52db79b9983b602219afb07c868943086138?s=96&d=mm&r=g","caption":"Ride On"},"url":"https:\/\/rideon.es\/renting-empresas\/author\/eduardoyauri\/"}]}},"_links":{"self":[{"href":"https:\/\/rideon.es\/renting-empresas\/wp-json\/wp\/v2\/posts\/1890","targetHints":{"allow":["GET"]}}],"collection":[{"href":"https:\/\/rideon.es\/renting-empresas\/wp-json\/wp\/v2\/posts"}],"about":[{"href":"https:\/\/rideon.es\/renting-empresas\/wp-json\/wp\/v2\/types\/post"}],"author":[{"embeddable":true,"href":"https:\/\/rideon.es\/renting-empresas\/wp-json\/wp\/v2\/users\/2"}],"replies":[{"embeddable":true,"href":"https:\/\/rideon.es\/renting-empresas\/wp-json\/wp\/v2\/comments?post=1890"}],"version-history":[{"count":0,"href":"https:\/\/rideon.es\/renting-empresas\/wp-json\/wp\/v2\/posts\/1890\/revisions"}],"wp:featuredmedia":[{"embeddable":true,"href":"https:\/\/rideon.es\/renting-empresas\/wp-json\/"}],"wp:attachment":[{"href":"https:\/\/rideon.es\/renting-empresas\/wp-json\/wp\/v2\/media?parent=1890"}],"wp:term":[{"taxonomy":"category","embeddable":true,"href":"https:\/\/rideon.es\/renting-empresas\/wp-json\/wp\/v2\/categories?post=1890"},{"taxonomy":"post_tag","embeddable":true,"href":"https:\/\/rideon.es\/renting-empresas\/wp-json\/wp\/v2\/tags?post=1890"}],"curies":[{"name":"wp","href":"https:\/\/api.w.org\/{rel}","templated":true}]}}