{"id":1875,"date":"2017-03-20T17:12:18","date_gmt":"2017-03-20T17:12:18","guid":{"rendered":"https:\/\/rideon.es\/?p=1875"},"modified":"2017-03-20T17:12:18","modified_gmt":"2017-03-20T17:12:18","slug":"visita-estellencs","status":"publish","type":"post","link":"https:\/\/rideon.es\/renting-empresas\/visita-estellencs\/","title":{"rendered":"Visita Estellencs"},"content":{"rendered":"<p><span style=\"font-weight: 400\">Entre Andratx y Estellencs podemos hacer una fant\u00e1stica ruta por la m\u00e1s hermosa belleza Mallorquina, el contorno de una costa muestra \u00e1rboles que se cuelgan de los cortados y se precipitan por las laderas como buscando la compa\u00f1\u00eda del mar. Mallorca es perfecto para ser visitado con el<\/span><a href=\"http:\/\/www.rideonmotorent.com\/alquiler-motos-mallorca\/\"><span style=\"font-weight: 400\"> aquiler moto Mallorca<\/span><\/a><span style=\"font-weight: 400\">.<\/span><br \/>\n<img decoding=\"async\" class=\"img-responsive\" src=\"https:\/\/rideon.es\/wp-content\/uploads\/2017\/03\/el-galatzo.jpg\" alt=\"El Galatzo alquiler moto mallorca\" width=\"100%\" \/><br \/>\n&nbsp;<br \/>\n<span style=\"font-weight: 400\">Estellencs es uno de esos pueblos en piedra que parece colgado sobre el horizonte, a sus espaldas se erige otro monumento en piedra, el galatz\u00f3, la monta\u00f1a m\u00e1gica de Mallorca. Estellencs es el pueblo con menos poblaci\u00f3n de toda la isla, y el municipio tambi\u00e9n con menos censo, poco m\u00e1s de 300 habitantes. Aunque en la \u00e9poca de verano supera los 450. Visita la isla de Mallorca con tu <\/span><a href=\"http:\/\/www.rideonmotorent.com\/\"><span style=\"font-weight: 400\">alquiler motos Mallorca<\/span><\/a><span style=\"font-weight: 400\"> Ride On.<\/span><br \/>\n<img decoding=\"async\" class=\"img-responsive\" src=\"https:\/\/rideon.es\/wp-content\/uploads\/2017\/03\/sellenc-alquiler-moto-mallorca.jpg\" alt=\"Estellencs Mallorca\" width=\"100%\" \/><br \/>\n&nbsp;<br \/>\n<span style=\"font-weight: 400\">Cuenta la leyenda que es el lugar del m\u00edtico conde Mal, Ram\u00f3n Bug\u00e8s. Fu\u00e9 el conde propietario de estas ricas tierras , un esp\u00edritu que para espanto del pueblo gustaba recorrer las laderas del puig con armadura negra, cabalgando un caballo verde y con olor a azufre. \u00a0\u00a0Visita el Mallorca con tu <\/span><a href=\"http:\/\/www.rideonmotorent.com\/alquiler-motos-mallorca\/\"><span style=\"font-weight: 400\">alquiler moto Mallorca<\/span><\/a><span style=\"font-weight: 400\"> Rideon.<\/span><br \/>\n<img decoding=\"async\" class=\"img-responsive\" src=\"https:\/\/rideon.es\/wp-content\/uploads\/2017\/03\/caballo-conde-mal-rent-a-car-mallorca.jpg\" alt=\"El conde mal alquiler moto mallorca\" width=\"100%\" \/><br \/>\n&nbsp;<br \/>\n<span style=\"font-weight: 400\">Entre Estellencs y banyalbufar se levanta otras de las torres defensivas que ha acabado dado personalidad a uno de los paisajes m\u00e1s emblem\u00e1ticos de Mallorca, la Atalaya de Ses \u00e0nimes agudiza su vigilante perfil sobre los acantilados, es probablemente la m\u00e1s antigua de las torres de vig\u00eda de la isla. Se dice que las \u00e1nimas en pena tejen unas invisibles redes durante las noches de invierno para atrapar a quien se aventuran a pasar por sus alrededores. \u00a0Visita Estellencs con tu <\/span><a href=\"http:\/\/www.rideonmotorent.com\/alquiler-motos-mallorca\/\"><span style=\"font-weight: 400\">alquiler moto Mallorca<\/span><\/a><span style=\"font-weight: 400\"> Rideon.<\/span><br \/>\n<img decoding=\"async\" class=\"img-responsive\" src=\"https:\/\/rideon.es\/wp-content\/uploads\/2017\/03\/atalaya-Mallorca.jpg\" alt=\"Atalaya alquiler moto mallorca\" width=\"100%\" \/><br \/>\n&nbsp;<br \/>\n<span style=\"font-weight: 400\">La imagen del acantilado, la atalaya, el mar y el cielo son los elementos que forman el paisaje de este maravilloso sitio. el nombre proviene del \u00e1rabe y significa vi\u00f1a del mar. <\/span><br \/>\n<img decoding=\"async\" class=\"img-responsive\" src=\"https:\/\/rideon.es\/wp-content\/uploads\/2017\/03\/banyalbufar.jpg\" alt=\"Banyalbufar alquiler moto mallorca\" width=\"100%\" \/><br \/>\n&nbsp;<br \/>\n<span style=\"font-weight: 400\">Caminos y barracas hablan de un cultivo que aprovecha hasta el \u00faltimo cent\u00edmetro de suelo libre, con su fruto se hac\u00eda un vino dulce y fragante que adornaba los m\u00e1s exquisitos postres.<\/span><br \/>\n&nbsp;<br \/>\n<span style=\"font-weight: 400\">Para m\u00e1s informaci\u00f3n visiten nuestro <\/span><a href=\"https:\/\/rideon.es\/mallorca\/\"><span style=\"font-weight: 400\">Blog de informaci\u00f3n Tur\u00edstica a Mallorca<\/span><\/a><span style=\"font-weight: 400\">, para reservas online de motos de alquiler Mallorca pueden visitar nuestra web <\/span><a href=\"https:\/\/rideon.es\/\"><span style=\"font-weight: 400\">www.rideonmotorent.com<\/span><\/a><br \/>\n&nbsp;<\/p>\n","protected":false},"excerpt":{"rendered":"<p>Entre Andratx y Estellencs podemos hacer una fant\u00e1stica ruta por la m\u00e1s hermosa belleza Mallorquina, el contorno de una costa muestra \u00e1rboles que se cuelgan de los cortados y se precipitan por las laderas como buscando la compa\u00f1\u00eda del mar. Mallorca es perfecto para ser visitado con el aquiler moto Mallorca. &nbsp; Estellencs es uno<\/p>\n","protected":false},"author":2,"featured_media":1881,"comment_status":"open","ping_status":"closed","sticky":false,"template":"","format":"standard","meta":{"inline_featured_image":false,"footnotes":""},"categories":[12,11],"tags":[],"class_list":["post-1875","post","type-post","status-publish","format-standard","has-post-thumbnail","hentry","category-blog","category-mallorca"],"yoast_head":"<!-- This site is optimized with the Yoast SEO Premium plugin v18.7 (Yoast SEO v27.5) - https:\/\/yoast.com\/product\/yoast-seo-premium-wordpress\/ -->\n<title>Visita Estellencs y Banyabufar- Rideon.es Alquiler motos Mallorca<\/title>\n<meta name=\"description\" content=\"Descubre con Rideon alquiler de motos en Mallorca la mejor forma de recorrer la isla y visitar los puntos m\u00e1s emblem\u00e1ticos de Mallorca\" \/>\n<meta name=\"robots\" content=\"index, follow, max-snippet:-1, max-image-preview:large, max-video-preview:-1\" \/>\n<link rel=\"canonical\" href=\"https:\/\/rideon.es\/renting-empresas\/visita-estellencs\/\" \/>\n<meta property=\"og:locale\" content=\"es_ES\" \/>\n<meta property=\"og:type\" content=\"article\" \/>\n<meta property=\"og:title\" content=\"Visita Estellencs\" \/>\n<meta property=\"og:description\" content=\"Descubre con Rideon alquiler de motos en Mallorca la mejor forma de recorrer la isla y visitar los puntos m\u00e1s emblem\u00e1ticos de Mallorca\" \/>\n<meta property=\"og:url\" content=\"https:\/\/rideon.es\/renting-empresas\/visita-estellencs\/\" \/>\n<meta property=\"og:site_name\" content=\"Alquiler de motos mensual y Renting para Empresas\" \/>\n<meta property=\"article:published_time\" content=\"2017-03-20T17:12:18+00:00\" \/>\n<meta property=\"og:image\" content=\"https:\/\/rideon.es\/renting-empresas\/wp-content\/uploads\/sites\/19\/2019\/05\/Ride-on-motorent-kymco-super-dink-125cc.jpg\" \/>\n\t<meta property=\"og:image:width\" content=\"555\" \/>\n\t<meta property=\"og:image:height\" content=\"476\" \/>\n\t<meta property=\"og:image:type\" content=\"image\/jpeg\" \/>\n<meta name=\"author\" content=\"Ride On\" \/>\n<meta name=\"twitter:card\" content=\"summary_large_image\" \/>\n<meta name=\"twitter:label1\" content=\"Escrito por\" \/>\n\t<meta name=\"twitter:data1\" content=\"Ride On\" \/>\n\t<meta name=\"twitter:label2\" content=\"Tiempo de lectura\" \/>\n\t<meta name=\"twitter:data2\" content=\"2 minutos\" \/>\n<script type=\"application\/ld+json\" class=\"yoast-schema-graph\">{\"@context\":\"https:\\\/\\\/schema.org\",\"@graph\":[{\"@type\":\"Article\",\"@id\":\"https:\\\/\\\/rideon.es\\\/renting-empresas\\\/visita-estellencs\\\/#article\",\"isPartOf\":{\"@id\":\"https:\\\/\\\/rideon.es\\\/renting-empresas\\\/visita-estellencs\\\/\"},\"author\":{\"name\":\"Ride On\",\"@id\":\"https:\\\/\\\/rideon.es\\\/renting-empresas\\\/#\\\/schema\\\/person\\\/48d6770e55c623d929bd20ce295611a7\"},\"headline\":\"Visita Estellencs\",\"datePublished\":\"2017-03-20T17:12:18+00:00\",\"mainEntityOfPage\":{\"@id\":\"https:\\\/\\\/rideon.es\\\/renting-empresas\\\/visita-estellencs\\\/\"},\"wordCount\":386,\"commentCount\":0,\"publisher\":{\"@id\":\"https:\\\/\\\/rideon.es\\\/renting-empresas\\\/#organization\"},\"image\":{\"@id\":\"https:\\\/\\\/rideon.es\\\/renting-empresas\\\/visita-estellencs\\\/#primaryimage\"},\"thumbnailUrl\":\"https:\\\/\\\/rideon.es\\\/renting-empresas\\\/wp-content\\\/uploads\\\/sites\\\/19\\\/2019\\\/05\\\/Ride-on-motorent-kymco-super-dink-125cc.jpg\",\"articleSection\":[\"Blog\",\"Mallorca\"],\"inLanguage\":\"es\",\"potentialAction\":[{\"@type\":\"CommentAction\",\"name\":\"Comment\",\"target\":[\"https:\\\/\\\/rideon.es\\\/renting-empresas\\\/visita-estellencs\\\/#respond\"]}]},{\"@type\":\"WebPage\",\"@id\":\"https:\\\/\\\/rideon.es\\\/renting-empresas\\\/visita-estellencs\\\/\",\"url\":\"https:\\\/\\\/rideon.es\\\/renting-empresas\\\/visita-estellencs\\\/\",\"name\":\"Visita Estellencs y Banyabufar- Rideon.es Alquiler motos Mallorca\",\"isPartOf\":{\"@id\":\"https:\\\/\\\/rideon.es\\\/renting-empresas\\\/#website\"},\"primaryImageOfPage\":{\"@id\":\"https:\\\/\\\/rideon.es\\\/renting-empresas\\\/visita-estellencs\\\/#primaryimage\"},\"image\":{\"@id\":\"https:\\\/\\\/rideon.es\\\/renting-empresas\\\/visita-estellencs\\\/#primaryimage\"},\"thumbnailUrl\":\"https:\\\/\\\/rideon.es\\\/renting-empresas\\\/wp-content\\\/uploads\\\/sites\\\/19\\\/2019\\\/05\\\/Ride-on-motorent-kymco-super-dink-125cc.jpg\",\"datePublished\":\"2017-03-20T17:12:18+00:00\",\"description\":\"Descubre con Rideon alquiler de motos en Mallorca la mejor forma de recorrer la isla y visitar los puntos m\u00e1s emblem\u00e1ticos de Mallorca\",\"inLanguage\":\"es\",\"potentialAction\":[{\"@type\":\"ReadAction\",\"target\":[\"https:\\\/\\\/rideon.es\\\/renting-empresas\\\/visita-estellencs\\\/\"]}]},{\"@type\":\"ImageObject\",\"inLanguage\":\"es\",\"@id\":\"https:\\\/\\\/rideon.es\\\/renting-empresas\\\/visita-estellencs\\\/#primaryimage\",\"url\":\"https:\\\/\\\/rideon.es\\\/renting-empresas\\\/wp-content\\\/uploads\\\/sites\\\/19\\\/2019\\\/05\\\/Ride-on-motorent-kymco-super-dink-125cc.jpg\",\"contentUrl\":\"https:\\\/\\\/rideon.es\\\/renting-empresas\\\/wp-content\\\/uploads\\\/sites\\\/19\\\/2019\\\/05\\\/Ride-on-motorent-kymco-super-dink-125cc.jpg\",\"width\":555,\"height\":476,\"caption\":\"Ride-on-scooter-rental-kymco-super-dink-125cc\"},{\"@type\":\"WebSite\",\"@id\":\"https:\\\/\\\/rideon.es\\\/renting-empresas\\\/#website\",\"url\":\"https:\\\/\\\/rideon.es\\\/renting-empresas\\\/\",\"name\":\"Alquiler de motos mensual y Renting para Empresas\",\"description\":\"Las motos m\u00e1s c\u00f3modas y seguras para disfrutar de tus vacaciones sobre ruedas. Alquiler de motos en Menorca, Mallorca, Barcelona y Valencia con Rideon.es\",\"publisher\":{\"@id\":\"https:\\\/\\\/rideon.es\\\/renting-empresas\\\/#organization\"},\"potentialAction\":[{\"@type\":\"SearchAction\",\"target\":{\"@type\":\"EntryPoint\",\"urlTemplate\":\"https:\\\/\\\/rideon.es\\\/renting-empresas\\\/?s={search_term_string}\"},\"query-input\":{\"@type\":\"PropertyValueSpecification\",\"valueRequired\":true,\"valueName\":\"search_term_string\"}}],\"inLanguage\":\"es\"},{\"@type\":\"Organization\",\"@id\":\"https:\\\/\\\/rideon.es\\\/renting-empresas\\\/#organization\",\"name\":\"Alquiler de motos mensual y Renting para Empresas\",\"url\":\"https:\\\/\\\/rideon.es\\\/renting-empresas\\\/\",\"logo\":{\"@type\":\"ImageObject\",\"inLanguage\":\"es\",\"@id\":\"https:\\\/\\\/rideon.es\\\/renting-empresas\\\/#\\\/schema\\\/logo\\\/image\\\/\",\"url\":\"https:\\\/\\\/rideon.es\\\/renting-empresas\\\/wp-content\\\/uploads\\\/sites\\\/19\\\/2020\\\/02\\\/rideon_logo-200x78-1.png\",\"contentUrl\":\"https:\\\/\\\/rideon.es\\\/renting-empresas\\\/wp-content\\\/uploads\\\/sites\\\/19\\\/2020\\\/02\\\/rideon_logo-200x78-1.png\",\"width\":200,\"height\":78,\"caption\":\"Alquiler de motos mensual y Renting para Empresas\"},\"image\":{\"@id\":\"https:\\\/\\\/rideon.es\\\/renting-empresas\\\/#\\\/schema\\\/logo\\\/image\\\/\"}},{\"@type\":\"Person\",\"@id\":\"https:\\\/\\\/rideon.es\\\/renting-empresas\\\/#\\\/schema\\\/person\\\/48d6770e55c623d929bd20ce295611a7\",\"name\":\"Ride On\",\"image\":{\"@type\":\"ImageObject\",\"inLanguage\":\"es\",\"@id\":\"https:\\\/\\\/secure.gravatar.com\\\/avatar\\\/785e72183089da6a00243c0f0e2d52db79b9983b602219afb07c868943086138?s=96&d=mm&r=g\",\"url\":\"https:\\\/\\\/secure.gravatar.com\\\/avatar\\\/785e72183089da6a00243c0f0e2d52db79b9983b602219afb07c868943086138?s=96&d=mm&r=g\",\"contentUrl\":\"https:\\\/\\\/secure.gravatar.com\\\/avatar\\\/785e72183089da6a00243c0f0e2d52db79b9983b602219afb07c868943086138?s=96&d=mm&r=g\",\"caption\":\"Ride On\"},\"url\":\"https:\\\/\\\/rideon.es\\\/renting-empresas\\\/author\\\/eduardoyauri\\\/\"}]}<\/script>\n<!-- \/ Yoast SEO Premium plugin. -->","yoast_head_json":{"title":"Visita Estellencs y Banyabufar- Rideon.es Alquiler motos Mallorca","description":"Descubre con Rideon alquiler de motos en Mallorca la mejor forma de recorrer la isla y visitar los puntos m\u00e1s emblem\u00e1ticos de Mallorca","robots":{"index":"index","follow":"follow","max-snippet":"max-snippet:-1","max-image-preview":"max-image-preview:large","max-video-preview":"max-video-preview:-1"},"canonical":"https:\/\/rideon.es\/renting-empresas\/visita-estellencs\/","og_locale":"es_ES","og_type":"article","og_title":"Visita Estellencs","og_description":"Descubre con Rideon alquiler de motos en Mallorca la mejor forma de recorrer la isla y visitar los puntos m\u00e1s emblem\u00e1ticos de Mallorca","og_url":"https:\/\/rideon.es\/renting-empresas\/visita-estellencs\/","og_site_name":"Alquiler de motos mensual y Renting para Empresas","article_published_time":"2017-03-20T17:12:18+00:00","og_image":[{"width":555,"height":476,"url":"https:\/\/rideon.es\/renting-empresas\/wp-content\/uploads\/sites\/19\/2019\/05\/Ride-on-motorent-kymco-super-dink-125cc.jpg","type":"image\/jpeg"}],"author":"Ride On","twitter_card":"summary_large_image","twitter_misc":{"Escrito por":"Ride On","Tiempo de lectura":"2 minutos"},"schema":{"@context":"https:\/\/schema.org","@graph":[{"@type":"Article","@id":"https:\/\/rideon.es\/renting-empresas\/visita-estellencs\/#article","isPartOf":{"@id":"https:\/\/rideon.es\/renting-empresas\/visita-estellencs\/"},"author":{"name":"Ride On","@id":"https:\/\/rideon.es\/renting-empresas\/#\/schema\/person\/48d6770e55c623d929bd20ce295611a7"},"headline":"Visita Estellencs","datePublished":"2017-03-20T17:12:18+00:00","mainEntityOfPage":{"@id":"https:\/\/rideon.es\/renting-empresas\/visita-estellencs\/"},"wordCount":386,"commentCount":0,"publisher":{"@id":"https:\/\/rideon.es\/renting-empresas\/#organization"},"image":{"@id":"https:\/\/rideon.es\/renting-empresas\/visita-estellencs\/#primaryimage"},"thumbnailUrl":"https:\/\/rideon.es\/renting-empresas\/wp-content\/uploads\/sites\/19\/2019\/05\/Ride-on-motorent-kymco-super-dink-125cc.jpg","articleSection":["Blog","Mallorca"],"inLanguage":"es","potentialAction":[{"@type":"CommentAction","name":"Comment","target":["https:\/\/rideon.es\/renting-empresas\/visita-estellencs\/#respond"]}]},{"@type":"WebPage","@id":"https:\/\/rideon.es\/renting-empresas\/visita-estellencs\/","url":"https:\/\/rideon.es\/renting-empresas\/visita-estellencs\/","name":"Visita Estellencs y Banyabufar- Rideon.es Alquiler motos Mallorca","isPartOf":{"@id":"https:\/\/rideon.es\/renting-empresas\/#website"},"primaryImageOfPage":{"@id":"https:\/\/rideon.es\/renting-empresas\/visita-estellencs\/#primaryimage"},"image":{"@id":"https:\/\/rideon.es\/renting-empresas\/visita-estellencs\/#primaryimage"},"thumbnailUrl":"https:\/\/rideon.es\/renting-empresas\/wp-content\/uploads\/sites\/19\/2019\/05\/Ride-on-motorent-kymco-super-dink-125cc.jpg","datePublished":"2017-03-20T17:12:18+00:00","description":"Descubre con Rideon alquiler de motos en Mallorca la mejor forma de recorrer la isla y visitar los puntos m\u00e1s emblem\u00e1ticos de Mallorca","inLanguage":"es","potentialAction":[{"@type":"ReadAction","target":["https:\/\/rideon.es\/renting-empresas\/visita-estellencs\/"]}]},{"@type":"ImageObject","inLanguage":"es","@id":"https:\/\/rideon.es\/renting-empresas\/visita-estellencs\/#primaryimage","url":"https:\/\/rideon.es\/renting-empresas\/wp-content\/uploads\/sites\/19\/2019\/05\/Ride-on-motorent-kymco-super-dink-125cc.jpg","contentUrl":"https:\/\/rideon.es\/renting-empresas\/wp-content\/uploads\/sites\/19\/2019\/05\/Ride-on-motorent-kymco-super-dink-125cc.jpg","width":555,"height":476,"caption":"Ride-on-scooter-rental-kymco-super-dink-125cc"},{"@type":"WebSite","@id":"https:\/\/rideon.es\/renting-empresas\/#website","url":"https:\/\/rideon.es\/renting-empresas\/","name":"Alquiler de motos mensual y Renting para Empresas","description":"Las motos m\u00e1s c\u00f3modas y seguras para disfrutar de tus vacaciones sobre ruedas. Alquiler de motos en Menorca, Mallorca, Barcelona y Valencia con Rideon.es","publisher":{"@id":"https:\/\/rideon.es\/renting-empresas\/#organization"},"potentialAction":[{"@type":"SearchAction","target":{"@type":"EntryPoint","urlTemplate":"https:\/\/rideon.es\/renting-empresas\/?s={search_term_string}"},"query-input":{"@type":"PropertyValueSpecification","valueRequired":true,"valueName":"search_term_string"}}],"inLanguage":"es"},{"@type":"Organization","@id":"https:\/\/rideon.es\/renting-empresas\/#organization","name":"Alquiler de motos mensual y Renting para Empresas","url":"https:\/\/rideon.es\/renting-empresas\/","logo":{"@type":"ImageObject","inLanguage":"es","@id":"https:\/\/rideon.es\/renting-empresas\/#\/schema\/logo\/image\/","url":"https:\/\/rideon.es\/renting-empresas\/wp-content\/uploads\/sites\/19\/2020\/02\/rideon_logo-200x78-1.png","contentUrl":"https:\/\/rideon.es\/renting-empresas\/wp-content\/uploads\/sites\/19\/2020\/02\/rideon_logo-200x78-1.png","width":200,"height":78,"caption":"Alquiler de motos mensual y Renting para Empresas"},"image":{"@id":"https:\/\/rideon.es\/renting-empresas\/#\/schema\/logo\/image\/"}},{"@type":"Person","@id":"https:\/\/rideon.es\/renting-empresas\/#\/schema\/person\/48d6770e55c623d929bd20ce295611a7","name":"Ride On","image":{"@type":"ImageObject","inLanguage":"es","@id":"https:\/\/secure.gravatar.com\/avatar\/785e72183089da6a00243c0f0e2d52db79b9983b602219afb07c868943086138?s=96&d=mm&r=g","url":"https:\/\/secure.gravatar.com\/avatar\/785e72183089da6a00243c0f0e2d52db79b9983b602219afb07c868943086138?s=96&d=mm&r=g","contentUrl":"https:\/\/secure.gravatar.com\/avatar\/785e72183089da6a00243c0f0e2d52db79b9983b602219afb07c868943086138?s=96&d=mm&r=g","caption":"Ride On"},"url":"https:\/\/rideon.es\/renting-empresas\/author\/eduardoyauri\/"}]}},"_links":{"self":[{"href":"https:\/\/rideon.es\/renting-empresas\/wp-json\/wp\/v2\/posts\/1875","targetHints":{"allow":["GET"]}}],"collection":[{"href":"https:\/\/rideon.es\/renting-empresas\/wp-json\/wp\/v2\/posts"}],"about":[{"href":"https:\/\/rideon.es\/renting-empresas\/wp-json\/wp\/v2\/types\/post"}],"author":[{"embeddable":true,"href":"https:\/\/rideon.es\/renting-empresas\/wp-json\/wp\/v2\/users\/2"}],"replies":[{"embeddable":true,"href":"https:\/\/rideon.es\/renting-empresas\/wp-json\/wp\/v2\/comments?post=1875"}],"version-history":[{"count":0,"href":"https:\/\/rideon.es\/renting-empresas\/wp-json\/wp\/v2\/posts\/1875\/revisions"}],"wp:featuredmedia":[{"embeddable":true,"href":"https:\/\/rideon.es\/renting-empresas\/wp-json\/wp\/v2\/media\/1881"}],"wp:attachment":[{"href":"https:\/\/rideon.es\/renting-empresas\/wp-json\/wp\/v2\/media?parent=1875"}],"wp:term":[{"taxonomy":"category","embeddable":true,"href":"https:\/\/rideon.es\/renting-empresas\/wp-json\/wp\/v2\/categories?post=1875"},{"taxonomy":"post_tag","embeddable":true,"href":"https:\/\/rideon.es\/renting-empresas\/wp-json\/wp\/v2\/tags?post=1875"}],"curies":[{"name":"wp","href":"https:\/\/api.w.org\/{rel}","templated":true}]}}