{"id":1857,"date":"2017-03-13T17:08:08","date_gmt":"2017-03-13T17:08:08","guid":{"rendered":"https:\/\/rideon.es\/?p=1857"},"modified":"2017-03-13T17:08:08","modified_gmt":"2017-03-13T17:08:08","slug":"plaza-catalunya-y-estacion-de-francia","status":"publish","type":"post","link":"https:\/\/rideon.es\/renting-empresas\/plaza-catalunya-y-estacion-de-francia\/","title":{"rendered":"Plaza Catalunya y estaci\u00f3n de Francia"},"content":{"rendered":"<p><b>Visitar la Plaza Catalunya<\/b><br \/>\n<span style=\"font-weight: 400\">Localizaci\u00f3n: <\/span><a href=\"https:\/\/goo.gl\/maps\/wQmNkEC13fz\"><span style=\"font-weight: 400\">https:\/\/goo.gl\/maps\/wQmNkEC13fz<\/span><\/a><br \/>\n&nbsp;<br \/>\n<span style=\"font-weight: 400\">El centro reconocible de Barcelona es la plaza Catalu\u00f1a, bajo tierra se esconde una r\u00e9plica de la plaza en peque\u00f1o, una gan red de intercambiadores en los que ebulle el movimiento de la ciudad y en que queda patente que Barcelona no es solo Barcelona, sino toda su \u00e1rea metropolitana. Esta \u00e1rea la convierte en una ciudad polic\u00e9ntrica. \u00a0Descubre Barcelona con nuestro servicio de <\/span><a href=\"https:\/\/rideon.es\/barcelona\/\"><span style=\"font-weight: 400\">alquiler de moto barcelona<\/span><\/a><span style=\"font-weight: 400\">.<\/span><br \/>\n<img decoding=\"async\" class=\"img-responsive\" src=\"https:\/\/rideon.es\/wp-content\/uploads\/2017\/03\/Plaza-catalu\u00f1a-Barcelona.jpg\" alt=\"Visita la plaza Catalunya\" width=\"100%\" \/><br \/>\n&nbsp;<br \/>\n<span style=\"font-weight: 400\">En el sentido estricto la plaza Catalunya no es el centro de Barcelona, no porque no se sit\u00fae all\u00ed, sino porque hay otros centros en la ciudad, el metro es un buen ejemplo de ello. <\/span><br \/>\n<img decoding=\"async\" class=\"img-responsive\" src=\"https:\/\/rideon.es\/wp-content\/uploads\/2017\/03\/plaza-catalunya-barcelona-desde-aire.jpg\" alt=\"Visita la plaza Catalunya foto aerea\" width=\"100%\" \/><br \/>\n&nbsp;<br \/>\n<span style=\"font-weight: 400\">La plaza Catalunya Constituye el punto de uni\u00f3n entre el n\u00facleo viejo de la ciudad y el Ensanche. De aqu\u00ed parten importantes v\u00edas de la ciudad como la Rambla, el paseo de Gracia, la rambla de Catalu\u00f1a o las rondas de la Universidad y de San Pedro, y la calle de Pelayo, as\u00ed como la avenida de Portal del \u00c1ngel, la gran arteria comercial de la ciudad, y antigua puerta de las murallas. \u00a0La forma m\u00e1s c\u00f3moda para descubrir Barcelona es mediante nuestro servicio de<\/span><a href=\"https:\/\/rideon.es\/barcelona\/\"><span style=\"font-weight: 400\"> alquiler moto Barcelona<\/span><\/a><br \/>\n<img decoding=\"async\" class=\"img-responsive\" src=\"https:\/\/rideon.es\/wp-content\/uploads\/2017\/03\/estatua-plaza-catalunya-alquiler-moto-barcelona.jpg\" alt=\"Estatuas plaza Catalunya\" width=\"100%\" \/><br \/>\n&nbsp;<br \/>\n<span style=\"font-weight: 400\">La plaza tambi\u00e9n destaca por las numerosas esculturas de importantes artistas expuestas a lo largo de su per\u00edmetro, entre las cuales destacan la Diosa de Josep Clar\u00e0, Barcelona de Frederic Mar\u00e8s y el Pastor de Pablo Gargallo, adem\u00e1s de obras de Josep Llimona, Enrique Casanovas, etc., o el monumento a Francesc Maci\u00e0 de Josep Maria Subirachs. . <\/span><span style=\"font-weight: 400\">E<\/span><span style=\"font-weight: 400\">l centro de Barcelona es dif\u00edcil moverse en coche, por eso te recomendamos nuestro servicio de <\/span><a href=\"https:\/\/rideon.es\/barcelona\/\"><span style=\"font-weight: 400\">moto rent Barcelona<\/span><\/a><span style=\"font-weight: 400\">. <\/span><br \/>\n&nbsp;<br \/>\n<b>Comer en Gur\u00fa BCN Lounge Bar<\/b><br \/>\n<span style=\"font-weight: 400\">Localizaci\u00f3n: <\/span><a href=\"https:\/\/goo.gl\/maps\/aKQGDXfpDmp\"><span style=\"font-weight: 400\">https:\/\/goo.gl\/maps\/aKQGDXfpDmp<\/span><\/a><br \/>\n&nbsp;<br \/>\n<span style=\"font-weight: 400\">Ubicado en el coraz\u00f3n de la vieja Barcelona, (Barrio G\u00f3tico), en Gur\u00fa podr\u00e1s disfrutar de un perfecto after work en un ambiente relajado sin salir del estr\u00e9s de la ciudad.<\/span><br \/>\n&nbsp;<br \/>\n<img decoding=\"async\" class=\"img-responsive\" src=\"https:\/\/rideon.es\/wp-content\/uploads\/2017\/03\/restaurante-guru-barcelona.jpg\" alt=\"Restaurante Gur\u00fa Barcelona\" width=\"100%\" \/><br \/>\n<span style=\"font-weight: 400\">Cocina Mediterr\u00e1nea con sabor internacional caracterizada por la innovaci\u00f3n y calidad de nuestra cocina. Platos elaborados de forma casera y artesanal con ingredientes frescos de mercado.<\/span><br \/>\n<span style=\"font-weight: 400\">Disfruta de nuestra selecci\u00f3n de tapas, ensaladas, bocadillos y hamburguesas especiales, o reg\u00e1late un brunch para celebrar el fin de semana.No es f\u00e1cil aparcar en Barcelona, te recomendamos nuestro servicio de<\/span><a href=\"https:\/\/rideon.es\/barcelona\/\"><span style=\"font-weight: 400\"> alquiler moto Barcelona<\/span><\/a><br \/>\n&nbsp;<br \/>\n<b>Estaci\u00f3n de Francia<\/b><br \/>\n<span style=\"font-weight: 400\">Localizaci\u00f3n: <\/span><a href=\"https:\/\/goo.gl\/maps\/3RQtaLTGJHR2\"><span style=\"font-weight: 400\">https:\/\/goo.gl\/maps\/3RQtaLTGJHR2<\/span><\/a><br \/>\n&nbsp;<br \/>\n<span style=\"font-weight: 400\">Adem\u00e1s de la plaza de Catalu\u00f1a, el otro n\u00f3dulo importantes que tambi\u00e9n cumple con las funciones de intercambiador de comunicaciones en la ciudad es la estaci\u00f3n de Sants. Pero la estaci\u00f3n con m\u00e1s Glamour es sin duda la estaci\u00f3n de Francia. No hay que olvidar que el primer tren que hubo en la Espa\u00f1a peninsular fu\u00e9 la l\u00ednea Barcelona-Matar\u00f3 en 1848. <\/span><br \/>\n&nbsp;<br \/>\n<img decoding=\"async\" class=\"img-responsive\" src=\"https:\/\/rideon.es\/wp-content\/uploads\/2017\/03\/estacio-de-francia-Barcelona.jpg\" alt=\"Estaci\u00f3n\" \/><br \/>\n<span style=\"font-weight: 400\">Los edificios envuelven las v\u00edas en forma de \u00abU\u00bb y est\u00e1n fabricados con materiales considerados de lujo como m\u00e1rmol y bronce con vidrieras decorativas. El vest\u00edbulo cuenta con tres c\u00fapulas de grandes dimensiones. <\/span><br \/>\n<img decoding=\"async\" class=\"img-responsive\" src=\"https:\/\/rideon.es\/wp-content\/uploads\/2017\/03\/estacio-de-francia-Barcelona.jpg\" alt=\"Estaci\u00f3n\" \/><br \/>\n&nbsp;<br \/>\n<span style=\"font-weight: 400\">Para m\u00e1s informaci\u00f3n visiten nuestro <\/span><a href=\"https:\/\/rideon.es\/blog-barcelona\/\"><span style=\"font-weight: 400\">Blog de informaci\u00f3n Tur\u00edstica a Barcelona<\/span><\/a><span style=\"font-weight: 400\">, para reservas online de motos de alquiler Mallorca pueden visitar nuestra web <\/span><a href=\"https:\/\/rideon.es\/barcelona\/\"><span style=\"font-weight: 400\">www.rideon.es<\/span><\/a><br \/>\n&nbsp;<\/p>\n","protected":false},"excerpt":{"rendered":"<p>Visitar la Plaza Catalunya Localizaci\u00f3n: https:\/\/goo.gl\/maps\/wQmNkEC13fz &nbsp; El centro reconocible de Barcelona es la plaza Catalu\u00f1a, bajo tierra se esconde una r\u00e9plica de la plaza en peque\u00f1o, una gan red de intercambiadores en los que ebulle el movimiento de la ciudad y en que queda patente que Barcelona no es solo Barcelona, sino toda su<\/p>\n","protected":false},"author":2,"featured_media":1865,"comment_status":"open","ping_status":"closed","sticky":false,"template":"","format":"standard","meta":{"inline_featured_image":false,"footnotes":""},"categories":[9],"tags":[],"class_list":["post-1857","post","type-post","status-publish","format-standard","has-post-thumbnail","hentry","category-barcelona"],"yoast_head":"<!-- This site is optimized with the Yoast SEO Premium plugin v18.7 (Yoast SEO v27.5) - https:\/\/yoast.com\/product\/yoast-seo-premium-wordpress\/ -->\n<title>Plaza Catalunya y estaci\u00f3n de Francia - Rideon.es<\/title>\n<meta name=\"description\" content=\"Descubre con Rideon alquiler de motos Barcelona la plaza Catalunya, come en un magn\u00edfico restaurante y por la tarde visita la Estaci\u00f3n de Francia.\" \/>\n<meta name=\"robots\" content=\"index, follow, max-snippet:-1, max-image-preview:large, max-video-preview:-1\" \/>\n<link rel=\"canonical\" href=\"https:\/\/rideon.es\/renting-empresas\/plaza-catalunya-y-estacion-de-francia\/\" \/>\n<meta property=\"og:locale\" content=\"es_ES\" \/>\n<meta property=\"og:type\" content=\"article\" \/>\n<meta property=\"og:title\" content=\"Plaza Catalunya y estaci\u00f3n de Francia\" \/>\n<meta property=\"og:description\" content=\"Descubre con Rideon alquiler de motos Barcelona la plaza Catalunya, come en un magn\u00edfico restaurante y por la tarde visita la Estaci\u00f3n de Francia.\" \/>\n<meta property=\"og:url\" content=\"https:\/\/rideon.es\/renting-empresas\/plaza-catalunya-y-estacion-de-francia\/\" \/>\n<meta property=\"og:site_name\" content=\"Alquiler de motos mensual y Renting para Empresas\" \/>\n<meta property=\"article:published_time\" content=\"2017-03-13T17:08:08+00:00\" \/>\n<meta name=\"author\" content=\"Ride On\" \/>\n<meta name=\"twitter:card\" content=\"summary_large_image\" \/>\n<meta name=\"twitter:label1\" content=\"Escrito por\" \/>\n\t<meta name=\"twitter:data1\" content=\"Ride On\" \/>\n\t<meta name=\"twitter:label2\" content=\"Tiempo de lectura\" \/>\n\t<meta name=\"twitter:data2\" content=\"3 minutos\" \/>\n<script type=\"application\/ld+json\" class=\"yoast-schema-graph\">{\"@context\":\"https:\\\/\\\/schema.org\",\"@graph\":[{\"@type\":\"Article\",\"@id\":\"https:\\\/\\\/rideon.es\\\/renting-empresas\\\/plaza-catalunya-y-estacion-de-francia\\\/#article\",\"isPartOf\":{\"@id\":\"https:\\\/\\\/rideon.es\\\/renting-empresas\\\/plaza-catalunya-y-estacion-de-francia\\\/\"},\"author\":{\"name\":\"Ride On\",\"@id\":\"https:\\\/\\\/rideon.es\\\/renting-empresas\\\/#\\\/schema\\\/person\\\/48d6770e55c623d929bd20ce295611a7\"},\"headline\":\"Plaza Catalunya y estaci\u00f3n de Francia\",\"datePublished\":\"2017-03-13T17:08:08+00:00\",\"mainEntityOfPage\":{\"@id\":\"https:\\\/\\\/rideon.es\\\/renting-empresas\\\/plaza-catalunya-y-estacion-de-francia\\\/\"},\"wordCount\":576,\"commentCount\":0,\"publisher\":{\"@id\":\"https:\\\/\\\/rideon.es\\\/renting-empresas\\\/#organization\"},\"image\":{\"@id\":\"https:\\\/\\\/rideon.es\\\/renting-empresas\\\/plaza-catalunya-y-estacion-de-francia\\\/#primaryimage\"},\"thumbnailUrl\":\"\",\"articleSection\":[\"Barcelona\"],\"inLanguage\":\"es\",\"potentialAction\":[{\"@type\":\"CommentAction\",\"name\":\"Comment\",\"target\":[\"https:\\\/\\\/rideon.es\\\/renting-empresas\\\/plaza-catalunya-y-estacion-de-francia\\\/#respond\"]}]},{\"@type\":\"WebPage\",\"@id\":\"https:\\\/\\\/rideon.es\\\/renting-empresas\\\/plaza-catalunya-y-estacion-de-francia\\\/\",\"url\":\"https:\\\/\\\/rideon.es\\\/renting-empresas\\\/plaza-catalunya-y-estacion-de-francia\\\/\",\"name\":\"Plaza Catalunya y estaci\u00f3n de Francia - Rideon.es\",\"isPartOf\":{\"@id\":\"https:\\\/\\\/rideon.es\\\/renting-empresas\\\/#website\"},\"primaryImageOfPage\":{\"@id\":\"https:\\\/\\\/rideon.es\\\/renting-empresas\\\/plaza-catalunya-y-estacion-de-francia\\\/#primaryimage\"},\"image\":{\"@id\":\"https:\\\/\\\/rideon.es\\\/renting-empresas\\\/plaza-catalunya-y-estacion-de-francia\\\/#primaryimage\"},\"thumbnailUrl\":\"\",\"datePublished\":\"2017-03-13T17:08:08+00:00\",\"description\":\"Descubre con Rideon alquiler de motos Barcelona la plaza Catalunya, come en un magn\u00edfico restaurante y por la tarde visita la Estaci\u00f3n de Francia.\",\"inLanguage\":\"es\",\"potentialAction\":[{\"@type\":\"ReadAction\",\"target\":[\"https:\\\/\\\/rideon.es\\\/renting-empresas\\\/plaza-catalunya-y-estacion-de-francia\\\/\"]}]},{\"@type\":\"ImageObject\",\"inLanguage\":\"es\",\"@id\":\"https:\\\/\\\/rideon.es\\\/renting-empresas\\\/plaza-catalunya-y-estacion-de-francia\\\/#primaryimage\",\"url\":\"\",\"contentUrl\":\"\"},{\"@type\":\"WebSite\",\"@id\":\"https:\\\/\\\/rideon.es\\\/renting-empresas\\\/#website\",\"url\":\"https:\\\/\\\/rideon.es\\\/renting-empresas\\\/\",\"name\":\"Alquiler de motos mensual y Renting para Empresas\",\"description\":\"Las motos m\u00e1s c\u00f3modas y seguras para disfrutar de tus vacaciones sobre ruedas. Alquiler de motos en Menorca, Mallorca, Barcelona y Valencia con Rideon.es\",\"publisher\":{\"@id\":\"https:\\\/\\\/rideon.es\\\/renting-empresas\\\/#organization\"},\"potentialAction\":[{\"@type\":\"SearchAction\",\"target\":{\"@type\":\"EntryPoint\",\"urlTemplate\":\"https:\\\/\\\/rideon.es\\\/renting-empresas\\\/?s={search_term_string}\"},\"query-input\":{\"@type\":\"PropertyValueSpecification\",\"valueRequired\":true,\"valueName\":\"search_term_string\"}}],\"inLanguage\":\"es\"},{\"@type\":\"Organization\",\"@id\":\"https:\\\/\\\/rideon.es\\\/renting-empresas\\\/#organization\",\"name\":\"Alquiler de motos mensual y Renting para Empresas\",\"url\":\"https:\\\/\\\/rideon.es\\\/renting-empresas\\\/\",\"logo\":{\"@type\":\"ImageObject\",\"inLanguage\":\"es\",\"@id\":\"https:\\\/\\\/rideon.es\\\/renting-empresas\\\/#\\\/schema\\\/logo\\\/image\\\/\",\"url\":\"https:\\\/\\\/rideon.es\\\/renting-empresas\\\/wp-content\\\/uploads\\\/sites\\\/19\\\/2020\\\/02\\\/rideon_logo-200x78-1.png\",\"contentUrl\":\"https:\\\/\\\/rideon.es\\\/renting-empresas\\\/wp-content\\\/uploads\\\/sites\\\/19\\\/2020\\\/02\\\/rideon_logo-200x78-1.png\",\"width\":200,\"height\":78,\"caption\":\"Alquiler de motos mensual y Renting para Empresas\"},\"image\":{\"@id\":\"https:\\\/\\\/rideon.es\\\/renting-empresas\\\/#\\\/schema\\\/logo\\\/image\\\/\"}},{\"@type\":\"Person\",\"@id\":\"https:\\\/\\\/rideon.es\\\/renting-empresas\\\/#\\\/schema\\\/person\\\/48d6770e55c623d929bd20ce295611a7\",\"name\":\"Ride On\",\"image\":{\"@type\":\"ImageObject\",\"inLanguage\":\"es\",\"@id\":\"https:\\\/\\\/secure.gravatar.com\\\/avatar\\\/785e72183089da6a00243c0f0e2d52db79b9983b602219afb07c868943086138?s=96&d=mm&r=g\",\"url\":\"https:\\\/\\\/secure.gravatar.com\\\/avatar\\\/785e72183089da6a00243c0f0e2d52db79b9983b602219afb07c868943086138?s=96&d=mm&r=g\",\"contentUrl\":\"https:\\\/\\\/secure.gravatar.com\\\/avatar\\\/785e72183089da6a00243c0f0e2d52db79b9983b602219afb07c868943086138?s=96&d=mm&r=g\",\"caption\":\"Ride On\"},\"url\":\"https:\\\/\\\/rideon.es\\\/renting-empresas\\\/author\\\/eduardoyauri\\\/\"}]}<\/script>\n<!-- \/ Yoast SEO Premium plugin. -->","yoast_head_json":{"title":"Plaza Catalunya y estaci\u00f3n de Francia - Rideon.es","description":"Descubre con Rideon alquiler de motos Barcelona la plaza Catalunya, come en un magn\u00edfico restaurante y por la tarde visita la Estaci\u00f3n de Francia.","robots":{"index":"index","follow":"follow","max-snippet":"max-snippet:-1","max-image-preview":"max-image-preview:large","max-video-preview":"max-video-preview:-1"},"canonical":"https:\/\/rideon.es\/renting-empresas\/plaza-catalunya-y-estacion-de-francia\/","og_locale":"es_ES","og_type":"article","og_title":"Plaza Catalunya y estaci\u00f3n de Francia","og_description":"Descubre con Rideon alquiler de motos Barcelona la plaza Catalunya, come en un magn\u00edfico restaurante y por la tarde visita la Estaci\u00f3n de Francia.","og_url":"https:\/\/rideon.es\/renting-empresas\/plaza-catalunya-y-estacion-de-francia\/","og_site_name":"Alquiler de motos mensual y Renting para Empresas","article_published_time":"2017-03-13T17:08:08+00:00","author":"Ride On","twitter_card":"summary_large_image","twitter_misc":{"Escrito por":"Ride On","Tiempo de lectura":"3 minutos"},"schema":{"@context":"https:\/\/schema.org","@graph":[{"@type":"Article","@id":"https:\/\/rideon.es\/renting-empresas\/plaza-catalunya-y-estacion-de-francia\/#article","isPartOf":{"@id":"https:\/\/rideon.es\/renting-empresas\/plaza-catalunya-y-estacion-de-francia\/"},"author":{"name":"Ride On","@id":"https:\/\/rideon.es\/renting-empresas\/#\/schema\/person\/48d6770e55c623d929bd20ce295611a7"},"headline":"Plaza Catalunya y estaci\u00f3n de Francia","datePublished":"2017-03-13T17:08:08+00:00","mainEntityOfPage":{"@id":"https:\/\/rideon.es\/renting-empresas\/plaza-catalunya-y-estacion-de-francia\/"},"wordCount":576,"commentCount":0,"publisher":{"@id":"https:\/\/rideon.es\/renting-empresas\/#organization"},"image":{"@id":"https:\/\/rideon.es\/renting-empresas\/plaza-catalunya-y-estacion-de-francia\/#primaryimage"},"thumbnailUrl":"","articleSection":["Barcelona"],"inLanguage":"es","potentialAction":[{"@type":"CommentAction","name":"Comment","target":["https:\/\/rideon.es\/renting-empresas\/plaza-catalunya-y-estacion-de-francia\/#respond"]}]},{"@type":"WebPage","@id":"https:\/\/rideon.es\/renting-empresas\/plaza-catalunya-y-estacion-de-francia\/","url":"https:\/\/rideon.es\/renting-empresas\/plaza-catalunya-y-estacion-de-francia\/","name":"Plaza Catalunya y estaci\u00f3n de Francia - Rideon.es","isPartOf":{"@id":"https:\/\/rideon.es\/renting-empresas\/#website"},"primaryImageOfPage":{"@id":"https:\/\/rideon.es\/renting-empresas\/plaza-catalunya-y-estacion-de-francia\/#primaryimage"},"image":{"@id":"https:\/\/rideon.es\/renting-empresas\/plaza-catalunya-y-estacion-de-francia\/#primaryimage"},"thumbnailUrl":"","datePublished":"2017-03-13T17:08:08+00:00","description":"Descubre con Rideon alquiler de motos Barcelona la plaza Catalunya, come en un magn\u00edfico restaurante y por la tarde visita la Estaci\u00f3n de Francia.","inLanguage":"es","potentialAction":[{"@type":"ReadAction","target":["https:\/\/rideon.es\/renting-empresas\/plaza-catalunya-y-estacion-de-francia\/"]}]},{"@type":"ImageObject","inLanguage":"es","@id":"https:\/\/rideon.es\/renting-empresas\/plaza-catalunya-y-estacion-de-francia\/#primaryimage","url":"","contentUrl":""},{"@type":"WebSite","@id":"https:\/\/rideon.es\/renting-empresas\/#website","url":"https:\/\/rideon.es\/renting-empresas\/","name":"Alquiler de motos mensual y Renting para Empresas","description":"Las motos m\u00e1s c\u00f3modas y seguras para disfrutar de tus vacaciones sobre ruedas. Alquiler de motos en Menorca, Mallorca, Barcelona y Valencia con Rideon.es","publisher":{"@id":"https:\/\/rideon.es\/renting-empresas\/#organization"},"potentialAction":[{"@type":"SearchAction","target":{"@type":"EntryPoint","urlTemplate":"https:\/\/rideon.es\/renting-empresas\/?s={search_term_string}"},"query-input":{"@type":"PropertyValueSpecification","valueRequired":true,"valueName":"search_term_string"}}],"inLanguage":"es"},{"@type":"Organization","@id":"https:\/\/rideon.es\/renting-empresas\/#organization","name":"Alquiler de motos mensual y Renting para Empresas","url":"https:\/\/rideon.es\/renting-empresas\/","logo":{"@type":"ImageObject","inLanguage":"es","@id":"https:\/\/rideon.es\/renting-empresas\/#\/schema\/logo\/image\/","url":"https:\/\/rideon.es\/renting-empresas\/wp-content\/uploads\/sites\/19\/2020\/02\/rideon_logo-200x78-1.png","contentUrl":"https:\/\/rideon.es\/renting-empresas\/wp-content\/uploads\/sites\/19\/2020\/02\/rideon_logo-200x78-1.png","width":200,"height":78,"caption":"Alquiler de motos mensual y Renting para Empresas"},"image":{"@id":"https:\/\/rideon.es\/renting-empresas\/#\/schema\/logo\/image\/"}},{"@type":"Person","@id":"https:\/\/rideon.es\/renting-empresas\/#\/schema\/person\/48d6770e55c623d929bd20ce295611a7","name":"Ride On","image":{"@type":"ImageObject","inLanguage":"es","@id":"https:\/\/secure.gravatar.com\/avatar\/785e72183089da6a00243c0f0e2d52db79b9983b602219afb07c868943086138?s=96&d=mm&r=g","url":"https:\/\/secure.gravatar.com\/avatar\/785e72183089da6a00243c0f0e2d52db79b9983b602219afb07c868943086138?s=96&d=mm&r=g","contentUrl":"https:\/\/secure.gravatar.com\/avatar\/785e72183089da6a00243c0f0e2d52db79b9983b602219afb07c868943086138?s=96&d=mm&r=g","caption":"Ride On"},"url":"https:\/\/rideon.es\/renting-empresas\/author\/eduardoyauri\/"}]}},"_links":{"self":[{"href":"https:\/\/rideon.es\/renting-empresas\/wp-json\/wp\/v2\/posts\/1857","targetHints":{"allow":["GET"]}}],"collection":[{"href":"https:\/\/rideon.es\/renting-empresas\/wp-json\/wp\/v2\/posts"}],"about":[{"href":"https:\/\/rideon.es\/renting-empresas\/wp-json\/wp\/v2\/types\/post"}],"author":[{"embeddable":true,"href":"https:\/\/rideon.es\/renting-empresas\/wp-json\/wp\/v2\/users\/2"}],"replies":[{"embeddable":true,"href":"https:\/\/rideon.es\/renting-empresas\/wp-json\/wp\/v2\/comments?post=1857"}],"version-history":[{"count":0,"href":"https:\/\/rideon.es\/renting-empresas\/wp-json\/wp\/v2\/posts\/1857\/revisions"}],"wp:featuredmedia":[{"embeddable":true,"href":"https:\/\/rideon.es\/renting-empresas\/wp-json\/"}],"wp:attachment":[{"href":"https:\/\/rideon.es\/renting-empresas\/wp-json\/wp\/v2\/media?parent=1857"}],"wp:term":[{"taxonomy":"category","embeddable":true,"href":"https:\/\/rideon.es\/renting-empresas\/wp-json\/wp\/v2\/categories?post=1857"},{"taxonomy":"post_tag","embeddable":true,"href":"https:\/\/rideon.es\/renting-empresas\/wp-json\/wp\/v2\/tags?post=1857"}],"curies":[{"name":"wp","href":"https:\/\/api.w.org\/{rel}","templated":true}]}}