{"id":1772,"date":"2017-02-20T16:35:10","date_gmt":"2017-02-20T16:35:10","guid":{"rendered":"https:\/\/rideon.es\/?p=1772"},"modified":"2017-02-20T16:35:10","modified_gmt":"2017-02-20T16:35:10","slug":"feria-de-barcelona-el-mnac","status":"publish","type":"post","link":"https:\/\/rideon.es\/renting-empresas\/feria-de-barcelona-el-mnac\/","title":{"rendered":"La feria de Barcelona y el MNAC"},"content":{"rendered":"<p><b>Fira de Barcelona<\/b><br \/>\n<span style=\"font-weight: 400\">Localizaci\u00f3n: <\/span><a href=\"https:\/\/goo.gl\/maps\/iNUStEkVGdw\"><span style=\"font-weight: 400\">https:\/\/goo.gl\/maps\/iNUStEkVGdw<\/span><\/a><br \/>\n<span style=\"font-weight: 400\">P\u00e1gina web: <\/span><a href=\"http:\/\/www.firabarcelona.com\/\"><span style=\"font-weight: 400\">http:\/\/www.firabarcelona.com\/<\/span><\/a><br \/>\n&nbsp;<br \/>\n<span style=\"font-weight: 400\">La exposici\u00f3n universal de 1929 impuls\u00f3 una nueva Barcelona que sobretodo se desarroll\u00f3 en las laderas de montjuic, en la actualidad algunos pabellones de la feria de muestras de Barcelona destacan por los flancos laterales de la avenida de la reina Maria Cristina. En <\/span><a href=\"https:\/\/rideon.es\/\"><span style=\"font-weight: 400\">Rideon.es<\/span><\/a><span style=\"font-weight: 400\"> disfrtuar\u00e1s del mejoir servicio de <\/span><a href=\"https:\/\/rideon.es\/barcelona\/\"><span style=\"font-weight: 400\">Barcelona moto rent<\/span><\/a><span style=\"font-weight: 400\">.<\/span><br \/>\n<img decoding=\"async\" class=\"img-responsive\" src=\"https:\/\/rideon.es\/wp-content\/uploads\/2017\/02\/feria-de-Barcelona.jpg\" alt=\"Descubre la feria de Barcelona\" width=\"100%\" \/><br \/>\n&nbsp;<br \/>\n<span style=\"font-weight: 400\">Actualmente la fira de Barcelona acoge algunos de los principales salones y congresos a nivel Europeo como: Mobile World Congress, Alimentaria, Hispack, Smart City Expo World Congress, Sal\u00f3n del Autom\u00f3vil, Hostelco, Expoquimia, Ibtm World, Barcelona Bridal Fashion Week, Piscina&amp;Wellness Barcelona, Sal\u00f3n N\u00e1utico, 4YFN y Sal\u00f3n del C\u00f3mic, entre otros.<\/span><br \/>\n<img decoding=\"async\" class=\"img-responsive\" src=\"https:\/\/rideon.es\/wp-content\/uploads\/2017\/02\/1024px-Fira_Barcelona_Mobile_World_Congress_2013.jpg\" alt=\"Exposiciones actuales en la feria de Barcelona\" width=\"100%\" \/><br \/>\n&nbsp;<br \/>\n<span style=\"font-weight: 400\">Fira de Barcelona, adem\u00e1s, acoge eventos de car\u00e1cter social, cultural y corporativo, especialmente del \u00e1mbito de la salud y la tecnolog\u00eda como los congresos de Cardiolog\u00eda, Respiratorio, Gastroenteorolog\u00eda y Cirug\u00eda Refractaria y Cataratas, as\u00ed como las reuniones de las multinacionales VM Ware, Microsoft, HP y SAP. La forma m\u00e1s c\u00f3moda para descubrir Barcelona es mediante nuestro servicio de <\/span><a href=\"https:\/\/rideon.es\/barcelona\/\"><span style=\"font-weight: 400\">Barcelona scooter rental<\/span><\/a><br \/>\n&nbsp;<br \/>\n<b>Museo nacional d\u2019art de Catalunya<\/b><br \/>\n<span style=\"font-weight: 400\">Localizaci\u00f3n: <\/span><a href=\"https:\/\/goo.gl\/maps\/HzpTcHmwPoG2\"><span style=\"font-weight: 400\">https:\/\/goo.gl\/maps\/HzpTcHmwPoG2<\/span><\/a><br \/>\n<span style=\"font-weight: 400\">P\u00e1gina web: <\/span><a href=\"http:\/\/www.museunacional.cat\/ca\"><span style=\"font-weight: 400\">http:\/\/www.museunacional.cat\/ca<\/span><\/a><br \/>\n&nbsp;<br \/>\n<span style=\"font-weight: 400\">En 1929 Montjuic se llen\u00f3 de edificios expositivos, uno de ellos ha sido transformado para albergar uno de los museos m\u00e1s importantes de Espa\u00f1a, el museo nacional de arte de Catalunya.<\/span><br \/>\n<span style=\"font-weight: 400\">Su estilo arquitect\u00f3nico puede definirse de ecl\u00e9ctico o de revival historicista seg\u00fan el gusto que predominaba en la \u00e9poca, especialmente en edificaciones con fines conmemorativos y grandilocuentes. Se fusionaron elementos del renacimiento y del barroco a fin de intentar combinar lo m\u00e1s t\u00edpico y reconocible de Espa\u00f1a con el clasicismo que era norma en edificios p\u00fablicos. \u00a0Descubre Barcelona con nuestro servicio de <\/span><a href=\"https:\/\/rideon.es\/barcelona\/\"><span style=\"font-weight: 400\">alquiler de motos barcelona<\/span><\/a><span style=\"font-weight: 400\">.<\/span><br \/>\n<img decoding=\"async\" class=\"img-responsive\" src=\"https:\/\/rideon.es\/wp-content\/uploads\/2017\/02\/absis-sant-climent-taull-romanico-museo.jpg\" alt=\"visita el arte romanico del museo de arte de Catalunya\" width=\"100%\" \/><br \/>\n&nbsp;<br \/>\n<span style=\"font-weight: 400\">En el interior una gran sala sirve de distribuidor de las distintas colecciones ubicadas en el palacio nacional, es este espacio se encuentra la mayor y mejor colecci\u00f3n de arte rom\u00e1nico del mundo, la espl\u00e9ndida decoraci\u00f3n en semipenumbra crear el ambiente perfecto para albergar los restos de aquel arte medieval primitivo cuya ingenuidad a menudo llega a emocionar. <\/span><span style=\"font-weight: 400\">E<\/span><span style=\"font-weight: 400\">l centro de Barcelona es dif\u00edcil moverse en coche, por eso te recomendamos nuestro servicio de <\/span><a href=\"https:\/\/rideon.es\/barcelona\/\"><span style=\"font-weight: 400\">moto rent Barcelona<\/span><\/a><span style=\"font-weight: 400\">. <\/span><br \/>\n<img decoding=\"async\" class=\"img-responsive\" src=\"https:\/\/rideon.es\/wp-content\/uploads\/2017\/02\/museo-de-arte-de-catalunya-esculturas.jpg\" alt=\"Esculturas del museo de arte de Catalunya\" width=\"100%\" \/><br \/>\n&nbsp;<br \/>\n<span style=\"font-weight: 400\">Hay tambi\u00e9n arte g\u00f3tico y una estupenda colecci\u00f3n de cer\u00e1mica, pero el museo se ha convertido en muestrario completo de obras pict\u00f3ricas y escult\u00f3ricas que proliferaron en la Catalu\u00f1a de finales del SXIX y la vincularon a las vanguardias Europeas.<\/span><br \/>\n&nbsp;<br \/>\n<span style=\"font-weight: 400\">El MNAC acoge desde el a\u00f1o 2004 obras de la colecci\u00f3n Thyssen-Bornemisza, depositadas por el museo de Madrid como respuesta a un convenio suscrito en 1986 entre el bar\u00f3n Hans Heinrich Thyssen-Bornemisza y Pasqual Maragall. Las obras se colgaron inicialmente (1993) en el Monasterio de Pedralbes pero se decidi\u00f3 trasladarlas al MNAC para facilitar las visitas del p\u00fablico.<\/span><br \/>\n&nbsp;<br \/>\n<b>Pabell\u00f3n Alem\u00e1n<\/b><br \/>\n<span style=\"font-weight: 400\">Localizaci\u00f3n: <\/span><a href=\"https:\/\/goo.gl\/maps\/49WdjZhW5cK2\"><span style=\"font-weight: 400\">https:\/\/goo.gl\/maps\/49WdjZhW5cK2<\/span><\/a><br \/>\n<span style=\"font-weight: 400\">P\u00e1gina web: <\/span><a href=\"http:\/\/miesbcn.com\/\"><span style=\"font-weight: 400\">http:\/\/miesbcn.com\/<\/span><\/a><br \/>\n&nbsp;<br \/>\n<span style=\"font-weight: 400\">En la exposici\u00f3n del 29 cada pa\u00eds representado construy\u00f3 un pabell\u00f3n posteriormente desmantelado, sin embargo una iniciativa de hace ya unos a\u00f1os reconstruy\u00f3 con fidelidad \u00a0el pabell\u00f3n de alemania, dise\u00f1ado por el arquitecto Mies Van der Rohe. La forma m\u00e1s c\u00f3moda para descubrir Barcelona es mediante nuestro servicio de<\/span><a href=\"https:\/\/rideon.es\/barcelona\/\"><span style=\"font-weight: 400\"> alquiler moto Barcelona<\/span><\/a><br \/>\n<img decoding=\"async\" class=\"img-responsive\" src=\"https:\/\/rideon.es\/wp-content\/uploads\/2017\/02\/pabellon-mies-van-der-rohe.jpg\" alt=\"Pabellon Mies Van der rohe Barcelona\" width=\"100%\" \/><br \/>\n&nbsp;<br \/>\n<span style=\"font-weight: 400\">Fue el propio Mies quien eligi\u00f3 el emplazamiento del pabell\u00f3n de Alemania dentro del recinto de la exposici\u00f3n: pese a que en un principio se le hab\u00eda asignado un lugar cercano a la fuente m\u00e1gica \u2014eje central del recinto ferial dise\u00f1ado por Cadafalch\u2014, el arquitecto prefiri\u00f3 un lugar un poco m\u00e1s apartado, alejado del ruido del eje principal donde se encontraban los grandes edificios construidos para la ocasi\u00f3n.<\/span><br \/>\n<img decoding=\"async\" class=\"img-responsive\" src=\"https:\/\/rideon.es\/wp-content\/uploads\/2017\/02\/escultura-pabellon-mies-van-der-rohe.jpg\" alt=\"Pabellon Mies Van der rohe Barcelona escultura\" width=\"100%\" \/><br \/>\n&nbsp;<br \/>\n<span style=\"font-weight: 400\">Lo m\u00e1s destacable es que este espacio rabiosamente actual estuvo concebido en ese lejano 1929.<\/span><br \/>\n&nbsp;<br \/>\n<span style=\"font-weight: 400\">Para m\u00e1s informaci\u00f3n visiten nuestro <\/span><a href=\"https:\/\/rideon.es\/blog-barcelona\/\"><span style=\"font-weight: 400\">Blog de informaci\u00f3n Tur\u00edstica a Barcelona<\/span><\/a><span style=\"font-weight: 400\">, para reservas online de motos de alquiler Mallorca pueden visitar nuestra web <\/span><a href=\"https:\/\/rideon.es\/barcelona\/\"><span style=\"font-weight: 400\">www.rideon.es<\/span><\/a><\/p>\n","protected":false},"excerpt":{"rendered":"<p>Fira de Barcelona Localizaci\u00f3n: https:\/\/goo.gl\/maps\/iNUStEkVGdw P\u00e1gina web: http:\/\/www.firabarcelona.com\/ &nbsp; La exposici\u00f3n universal de 1929 impuls\u00f3 una nueva Barcelona que sobretodo se desarroll\u00f3 en las laderas de montjuic, en la actualidad algunos pabellones de la feria de muestras de Barcelona destacan por los flancos laterales de la avenida de la reina Maria Cristina. En Rideon.es disfrtuar\u00e1s<\/p>\n","protected":false},"author":2,"featured_media":1774,"comment_status":"open","ping_status":"closed","sticky":false,"template":"","format":"standard","meta":{"inline_featured_image":false,"footnotes":""},"categories":[9],"tags":[],"class_list":["post-1772","post","type-post","status-publish","format-standard","has-post-thumbnail","hentry","category-barcelona"],"yoast_head":"<!-- This site is optimized with the Yoast SEO Premium plugin v18.7 (Yoast SEO v27.5) - https:\/\/yoast.com\/product\/yoast-seo-premium-wordpress\/ -->\n<title>La feria de Barcelona y el MNAC - Rideon.es<\/title>\n<meta name=\"description\" content=\"Descubre la feria de Barcelona, el museo de arte de Catalunya y el pabell\u00f3n Mies Van der Rohe, tres visitas obligadas con tu alquiler moto Barcelona.\" \/>\n<meta name=\"robots\" content=\"index, follow, max-snippet:-1, max-image-preview:large, max-video-preview:-1\" \/>\n<link rel=\"canonical\" href=\"https:\/\/rideon.es\/renting-empresas\/feria-de-barcelona-el-mnac\/\" \/>\n<meta property=\"og:locale\" content=\"es_ES\" \/>\n<meta property=\"og:type\" content=\"article\" \/>\n<meta property=\"og:title\" content=\"La feria de Barcelona y el MNAC\" \/>\n<meta property=\"og:description\" content=\"Descubre la feria de Barcelona, el museo de arte de Catalunya y el pabell\u00f3n Mies Van der Rohe, tres visitas obligadas con tu alquiler moto Barcelona.\" \/>\n<meta property=\"og:url\" content=\"https:\/\/rideon.es\/renting-empresas\/feria-de-barcelona-el-mnac\/\" \/>\n<meta property=\"og:site_name\" content=\"Alquiler de motos mensual y Renting para Empresas\" \/>\n<meta property=\"article:published_time\" content=\"2017-02-20T16:35:10+00:00\" \/>\n<meta name=\"author\" content=\"Ride On\" \/>\n<meta name=\"twitter:card\" content=\"summary_large_image\" \/>\n<meta name=\"twitter:label1\" content=\"Escrito por\" \/>\n\t<meta name=\"twitter:data1\" content=\"Ride On\" \/>\n\t<meta name=\"twitter:label2\" content=\"Tiempo de lectura\" \/>\n\t<meta name=\"twitter:data2\" content=\"4 minutos\" \/>\n<script type=\"application\/ld+json\" class=\"yoast-schema-graph\">{\"@context\":\"https:\\\/\\\/schema.org\",\"@graph\":[{\"@type\":\"Article\",\"@id\":\"https:\\\/\\\/rideon.es\\\/renting-empresas\\\/feria-de-barcelona-el-mnac\\\/#article\",\"isPartOf\":{\"@id\":\"https:\\\/\\\/rideon.es\\\/renting-empresas\\\/feria-de-barcelona-el-mnac\\\/\"},\"author\":{\"name\":\"Ride On\",\"@id\":\"https:\\\/\\\/rideon.es\\\/renting-empresas\\\/#\\\/schema\\\/person\\\/48d6770e55c623d929bd20ce295611a7\"},\"headline\":\"La feria de Barcelona y el MNAC\",\"datePublished\":\"2017-02-20T16:35:10+00:00\",\"mainEntityOfPage\":{\"@id\":\"https:\\\/\\\/rideon.es\\\/renting-empresas\\\/feria-de-barcelona-el-mnac\\\/\"},\"wordCount\":730,\"commentCount\":0,\"publisher\":{\"@id\":\"https:\\\/\\\/rideon.es\\\/renting-empresas\\\/#organization\"},\"image\":{\"@id\":\"https:\\\/\\\/rideon.es\\\/renting-empresas\\\/feria-de-barcelona-el-mnac\\\/#primaryimage\"},\"thumbnailUrl\":\"\",\"articleSection\":[\"Barcelona\"],\"inLanguage\":\"es\",\"potentialAction\":[{\"@type\":\"CommentAction\",\"name\":\"Comment\",\"target\":[\"https:\\\/\\\/rideon.es\\\/renting-empresas\\\/feria-de-barcelona-el-mnac\\\/#respond\"]}]},{\"@type\":\"WebPage\",\"@id\":\"https:\\\/\\\/rideon.es\\\/renting-empresas\\\/feria-de-barcelona-el-mnac\\\/\",\"url\":\"https:\\\/\\\/rideon.es\\\/renting-empresas\\\/feria-de-barcelona-el-mnac\\\/\",\"name\":\"La feria de Barcelona y el MNAC - Rideon.es\",\"isPartOf\":{\"@id\":\"https:\\\/\\\/rideon.es\\\/renting-empresas\\\/#website\"},\"primaryImageOfPage\":{\"@id\":\"https:\\\/\\\/rideon.es\\\/renting-empresas\\\/feria-de-barcelona-el-mnac\\\/#primaryimage\"},\"image\":{\"@id\":\"https:\\\/\\\/rideon.es\\\/renting-empresas\\\/feria-de-barcelona-el-mnac\\\/#primaryimage\"},\"thumbnailUrl\":\"\",\"datePublished\":\"2017-02-20T16:35:10+00:00\",\"description\":\"Descubre la feria de Barcelona, el museo de arte de Catalunya y el pabell\u00f3n Mies Van der Rohe, tres visitas obligadas con tu alquiler moto Barcelona.\",\"inLanguage\":\"es\",\"potentialAction\":[{\"@type\":\"ReadAction\",\"target\":[\"https:\\\/\\\/rideon.es\\\/renting-empresas\\\/feria-de-barcelona-el-mnac\\\/\"]}]},{\"@type\":\"ImageObject\",\"inLanguage\":\"es\",\"@id\":\"https:\\\/\\\/rideon.es\\\/renting-empresas\\\/feria-de-barcelona-el-mnac\\\/#primaryimage\",\"url\":\"\",\"contentUrl\":\"\"},{\"@type\":\"WebSite\",\"@id\":\"https:\\\/\\\/rideon.es\\\/renting-empresas\\\/#website\",\"url\":\"https:\\\/\\\/rideon.es\\\/renting-empresas\\\/\",\"name\":\"Alquiler de motos mensual y Renting para Empresas\",\"description\":\"Las motos m\u00e1s c\u00f3modas y seguras para disfrutar de tus vacaciones sobre ruedas. Alquiler de motos en Menorca, Mallorca, Barcelona y Valencia con Rideon.es\",\"publisher\":{\"@id\":\"https:\\\/\\\/rideon.es\\\/renting-empresas\\\/#organization\"},\"potentialAction\":[{\"@type\":\"SearchAction\",\"target\":{\"@type\":\"EntryPoint\",\"urlTemplate\":\"https:\\\/\\\/rideon.es\\\/renting-empresas\\\/?s={search_term_string}\"},\"query-input\":{\"@type\":\"PropertyValueSpecification\",\"valueRequired\":true,\"valueName\":\"search_term_string\"}}],\"inLanguage\":\"es\"},{\"@type\":\"Organization\",\"@id\":\"https:\\\/\\\/rideon.es\\\/renting-empresas\\\/#organization\",\"name\":\"Alquiler de motos mensual y Renting para Empresas\",\"url\":\"https:\\\/\\\/rideon.es\\\/renting-empresas\\\/\",\"logo\":{\"@type\":\"ImageObject\",\"inLanguage\":\"es\",\"@id\":\"https:\\\/\\\/rideon.es\\\/renting-empresas\\\/#\\\/schema\\\/logo\\\/image\\\/\",\"url\":\"https:\\\/\\\/rideon.es\\\/renting-empresas\\\/wp-content\\\/uploads\\\/sites\\\/19\\\/2020\\\/02\\\/rideon_logo-200x78-1.png\",\"contentUrl\":\"https:\\\/\\\/rideon.es\\\/renting-empresas\\\/wp-content\\\/uploads\\\/sites\\\/19\\\/2020\\\/02\\\/rideon_logo-200x78-1.png\",\"width\":200,\"height\":78,\"caption\":\"Alquiler de motos mensual y Renting para Empresas\"},\"image\":{\"@id\":\"https:\\\/\\\/rideon.es\\\/renting-empresas\\\/#\\\/schema\\\/logo\\\/image\\\/\"}},{\"@type\":\"Person\",\"@id\":\"https:\\\/\\\/rideon.es\\\/renting-empresas\\\/#\\\/schema\\\/person\\\/48d6770e55c623d929bd20ce295611a7\",\"name\":\"Ride On\",\"image\":{\"@type\":\"ImageObject\",\"inLanguage\":\"es\",\"@id\":\"https:\\\/\\\/secure.gravatar.com\\\/avatar\\\/785e72183089da6a00243c0f0e2d52db79b9983b602219afb07c868943086138?s=96&d=mm&r=g\",\"url\":\"https:\\\/\\\/secure.gravatar.com\\\/avatar\\\/785e72183089da6a00243c0f0e2d52db79b9983b602219afb07c868943086138?s=96&d=mm&r=g\",\"contentUrl\":\"https:\\\/\\\/secure.gravatar.com\\\/avatar\\\/785e72183089da6a00243c0f0e2d52db79b9983b602219afb07c868943086138?s=96&d=mm&r=g\",\"caption\":\"Ride On\"},\"url\":\"https:\\\/\\\/rideon.es\\\/renting-empresas\\\/author\\\/eduardoyauri\\\/\"}]}<\/script>\n<!-- \/ Yoast SEO Premium plugin. -->","yoast_head_json":{"title":"La feria de Barcelona y el MNAC - Rideon.es","description":"Descubre la feria de Barcelona, el museo de arte de Catalunya y el pabell\u00f3n Mies Van der Rohe, tres visitas obligadas con tu alquiler moto Barcelona.","robots":{"index":"index","follow":"follow","max-snippet":"max-snippet:-1","max-image-preview":"max-image-preview:large","max-video-preview":"max-video-preview:-1"},"canonical":"https:\/\/rideon.es\/renting-empresas\/feria-de-barcelona-el-mnac\/","og_locale":"es_ES","og_type":"article","og_title":"La feria de Barcelona y el MNAC","og_description":"Descubre la feria de Barcelona, el museo de arte de Catalunya y el pabell\u00f3n Mies Van der Rohe, tres visitas obligadas con tu alquiler moto Barcelona.","og_url":"https:\/\/rideon.es\/renting-empresas\/feria-de-barcelona-el-mnac\/","og_site_name":"Alquiler de motos mensual y Renting para Empresas","article_published_time":"2017-02-20T16:35:10+00:00","author":"Ride On","twitter_card":"summary_large_image","twitter_misc":{"Escrito por":"Ride On","Tiempo de lectura":"4 minutos"},"schema":{"@context":"https:\/\/schema.org","@graph":[{"@type":"Article","@id":"https:\/\/rideon.es\/renting-empresas\/feria-de-barcelona-el-mnac\/#article","isPartOf":{"@id":"https:\/\/rideon.es\/renting-empresas\/feria-de-barcelona-el-mnac\/"},"author":{"name":"Ride On","@id":"https:\/\/rideon.es\/renting-empresas\/#\/schema\/person\/48d6770e55c623d929bd20ce295611a7"},"headline":"La feria de Barcelona y el MNAC","datePublished":"2017-02-20T16:35:10+00:00","mainEntityOfPage":{"@id":"https:\/\/rideon.es\/renting-empresas\/feria-de-barcelona-el-mnac\/"},"wordCount":730,"commentCount":0,"publisher":{"@id":"https:\/\/rideon.es\/renting-empresas\/#organization"},"image":{"@id":"https:\/\/rideon.es\/renting-empresas\/feria-de-barcelona-el-mnac\/#primaryimage"},"thumbnailUrl":"","articleSection":["Barcelona"],"inLanguage":"es","potentialAction":[{"@type":"CommentAction","name":"Comment","target":["https:\/\/rideon.es\/renting-empresas\/feria-de-barcelona-el-mnac\/#respond"]}]},{"@type":"WebPage","@id":"https:\/\/rideon.es\/renting-empresas\/feria-de-barcelona-el-mnac\/","url":"https:\/\/rideon.es\/renting-empresas\/feria-de-barcelona-el-mnac\/","name":"La feria de Barcelona y el MNAC - Rideon.es","isPartOf":{"@id":"https:\/\/rideon.es\/renting-empresas\/#website"},"primaryImageOfPage":{"@id":"https:\/\/rideon.es\/renting-empresas\/feria-de-barcelona-el-mnac\/#primaryimage"},"image":{"@id":"https:\/\/rideon.es\/renting-empresas\/feria-de-barcelona-el-mnac\/#primaryimage"},"thumbnailUrl":"","datePublished":"2017-02-20T16:35:10+00:00","description":"Descubre la feria de Barcelona, el museo de arte de Catalunya y el pabell\u00f3n Mies Van der Rohe, tres visitas obligadas con tu alquiler moto Barcelona.","inLanguage":"es","potentialAction":[{"@type":"ReadAction","target":["https:\/\/rideon.es\/renting-empresas\/feria-de-barcelona-el-mnac\/"]}]},{"@type":"ImageObject","inLanguage":"es","@id":"https:\/\/rideon.es\/renting-empresas\/feria-de-barcelona-el-mnac\/#primaryimage","url":"","contentUrl":""},{"@type":"WebSite","@id":"https:\/\/rideon.es\/renting-empresas\/#website","url":"https:\/\/rideon.es\/renting-empresas\/","name":"Alquiler de motos mensual y Renting para Empresas","description":"Las motos m\u00e1s c\u00f3modas y seguras para disfrutar de tus vacaciones sobre ruedas. Alquiler de motos en Menorca, Mallorca, Barcelona y Valencia con Rideon.es","publisher":{"@id":"https:\/\/rideon.es\/renting-empresas\/#organization"},"potentialAction":[{"@type":"SearchAction","target":{"@type":"EntryPoint","urlTemplate":"https:\/\/rideon.es\/renting-empresas\/?s={search_term_string}"},"query-input":{"@type":"PropertyValueSpecification","valueRequired":true,"valueName":"search_term_string"}}],"inLanguage":"es"},{"@type":"Organization","@id":"https:\/\/rideon.es\/renting-empresas\/#organization","name":"Alquiler de motos mensual y Renting para Empresas","url":"https:\/\/rideon.es\/renting-empresas\/","logo":{"@type":"ImageObject","inLanguage":"es","@id":"https:\/\/rideon.es\/renting-empresas\/#\/schema\/logo\/image\/","url":"https:\/\/rideon.es\/renting-empresas\/wp-content\/uploads\/sites\/19\/2020\/02\/rideon_logo-200x78-1.png","contentUrl":"https:\/\/rideon.es\/renting-empresas\/wp-content\/uploads\/sites\/19\/2020\/02\/rideon_logo-200x78-1.png","width":200,"height":78,"caption":"Alquiler de motos mensual y Renting para Empresas"},"image":{"@id":"https:\/\/rideon.es\/renting-empresas\/#\/schema\/logo\/image\/"}},{"@type":"Person","@id":"https:\/\/rideon.es\/renting-empresas\/#\/schema\/person\/48d6770e55c623d929bd20ce295611a7","name":"Ride On","image":{"@type":"ImageObject","inLanguage":"es","@id":"https:\/\/secure.gravatar.com\/avatar\/785e72183089da6a00243c0f0e2d52db79b9983b602219afb07c868943086138?s=96&d=mm&r=g","url":"https:\/\/secure.gravatar.com\/avatar\/785e72183089da6a00243c0f0e2d52db79b9983b602219afb07c868943086138?s=96&d=mm&r=g","contentUrl":"https:\/\/secure.gravatar.com\/avatar\/785e72183089da6a00243c0f0e2d52db79b9983b602219afb07c868943086138?s=96&d=mm&r=g","caption":"Ride On"},"url":"https:\/\/rideon.es\/renting-empresas\/author\/eduardoyauri\/"}]}},"_links":{"self":[{"href":"https:\/\/rideon.es\/renting-empresas\/wp-json\/wp\/v2\/posts\/1772","targetHints":{"allow":["GET"]}}],"collection":[{"href":"https:\/\/rideon.es\/renting-empresas\/wp-json\/wp\/v2\/posts"}],"about":[{"href":"https:\/\/rideon.es\/renting-empresas\/wp-json\/wp\/v2\/types\/post"}],"author":[{"embeddable":true,"href":"https:\/\/rideon.es\/renting-empresas\/wp-json\/wp\/v2\/users\/2"}],"replies":[{"embeddable":true,"href":"https:\/\/rideon.es\/renting-empresas\/wp-json\/wp\/v2\/comments?post=1772"}],"version-history":[{"count":0,"href":"https:\/\/rideon.es\/renting-empresas\/wp-json\/wp\/v2\/posts\/1772\/revisions"}],"wp:featuredmedia":[{"embeddable":true,"href":"https:\/\/rideon.es\/renting-empresas\/wp-json\/"}],"wp:attachment":[{"href":"https:\/\/rideon.es\/renting-empresas\/wp-json\/wp\/v2\/media?parent=1772"}],"wp:term":[{"taxonomy":"category","embeddable":true,"href":"https:\/\/rideon.es\/renting-empresas\/wp-json\/wp\/v2\/categories?post=1772"},{"taxonomy":"post_tag","embeddable":true,"href":"https:\/\/rideon.es\/renting-empresas\/wp-json\/wp\/v2\/tags?post=1772"}],"curies":[{"name":"wp","href":"https:\/\/api.w.org\/{rel}","templated":true}]}}