{"id":1748,"date":"2017-02-13T15:38:46","date_gmt":"2017-02-13T15:38:46","guid":{"rendered":"https:\/\/rideon.es\/?p=1748"},"modified":"2017-02-13T15:38:46","modified_gmt":"2017-02-13T15:38:46","slug":"descubre-andratx-moto","status":"publish","type":"post","link":"https:\/\/rideon.es\/renting-empresas\/descubre-andratx-moto\/","title":{"rendered":"Descubre Andratx en Moto"},"content":{"rendered":"<h1><span style=\"font-weight: 400\">Andratx<\/span><\/h1>\n<p><span style=\"font-weight: 400\">Situaci\u00f3n: <\/span><a href=\"https:\/\/goo.gl\/maps\/4kBVeHkkL2P2\"><span style=\"font-weight: 400\">https:\/\/goo.gl\/maps\/4kBVeHkkL2P2<\/span><\/a><\/p>\n<p>&nbsp;<br \/>\n<span style=\"font-weight: 400\">Desde Palma se puede tomar el camino de la costa que conduce a Andratx, todo el tramo de la costa oeste de la isla entre las colinas de la sierra de Na burguesa, sierra que posee renombre hist\u00f3rico debido a las haza\u00f1as suscitadas por el rey Jaime I de Arag\u00f3n durante la reconquista de Mallorca. Cabe recordar que, en aquella \u00e9poca, esta sierra fue conocida como Serra de Porto Pi. \u00a0Mallorca es perfecta para ser visitada en\u00a0el<\/span><a href=\"http:\/\/www.rideonmotorent.com\/alquiler-motos-mallorca\/\"><span style=\"font-weight: 400\"> aquiler moto Mallorca<\/span><\/a><br \/>\n&nbsp;<br \/>\n<img decoding=\"async\" class=\"img-responsive\" src=\"https:\/\/rideon.es\/wp-content\/uploads\/2017\/02\/Costa-oeste-andratx-mallorca.jpg\" alt=\"Descubre la costa Oeste de Mallorca\" width=\"100%\" \/><br \/>\n&nbsp;<br \/>\n&nbsp;<br \/>\n<span style=\"font-weight: 400\">Este tramos de costa se ha convertido en centro de la vida social veraniega, donde se entrecruzan miembros de la jet set o regatistas que descansan antes de empezar las famosas competiciones en el mar o turistas llegados de todos los rincones del planeta. La costa de Calvi\u00e1 es un cosmos que se nutre de peque\u00f1os espacios tur\u00edsticos. \u00a0Visita la isla de Mallorca con tu <\/span><a href=\"http:\/\/www.rideonmotorent.com\/\"><span style=\"font-weight: 400\">alquiler motos Mallorca<\/span><\/a><span style=\"font-weight: 400\"> Ride On.<\/span><br \/>\n&nbsp;<br \/>\n<img decoding=\"async\" class=\"img-responsive\" src=\"https:\/\/rideon.es\/wp-content\/uploads\/2017\/02\/Costa-oeste-andratx-calvia-mallorca.jpg\" alt=\"Descubre la costa de Andratx en Mallorca\" width=\"100%\" \/><br \/>\n&nbsp;<br \/>\n<span style=\"font-weight: 400\">Avocados a playas imposibles y escondidas calas con aguas transparentes y casas colgadas sobre un mar tranquilo que se hace camino para cualquier tipo de embarcaci\u00f3n. Un espacio d\u00f3nde los despreocupados ba\u00f1istas disfrutan de un sol y un mar \u00fanicos. Visita el Mallorca con tu <\/span><a href=\"http:\/\/www.rideonmotorent.com\/alquiler-motos-mallorca\/\"><span style=\"font-weight: 400\">alquiler moto Mallorca<\/span><\/a><span style=\"font-weight: 400\"> Rideon.<\/span><br \/>\n&nbsp;<\/p>\n<h1><span style=\"font-weight: 400\">Santa Ponsa<\/span><\/h1>\n<p><span style=\"font-weight: 400\">Localizaci\u00f3n: <\/span><a href=\"https:\/\/goo.gl\/maps\/1BCjCY1GywA2\"><span style=\"font-weight: 400\">https:\/\/goo.gl\/maps\/1BCjCY1GywA2<\/span><\/a><\/p>\n<p>&nbsp;<br \/>\n<span style=\"font-weight: 400\">La cruz en Santa Ponsa recuerda que en este municipio desembarcaron las tropas del rey Jaime I para conquistar la isla. Durante la edad media, consisti\u00f3 en un importante puerto comercial que ten\u00eda su propio hospital. En el siglo XVI funcion\u00f3 como puerto comercial de transporte, llegando a llamarse \u00abT\u00e9rmino de Santa Ponsa\u00bb antes de llegar a llamarse t\u00e9rmino de Calvi\u00e1.<\/span><br \/>\n&nbsp;<br \/>\n<img decoding=\"async\" class=\"img-responsive\" src=\"https:\/\/rideon.es\/wp-content\/uploads\/2017\/02\/santa-ponsa-alquiler-moto-mallorca.jpg\" alt=\"Visita Sa ponsa de Andratx en Mallorca\" width=\"100%\" \/><br \/>\n&nbsp;<br \/>\n<span style=\"font-weight: 400\">Actualmente la mayor afluencia de turismo que anualmente la visita es de origen irland\u00e9s, siendo \u00e9stos al menos el 80% de los visitantes, llegando a denominarse con el sobrenombre de ballyPon\u00e7a, haciendo as\u00ed honor a la forma tradicional de llamar a sus ciudades. Visita Santa Ponsa con tu <\/span><a href=\"http:\/\/www.rideonmotorent.com\/alquiler-motos-mallorca\/\"><span style=\"font-weight: 400\">alquiler moto Mallorca<\/span><\/a><span style=\"font-weight: 400\"> Rideon.<\/span><br \/>\n&nbsp;<\/p>\n<h1><span style=\"font-weight: 400\">Sant Elm<\/span><\/h1>\n<p><span style=\"font-weight: 400\">Localizaci\u00f3n: <\/span><a href=\"https:\/\/goo.gl\/maps\/AhnhaUwzvaz\"><span style=\"font-weight: 400\">https:\/\/goo.gl\/maps\/AhnhaUwzvaz<\/span><\/a><\/p>\n<p>&nbsp;<br \/>\n<span style=\"font-weight: 400\">Recoleto y peque\u00f1o Sant Elm est\u00e1 protegido por un drag\u00f3n, el islote de sa dragonera parece vigilar la entrada cogiendo la forma de aquellos animales mitol\u00f3gicos, aguardando sobre el mar esperando los barcos.<\/span><br \/>\n&nbsp;<br \/>\n<img decoding=\"async\" class=\"img-responsive\" src=\"https:\/\/rideon.es\/wp-content\/uploads\/2017\/02\/Sant-Elm-alquiler-moto-mallorca.jpg\" alt=\"Visita Sat Elm de Andratx en Mallorca\" width=\"100%\" \/><br \/>\n&nbsp;<br \/>\n<span style=\"font-weight: 400\">Este lugar de mitos se ha convertido en todo un s\u00edmbolo en la lucha para defender el medio ambiente. San Telmo es uno de los seis n\u00facleos poblacionales que forman el municipio de Andratx. Detr\u00e1s del amable turismo, Andratx esconde un amargo pasado de emigraci\u00f3n y de lucha por la supervivencia, a\u00f1os de inclemencias como se puede observar en la iglesia parroquial de Santa Mar\u00eda de Andratx, construida durante el siglo SXVI para defender a la poblaci\u00f3n de las incursiones piratas que asolaban estas costas.<\/span><br \/>\n&nbsp;<br \/>\n<img decoding=\"async\" class=\"img-responsive\" src=\"https:\/\/rideon.es\/wp-content\/uploads\/2017\/02\/iglesia-santa-maria-de-andratx.jpg\" alt=\"Visita la igl\u00e9sia de Santa Maria de Andratx en Mallorca\" width=\"100%\" \/><br \/>\n&nbsp;<br \/>\n<span style=\"font-weight: 400\">El 2 de Agosto de 1578 un grupo de hombres y mujeres de Andratx consiguieron repeler desde estos muros a 1.500 turcos \u00e1vidos de bot\u00edn y cautivos. El cosmopolita ambiente que bulle en el port a poco m\u00e1s de 1 Kil\u00f3metro de la ciudad, ha transformado por completo lo que fue en tiempos pasados un peque\u00f1o n\u00facleo marinero<\/span><br \/>\n&nbsp;<br \/>\n<span style=\"font-weight: 400\">Para m\u00e1s informaci\u00f3n visiten nuestro <\/span><a href=\"https:\/\/rideon.es\/mallorca\/\"><span style=\"font-weight: 400\">Blog de informaci\u00f3n Tur\u00edstica a Mallorca<\/span><\/a><span style=\"font-weight: 400\">, para reservas online de motos de alquiler Mallorca pueden visitar nuestra web <\/span><a href=\"https:\/\/rideon.es\/\"><span style=\"font-weight: 400\">www.rideonmotorent.com<\/span><\/a><\/p>\n","protected":false},"excerpt":{"rendered":"<p>Andratx Situaci\u00f3n: https:\/\/goo.gl\/maps\/4kBVeHkkL2P2 &nbsp; Desde Palma se puede tomar el camino de la costa que conduce a Andratx, todo el tramo de la costa oeste de la isla entre las colinas de la sierra de Na burguesa, sierra que posee renombre hist\u00f3rico debido a las haza\u00f1as suscitadas por el rey Jaime I de Arag\u00f3n durante<\/p>\n","protected":false},"author":2,"featured_media":1758,"comment_status":"open","ping_status":"closed","sticky":false,"template":"","format":"standard","meta":{"inline_featured_image":false,"footnotes":""},"categories":[11],"tags":[],"class_list":["post-1748","post","type-post","status-publish","format-standard","has-post-thumbnail","hentry","category-mallorca"],"yoast_head":"<!-- This site is optimized with the Yoast SEO Premium plugin v18.7 (Yoast SEO v27.5) - https:\/\/yoast.com\/product\/yoast-seo-premium-wordpress\/ -->\n<title>Descubre Andratx con tu alquiler de Moto - Rideon.es<\/title>\n<meta name=\"description\" content=\"La mejor forma de descubrir Mallorca es en Moto, visita los principales n\u00facleos de Andratx y disfruta de sus maravillosas playas.\" \/>\n<meta name=\"robots\" content=\"index, follow, max-snippet:-1, max-image-preview:large, max-video-preview:-1\" \/>\n<link rel=\"canonical\" href=\"https:\/\/rideon.es\/renting-empresas\/descubre-andratx-moto\/\" \/>\n<meta property=\"og:locale\" content=\"es_ES\" \/>\n<meta property=\"og:type\" content=\"article\" \/>\n<meta property=\"og:title\" content=\"Descubre Andratx en Moto\" \/>\n<meta property=\"og:description\" content=\"La mejor forma de descubrir Mallorca es en Moto, visita los principales n\u00facleos de Andratx y disfruta de sus maravillosas playas.\" \/>\n<meta property=\"og:url\" content=\"https:\/\/rideon.es\/renting-empresas\/descubre-andratx-moto\/\" \/>\n<meta property=\"og:site_name\" content=\"Alquiler de motos mensual y Renting para Empresas\" \/>\n<meta property=\"article:published_time\" content=\"2017-02-13T15:38:46+00:00\" \/>\n<meta name=\"author\" content=\"Ride On\" \/>\n<meta name=\"twitter:card\" content=\"summary_large_image\" \/>\n<meta name=\"twitter:label1\" content=\"Escrito por\" \/>\n\t<meta name=\"twitter:data1\" content=\"Ride On\" \/>\n\t<meta name=\"twitter:label2\" content=\"Tiempo de lectura\" \/>\n\t<meta name=\"twitter:data2\" content=\"3 minutos\" \/>\n<script type=\"application\/ld+json\" class=\"yoast-schema-graph\">{\"@context\":\"https:\\\/\\\/schema.org\",\"@graph\":[{\"@type\":\"Article\",\"@id\":\"https:\\\/\\\/rideon.es\\\/renting-empresas\\\/descubre-andratx-moto\\\/#article\",\"isPartOf\":{\"@id\":\"https:\\\/\\\/rideon.es\\\/renting-empresas\\\/descubre-andratx-moto\\\/\"},\"author\":{\"name\":\"Ride On\",\"@id\":\"https:\\\/\\\/rideon.es\\\/renting-empresas\\\/#\\\/schema\\\/person\\\/48d6770e55c623d929bd20ce295611a7\"},\"headline\":\"Descubre Andratx en Moto\",\"datePublished\":\"2017-02-13T15:38:46+00:00\",\"mainEntityOfPage\":{\"@id\":\"https:\\\/\\\/rideon.es\\\/renting-empresas\\\/descubre-andratx-moto\\\/\"},\"wordCount\":591,\"commentCount\":0,\"publisher\":{\"@id\":\"https:\\\/\\\/rideon.es\\\/renting-empresas\\\/#organization\"},\"image\":{\"@id\":\"https:\\\/\\\/rideon.es\\\/renting-empresas\\\/descubre-andratx-moto\\\/#primaryimage\"},\"thumbnailUrl\":\"\",\"articleSection\":[\"Mallorca\"],\"inLanguage\":\"es\",\"potentialAction\":[{\"@type\":\"CommentAction\",\"name\":\"Comment\",\"target\":[\"https:\\\/\\\/rideon.es\\\/renting-empresas\\\/descubre-andratx-moto\\\/#respond\"]}]},{\"@type\":\"WebPage\",\"@id\":\"https:\\\/\\\/rideon.es\\\/renting-empresas\\\/descubre-andratx-moto\\\/\",\"url\":\"https:\\\/\\\/rideon.es\\\/renting-empresas\\\/descubre-andratx-moto\\\/\",\"name\":\"Descubre Andratx con tu alquiler de Moto - Rideon.es\",\"isPartOf\":{\"@id\":\"https:\\\/\\\/rideon.es\\\/renting-empresas\\\/#website\"},\"primaryImageOfPage\":{\"@id\":\"https:\\\/\\\/rideon.es\\\/renting-empresas\\\/descubre-andratx-moto\\\/#primaryimage\"},\"image\":{\"@id\":\"https:\\\/\\\/rideon.es\\\/renting-empresas\\\/descubre-andratx-moto\\\/#primaryimage\"},\"thumbnailUrl\":\"\",\"datePublished\":\"2017-02-13T15:38:46+00:00\",\"description\":\"La mejor forma de descubrir Mallorca es en Moto, visita los principales n\u00facleos de Andratx y disfruta de sus maravillosas playas.\",\"inLanguage\":\"es\",\"potentialAction\":[{\"@type\":\"ReadAction\",\"target\":[\"https:\\\/\\\/rideon.es\\\/renting-empresas\\\/descubre-andratx-moto\\\/\"]}]},{\"@type\":\"ImageObject\",\"inLanguage\":\"es\",\"@id\":\"https:\\\/\\\/rideon.es\\\/renting-empresas\\\/descubre-andratx-moto\\\/#primaryimage\",\"url\":\"\",\"contentUrl\":\"\"},{\"@type\":\"WebSite\",\"@id\":\"https:\\\/\\\/rideon.es\\\/renting-empresas\\\/#website\",\"url\":\"https:\\\/\\\/rideon.es\\\/renting-empresas\\\/\",\"name\":\"Alquiler de motos mensual y Renting para Empresas\",\"description\":\"Las motos m\u00e1s c\u00f3modas y seguras para disfrutar de tus vacaciones sobre ruedas. Alquiler de motos en Menorca, Mallorca, Barcelona y Valencia con Rideon.es\",\"publisher\":{\"@id\":\"https:\\\/\\\/rideon.es\\\/renting-empresas\\\/#organization\"},\"potentialAction\":[{\"@type\":\"SearchAction\",\"target\":{\"@type\":\"EntryPoint\",\"urlTemplate\":\"https:\\\/\\\/rideon.es\\\/renting-empresas\\\/?s={search_term_string}\"},\"query-input\":{\"@type\":\"PropertyValueSpecification\",\"valueRequired\":true,\"valueName\":\"search_term_string\"}}],\"inLanguage\":\"es\"},{\"@type\":\"Organization\",\"@id\":\"https:\\\/\\\/rideon.es\\\/renting-empresas\\\/#organization\",\"name\":\"Alquiler de motos mensual y Renting para Empresas\",\"url\":\"https:\\\/\\\/rideon.es\\\/renting-empresas\\\/\",\"logo\":{\"@type\":\"ImageObject\",\"inLanguage\":\"es\",\"@id\":\"https:\\\/\\\/rideon.es\\\/renting-empresas\\\/#\\\/schema\\\/logo\\\/image\\\/\",\"url\":\"https:\\\/\\\/rideon.es\\\/renting-empresas\\\/wp-content\\\/uploads\\\/sites\\\/19\\\/2020\\\/02\\\/rideon_logo-200x78-1.png\",\"contentUrl\":\"https:\\\/\\\/rideon.es\\\/renting-empresas\\\/wp-content\\\/uploads\\\/sites\\\/19\\\/2020\\\/02\\\/rideon_logo-200x78-1.png\",\"width\":200,\"height\":78,\"caption\":\"Alquiler de motos mensual y Renting para Empresas\"},\"image\":{\"@id\":\"https:\\\/\\\/rideon.es\\\/renting-empresas\\\/#\\\/schema\\\/logo\\\/image\\\/\"}},{\"@type\":\"Person\",\"@id\":\"https:\\\/\\\/rideon.es\\\/renting-empresas\\\/#\\\/schema\\\/person\\\/48d6770e55c623d929bd20ce295611a7\",\"name\":\"Ride On\",\"image\":{\"@type\":\"ImageObject\",\"inLanguage\":\"es\",\"@id\":\"https:\\\/\\\/secure.gravatar.com\\\/avatar\\\/785e72183089da6a00243c0f0e2d52db79b9983b602219afb07c868943086138?s=96&d=mm&r=g\",\"url\":\"https:\\\/\\\/secure.gravatar.com\\\/avatar\\\/785e72183089da6a00243c0f0e2d52db79b9983b602219afb07c868943086138?s=96&d=mm&r=g\",\"contentUrl\":\"https:\\\/\\\/secure.gravatar.com\\\/avatar\\\/785e72183089da6a00243c0f0e2d52db79b9983b602219afb07c868943086138?s=96&d=mm&r=g\",\"caption\":\"Ride On\"},\"url\":\"https:\\\/\\\/rideon.es\\\/renting-empresas\\\/author\\\/eduardoyauri\\\/\"}]}<\/script>\n<!-- \/ Yoast SEO Premium plugin. -->","yoast_head_json":{"title":"Descubre Andratx con tu alquiler de Moto - Rideon.es","description":"La mejor forma de descubrir Mallorca es en Moto, visita los principales n\u00facleos de Andratx y disfruta de sus maravillosas playas.","robots":{"index":"index","follow":"follow","max-snippet":"max-snippet:-1","max-image-preview":"max-image-preview:large","max-video-preview":"max-video-preview:-1"},"canonical":"https:\/\/rideon.es\/renting-empresas\/descubre-andratx-moto\/","og_locale":"es_ES","og_type":"article","og_title":"Descubre Andratx en Moto","og_description":"La mejor forma de descubrir Mallorca es en Moto, visita los principales n\u00facleos de Andratx y disfruta de sus maravillosas playas.","og_url":"https:\/\/rideon.es\/renting-empresas\/descubre-andratx-moto\/","og_site_name":"Alquiler de motos mensual y Renting para Empresas","article_published_time":"2017-02-13T15:38:46+00:00","author":"Ride On","twitter_card":"summary_large_image","twitter_misc":{"Escrito por":"Ride On","Tiempo de lectura":"3 minutos"},"schema":{"@context":"https:\/\/schema.org","@graph":[{"@type":"Article","@id":"https:\/\/rideon.es\/renting-empresas\/descubre-andratx-moto\/#article","isPartOf":{"@id":"https:\/\/rideon.es\/renting-empresas\/descubre-andratx-moto\/"},"author":{"name":"Ride On","@id":"https:\/\/rideon.es\/renting-empresas\/#\/schema\/person\/48d6770e55c623d929bd20ce295611a7"},"headline":"Descubre Andratx en Moto","datePublished":"2017-02-13T15:38:46+00:00","mainEntityOfPage":{"@id":"https:\/\/rideon.es\/renting-empresas\/descubre-andratx-moto\/"},"wordCount":591,"commentCount":0,"publisher":{"@id":"https:\/\/rideon.es\/renting-empresas\/#organization"},"image":{"@id":"https:\/\/rideon.es\/renting-empresas\/descubre-andratx-moto\/#primaryimage"},"thumbnailUrl":"","articleSection":["Mallorca"],"inLanguage":"es","potentialAction":[{"@type":"CommentAction","name":"Comment","target":["https:\/\/rideon.es\/renting-empresas\/descubre-andratx-moto\/#respond"]}]},{"@type":"WebPage","@id":"https:\/\/rideon.es\/renting-empresas\/descubre-andratx-moto\/","url":"https:\/\/rideon.es\/renting-empresas\/descubre-andratx-moto\/","name":"Descubre Andratx con tu alquiler de Moto - Rideon.es","isPartOf":{"@id":"https:\/\/rideon.es\/renting-empresas\/#website"},"primaryImageOfPage":{"@id":"https:\/\/rideon.es\/renting-empresas\/descubre-andratx-moto\/#primaryimage"},"image":{"@id":"https:\/\/rideon.es\/renting-empresas\/descubre-andratx-moto\/#primaryimage"},"thumbnailUrl":"","datePublished":"2017-02-13T15:38:46+00:00","description":"La mejor forma de descubrir Mallorca es en Moto, visita los principales n\u00facleos de Andratx y disfruta de sus maravillosas playas.","inLanguage":"es","potentialAction":[{"@type":"ReadAction","target":["https:\/\/rideon.es\/renting-empresas\/descubre-andratx-moto\/"]}]},{"@type":"ImageObject","inLanguage":"es","@id":"https:\/\/rideon.es\/renting-empresas\/descubre-andratx-moto\/#primaryimage","url":"","contentUrl":""},{"@type":"WebSite","@id":"https:\/\/rideon.es\/renting-empresas\/#website","url":"https:\/\/rideon.es\/renting-empresas\/","name":"Alquiler de motos mensual y Renting para Empresas","description":"Las motos m\u00e1s c\u00f3modas y seguras para disfrutar de tus vacaciones sobre ruedas. Alquiler de motos en Menorca, Mallorca, Barcelona y Valencia con Rideon.es","publisher":{"@id":"https:\/\/rideon.es\/renting-empresas\/#organization"},"potentialAction":[{"@type":"SearchAction","target":{"@type":"EntryPoint","urlTemplate":"https:\/\/rideon.es\/renting-empresas\/?s={search_term_string}"},"query-input":{"@type":"PropertyValueSpecification","valueRequired":true,"valueName":"search_term_string"}}],"inLanguage":"es"},{"@type":"Organization","@id":"https:\/\/rideon.es\/renting-empresas\/#organization","name":"Alquiler de motos mensual y Renting para Empresas","url":"https:\/\/rideon.es\/renting-empresas\/","logo":{"@type":"ImageObject","inLanguage":"es","@id":"https:\/\/rideon.es\/renting-empresas\/#\/schema\/logo\/image\/","url":"https:\/\/rideon.es\/renting-empresas\/wp-content\/uploads\/sites\/19\/2020\/02\/rideon_logo-200x78-1.png","contentUrl":"https:\/\/rideon.es\/renting-empresas\/wp-content\/uploads\/sites\/19\/2020\/02\/rideon_logo-200x78-1.png","width":200,"height":78,"caption":"Alquiler de motos mensual y Renting para Empresas"},"image":{"@id":"https:\/\/rideon.es\/renting-empresas\/#\/schema\/logo\/image\/"}},{"@type":"Person","@id":"https:\/\/rideon.es\/renting-empresas\/#\/schema\/person\/48d6770e55c623d929bd20ce295611a7","name":"Ride On","image":{"@type":"ImageObject","inLanguage":"es","@id":"https:\/\/secure.gravatar.com\/avatar\/785e72183089da6a00243c0f0e2d52db79b9983b602219afb07c868943086138?s=96&d=mm&r=g","url":"https:\/\/secure.gravatar.com\/avatar\/785e72183089da6a00243c0f0e2d52db79b9983b602219afb07c868943086138?s=96&d=mm&r=g","contentUrl":"https:\/\/secure.gravatar.com\/avatar\/785e72183089da6a00243c0f0e2d52db79b9983b602219afb07c868943086138?s=96&d=mm&r=g","caption":"Ride On"},"url":"https:\/\/rideon.es\/renting-empresas\/author\/eduardoyauri\/"}]}},"_links":{"self":[{"href":"https:\/\/rideon.es\/renting-empresas\/wp-json\/wp\/v2\/posts\/1748","targetHints":{"allow":["GET"]}}],"collection":[{"href":"https:\/\/rideon.es\/renting-empresas\/wp-json\/wp\/v2\/posts"}],"about":[{"href":"https:\/\/rideon.es\/renting-empresas\/wp-json\/wp\/v2\/types\/post"}],"author":[{"embeddable":true,"href":"https:\/\/rideon.es\/renting-empresas\/wp-json\/wp\/v2\/users\/2"}],"replies":[{"embeddable":true,"href":"https:\/\/rideon.es\/renting-empresas\/wp-json\/wp\/v2\/comments?post=1748"}],"version-history":[{"count":0,"href":"https:\/\/rideon.es\/renting-empresas\/wp-json\/wp\/v2\/posts\/1748\/revisions"}],"wp:featuredmedia":[{"embeddable":true,"href":"https:\/\/rideon.es\/renting-empresas\/wp-json\/"}],"wp:attachment":[{"href":"https:\/\/rideon.es\/renting-empresas\/wp-json\/wp\/v2\/media?parent=1748"}],"wp:term":[{"taxonomy":"category","embeddable":true,"href":"https:\/\/rideon.es\/renting-empresas\/wp-json\/wp\/v2\/categories?post=1748"},{"taxonomy":"post_tag","embeddable":true,"href":"https:\/\/rideon.es\/renting-empresas\/wp-json\/wp\/v2\/tags?post=1748"}],"curies":[{"name":"wp","href":"https:\/\/api.w.org\/{rel}","templated":true}]}}