{"id":1732,"date":"2017-02-10T17:51:58","date_gmt":"2017-02-10T17:51:58","guid":{"rendered":"https:\/\/rideon.es\/?p=1732"},"modified":"2017-02-10T17:51:58","modified_gmt":"2017-02-10T17:51:58","slug":"descubre-la-casa-batllo-a-fondo","status":"publish","type":"post","link":"https:\/\/rideon.es\/renting-empresas\/descubre-la-casa-batllo-a-fondo\/","title":{"rendered":"Descubre la casa Batll\u00f3 a Fondo"},"content":{"rendered":"<h1><b>Exterior de la casa Batll\u00f3<\/b><\/h1>\n<p><span style=\"font-weight: 400\">Situaci\u00f3n: <\/span><a href=\"https:\/\/goo.gl\/maps\/aERWdPb2c8u\"><span style=\"font-weight: 400\">https:\/\/goo.gl\/maps\/aERWdPb2c8u<\/span><\/a><br \/>\n&nbsp;<br \/>\n<span style=\"font-weight: 400\">La estructura simula huesos y m\u00e1scaras y huye tanto como puede de las l\u00edneas rectas, en la casa Batll\u00f3 Gaud\u00ed muestra una perfecta harmon\u00eda entre el exterior y el interior.<\/span><br \/>\n<span style=\"font-weight: 400\">La Casa Batll\u00f3 es un reflejo de la plenitud art\u00edstica de Gaud\u00ed: pertenece a su etapa naturalista (primera d\u00e9cada del siglo XX), periodo en que el arquitecto perfecciona su estilo personal, inspir\u00e1ndose en las formas org\u00e1nicas de la naturaleza, para lo que puso en pr\u00e1ctica toda una serie de nuevas soluciones estructurales originadas en los profundos an\u00e1lisis efectuados por Gaud\u00ed de la geometr\u00eda reglada. En <\/span><a href=\"https:\/\/rideon.es\/\"><span style=\"font-weight: 400\">Rideon.es<\/span><\/a><span style=\"font-weight: 400\"> disfrtuar\u00e1s del mejoir servicio de <\/span><a href=\"https:\/\/rideon.es\/barcelona\/\"><span style=\"font-weight: 400\">Barcelona moto rent<\/span><\/a><span style=\"font-weight: 400\">.<\/span><br \/>\n&nbsp;<br \/>\n<img decoding=\"async\" class=\"img-responsive\" src=\"https:\/\/rideon.es\/wp-content\/uploads\/2017\/02\/exterior-casa-batllo-barcelona.jpg\" alt=\"visita la casa Batllo en alquiler moto barcelona\" width=\"100%\" \/><br \/>\n&nbsp;<br \/>\n&nbsp;<br \/>\n<span style=\"font-weight: 400\">La fachada se hizo con piedra arenisca de Montju\u00efc, tallada seg\u00fan superficies regladas en forma alabeada. Las columnas tienen forma \u00f3sea, con representaciones vegetales.18 La carpinter\u00eda es igualmente de superficies curvas, y las ventanas son de vidrios de colores de formas circulares.<\/span><br \/>\n&nbsp;<br \/>\n<img decoding=\"async\" class=\"img-responsive\" src=\"https:\/\/rideon.es\/wp-content\/uploads\/2017\/02\/fachada-casa-batllo.jpg\" alt=\"fachada de la casa Batllo en alquiler moto barcelona\" width=\"100%\" \/><br \/>\n&nbsp;<br \/>\n<span style=\"font-weight: 400\">Gaud\u00ed conserv\u00f3 la forma rectangular de los balcones del edificio anterior, a\u00f1adiendo unas barandillas de hierro con forma de antifaz, y dando al resto de la fachada una forma ondulada en sentido ascendente. La forma m\u00e1s c\u00f3moda para descubrir Barcelona es mediante nuestro servicio de <\/span><a href=\"https:\/\/rideon.es\/barcelona\/\"><span style=\"font-weight: 400\">Barcelona scooter rental<\/span><\/a><br \/>\n&nbsp;<\/p>\n<h1><b>Comer en Can Vall\u00e9s<\/b><\/h1>\n<p><span style=\"font-weight: 400\">Situaci\u00f3n: <\/span><a href=\"https:\/\/goo.gl\/maps\/PpVFAZNwCyt\"><span style=\"font-weight: 400\">https:\/\/goo.gl\/maps\/PpVFAZNwCyt<\/span><\/a><br \/>\n<span style=\"font-weight: 400\">Contacto: <\/span><a href=\"http:\/\/canvalles.es\/\"><span style=\"font-weight: 400\">http:\/\/canvalles.es\/<\/span><\/a><br \/>\n<img decoding=\"async\" class=\"img-responsive\" src=\"https:\/\/rideon.es\/wp-content\/uploads\/2017\/02\/can-valles-barcelona.jpg\" alt=\"comer en can vall\u00e9s Barcelona\" width=\"100%\" \/><br \/>\n&nbsp;<br \/>\n<span style=\"font-weight: 400\">Un lugar en donde se evocan las reminiscencias de una tradicional casa de comidas caseras convertida en un restaurante con selectos platos de cocina de mercado y tradicional catalana con alg\u00fan atrevimiento&#8230; Simplemente exquisito.<\/span><br \/>\n<span style=\"font-weight: 400\">Un lugar en donde la elaboraci\u00f3n y la materia prima escogida es fresca y de primera calidad. Especialmente seleccionada y elaborada por nuestro cheff Josep \u00c1lvarez.<\/span><br \/>\n<span style=\"font-weight: 400\">Un lugar en donde los postres son el broche final y los vinos el complemento ideal. Descubre Barcelona con nuestro servicio de <\/span><a href=\"https:\/\/rideon.es\/barcelona\/\"><span style=\"font-weight: 400\">alquiler de motos barcelona<\/span><\/a><span style=\"font-weight: 400\">.<\/span><br \/>\n&nbsp;<\/p>\n<h1><b>Visitar el interior de la casa Batll\u00f3<\/b><\/h1>\n<p><span style=\"font-weight: 400\">Situaci\u00f3n: <\/span><a href=\"https:\/\/goo.gl\/maps\/aERWdPb2c8u\"><span style=\"font-weight: 400\">https:\/\/goo.gl\/maps\/aERWdPb2c8u<\/span><\/a><br \/>\n<span style=\"font-weight: 400\">Contacto: <\/span><a href=\"https:\/\/www.casabatllo.es\"><span style=\"font-weight: 400\">https:\/\/www.casabatllo.es<\/span><\/a><br \/>\n<span style=\"font-weight: 400\">A entrar en el interior de la casa Batll\u00f3 es como si se pudiera sentir el aliento de la imaginaci\u00f3n de Gaud\u00ed convertido en vivienda, nada se dej\u00f3 al azar, todo fue pensado hasta el m\u00e1s m\u00ednimo detalle.<\/span><br \/>\n&nbsp;<br \/>\n<img decoding=\"async\" class=\"img-responsive\" src=\"https:\/\/rideon.es\/wp-content\/uploads\/2017\/02\/casa-batllo-interior-Barcelona-alquiler-moto.jpg\" alt=\"Interior casa Batllo Barcelona\" width=\"100%\" \/><br \/>\n&nbsp;<br \/>\n<span style=\"font-weight: 400\">Los desvanes que comunican con la terraza sugieren un juego de luces propio de un monasterio a peque\u00f1a escala. Las chimeneas en la planta cubierta son esculturas imponentes, como seres org\u00e1nicos a punto de salir de su emplazamiento y saltar a los tejados de las edificaciones contiguas. <\/span><span style=\"font-weight: 400\">E<\/span><span style=\"font-weight: 400\">l centro de Barcelona es dif\u00edcil moverse en coche, por eso te recomendamos nuestro servicio de <\/span><a href=\"https:\/\/rideon.es\/barcelona\/\"><span style=\"font-weight: 400\">moto rent Barcelona<\/span><\/a><span style=\"font-weight: 400\">.<\/span><br \/>\n&nbsp;<br \/>\n<img decoding=\"async\" class=\"img-responsive\" src=\"https:\/\/rideon.es\/wp-content\/uploads\/2017\/02\/chimeneas-casa-batllo-barcelona.jpg\" alt=\"Chimeneas casa Batllo Barcelona\" width=\"100%\" \/><br \/>\n&nbsp;<br \/>\n<span style=\"font-weight: 400\">La chimeneas, de formas helicoidales y rematadas por sombreretes c\u00f3nicos; est\u00e1n revestidas de vidrio transparente en su parte central y de cer\u00e1mica en la superior, y rematadas por unas bolas de cristal transparente rellenas de arena de distintos colores.<\/span><br \/>\n<span style=\"font-weight: 400\">Para m\u00e1s informaci\u00f3n visiten nuestro <\/span><a href=\"https:\/\/rideon.es\/blog-barcelona\/\"><span style=\"font-weight: 400\">Blog de informaci\u00f3n Tur\u00edstica a Barcelona<\/span><\/a><span style=\"font-weight: 400\">, para reservas online de motos de alquiler Mallorca pueden visitar nuestra web <\/span><a href=\"https:\/\/rideon.es\/barcelona\/\"><span style=\"font-weight: 400\">www.rideon.es<\/span><\/a><\/p>\n","protected":false},"excerpt":{"rendered":"<p>Exterior de la casa Batll\u00f3 Situaci\u00f3n: https:\/\/goo.gl\/maps\/aERWdPb2c8u &nbsp; La estructura simula huesos y m\u00e1scaras y huye tanto como puede de las l\u00edneas rectas, en la casa Batll\u00f3 Gaud\u00ed muestra una perfecta harmon\u00eda entre el exterior y el interior. La Casa Batll\u00f3 es un reflejo de la plenitud art\u00edstica de Gaud\u00ed: pertenece a su etapa naturalista<\/p>\n","protected":false},"author":2,"featured_media":1735,"comment_status":"open","ping_status":"closed","sticky":false,"template":"","format":"standard","meta":{"inline_featured_image":false,"footnotes":""},"categories":[9,12],"tags":[],"class_list":["post-1732","post","type-post","status-publish","format-standard","has-post-thumbnail","hentry","category-barcelona","category-blog"],"yoast_head":"<!-- This site is optimized with the Yoast SEO Premium plugin v18.7 (Yoast SEO v27.5) - https:\/\/yoast.com\/product\/yoast-seo-premium-wordpress\/ -->\n<title>Descubre la casa Batll\u00f3 a Fondo - Rideon.es Barcelona<\/title>\n<meta name=\"description\" content=\"Descubre con Ride On Barcelona la casa Batll\u00f3, una obra de arte del modernismo catal\u00e1n y una de las obras m\u00e1s destacadas del arquitecto Antoni Gaud\u00ed.\" \/>\n<meta name=\"robots\" content=\"index, follow, max-snippet:-1, max-image-preview:large, max-video-preview:-1\" \/>\n<link rel=\"canonical\" href=\"https:\/\/rideon.es\/renting-empresas\/descubre-la-casa-batllo-a-fondo\/\" \/>\n<meta property=\"og:locale\" content=\"es_ES\" \/>\n<meta property=\"og:type\" content=\"article\" \/>\n<meta property=\"og:title\" content=\"Descubre la casa Batll\u00f3 a Fondo\" \/>\n<meta property=\"og:description\" content=\"Descubre con Ride On Barcelona la casa Batll\u00f3, una obra de arte del modernismo catal\u00e1n y una de las obras m\u00e1s destacadas del arquitecto Antoni Gaud\u00ed.\" \/>\n<meta property=\"og:url\" content=\"https:\/\/rideon.es\/renting-empresas\/descubre-la-casa-batllo-a-fondo\/\" \/>\n<meta property=\"og:site_name\" content=\"Alquiler de motos mensual y Renting para Empresas\" \/>\n<meta property=\"article:published_time\" content=\"2017-02-10T17:51:58+00:00\" \/>\n<meta name=\"author\" content=\"Ride On\" \/>\n<meta name=\"twitter:card\" content=\"summary_large_image\" \/>\n<meta name=\"twitter:label1\" content=\"Escrito por\" \/>\n\t<meta name=\"twitter:data1\" content=\"Ride On\" \/>\n\t<meta name=\"twitter:label2\" content=\"Tiempo de lectura\" \/>\n\t<meta name=\"twitter:data2\" content=\"3 minutos\" \/>\n<script type=\"application\/ld+json\" class=\"yoast-schema-graph\">{\"@context\":\"https:\\\/\\\/schema.org\",\"@graph\":[{\"@type\":\"Article\",\"@id\":\"https:\\\/\\\/rideon.es\\\/renting-empresas\\\/descubre-la-casa-batllo-a-fondo\\\/#article\",\"isPartOf\":{\"@id\":\"https:\\\/\\\/rideon.es\\\/renting-empresas\\\/descubre-la-casa-batllo-a-fondo\\\/\"},\"author\":{\"name\":\"Ride On\",\"@id\":\"https:\\\/\\\/rideon.es\\\/renting-empresas\\\/#\\\/schema\\\/person\\\/48d6770e55c623d929bd20ce295611a7\"},\"headline\":\"Descubre la casa Batll\u00f3 a Fondo\",\"datePublished\":\"2017-02-10T17:51:58+00:00\",\"mainEntityOfPage\":{\"@id\":\"https:\\\/\\\/rideon.es\\\/renting-empresas\\\/descubre-la-casa-batllo-a-fondo\\\/\"},\"wordCount\":553,\"commentCount\":0,\"publisher\":{\"@id\":\"https:\\\/\\\/rideon.es\\\/renting-empresas\\\/#organization\"},\"image\":{\"@id\":\"https:\\\/\\\/rideon.es\\\/renting-empresas\\\/descubre-la-casa-batllo-a-fondo\\\/#primaryimage\"},\"thumbnailUrl\":\"\",\"articleSection\":[\"Barcelona\",\"Blog\"],\"inLanguage\":\"es\",\"potentialAction\":[{\"@type\":\"CommentAction\",\"name\":\"Comment\",\"target\":[\"https:\\\/\\\/rideon.es\\\/renting-empresas\\\/descubre-la-casa-batllo-a-fondo\\\/#respond\"]}]},{\"@type\":\"WebPage\",\"@id\":\"https:\\\/\\\/rideon.es\\\/renting-empresas\\\/descubre-la-casa-batllo-a-fondo\\\/\",\"url\":\"https:\\\/\\\/rideon.es\\\/renting-empresas\\\/descubre-la-casa-batllo-a-fondo\\\/\",\"name\":\"Descubre la casa Batll\u00f3 a Fondo - Rideon.es Barcelona\",\"isPartOf\":{\"@id\":\"https:\\\/\\\/rideon.es\\\/renting-empresas\\\/#website\"},\"primaryImageOfPage\":{\"@id\":\"https:\\\/\\\/rideon.es\\\/renting-empresas\\\/descubre-la-casa-batllo-a-fondo\\\/#primaryimage\"},\"image\":{\"@id\":\"https:\\\/\\\/rideon.es\\\/renting-empresas\\\/descubre-la-casa-batllo-a-fondo\\\/#primaryimage\"},\"thumbnailUrl\":\"\",\"datePublished\":\"2017-02-10T17:51:58+00:00\",\"description\":\"Descubre con Ride On Barcelona la casa Batll\u00f3, una obra de arte del modernismo catal\u00e1n y una de las obras m\u00e1s destacadas del arquitecto Antoni Gaud\u00ed.\",\"inLanguage\":\"es\",\"potentialAction\":[{\"@type\":\"ReadAction\",\"target\":[\"https:\\\/\\\/rideon.es\\\/renting-empresas\\\/descubre-la-casa-batllo-a-fondo\\\/\"]}]},{\"@type\":\"ImageObject\",\"inLanguage\":\"es\",\"@id\":\"https:\\\/\\\/rideon.es\\\/renting-empresas\\\/descubre-la-casa-batllo-a-fondo\\\/#primaryimage\",\"url\":\"\",\"contentUrl\":\"\"},{\"@type\":\"WebSite\",\"@id\":\"https:\\\/\\\/rideon.es\\\/renting-empresas\\\/#website\",\"url\":\"https:\\\/\\\/rideon.es\\\/renting-empresas\\\/\",\"name\":\"Alquiler de motos mensual y Renting para Empresas\",\"description\":\"Las motos m\u00e1s c\u00f3modas y seguras para disfrutar de tus vacaciones sobre ruedas. Alquiler de motos en Menorca, Mallorca, Barcelona y Valencia con Rideon.es\",\"publisher\":{\"@id\":\"https:\\\/\\\/rideon.es\\\/renting-empresas\\\/#organization\"},\"potentialAction\":[{\"@type\":\"SearchAction\",\"target\":{\"@type\":\"EntryPoint\",\"urlTemplate\":\"https:\\\/\\\/rideon.es\\\/renting-empresas\\\/?s={search_term_string}\"},\"query-input\":{\"@type\":\"PropertyValueSpecification\",\"valueRequired\":true,\"valueName\":\"search_term_string\"}}],\"inLanguage\":\"es\"},{\"@type\":\"Organization\",\"@id\":\"https:\\\/\\\/rideon.es\\\/renting-empresas\\\/#organization\",\"name\":\"Alquiler de motos mensual y Renting para Empresas\",\"url\":\"https:\\\/\\\/rideon.es\\\/renting-empresas\\\/\",\"logo\":{\"@type\":\"ImageObject\",\"inLanguage\":\"es\",\"@id\":\"https:\\\/\\\/rideon.es\\\/renting-empresas\\\/#\\\/schema\\\/logo\\\/image\\\/\",\"url\":\"https:\\\/\\\/rideon.es\\\/renting-empresas\\\/wp-content\\\/uploads\\\/sites\\\/19\\\/2020\\\/02\\\/rideon_logo-200x78-1.png\",\"contentUrl\":\"https:\\\/\\\/rideon.es\\\/renting-empresas\\\/wp-content\\\/uploads\\\/sites\\\/19\\\/2020\\\/02\\\/rideon_logo-200x78-1.png\",\"width\":200,\"height\":78,\"caption\":\"Alquiler de motos mensual y Renting para Empresas\"},\"image\":{\"@id\":\"https:\\\/\\\/rideon.es\\\/renting-empresas\\\/#\\\/schema\\\/logo\\\/image\\\/\"}},{\"@type\":\"Person\",\"@id\":\"https:\\\/\\\/rideon.es\\\/renting-empresas\\\/#\\\/schema\\\/person\\\/48d6770e55c623d929bd20ce295611a7\",\"name\":\"Ride On\",\"image\":{\"@type\":\"ImageObject\",\"inLanguage\":\"es\",\"@id\":\"https:\\\/\\\/secure.gravatar.com\\\/avatar\\\/785e72183089da6a00243c0f0e2d52db79b9983b602219afb07c868943086138?s=96&d=mm&r=g\",\"url\":\"https:\\\/\\\/secure.gravatar.com\\\/avatar\\\/785e72183089da6a00243c0f0e2d52db79b9983b602219afb07c868943086138?s=96&d=mm&r=g\",\"contentUrl\":\"https:\\\/\\\/secure.gravatar.com\\\/avatar\\\/785e72183089da6a00243c0f0e2d52db79b9983b602219afb07c868943086138?s=96&d=mm&r=g\",\"caption\":\"Ride On\"},\"url\":\"https:\\\/\\\/rideon.es\\\/renting-empresas\\\/author\\\/eduardoyauri\\\/\"}]}<\/script>\n<!-- \/ Yoast SEO Premium plugin. -->","yoast_head_json":{"title":"Descubre la casa Batll\u00f3 a Fondo - Rideon.es Barcelona","description":"Descubre con Ride On Barcelona la casa Batll\u00f3, una obra de arte del modernismo catal\u00e1n y una de las obras m\u00e1s destacadas del arquitecto Antoni Gaud\u00ed.","robots":{"index":"index","follow":"follow","max-snippet":"max-snippet:-1","max-image-preview":"max-image-preview:large","max-video-preview":"max-video-preview:-1"},"canonical":"https:\/\/rideon.es\/renting-empresas\/descubre-la-casa-batllo-a-fondo\/","og_locale":"es_ES","og_type":"article","og_title":"Descubre la casa Batll\u00f3 a Fondo","og_description":"Descubre con Ride On Barcelona la casa Batll\u00f3, una obra de arte del modernismo catal\u00e1n y una de las obras m\u00e1s destacadas del arquitecto Antoni Gaud\u00ed.","og_url":"https:\/\/rideon.es\/renting-empresas\/descubre-la-casa-batllo-a-fondo\/","og_site_name":"Alquiler de motos mensual y Renting para Empresas","article_published_time":"2017-02-10T17:51:58+00:00","author":"Ride On","twitter_card":"summary_large_image","twitter_misc":{"Escrito por":"Ride On","Tiempo de lectura":"3 minutos"},"schema":{"@context":"https:\/\/schema.org","@graph":[{"@type":"Article","@id":"https:\/\/rideon.es\/renting-empresas\/descubre-la-casa-batllo-a-fondo\/#article","isPartOf":{"@id":"https:\/\/rideon.es\/renting-empresas\/descubre-la-casa-batllo-a-fondo\/"},"author":{"name":"Ride On","@id":"https:\/\/rideon.es\/renting-empresas\/#\/schema\/person\/48d6770e55c623d929bd20ce295611a7"},"headline":"Descubre la casa Batll\u00f3 a Fondo","datePublished":"2017-02-10T17:51:58+00:00","mainEntityOfPage":{"@id":"https:\/\/rideon.es\/renting-empresas\/descubre-la-casa-batllo-a-fondo\/"},"wordCount":553,"commentCount":0,"publisher":{"@id":"https:\/\/rideon.es\/renting-empresas\/#organization"},"image":{"@id":"https:\/\/rideon.es\/renting-empresas\/descubre-la-casa-batllo-a-fondo\/#primaryimage"},"thumbnailUrl":"","articleSection":["Barcelona","Blog"],"inLanguage":"es","potentialAction":[{"@type":"CommentAction","name":"Comment","target":["https:\/\/rideon.es\/renting-empresas\/descubre-la-casa-batllo-a-fondo\/#respond"]}]},{"@type":"WebPage","@id":"https:\/\/rideon.es\/renting-empresas\/descubre-la-casa-batllo-a-fondo\/","url":"https:\/\/rideon.es\/renting-empresas\/descubre-la-casa-batllo-a-fondo\/","name":"Descubre la casa Batll\u00f3 a Fondo - Rideon.es Barcelona","isPartOf":{"@id":"https:\/\/rideon.es\/renting-empresas\/#website"},"primaryImageOfPage":{"@id":"https:\/\/rideon.es\/renting-empresas\/descubre-la-casa-batllo-a-fondo\/#primaryimage"},"image":{"@id":"https:\/\/rideon.es\/renting-empresas\/descubre-la-casa-batllo-a-fondo\/#primaryimage"},"thumbnailUrl":"","datePublished":"2017-02-10T17:51:58+00:00","description":"Descubre con Ride On Barcelona la casa Batll\u00f3, una obra de arte del modernismo catal\u00e1n y una de las obras m\u00e1s destacadas del arquitecto Antoni Gaud\u00ed.","inLanguage":"es","potentialAction":[{"@type":"ReadAction","target":["https:\/\/rideon.es\/renting-empresas\/descubre-la-casa-batllo-a-fondo\/"]}]},{"@type":"ImageObject","inLanguage":"es","@id":"https:\/\/rideon.es\/renting-empresas\/descubre-la-casa-batllo-a-fondo\/#primaryimage","url":"","contentUrl":""},{"@type":"WebSite","@id":"https:\/\/rideon.es\/renting-empresas\/#website","url":"https:\/\/rideon.es\/renting-empresas\/","name":"Alquiler de motos mensual y Renting para Empresas","description":"Las motos m\u00e1s c\u00f3modas y seguras para disfrutar de tus vacaciones sobre ruedas. Alquiler de motos en Menorca, Mallorca, Barcelona y Valencia con Rideon.es","publisher":{"@id":"https:\/\/rideon.es\/renting-empresas\/#organization"},"potentialAction":[{"@type":"SearchAction","target":{"@type":"EntryPoint","urlTemplate":"https:\/\/rideon.es\/renting-empresas\/?s={search_term_string}"},"query-input":{"@type":"PropertyValueSpecification","valueRequired":true,"valueName":"search_term_string"}}],"inLanguage":"es"},{"@type":"Organization","@id":"https:\/\/rideon.es\/renting-empresas\/#organization","name":"Alquiler de motos mensual y Renting para Empresas","url":"https:\/\/rideon.es\/renting-empresas\/","logo":{"@type":"ImageObject","inLanguage":"es","@id":"https:\/\/rideon.es\/renting-empresas\/#\/schema\/logo\/image\/","url":"https:\/\/rideon.es\/renting-empresas\/wp-content\/uploads\/sites\/19\/2020\/02\/rideon_logo-200x78-1.png","contentUrl":"https:\/\/rideon.es\/renting-empresas\/wp-content\/uploads\/sites\/19\/2020\/02\/rideon_logo-200x78-1.png","width":200,"height":78,"caption":"Alquiler de motos mensual y Renting para Empresas"},"image":{"@id":"https:\/\/rideon.es\/renting-empresas\/#\/schema\/logo\/image\/"}},{"@type":"Person","@id":"https:\/\/rideon.es\/renting-empresas\/#\/schema\/person\/48d6770e55c623d929bd20ce295611a7","name":"Ride On","image":{"@type":"ImageObject","inLanguage":"es","@id":"https:\/\/secure.gravatar.com\/avatar\/785e72183089da6a00243c0f0e2d52db79b9983b602219afb07c868943086138?s=96&d=mm&r=g","url":"https:\/\/secure.gravatar.com\/avatar\/785e72183089da6a00243c0f0e2d52db79b9983b602219afb07c868943086138?s=96&d=mm&r=g","contentUrl":"https:\/\/secure.gravatar.com\/avatar\/785e72183089da6a00243c0f0e2d52db79b9983b602219afb07c868943086138?s=96&d=mm&r=g","caption":"Ride On"},"url":"https:\/\/rideon.es\/renting-empresas\/author\/eduardoyauri\/"}]}},"_links":{"self":[{"href":"https:\/\/rideon.es\/renting-empresas\/wp-json\/wp\/v2\/posts\/1732","targetHints":{"allow":["GET"]}}],"collection":[{"href":"https:\/\/rideon.es\/renting-empresas\/wp-json\/wp\/v2\/posts"}],"about":[{"href":"https:\/\/rideon.es\/renting-empresas\/wp-json\/wp\/v2\/types\/post"}],"author":[{"embeddable":true,"href":"https:\/\/rideon.es\/renting-empresas\/wp-json\/wp\/v2\/users\/2"}],"replies":[{"embeddable":true,"href":"https:\/\/rideon.es\/renting-empresas\/wp-json\/wp\/v2\/comments?post=1732"}],"version-history":[{"count":0,"href":"https:\/\/rideon.es\/renting-empresas\/wp-json\/wp\/v2\/posts\/1732\/revisions"}],"wp:featuredmedia":[{"embeddable":true,"href":"https:\/\/rideon.es\/renting-empresas\/wp-json\/"}],"wp:attachment":[{"href":"https:\/\/rideon.es\/renting-empresas\/wp-json\/wp\/v2\/media?parent=1732"}],"wp:term":[{"taxonomy":"category","embeddable":true,"href":"https:\/\/rideon.es\/renting-empresas\/wp-json\/wp\/v2\/categories?post=1732"},{"taxonomy":"post_tag","embeddable":true,"href":"https:\/\/rideon.es\/renting-empresas\/wp-json\/wp\/v2\/tags?post=1732"}],"curies":[{"name":"wp","href":"https:\/\/api.w.org\/{rel}","templated":true}]}}