{"id":1665,"date":"2017-01-19T09:48:00","date_gmt":"2017-01-19T09:48:00","guid":{"rendered":"https:\/\/rideon.es\/?p=1665"},"modified":"2017-01-19T09:48:00","modified_gmt":"2017-01-19T09:48:00","slug":"la-barcelona-modernista-de-gaudi","status":"publish","type":"post","link":"https:\/\/rideon.es\/renting-empresas\/la-barcelona-modernista-de-gaudi\/","title":{"rendered":"La Barcelona modernista de Gaud\u00ed"},"content":{"rendered":"<h1>El Parc G\u00fcell<\/h1>\n<p><span style=\"font-weight: 400\">Situaci\u00f3n: <\/span><a href=\"https:\/\/goo.gl\/maps\/PWaXsK8GE3z\"><span style=\"font-weight: 400\">https:\/\/goo.gl\/maps\/PWaXsK8GE3z<\/span><\/a><br \/>\n&nbsp;<br \/>\n<span style=\"font-weight: 400\">El parc G\u00fcell estaba destinado a ser una zona residencial pero termin\u00f3 siendo un curioso parque, un espacio moldeado a medias entre la naturaleza y la imaginaci\u00f3n de Antonio Gaud\u00ed. El parc G\u00fcell es uno de los espacios m\u00e1s visitados de Barcelona y uno de los sitios preferidos por los turistas. En <\/span><a href=\"https:\/\/rideon.es\/\"><span style=\"font-weight: 400\">RIdeon.es<\/span><\/a><span style=\"font-weight: 400\"> disfrtuar\u00e1s del mejoir servicio de <\/span><a href=\"https:\/\/rideon.es\/barcelona\/\"><span style=\"font-weight: 400\">Barcelona moto rent<\/span><\/a><span style=\"font-weight: 400\">.<\/span><br \/>\n<img decoding=\"async\" class=\"img-responsive\" src=\"https:\/\/rideon.es\/wp-content\/uploads\/2017\/01\/parc-guell-barcelona.jpg\" alt=\"Visita el parc Guell en alquiler moto barcelona\" width=\"100%\" \/><br \/>\n&nbsp;<br \/>\n<span style=\"font-weight: 400\">El parque fue concebido por G\u00fcell y Gaud\u00ed como un conjunto estructurado donde, dentro de un incomparable marco de belleza natural, se situar\u00edan unas viviendas de alto standing, con todos los adelantos tecnol\u00f3gicos de la \u00e9poca para procurar el m\u00e1ximo confort, con unos acabados de gran calidad art\u00edstica. <\/span><br \/>\n<img decoding=\"async\" class=\"img-responsive\" src=\"https:\/\/rideon.es\/wp-content\/uploads\/2017\/01\/esntrada-parc-guell.jpg\" alt=\"Visita la entrada del parc Guell en alquiler moto barcelona\" width=\"100%\" \/><br \/>\n&nbsp;<br \/>\n<span style=\"font-weight: 400\">El parque debe su nombre a Eusebi G\u00fcell, rico \u00a0empresario catal\u00e1n miembro de una influyente familia burguesa de la ciudad condal. Sin embargo, pese al empe\u00f1o puesto por ambos, el proyecto fue un fracaso comercial: estaba previsto construir una urbanizaci\u00f3n de gran categor\u00eda, con aproximadamente 60 viviendas diseminadas en un inmenso jard\u00edn. La forma m\u00e1s c\u00f3moda para descubrir Barcelona es mediante nuestro servicio de <\/span><a href=\"https:\/\/rideon.es\/barcelona\/\"><span style=\"font-weight: 400\">Barcelona scooter rental<\/span><\/a><br \/>\n<img decoding=\"async\" class=\"img-responsive\" src=\"https:\/\/rideon.es\/wp-content\/uploads\/2017\/01\/pabellones-estranda-parc-guell-barcelona.jpg\" alt=\" parc Guell barcelona\" width=\"100%\" \/><br \/>\n&nbsp;<br \/>\n<span style=\"font-weight: 400\">Centrados en el catalanismo pol\u00edtico y en la religi\u00f3n cat\u00f3lica, se presenta la urbanizaci\u00f3n como una alegor\u00eda que representa lo m\u00e1s elevado del mundo terrenal y espiritual, con referencias tanto al avance de la industria y el desarrollo de la burgues\u00eda como a la cultura de tradici\u00f3n cl\u00e1sica grecorromana y, especialmente y por encima de todo, la presencia de la religi\u00f3n: el acceso al parque representa la entrada al Para\u00edso, al lugar ut\u00f3pico donde reina la calma y el bienestar. Descubre Barcelona con nuestro servicio de <\/span><a href=\"https:\/\/rideon.es\/barcelona\/\"><span style=\"font-weight: 400\">alquiler de motos barcelona<\/span><\/a><span style=\"font-weight: 400\">.<\/span><br \/>\n&nbsp;<\/p>\n<h1>Comer en el restaurante Donizetti<\/h1>\n<p><span style=\"font-weight: 400\">Situaci\u00f3n: <\/span><a href=\"https:\/\/goo.gl\/maps\/j5KFd5q3DwP2\"><span style=\"font-weight: 400\">https:\/\/goo.gl\/maps\/j5KFd5q3DwP2<\/span><\/a><br \/>\n&nbsp;<br \/>\n<span style=\"font-weight: 400\">El Ristorante Donizetti es un local simp\u00e1tico, de peque\u00f1as dimensiones, en el que se respira el ambiente oper\u00edstico que sugiere su nombre. La cocina de Marcello Di Prinzio, cuya inventiva a la hora de combinar platos de pasta fresca con salsas de su invenci\u00f3n tiene ribetes de oper\u00edstica, y del mismo modo como el mundo de la opera nos ofrece un panorama variad\u00edsimo de situaciones, sensaciones y sentimientos, del mismo modo la cocina del chef produce efectos gastron\u00f3micos insospechados<\/span><br \/>\n<img decoding=\"async\" class=\"img-responsive\" src=\"https:\/\/rideon.es\/wp-content\/uploads\/2017\/01\/restaurante-donizetti-barcelona.jpg\" alt=\" Restaurante Donisetti Barcelona\" width=\"100%\" \/><br \/>\n&nbsp;<br \/>\n<span style=\"font-weight: 400\">Donizetti es un restaurante familiar, sin que la norma de la casa sea el abusar de la clientela, sino tenerlos contentos para que vuelvan y se integren en la gran familia de los amantes de la cocina italiana.<\/span><br \/>\n&nbsp;<\/p>\n<h1>Bas\u00edlica de la sagrada familia<\/h1>\n<p><span style=\"font-weight: 400\">Situaci\u00f3n: <\/span><a href=\"https:\/\/goo.gl\/maps\/peB46sBVzVC2\"><span style=\"font-weight: 400\">https:\/\/goo.gl\/maps\/peB46sBVzVC2<\/span><\/a><br \/>\n&nbsp;<br \/>\n<span style=\"font-weight: 400\">La iglesia de la sagrada fam\u00edlia es uno de los iconos m\u00e1s sobresalientes de Barcelona, proyecto no concluido est\u00e1 financiado con aportaciones p\u00fablicas desde su or\u00edgenes fue para Gaud\u00ed su obra principal, lo fue tanto que acab\u00f3 aplicando es esta las novedades arquitect\u00f3nicas que que desarrollaba en otros proyectos. <\/span><span style=\"font-weight: 400\">\u00a0E<\/span><span style=\"font-weight: 400\">l centro de Barcelona es dif\u00edcil moverse en coche, por eso te recomendamos nuestro servicio de <\/span><a href=\"https:\/\/rideon.es\/barcelona\/\"><span style=\"font-weight: 400\">moto rent Barcelona<\/span><\/a><span style=\"font-weight: 400\">. <\/span><br \/>\n<img decoding=\"async\" class=\"img-responsive\" src=\"https:\/\/rideon.es\/wp-content\/uploads\/2017\/01\/sagrada-familia-Barcelona.jpg\" alt=\" Visita la sagrada Fam\u00edlia Barcelona\" width=\"100%\" \/><br \/>\n&nbsp;<br \/>\n<span style=\"font-weight: 400\">En la Sagrada fam\u00edlia Gaud\u00ed trabaj\u00f3 pr\u00e1cticamente toda su vida, con mucha perspicacia decor\u00f3 una paramento vertical, la fachada del nacimiento, una fachada de 88 metros de altitud que compromet\u00eda a generaciones futuras a terminarla. De hecho as\u00ed est\u00e1 siendo, cada \u00e9poca ha dado su impronta, la fachada oeste es obra del escultor Subirachs. Descubre Barcelona con nuestro servicio de <\/span><a href=\"https:\/\/rideon.es\/barcelona\/\"><span style=\"font-weight: 400\">alquiler moto barcelona<\/span><\/a><span style=\"font-weight: 400\">.<\/span><br \/>\n<img decoding=\"async\" class=\"img-responsive\" src=\"https:\/\/rideon.es\/wp-content\/uploads\/2017\/01\/fachada-oeste-sagrada-familia.jpg\" alt=\" Visita la facahda del nacimiento de la sagrada Fam\u00edlia Barcelona\" width=\"100%\" \/><br \/>\n&nbsp;<br \/>\n<span style=\"font-weight: 400\">Manteniendo las l\u00edneas b\u00e1sicas Subirachs incorpor\u00f3 nuevas l\u00edneas del arte de finales del siglo XIX. <\/span><br \/>\n<span style=\"font-weight: 400\">La Sagrada Familia es tambi\u00e9n conocida popularmente como la Catedral de los pobres, a causa del cuadro hom\u00f3nimo del pintor modernista Joaquim Mir.Ciertas. Estimaciones en funci\u00f3n de los avances t\u00e9cnicos modernos y el creciente n\u00famero de donaciones, prev\u00e9n que su construcci\u00f3n podr\u00eda finalizar en el a\u00f1o 2026, coincidiendo con la fecha del centenario del fallecimiento de Gaud\u00ed.<\/span><br \/>\n&nbsp;<br \/>\n<span style=\"font-weight: 400\">Para m\u00e1s informaci\u00f3n visiten nuestro <\/span><a href=\"https:\/\/rideon.es\/blog-barcelona\/\"><span style=\"font-weight: 400\">Blog de informaci\u00f3n Tur\u00edstica a Barcelona<\/span><\/a><span style=\"font-weight: 400\">, para reservas online de motos de alquiler Mallorca pueden visitar nuestra web <\/span><a href=\"https:\/\/rideon.es\/barcelona\/\"><span style=\"font-weight: 400\">www.rideon.es<\/span><\/a><br \/>\n&nbsp;<\/p>\n","protected":false},"excerpt":{"rendered":"<p>El Parc G\u00fcell Situaci\u00f3n: https:\/\/goo.gl\/maps\/PWaXsK8GE3z &nbsp; El parc G\u00fcell estaba destinado a ser una zona residencial pero termin\u00f3 siendo un curioso parque, un espacio moldeado a medias entre la naturaleza y la imaginaci\u00f3n de Antonio Gaud\u00ed. El parc G\u00fcell es uno de los espacios m\u00e1s visitados de Barcelona y uno de los sitios preferidos por<\/p>\n","protected":false},"author":2,"featured_media":1672,"comment_status":"open","ping_status":"closed","sticky":false,"template":"","format":"standard","meta":{"inline_featured_image":false,"footnotes":""},"categories":[9,12],"tags":[],"class_list":["post-1665","post","type-post","status-publish","format-standard","has-post-thumbnail","hentry","category-barcelona","category-blog"],"yoast_head":"<!-- This site is optimized with the Yoast SEO Premium plugin v18.7 (Yoast SEO v27.5) - https:\/\/yoast.com\/product\/yoast-seo-premium-wordpress\/ -->\n<title>La Barcelona modernista de Gaud\u00ed - Alquiler de motos mensual y Renting para Empresas<\/title>\n<meta name=\"description\" content=\"Descubre con el alquiler de motos Barcelona de Ride On el modernismo del arquitecto Anton Gaud\u00ed. No te lo pierdas es espectacular!\" \/>\n<meta name=\"robots\" content=\"index, follow, max-snippet:-1, max-image-preview:large, max-video-preview:-1\" \/>\n<link rel=\"canonical\" href=\"https:\/\/rideon.es\/renting-empresas\/la-barcelona-modernista-de-gaudi\/\" \/>\n<meta property=\"og:locale\" content=\"es_ES\" \/>\n<meta property=\"og:type\" content=\"article\" \/>\n<meta property=\"og:title\" content=\"La Barcelona modernista de Gaud\u00ed\" \/>\n<meta property=\"og:description\" content=\"Descubre con el alquiler de motos Barcelona de Ride On el modernismo del arquitecto Anton Gaud\u00ed. No te lo pierdas es espectacular!\" \/>\n<meta property=\"og:url\" content=\"https:\/\/rideon.es\/renting-empresas\/la-barcelona-modernista-de-gaudi\/\" \/>\n<meta property=\"og:site_name\" content=\"Alquiler de motos mensual y Renting para Empresas\" \/>\n<meta property=\"article:published_time\" content=\"2017-01-19T09:48:00+00:00\" \/>\n<meta name=\"author\" content=\"Ride On\" \/>\n<meta name=\"twitter:card\" content=\"summary_large_image\" \/>\n<meta name=\"twitter:label1\" content=\"Escrito por\" \/>\n\t<meta name=\"twitter:data1\" content=\"Ride On\" \/>\n\t<meta name=\"twitter:label2\" content=\"Tiempo de lectura\" \/>\n\t<meta name=\"twitter:data2\" content=\"4 minutos\" \/>\n<script type=\"application\/ld+json\" class=\"yoast-schema-graph\">{\"@context\":\"https:\\\/\\\/schema.org\",\"@graph\":[{\"@type\":\"Article\",\"@id\":\"https:\\\/\\\/rideon.es\\\/renting-empresas\\\/la-barcelona-modernista-de-gaudi\\\/#article\",\"isPartOf\":{\"@id\":\"https:\\\/\\\/rideon.es\\\/renting-empresas\\\/la-barcelona-modernista-de-gaudi\\\/\"},\"author\":{\"name\":\"Ride On\",\"@id\":\"https:\\\/\\\/rideon.es\\\/renting-empresas\\\/#\\\/schema\\\/person\\\/48d6770e55c623d929bd20ce295611a7\"},\"headline\":\"La Barcelona modernista de Gaud\u00ed\",\"datePublished\":\"2017-01-19T09:48:00+00:00\",\"mainEntityOfPage\":{\"@id\":\"https:\\\/\\\/rideon.es\\\/renting-empresas\\\/la-barcelona-modernista-de-gaudi\\\/\"},\"wordCount\":734,\"commentCount\":0,\"publisher\":{\"@id\":\"https:\\\/\\\/rideon.es\\\/renting-empresas\\\/#organization\"},\"image\":{\"@id\":\"https:\\\/\\\/rideon.es\\\/renting-empresas\\\/la-barcelona-modernista-de-gaudi\\\/#primaryimage\"},\"thumbnailUrl\":\"\",\"articleSection\":[\"Barcelona\",\"Blog\"],\"inLanguage\":\"es\",\"potentialAction\":[{\"@type\":\"CommentAction\",\"name\":\"Comment\",\"target\":[\"https:\\\/\\\/rideon.es\\\/renting-empresas\\\/la-barcelona-modernista-de-gaudi\\\/#respond\"]}]},{\"@type\":\"WebPage\",\"@id\":\"https:\\\/\\\/rideon.es\\\/renting-empresas\\\/la-barcelona-modernista-de-gaudi\\\/\",\"url\":\"https:\\\/\\\/rideon.es\\\/renting-empresas\\\/la-barcelona-modernista-de-gaudi\\\/\",\"name\":\"La Barcelona modernista de Gaud\u00ed - Alquiler de motos mensual y Renting para Empresas\",\"isPartOf\":{\"@id\":\"https:\\\/\\\/rideon.es\\\/renting-empresas\\\/#website\"},\"primaryImageOfPage\":{\"@id\":\"https:\\\/\\\/rideon.es\\\/renting-empresas\\\/la-barcelona-modernista-de-gaudi\\\/#primaryimage\"},\"image\":{\"@id\":\"https:\\\/\\\/rideon.es\\\/renting-empresas\\\/la-barcelona-modernista-de-gaudi\\\/#primaryimage\"},\"thumbnailUrl\":\"\",\"datePublished\":\"2017-01-19T09:48:00+00:00\",\"description\":\"Descubre con el alquiler de motos Barcelona de Ride On el modernismo del arquitecto Anton Gaud\u00ed. No te lo pierdas es espectacular!\",\"inLanguage\":\"es\",\"potentialAction\":[{\"@type\":\"ReadAction\",\"target\":[\"https:\\\/\\\/rideon.es\\\/renting-empresas\\\/la-barcelona-modernista-de-gaudi\\\/\"]}]},{\"@type\":\"ImageObject\",\"inLanguage\":\"es\",\"@id\":\"https:\\\/\\\/rideon.es\\\/renting-empresas\\\/la-barcelona-modernista-de-gaudi\\\/#primaryimage\",\"url\":\"\",\"contentUrl\":\"\"},{\"@type\":\"WebSite\",\"@id\":\"https:\\\/\\\/rideon.es\\\/renting-empresas\\\/#website\",\"url\":\"https:\\\/\\\/rideon.es\\\/renting-empresas\\\/\",\"name\":\"Alquiler de motos mensual y Renting para Empresas\",\"description\":\"Las motos m\u00e1s c\u00f3modas y seguras para disfrutar de tus vacaciones sobre ruedas. Alquiler de motos en Menorca, Mallorca, Barcelona y Valencia con Rideon.es\",\"publisher\":{\"@id\":\"https:\\\/\\\/rideon.es\\\/renting-empresas\\\/#organization\"},\"potentialAction\":[{\"@type\":\"SearchAction\",\"target\":{\"@type\":\"EntryPoint\",\"urlTemplate\":\"https:\\\/\\\/rideon.es\\\/renting-empresas\\\/?s={search_term_string}\"},\"query-input\":{\"@type\":\"PropertyValueSpecification\",\"valueRequired\":true,\"valueName\":\"search_term_string\"}}],\"inLanguage\":\"es\"},{\"@type\":\"Organization\",\"@id\":\"https:\\\/\\\/rideon.es\\\/renting-empresas\\\/#organization\",\"name\":\"Alquiler de motos mensual y Renting para Empresas\",\"url\":\"https:\\\/\\\/rideon.es\\\/renting-empresas\\\/\",\"logo\":{\"@type\":\"ImageObject\",\"inLanguage\":\"es\",\"@id\":\"https:\\\/\\\/rideon.es\\\/renting-empresas\\\/#\\\/schema\\\/logo\\\/image\\\/\",\"url\":\"https:\\\/\\\/rideon.es\\\/renting-empresas\\\/wp-content\\\/uploads\\\/sites\\\/19\\\/2020\\\/02\\\/rideon_logo-200x78-1.png\",\"contentUrl\":\"https:\\\/\\\/rideon.es\\\/renting-empresas\\\/wp-content\\\/uploads\\\/sites\\\/19\\\/2020\\\/02\\\/rideon_logo-200x78-1.png\",\"width\":200,\"height\":78,\"caption\":\"Alquiler de motos mensual y Renting para Empresas\"},\"image\":{\"@id\":\"https:\\\/\\\/rideon.es\\\/renting-empresas\\\/#\\\/schema\\\/logo\\\/image\\\/\"}},{\"@type\":\"Person\",\"@id\":\"https:\\\/\\\/rideon.es\\\/renting-empresas\\\/#\\\/schema\\\/person\\\/48d6770e55c623d929bd20ce295611a7\",\"name\":\"Ride On\",\"image\":{\"@type\":\"ImageObject\",\"inLanguage\":\"es\",\"@id\":\"https:\\\/\\\/secure.gravatar.com\\\/avatar\\\/785e72183089da6a00243c0f0e2d52db79b9983b602219afb07c868943086138?s=96&d=mm&r=g\",\"url\":\"https:\\\/\\\/secure.gravatar.com\\\/avatar\\\/785e72183089da6a00243c0f0e2d52db79b9983b602219afb07c868943086138?s=96&d=mm&r=g\",\"contentUrl\":\"https:\\\/\\\/secure.gravatar.com\\\/avatar\\\/785e72183089da6a00243c0f0e2d52db79b9983b602219afb07c868943086138?s=96&d=mm&r=g\",\"caption\":\"Ride On\"},\"url\":\"https:\\\/\\\/rideon.es\\\/renting-empresas\\\/author\\\/eduardoyauri\\\/\"}]}<\/script>\n<!-- \/ Yoast SEO Premium plugin. -->","yoast_head_json":{"title":"La Barcelona modernista de Gaud\u00ed - Alquiler de motos mensual y Renting para Empresas","description":"Descubre con el alquiler de motos Barcelona de Ride On el modernismo del arquitecto Anton Gaud\u00ed. No te lo pierdas es espectacular!","robots":{"index":"index","follow":"follow","max-snippet":"max-snippet:-1","max-image-preview":"max-image-preview:large","max-video-preview":"max-video-preview:-1"},"canonical":"https:\/\/rideon.es\/renting-empresas\/la-barcelona-modernista-de-gaudi\/","og_locale":"es_ES","og_type":"article","og_title":"La Barcelona modernista de Gaud\u00ed","og_description":"Descubre con el alquiler de motos Barcelona de Ride On el modernismo del arquitecto Anton Gaud\u00ed. No te lo pierdas es espectacular!","og_url":"https:\/\/rideon.es\/renting-empresas\/la-barcelona-modernista-de-gaudi\/","og_site_name":"Alquiler de motos mensual y Renting para Empresas","article_published_time":"2017-01-19T09:48:00+00:00","author":"Ride On","twitter_card":"summary_large_image","twitter_misc":{"Escrito por":"Ride On","Tiempo de lectura":"4 minutos"},"schema":{"@context":"https:\/\/schema.org","@graph":[{"@type":"Article","@id":"https:\/\/rideon.es\/renting-empresas\/la-barcelona-modernista-de-gaudi\/#article","isPartOf":{"@id":"https:\/\/rideon.es\/renting-empresas\/la-barcelona-modernista-de-gaudi\/"},"author":{"name":"Ride On","@id":"https:\/\/rideon.es\/renting-empresas\/#\/schema\/person\/48d6770e55c623d929bd20ce295611a7"},"headline":"La Barcelona modernista de Gaud\u00ed","datePublished":"2017-01-19T09:48:00+00:00","mainEntityOfPage":{"@id":"https:\/\/rideon.es\/renting-empresas\/la-barcelona-modernista-de-gaudi\/"},"wordCount":734,"commentCount":0,"publisher":{"@id":"https:\/\/rideon.es\/renting-empresas\/#organization"},"image":{"@id":"https:\/\/rideon.es\/renting-empresas\/la-barcelona-modernista-de-gaudi\/#primaryimage"},"thumbnailUrl":"","articleSection":["Barcelona","Blog"],"inLanguage":"es","potentialAction":[{"@type":"CommentAction","name":"Comment","target":["https:\/\/rideon.es\/renting-empresas\/la-barcelona-modernista-de-gaudi\/#respond"]}]},{"@type":"WebPage","@id":"https:\/\/rideon.es\/renting-empresas\/la-barcelona-modernista-de-gaudi\/","url":"https:\/\/rideon.es\/renting-empresas\/la-barcelona-modernista-de-gaudi\/","name":"La Barcelona modernista de Gaud\u00ed - Alquiler de motos mensual y Renting para Empresas","isPartOf":{"@id":"https:\/\/rideon.es\/renting-empresas\/#website"},"primaryImageOfPage":{"@id":"https:\/\/rideon.es\/renting-empresas\/la-barcelona-modernista-de-gaudi\/#primaryimage"},"image":{"@id":"https:\/\/rideon.es\/renting-empresas\/la-barcelona-modernista-de-gaudi\/#primaryimage"},"thumbnailUrl":"","datePublished":"2017-01-19T09:48:00+00:00","description":"Descubre con el alquiler de motos Barcelona de Ride On el modernismo del arquitecto Anton Gaud\u00ed. No te lo pierdas es espectacular!","inLanguage":"es","potentialAction":[{"@type":"ReadAction","target":["https:\/\/rideon.es\/renting-empresas\/la-barcelona-modernista-de-gaudi\/"]}]},{"@type":"ImageObject","inLanguage":"es","@id":"https:\/\/rideon.es\/renting-empresas\/la-barcelona-modernista-de-gaudi\/#primaryimage","url":"","contentUrl":""},{"@type":"WebSite","@id":"https:\/\/rideon.es\/renting-empresas\/#website","url":"https:\/\/rideon.es\/renting-empresas\/","name":"Alquiler de motos mensual y Renting para Empresas","description":"Las motos m\u00e1s c\u00f3modas y seguras para disfrutar de tus vacaciones sobre ruedas. Alquiler de motos en Menorca, Mallorca, Barcelona y Valencia con Rideon.es","publisher":{"@id":"https:\/\/rideon.es\/renting-empresas\/#organization"},"potentialAction":[{"@type":"SearchAction","target":{"@type":"EntryPoint","urlTemplate":"https:\/\/rideon.es\/renting-empresas\/?s={search_term_string}"},"query-input":{"@type":"PropertyValueSpecification","valueRequired":true,"valueName":"search_term_string"}}],"inLanguage":"es"},{"@type":"Organization","@id":"https:\/\/rideon.es\/renting-empresas\/#organization","name":"Alquiler de motos mensual y Renting para Empresas","url":"https:\/\/rideon.es\/renting-empresas\/","logo":{"@type":"ImageObject","inLanguage":"es","@id":"https:\/\/rideon.es\/renting-empresas\/#\/schema\/logo\/image\/","url":"https:\/\/rideon.es\/renting-empresas\/wp-content\/uploads\/sites\/19\/2020\/02\/rideon_logo-200x78-1.png","contentUrl":"https:\/\/rideon.es\/renting-empresas\/wp-content\/uploads\/sites\/19\/2020\/02\/rideon_logo-200x78-1.png","width":200,"height":78,"caption":"Alquiler de motos mensual y Renting para Empresas"},"image":{"@id":"https:\/\/rideon.es\/renting-empresas\/#\/schema\/logo\/image\/"}},{"@type":"Person","@id":"https:\/\/rideon.es\/renting-empresas\/#\/schema\/person\/48d6770e55c623d929bd20ce295611a7","name":"Ride On","image":{"@type":"ImageObject","inLanguage":"es","@id":"https:\/\/secure.gravatar.com\/avatar\/785e72183089da6a00243c0f0e2d52db79b9983b602219afb07c868943086138?s=96&d=mm&r=g","url":"https:\/\/secure.gravatar.com\/avatar\/785e72183089da6a00243c0f0e2d52db79b9983b602219afb07c868943086138?s=96&d=mm&r=g","contentUrl":"https:\/\/secure.gravatar.com\/avatar\/785e72183089da6a00243c0f0e2d52db79b9983b602219afb07c868943086138?s=96&d=mm&r=g","caption":"Ride On"},"url":"https:\/\/rideon.es\/renting-empresas\/author\/eduardoyauri\/"}]}},"_links":{"self":[{"href":"https:\/\/rideon.es\/renting-empresas\/wp-json\/wp\/v2\/posts\/1665","targetHints":{"allow":["GET"]}}],"collection":[{"href":"https:\/\/rideon.es\/renting-empresas\/wp-json\/wp\/v2\/posts"}],"about":[{"href":"https:\/\/rideon.es\/renting-empresas\/wp-json\/wp\/v2\/types\/post"}],"author":[{"embeddable":true,"href":"https:\/\/rideon.es\/renting-empresas\/wp-json\/wp\/v2\/users\/2"}],"replies":[{"embeddable":true,"href":"https:\/\/rideon.es\/renting-empresas\/wp-json\/wp\/v2\/comments?post=1665"}],"version-history":[{"count":0,"href":"https:\/\/rideon.es\/renting-empresas\/wp-json\/wp\/v2\/posts\/1665\/revisions"}],"wp:featuredmedia":[{"embeddable":true,"href":"https:\/\/rideon.es\/renting-empresas\/wp-json\/"}],"wp:attachment":[{"href":"https:\/\/rideon.es\/renting-empresas\/wp-json\/wp\/v2\/media?parent=1665"}],"wp:term":[{"taxonomy":"category","embeddable":true,"href":"https:\/\/rideon.es\/renting-empresas\/wp-json\/wp\/v2\/categories?post=1665"},{"taxonomy":"post_tag","embeddable":true,"href":"https:\/\/rideon.es\/renting-empresas\/wp-json\/wp\/v2\/tags?post=1665"}],"curies":[{"name":"wp","href":"https:\/\/api.w.org\/{rel}","templated":true}]}}