{"id":1633,"date":"2017-01-03T11:08:49","date_gmt":"2017-01-03T11:08:49","guid":{"rendered":"https:\/\/rideon.es\/?p=1633"},"modified":"2017-01-03T11:08:49","modified_gmt":"2017-01-03T11:08:49","slug":"palau-de-la-musica-la-pedrera","status":"publish","type":"post","link":"https:\/\/rideon.es\/renting-empresas\/palau-de-la-musica-la-pedrera\/","title":{"rendered":"Palau de la musica y la Pedrera"},"content":{"rendered":"<p><b>El Palau de la M\u00fasica Catalana<\/b><br \/>\n<span style=\"font-weight: 400\">Situaci\u00f3n: <\/span><a href=\"https:\/\/goo.gl\/maps\/LjMU2DVcuZw\"><span style=\"font-weight: 400\">https:\/\/goo.gl\/maps\/LjMU2DVcuZw<\/span><\/a><br \/>\n<span style=\"font-weight: 400\">El Palau de la m\u00fasica es el perfecto ejemplo de que lo importante es la imaginaci\u00f3n y no los materiales para construir un perfecto auditorio de sugerencias est\u00e9ticas.<\/span><br \/>\n<span style=\"font-weight: 400\">La construcci\u00f3n se llev\u00f3 a cabo entre los a\u00f1os 1905 y 1908, con soluciones en la estructura muy avanzadas con la aplicaci\u00f3n de grandes muros de cristal y la integraci\u00f3n de todas las artes, escultura, mosaicos, vitrales y forja. \u00a0\u00a0En <\/span><a href=\"https:\/\/rideon.es\/\"><span style=\"font-weight: 400\">RIdeon.es<\/span><\/a><span style=\"font-weight: 400\"> disfrtuar\u00e1s del mejoir servicio de <\/span><a href=\"https:\/\/rideon.es\/barcelona\/\"><span style=\"font-weight: 400\">Barcelona moto rent<\/span><\/a><span style=\"font-weight: 400\">.<\/span><br \/>\n<img decoding=\"async\" class=\"img-responsive\" src=\"https:\/\/rideon.es\/wp-content\/uploads\/2017\/01\/palau-de-la-musica-barcelona.jpg\" alt=\"Palau musica catalana Barcelona\" width=\"100%\" \/><br \/>\n<span style=\"font-weight: 400\">El espacio interior vincula la sutileza de la m\u00fasica con una brillante y arm\u00f3nica puesta en escena en el que el trabajo del arquitecto Llu\u00eds Domenech i Montaner se entremezcla con el sutil trabajo de los escultores. La forma m\u00e1s c\u00f3moda para descubrir Barcelona es mediante nuestro servicio de <\/span><a href=\"https:\/\/rideon.es\/barcelona\/\"><span style=\"font-weight: 400\">Barcelona scooter rental<\/span><\/a><span style=\"font-weight: 400\">.<\/span><br \/>\n<img decoding=\"async\" class=\"img-responsive\" src=\"https:\/\/rideon.es\/wp-content\/uploads\/2017\/01\/exterior-palau-de-la-musica-barcelona.jpg\" alt=\"Fachada Palau musica catalana Barcelona\" width=\"100%\" \/><br \/>\n<span style=\"font-weight: 400\">Se dice que en muchos lugares del mundo es aconsejable escuchar la m\u00fasica con los ojos cerrados, no es el caso del Palau de la m\u00fasica de Catalunya, en 1997 la Unesco incluy\u00f3 el edificio en su relaci\u00f3n del Patrimonio de la Humanidad. Descubre Barcelona con nuestro servicio de <\/span><a href=\"https:\/\/rideon.es\/barcelona\/\"><span style=\"font-weight: 400\">alquiler de motos barcelona<\/span><\/a><span style=\"font-weight: 400\">.<\/span><br \/>\n<img decoding=\"async\" class=\"img-responsive\" src=\"https:\/\/rideon.es\/wp-content\/uploads\/2017\/01\/escenario-palau-de-la-musica-barcelona.jpg\" alt=\"Escenario Palau musica catalana Barcelona\" width=\"100%\" \/><br \/>\n<span style=\"font-weight: 400\">Muchos de los mejores solistas y cantantes del siglo XX han actuado en el Palacio de la M\u00fasica Catalana: : Pau Casals, Jacques Thibaud, Alfred Cortot, Eug\u00e8ne Ysa\u00ffe, Albert Schweitzer, Enrique Granados, Josep Carreras o Montserrat Caball\u00e9.<\/span><br \/>\n&nbsp;<br \/>\n<b>Comer en el restaurante Montiel<\/b><br \/>\n<span style=\"font-weight: 400\">Situaci\u00f3n: <\/span><a href=\"https:\/\/goo.gl\/maps\/311aD7NJqkL2\"><span style=\"font-weight: 400\">https:\/\/goo.gl\/maps\/311aD7NJqkL2<\/span><\/a><br \/>\n<span style=\"font-weight: 400\">Contacto: <\/span><a href=\"http:\/\/www.grupmontiel.com\/\"><span style=\"font-weight: 400\">http:\/\/www.grupmontiel.com\/<\/span><\/a><br \/>\n<span style=\"font-weight: 400\">El Borne de Barcelona es un barrio de distancias cortas, donde las calles son estrechas y todo est\u00e1 cerca, donde una vecina puede hablar con la de enfrente desde el balc\u00f3n de su casa. Es un barrio para pasear y degustar la vida con cierta calma y es as\u00ed como vemos la relaci\u00f3n entre los productos de la tierra y el placer de la mesa. E<\/span><span style=\"font-weight: 400\">n el centro de Barcelona es dif\u00edcil moverse en coche, por eso te recomendamos nuestro servicio de <\/span><a href=\"https:\/\/rideon.es\/barcelona\/\"><span style=\"font-weight: 400\">moto rent Barcelona<\/span><\/a><span style=\"font-weight: 400\">. <\/span><br \/>\n<img decoding=\"async\" class=\"img-responsive\" src=\"https:\/\/rideon.es\/wp-content\/uploads\/2017\/01\/restaurante-montiel-barcelona.jpg\" alt=\"restaurante Montiel Barcelona\" width=\"100%\" \/><br \/>\n<span style=\"font-weight: 400\">En este espacio cercano al Palau de la m\u00fasica hay un lugar para la experiencia gastron\u00f3mica, donde la intimidad y la tranquilidad se unen para hacer disfrutar de sabores \u00fanicos, un lugar donde los vinos especialmente seleccionados dialogan a la perfecci\u00f3n con la cocina del restaurante.<\/span><br \/>\n&nbsp;<br \/>\n<b>Casa Mil\u00e0 (La pedrera)<\/b><br \/>\n<span style=\"font-weight: 400\">Situaci\u00f3n: <\/span><a href=\"https:\/\/goo.gl\/maps\/ytzMxTGmwaN2\"><span style=\"font-weight: 400\">https:\/\/goo.gl\/maps\/ytzMxTGmwaN2<\/span><\/a><br \/>\n<span style=\"font-weight: 400\">Entre todos los arquitectos del modernismo, Antonio Gaud\u00ed desarrolla un mundo propio que levanta la admiraci\u00f3n de todos, aunque hay obras en otras poblaciones de Espa\u00f1a, su nombre hace se\u00f1a de identidad en Barcelona.<\/span><br \/>\n<img decoding=\"async\" class=\"img-responsive\" src=\"https:\/\/rideon.es\/wp-content\/uploads\/2017\/01\/casa-mila-la-pedrera-barcelona.jpg\" alt=\"Fachada casa mila la pedrera Barcelona\" width=\"100%\" \/><br \/>\nLa casa Mil\u00e0 fue edificada por encargo del matrimonio Pere Mil\u00e0 i Camps y Roser Segimon i Artells, y Gaud\u00ed cont\u00f3 con la colaboraci\u00f3n de sus ayudantes Josep Maria Jujol, Dom\u00e8nec Sugra\u00f1es, Francesc Quintana, Jaume Bay\u00f3 i Font, Joan Rubi\u00f3, Enrique Nieto y Josep Canaleta, as\u00ed como del constructor Josep Bay\u00f3 i Font, que hab\u00eda trabajado con Gaud\u00ed en la Casa Batll\u00f3.<br \/>\n<img decoding=\"async\" class=\"img-responsive\" src=\"https:\/\/rideon.es\/wp-content\/uploads\/2017\/01\/interior-casa-mila-la-pedrera-barcelona.jpg\" alt=\"Interior casa mila la pedrera Barcelona\" width=\"100%\" \/><br \/>\n<span style=\"font-weight: 400\">Desde su apertura al p\u00fablico en 1987 ha recibido m\u00e1s de 20 millones de visitas (un mill\u00f3n cada a\u00f1o aproximadamente), convirti\u00e9ndola en uno de los diez lugares m\u00e1s visitados de Barcelona. <\/span><span style=\"font-weight: 400\">Descubre Barcelona con nuestro servicio de <\/span><a href=\"https:\/\/rideon.es\/barcelona\/\"><span style=\"font-weight: 400\">alquiler moto barcelona<\/span><\/a><span style=\"font-weight: 400\">.<\/span><br \/>\n<img decoding=\"async\" class=\"img-responsive\" src=\"https:\/\/rideon.es\/wp-content\/uploads\/2017\/01\/fachada-la-pedrera-barcelona.jpg\" alt=\"Balcones fachada casa mila la pedrera Barcelona\" width=\"100%\" \/><br \/>\n<span style=\"font-weight: 400\">El edificio no respetaba ninguna norma de estilo convencional, por lo que recibi\u00f3 muchas cr\u00edticas. Para empezar, el nombre \u00abLa Pedrera\u00bb es de hecho un mote asignado por los ciudadanos que censuraban su heterodoxia. Las revistas sat\u00edricas eran el principal espacio de difusi\u00f3n de las cr\u00edticas: Junceda la presentaba en un chiste como una \u00abmona de Pascua\u00bb. Posteriormente, fue alabada por figuras como Le Corbusier, Nikolaus Pevsner, George Collins, Roberto Pane o Alexandre Cirici i Pellicer.<\/span><br \/>\n&nbsp;<br \/>\n<span style=\"font-weight: 400\">Para m\u00e1s informaci\u00f3n visiten nuestro <\/span><a href=\"https:\/\/rideon.es\/blog-barcelona\/\"><span style=\"font-weight: 400\">Blog de informaci\u00f3n Tur\u00edstica a Barcelona<\/span><\/a><span style=\"font-weight: 400\">, para reservas online de motos de alquiler Mallorca pueden visitar nuestra web <\/span><a href=\"https:\/\/rideon.es\/barcelona\/\"><span style=\"font-weight: 400\">www.rideon.es<\/span><\/a><br \/>\n&nbsp;<\/p>\n","protected":false},"excerpt":{"rendered":"<p>El Palau de la M\u00fasica Catalana Situaci\u00f3n: https:\/\/goo.gl\/maps\/LjMU2DVcuZw El Palau de la m\u00fasica es el perfecto ejemplo de que lo importante es la imaginaci\u00f3n y no los materiales para construir un perfecto auditorio de sugerencias est\u00e9ticas. La construcci\u00f3n se llev\u00f3 a cabo entre los a\u00f1os 1905 y 1908, con soluciones en la estructura muy avanzadas<\/p>\n","protected":false},"author":2,"featured_media":1642,"comment_status":"open","ping_status":"closed","sticky":false,"template":"","format":"standard","meta":{"inline_featured_image":false,"footnotes":""},"categories":[9,12],"tags":[],"class_list":["post-1633","post","type-post","status-publish","format-standard","has-post-thumbnail","hentry","category-barcelona","category-blog"],"yoast_head":"<!-- This site is optimized with the Yoast SEO Premium plugin v18.7 (Yoast SEO v27.5) - https:\/\/yoast.com\/product\/yoast-seo-premium-wordpress\/ -->\n<title>Descubre el Palau de la m\u00fasica y la Pedrera con Ride On Barcelona<\/title>\n<meta name=\"description\" content=\"La mejor forma de visitar Barcelona es en Moto, alquiler una moto en Ride On y no hagas retenciones para ver el el Palau de la m\u00fasica y la Pedrera\" \/>\n<meta name=\"robots\" content=\"index, follow, max-snippet:-1, max-image-preview:large, max-video-preview:-1\" \/>\n<link rel=\"canonical\" href=\"https:\/\/rideon.es\/renting-empresas\/palau-de-la-musica-la-pedrera\/\" \/>\n<meta property=\"og:locale\" content=\"es_ES\" \/>\n<meta property=\"og:type\" content=\"article\" \/>\n<meta property=\"og:title\" content=\"Palau de la musica y la Pedrera\" \/>\n<meta property=\"og:description\" content=\"La mejor forma de visitar Barcelona es en Moto, alquiler una moto en Ride On y no hagas retenciones para ver el el Palau de la m\u00fasica y la Pedrera\" \/>\n<meta property=\"og:url\" content=\"https:\/\/rideon.es\/renting-empresas\/palau-de-la-musica-la-pedrera\/\" \/>\n<meta property=\"og:site_name\" content=\"Alquiler de motos mensual y Renting para Empresas\" \/>\n<meta property=\"article:published_time\" content=\"2017-01-03T11:08:49+00:00\" \/>\n<meta name=\"author\" content=\"Ride On\" \/>\n<meta name=\"twitter:card\" content=\"summary_large_image\" \/>\n<meta name=\"twitter:label1\" content=\"Escrito por\" \/>\n\t<meta name=\"twitter:data1\" content=\"Ride On\" \/>\n\t<meta name=\"twitter:label2\" content=\"Tiempo de lectura\" \/>\n\t<meta name=\"twitter:data2\" content=\"3 minutos\" \/>\n<script type=\"application\/ld+json\" class=\"yoast-schema-graph\">{\"@context\":\"https:\\\/\\\/schema.org\",\"@graph\":[{\"@type\":\"Article\",\"@id\":\"https:\\\/\\\/rideon.es\\\/renting-empresas\\\/palau-de-la-musica-la-pedrera\\\/#article\",\"isPartOf\":{\"@id\":\"https:\\\/\\\/rideon.es\\\/renting-empresas\\\/palau-de-la-musica-la-pedrera\\\/\"},\"author\":{\"name\":\"Ride On\",\"@id\":\"https:\\\/\\\/rideon.es\\\/renting-empresas\\\/#\\\/schema\\\/person\\\/48d6770e55c623d929bd20ce295611a7\"},\"headline\":\"Palau de la musica y la Pedrera\",\"datePublished\":\"2017-01-03T11:08:49+00:00\",\"mainEntityOfPage\":{\"@id\":\"https:\\\/\\\/rideon.es\\\/renting-empresas\\\/palau-de-la-musica-la-pedrera\\\/\"},\"wordCount\":685,\"commentCount\":0,\"publisher\":{\"@id\":\"https:\\\/\\\/rideon.es\\\/renting-empresas\\\/#organization\"},\"image\":{\"@id\":\"https:\\\/\\\/rideon.es\\\/renting-empresas\\\/palau-de-la-musica-la-pedrera\\\/#primaryimage\"},\"thumbnailUrl\":\"\",\"articleSection\":[\"Barcelona\",\"Blog\"],\"inLanguage\":\"es\",\"potentialAction\":[{\"@type\":\"CommentAction\",\"name\":\"Comment\",\"target\":[\"https:\\\/\\\/rideon.es\\\/renting-empresas\\\/palau-de-la-musica-la-pedrera\\\/#respond\"]}]},{\"@type\":\"WebPage\",\"@id\":\"https:\\\/\\\/rideon.es\\\/renting-empresas\\\/palau-de-la-musica-la-pedrera\\\/\",\"url\":\"https:\\\/\\\/rideon.es\\\/renting-empresas\\\/palau-de-la-musica-la-pedrera\\\/\",\"name\":\"Descubre el Palau de la m\u00fasica y la Pedrera con Ride On Barcelona\",\"isPartOf\":{\"@id\":\"https:\\\/\\\/rideon.es\\\/renting-empresas\\\/#website\"},\"primaryImageOfPage\":{\"@id\":\"https:\\\/\\\/rideon.es\\\/renting-empresas\\\/palau-de-la-musica-la-pedrera\\\/#primaryimage\"},\"image\":{\"@id\":\"https:\\\/\\\/rideon.es\\\/renting-empresas\\\/palau-de-la-musica-la-pedrera\\\/#primaryimage\"},\"thumbnailUrl\":\"\",\"datePublished\":\"2017-01-03T11:08:49+00:00\",\"description\":\"La mejor forma de visitar Barcelona es en Moto, alquiler una moto en Ride On y no hagas retenciones para ver el el Palau de la m\u00fasica y la Pedrera\",\"inLanguage\":\"es\",\"potentialAction\":[{\"@type\":\"ReadAction\",\"target\":[\"https:\\\/\\\/rideon.es\\\/renting-empresas\\\/palau-de-la-musica-la-pedrera\\\/\"]}]},{\"@type\":\"ImageObject\",\"inLanguage\":\"es\",\"@id\":\"https:\\\/\\\/rideon.es\\\/renting-empresas\\\/palau-de-la-musica-la-pedrera\\\/#primaryimage\",\"url\":\"\",\"contentUrl\":\"\"},{\"@type\":\"WebSite\",\"@id\":\"https:\\\/\\\/rideon.es\\\/renting-empresas\\\/#website\",\"url\":\"https:\\\/\\\/rideon.es\\\/renting-empresas\\\/\",\"name\":\"Alquiler de motos mensual y Renting para Empresas\",\"description\":\"Las motos m\u00e1s c\u00f3modas y seguras para disfrutar de tus vacaciones sobre ruedas. Alquiler de motos en Menorca, Mallorca, Barcelona y Valencia con Rideon.es\",\"publisher\":{\"@id\":\"https:\\\/\\\/rideon.es\\\/renting-empresas\\\/#organization\"},\"potentialAction\":[{\"@type\":\"SearchAction\",\"target\":{\"@type\":\"EntryPoint\",\"urlTemplate\":\"https:\\\/\\\/rideon.es\\\/renting-empresas\\\/?s={search_term_string}\"},\"query-input\":{\"@type\":\"PropertyValueSpecification\",\"valueRequired\":true,\"valueName\":\"search_term_string\"}}],\"inLanguage\":\"es\"},{\"@type\":\"Organization\",\"@id\":\"https:\\\/\\\/rideon.es\\\/renting-empresas\\\/#organization\",\"name\":\"Alquiler de motos mensual y Renting para Empresas\",\"url\":\"https:\\\/\\\/rideon.es\\\/renting-empresas\\\/\",\"logo\":{\"@type\":\"ImageObject\",\"inLanguage\":\"es\",\"@id\":\"https:\\\/\\\/rideon.es\\\/renting-empresas\\\/#\\\/schema\\\/logo\\\/image\\\/\",\"url\":\"https:\\\/\\\/rideon.es\\\/renting-empresas\\\/wp-content\\\/uploads\\\/sites\\\/19\\\/2020\\\/02\\\/rideon_logo-200x78-1.png\",\"contentUrl\":\"https:\\\/\\\/rideon.es\\\/renting-empresas\\\/wp-content\\\/uploads\\\/sites\\\/19\\\/2020\\\/02\\\/rideon_logo-200x78-1.png\",\"width\":200,\"height\":78,\"caption\":\"Alquiler de motos mensual y Renting para Empresas\"},\"image\":{\"@id\":\"https:\\\/\\\/rideon.es\\\/renting-empresas\\\/#\\\/schema\\\/logo\\\/image\\\/\"}},{\"@type\":\"Person\",\"@id\":\"https:\\\/\\\/rideon.es\\\/renting-empresas\\\/#\\\/schema\\\/person\\\/48d6770e55c623d929bd20ce295611a7\",\"name\":\"Ride On\",\"image\":{\"@type\":\"ImageObject\",\"inLanguage\":\"es\",\"@id\":\"https:\\\/\\\/secure.gravatar.com\\\/avatar\\\/785e72183089da6a00243c0f0e2d52db79b9983b602219afb07c868943086138?s=96&d=mm&r=g\",\"url\":\"https:\\\/\\\/secure.gravatar.com\\\/avatar\\\/785e72183089da6a00243c0f0e2d52db79b9983b602219afb07c868943086138?s=96&d=mm&r=g\",\"contentUrl\":\"https:\\\/\\\/secure.gravatar.com\\\/avatar\\\/785e72183089da6a00243c0f0e2d52db79b9983b602219afb07c868943086138?s=96&d=mm&r=g\",\"caption\":\"Ride On\"},\"url\":\"https:\\\/\\\/rideon.es\\\/renting-empresas\\\/author\\\/eduardoyauri\\\/\"}]}<\/script>\n<!-- \/ Yoast SEO Premium plugin. -->","yoast_head_json":{"title":"Descubre el Palau de la m\u00fasica y la Pedrera con Ride On Barcelona","description":"La mejor forma de visitar Barcelona es en Moto, alquiler una moto en Ride On y no hagas retenciones para ver el el Palau de la m\u00fasica y la Pedrera","robots":{"index":"index","follow":"follow","max-snippet":"max-snippet:-1","max-image-preview":"max-image-preview:large","max-video-preview":"max-video-preview:-1"},"canonical":"https:\/\/rideon.es\/renting-empresas\/palau-de-la-musica-la-pedrera\/","og_locale":"es_ES","og_type":"article","og_title":"Palau de la musica y la Pedrera","og_description":"La mejor forma de visitar Barcelona es en Moto, alquiler una moto en Ride On y no hagas retenciones para ver el el Palau de la m\u00fasica y la Pedrera","og_url":"https:\/\/rideon.es\/renting-empresas\/palau-de-la-musica-la-pedrera\/","og_site_name":"Alquiler de motos mensual y Renting para Empresas","article_published_time":"2017-01-03T11:08:49+00:00","author":"Ride On","twitter_card":"summary_large_image","twitter_misc":{"Escrito por":"Ride On","Tiempo de lectura":"3 minutos"},"schema":{"@context":"https:\/\/schema.org","@graph":[{"@type":"Article","@id":"https:\/\/rideon.es\/renting-empresas\/palau-de-la-musica-la-pedrera\/#article","isPartOf":{"@id":"https:\/\/rideon.es\/renting-empresas\/palau-de-la-musica-la-pedrera\/"},"author":{"name":"Ride On","@id":"https:\/\/rideon.es\/renting-empresas\/#\/schema\/person\/48d6770e55c623d929bd20ce295611a7"},"headline":"Palau de la musica y la Pedrera","datePublished":"2017-01-03T11:08:49+00:00","mainEntityOfPage":{"@id":"https:\/\/rideon.es\/renting-empresas\/palau-de-la-musica-la-pedrera\/"},"wordCount":685,"commentCount":0,"publisher":{"@id":"https:\/\/rideon.es\/renting-empresas\/#organization"},"image":{"@id":"https:\/\/rideon.es\/renting-empresas\/palau-de-la-musica-la-pedrera\/#primaryimage"},"thumbnailUrl":"","articleSection":["Barcelona","Blog"],"inLanguage":"es","potentialAction":[{"@type":"CommentAction","name":"Comment","target":["https:\/\/rideon.es\/renting-empresas\/palau-de-la-musica-la-pedrera\/#respond"]}]},{"@type":"WebPage","@id":"https:\/\/rideon.es\/renting-empresas\/palau-de-la-musica-la-pedrera\/","url":"https:\/\/rideon.es\/renting-empresas\/palau-de-la-musica-la-pedrera\/","name":"Descubre el Palau de la m\u00fasica y la Pedrera con Ride On Barcelona","isPartOf":{"@id":"https:\/\/rideon.es\/renting-empresas\/#website"},"primaryImageOfPage":{"@id":"https:\/\/rideon.es\/renting-empresas\/palau-de-la-musica-la-pedrera\/#primaryimage"},"image":{"@id":"https:\/\/rideon.es\/renting-empresas\/palau-de-la-musica-la-pedrera\/#primaryimage"},"thumbnailUrl":"","datePublished":"2017-01-03T11:08:49+00:00","description":"La mejor forma de visitar Barcelona es en Moto, alquiler una moto en Ride On y no hagas retenciones para ver el el Palau de la m\u00fasica y la Pedrera","inLanguage":"es","potentialAction":[{"@type":"ReadAction","target":["https:\/\/rideon.es\/renting-empresas\/palau-de-la-musica-la-pedrera\/"]}]},{"@type":"ImageObject","inLanguage":"es","@id":"https:\/\/rideon.es\/renting-empresas\/palau-de-la-musica-la-pedrera\/#primaryimage","url":"","contentUrl":""},{"@type":"WebSite","@id":"https:\/\/rideon.es\/renting-empresas\/#website","url":"https:\/\/rideon.es\/renting-empresas\/","name":"Alquiler de motos mensual y Renting para Empresas","description":"Las motos m\u00e1s c\u00f3modas y seguras para disfrutar de tus vacaciones sobre ruedas. Alquiler de motos en Menorca, Mallorca, Barcelona y Valencia con Rideon.es","publisher":{"@id":"https:\/\/rideon.es\/renting-empresas\/#organization"},"potentialAction":[{"@type":"SearchAction","target":{"@type":"EntryPoint","urlTemplate":"https:\/\/rideon.es\/renting-empresas\/?s={search_term_string}"},"query-input":{"@type":"PropertyValueSpecification","valueRequired":true,"valueName":"search_term_string"}}],"inLanguage":"es"},{"@type":"Organization","@id":"https:\/\/rideon.es\/renting-empresas\/#organization","name":"Alquiler de motos mensual y Renting para Empresas","url":"https:\/\/rideon.es\/renting-empresas\/","logo":{"@type":"ImageObject","inLanguage":"es","@id":"https:\/\/rideon.es\/renting-empresas\/#\/schema\/logo\/image\/","url":"https:\/\/rideon.es\/renting-empresas\/wp-content\/uploads\/sites\/19\/2020\/02\/rideon_logo-200x78-1.png","contentUrl":"https:\/\/rideon.es\/renting-empresas\/wp-content\/uploads\/sites\/19\/2020\/02\/rideon_logo-200x78-1.png","width":200,"height":78,"caption":"Alquiler de motos mensual y Renting para Empresas"},"image":{"@id":"https:\/\/rideon.es\/renting-empresas\/#\/schema\/logo\/image\/"}},{"@type":"Person","@id":"https:\/\/rideon.es\/renting-empresas\/#\/schema\/person\/48d6770e55c623d929bd20ce295611a7","name":"Ride On","image":{"@type":"ImageObject","inLanguage":"es","@id":"https:\/\/secure.gravatar.com\/avatar\/785e72183089da6a00243c0f0e2d52db79b9983b602219afb07c868943086138?s=96&d=mm&r=g","url":"https:\/\/secure.gravatar.com\/avatar\/785e72183089da6a00243c0f0e2d52db79b9983b602219afb07c868943086138?s=96&d=mm&r=g","contentUrl":"https:\/\/secure.gravatar.com\/avatar\/785e72183089da6a00243c0f0e2d52db79b9983b602219afb07c868943086138?s=96&d=mm&r=g","caption":"Ride On"},"url":"https:\/\/rideon.es\/renting-empresas\/author\/eduardoyauri\/"}]}},"_links":{"self":[{"href":"https:\/\/rideon.es\/renting-empresas\/wp-json\/wp\/v2\/posts\/1633","targetHints":{"allow":["GET"]}}],"collection":[{"href":"https:\/\/rideon.es\/renting-empresas\/wp-json\/wp\/v2\/posts"}],"about":[{"href":"https:\/\/rideon.es\/renting-empresas\/wp-json\/wp\/v2\/types\/post"}],"author":[{"embeddable":true,"href":"https:\/\/rideon.es\/renting-empresas\/wp-json\/wp\/v2\/users\/2"}],"replies":[{"embeddable":true,"href":"https:\/\/rideon.es\/renting-empresas\/wp-json\/wp\/v2\/comments?post=1633"}],"version-history":[{"count":0,"href":"https:\/\/rideon.es\/renting-empresas\/wp-json\/wp\/v2\/posts\/1633\/revisions"}],"wp:featuredmedia":[{"embeddable":true,"href":"https:\/\/rideon.es\/renting-empresas\/wp-json\/"}],"wp:attachment":[{"href":"https:\/\/rideon.es\/renting-empresas\/wp-json\/wp\/v2\/media?parent=1633"}],"wp:term":[{"taxonomy":"category","embeddable":true,"href":"https:\/\/rideon.es\/renting-empresas\/wp-json\/wp\/v2\/categories?post=1633"},{"taxonomy":"post_tag","embeddable":true,"href":"https:\/\/rideon.es\/renting-empresas\/wp-json\/wp\/v2\/tags?post=1633"}],"curies":[{"name":"wp","href":"https:\/\/api.w.org\/{rel}","templated":true}]}}