{"id":1620,"date":"2016-12-20T11:37:44","date_gmt":"2016-12-20T11:37:44","guid":{"rendered":"https:\/\/rideon.es\/?p=1620"},"modified":"2016-12-20T11:37:44","modified_gmt":"2016-12-20T11:37:44","slug":"atractivos-turisticos-cala-porter","status":"publish","type":"post","link":"https:\/\/rideon.es\/renting-empresas\/atractivos-turisticos-cala-porter\/","title":{"rendered":"Atractivos tur\u00edsticos de Cala en Porter"},"content":{"rendered":"<h2><span style=\"font-weight: 400\">Los encantos naturales y atractivos tur\u00edsticos de Cala en Porter <\/span><\/h2>\n<p>&nbsp;<br \/>\n<b>Cala en Porter<\/b><span style=\"font-weight: 400\">, entre altos acantilados, con una arena blanca y fina y un agua turquesa y cristalina, es una de las playas m\u00e1s representativas del paisaje de la <\/span><b>costa sur de Menorca<\/b><span style=\"font-weight: 400\">. <\/span><span style=\"font-weight: 400\">La visita Cala Porter es perfecta para disfrutar del <\/span><a href=\"http:\/\/www.rideonmotorent.com\/\"><span style=\"font-weight: 400\">alquiler moto menorca <\/span><\/a><span style=\"font-weight: 400\">con Ride On.<\/span><br \/>\n<img decoding=\"async\" class=\"img-responsive\" src=\"https:\/\/rideon.es\/wp-content\/uploads\/2016\/12\/cala-porter-menorca.jpg\" alt=\"Cala Porter Menorca\" width=\"100%\" \/><br \/>\n&nbsp;<br \/>\n<span style=\"font-weight: 400\">A once kil\u00f3metros de <\/span><b>Alaior <\/b><span style=\"font-weight: 400\">y a 13 de<\/span><b> Ma\u00f3<\/b><span style=\"font-weight: 400\">, es una de las playas m\u00e1s conocidas de Menorca por este <\/span><b>paisaje \u00fanico<\/b><span style=\"font-weight: 400\"> pero tambi\u00e9n por ser el enclave d\u00f3nde se encuentra una de las principales atracciones tur\u00edsticas de la Isla, <\/span><b>Sa Cova den Xoroi<\/b><span style=\"font-weight: 400\">. Sa cova<\/span><span style=\"font-weight: 400\"> esconde fant\u00e1sticos rincones para descubrir con el <\/span><a href=\"https:\/\/rideon.es\/menorca\/\"><span style=\"font-weight: 400\">alquiler de moto aeropuerto menorca<\/span><\/a><span style=\"font-weight: 400\">.<\/span><br \/>\n<img decoding=\"async\" class=\"img-responsive\" src=\"https:\/\/rideon.es\/wp-content\/uploads\/2016\/12\/cova-den-xoroi-menorca.jpg\" alt=\"visita Cala en Porter Menorca\" width=\"100%\" \/><br \/>\n&nbsp;<br \/>\n<span style=\"font-weight: 400\">Para llegar hasta <\/span><b>Cala en Porter<\/b><span style=\"font-weight: 400\"> lo m\u00e1s f\u00e1cil es dirigirse con nuestra <\/span><a href=\"https:\/\/rideon.es\/menorca\/\"><span style=\"font-weight: 400\">moto de alquiler al Aeropuerto de Menorca<\/span><\/a><span style=\"font-weight: 400\"> y desde all\u00ed seguir las indicaciones para acceder a la <\/span><b>carretera Ma\u00f3-Cala en Porter<\/b><span style=\"font-weight: 400\">, que nos llevar\u00e1 directos a la misma playa. <\/span><br \/>\n<span style=\"font-weight: 400\">Una vez all\u00ed, disfrutaremos de una jornada playera completa, con una agradable brisa del sur y ba\u00f1os inolvidables en sus <\/span><b>aguas tranquilas y templadas<\/b><span style=\"font-weight: 400\">. <\/span><br \/>\n<img decoding=\"async\" class=\"img-responsive\" src=\"https:\/\/rideon.es\/wp-content\/uploads\/2016\/12\/cala-en-porter-menorca.jpg\" alt=\"Mejor playa aguas tranquilas en menorca porter\" width=\"100%\" \/><br \/>\n&nbsp;<br \/>\n<span style=\"font-weight: 400\">Cala en Porter, flanqueada por la urbanizaci\u00f3n del mismo nombre, est\u00e1 provista de todos los servicios. Cuenta con una amplia oferta de <\/span><b>bares y restaurantes<\/b><span style=\"font-weight: 400\"> y, por supuesto, con su famosa <\/span><b>Cova d\u2019en Xoroi<\/b><span style=\"font-weight: 400\">, una gruta que sobre un acantilado ofrece las vistas propias de un <\/span><b>mirador natural<\/b><span style=\"font-weight: 400\"> y que va transformando su ambiente a lo largo del d\u00eda. <\/span><br \/>\n<img decoding=\"async\" class=\"img-responsive\" src=\"https:\/\/rideon.es\/wp-content\/uploads\/2016\/12\/interior-cova-xoroi-menorca.jpg\" alt=\"Cova Xoroi Menorca\" width=\"100%\" \/><br \/>\n&nbsp;<br \/>\n<span style=\"font-weight: 400\">Desde las 11.30 horas, que abre sus puertas, y hasta bien entrada la madrugada, los visitantes disfrutan de sus terrazas naturales y de un servicio de bar y de <\/span><b>discoteca por la noche<\/b><span style=\"font-weight: 400\">. Disfruta con Ride On de la <\/span><a href=\"https:\/\/rideon.es\/flota\/\"><span style=\"font-weight: 400\">flota m\u00e1s moderna de motos de la isla<\/span><\/a><span style=\"font-weight: 400\">.<\/span><br \/>\n<img decoding=\"async\" class=\"img-responsive\" src=\"https:\/\/rideon.es\/wp-content\/uploads\/2016\/12\/miradores-cova-xoroi-menorca.jpg\" alt=\"vistas increibles cova d'en Xoroi Menorca\" width=\"100%\" \/><br \/>\n&nbsp;<br \/>\n<span style=\"font-weight: 400\">Tambi\u00e9n desde la playa se puede acceder a un mirador ubicado sobre los acantilados de su flanco izquierdo. Hay unas escaleras que suben <\/span><b>desde la cala al mirador<\/b><span style=\"font-weight: 400\">, donde se disfruta de una panor\u00e1mica preciosa de la cala, de sus acantilados y del horizonte del mar. \u00a0Ride On es la mejor opci\u00f3n para tu <\/span><a href=\"https:\/\/rideon.es\/menorca\/\"><span style=\"font-weight: 400\">alquiler moto Menorca<\/span><\/a><span style=\"font-weight: 400\">.<\/span><br \/>\n<img decoding=\"async\" class=\"img-responsive\" src=\"https:\/\/rideon.es\/wp-content\/uploads\/2016\/12\/miradore-cala-porter-menorca.jpg\" alt=\"vistas increibles Cala porter Menorca\" width=\"100%\" \/><br \/>\n<span style=\"font-weight: 400\">En el margen derecho de la playa est\u00e1 la desemboca del <\/span><b>Torrent Cala en Porter<\/b><span style=\"font-weight: 400\">, un peque\u00f1o torrente que en temporada de lluvias, las aguas bajan con fuerza hasta perderse en el mar. <\/span><br \/>\n&nbsp;<br \/>\n<span style=\"font-weight: 400\">Para m\u00e1s informaci\u00f3n visite nuestra secci\u00f3n de <\/span><a href=\"https:\/\/rideon.es\/blog-menorca\/\"><span style=\"font-weight: 400\">informaci\u00f3n tur\u00edstica<\/span><\/a><span style=\"font-weight: 400\"> en Menorca, visite nuestra p\u00e1gina web para disfrutar del mejor servicio de <\/span><a href=\"https:\/\/rideon.es\"><span style=\"font-weight: 400\">alquiler de motos en Menorca<\/span><\/a><span style=\"font-weight: 400\">.<\/span><\/p>\n","protected":false},"excerpt":{"rendered":"<p>Los encantos naturales y atractivos tur\u00edsticos de Cala en Porter &nbsp; Cala en Porter, entre altos acantilados, con una arena blanca y fina y un agua turquesa y cristalina, es una de las playas m\u00e1s representativas del paisaje de la costa sur de Menorca. La visita Cala Porter es perfecta para disfrutar del alquiler moto<\/p>\n","protected":false},"author":2,"featured_media":1628,"comment_status":"open","ping_status":"closed","sticky":false,"template":"","format":"standard","meta":{"inline_featured_image":false,"footnotes":""},"categories":[12,14],"tags":[],"class_list":["post-1620","post","type-post","status-publish","format-standard","has-post-thumbnail","hentry","category-blog","category-menorca"],"yoast_head":"<!-- This site is optimized with the Yoast SEO Premium plugin v18.7 (Yoast SEO v27.5) - https:\/\/yoast.com\/product\/yoast-seo-premium-wordpress\/ -->\n<title>Atractivos tur\u00edsticos de Cala en Porter - Rideon.es<\/title>\n<meta name=\"description\" content=\"Cala en Porter, entre altos acantilados, con una arena blanca y fina y un agua turquesa y cristalina, es una de las playas m\u00e1s espectaculares de la isla.\" \/>\n<meta name=\"robots\" content=\"index, follow, max-snippet:-1, max-image-preview:large, max-video-preview:-1\" \/>\n<link rel=\"canonical\" href=\"https:\/\/rideon.es\/renting-empresas\/atractivos-turisticos-cala-porter\/\" \/>\n<meta property=\"og:locale\" content=\"es_ES\" \/>\n<meta property=\"og:type\" content=\"article\" \/>\n<meta property=\"og:title\" content=\"Atractivos tur\u00edsticos de Cala en Porter\" \/>\n<meta property=\"og:description\" content=\"Cala en Porter, entre altos acantilados, con una arena blanca y fina y un agua turquesa y cristalina, es una de las playas m\u00e1s espectaculares de la isla.\" \/>\n<meta property=\"og:url\" content=\"https:\/\/rideon.es\/renting-empresas\/atractivos-turisticos-cala-porter\/\" \/>\n<meta property=\"og:site_name\" content=\"Alquiler de motos mensual y Renting para Empresas\" \/>\n<meta property=\"article:published_time\" content=\"2016-12-20T11:37:44+00:00\" \/>\n<meta name=\"author\" content=\"Ride On\" \/>\n<meta name=\"twitter:card\" content=\"summary_large_image\" \/>\n<meta name=\"twitter:label1\" content=\"Escrito por\" \/>\n\t<meta name=\"twitter:data1\" content=\"Ride On\" \/>\n\t<meta name=\"twitter:label2\" content=\"Tiempo de lectura\" \/>\n\t<meta name=\"twitter:data2\" content=\"2 minutos\" \/>\n<script type=\"application\/ld+json\" class=\"yoast-schema-graph\">{\"@context\":\"https:\\\/\\\/schema.org\",\"@graph\":[{\"@type\":\"Article\",\"@id\":\"https:\\\/\\\/rideon.es\\\/renting-empresas\\\/atractivos-turisticos-cala-porter\\\/#article\",\"isPartOf\":{\"@id\":\"https:\\\/\\\/rideon.es\\\/renting-empresas\\\/atractivos-turisticos-cala-porter\\\/\"},\"author\":{\"name\":\"Ride On\",\"@id\":\"https:\\\/\\\/rideon.es\\\/renting-empresas\\\/#\\\/schema\\\/person\\\/48d6770e55c623d929bd20ce295611a7\"},\"headline\":\"Atractivos tur\u00edsticos de Cala en Porter\",\"datePublished\":\"2016-12-20T11:37:44+00:00\",\"mainEntityOfPage\":{\"@id\":\"https:\\\/\\\/rideon.es\\\/renting-empresas\\\/atractivos-turisticos-cala-porter\\\/\"},\"wordCount\":443,\"commentCount\":0,\"publisher\":{\"@id\":\"https:\\\/\\\/rideon.es\\\/renting-empresas\\\/#organization\"},\"image\":{\"@id\":\"https:\\\/\\\/rideon.es\\\/renting-empresas\\\/atractivos-turisticos-cala-porter\\\/#primaryimage\"},\"thumbnailUrl\":\"\",\"articleSection\":[\"Blog\",\"Menorca\"],\"inLanguage\":\"es\",\"potentialAction\":[{\"@type\":\"CommentAction\",\"name\":\"Comment\",\"target\":[\"https:\\\/\\\/rideon.es\\\/renting-empresas\\\/atractivos-turisticos-cala-porter\\\/#respond\"]}]},{\"@type\":\"WebPage\",\"@id\":\"https:\\\/\\\/rideon.es\\\/renting-empresas\\\/atractivos-turisticos-cala-porter\\\/\",\"url\":\"https:\\\/\\\/rideon.es\\\/renting-empresas\\\/atractivos-turisticos-cala-porter\\\/\",\"name\":\"Atractivos tur\u00edsticos de Cala en Porter - Rideon.es\",\"isPartOf\":{\"@id\":\"https:\\\/\\\/rideon.es\\\/renting-empresas\\\/#website\"},\"primaryImageOfPage\":{\"@id\":\"https:\\\/\\\/rideon.es\\\/renting-empresas\\\/atractivos-turisticos-cala-porter\\\/#primaryimage\"},\"image\":{\"@id\":\"https:\\\/\\\/rideon.es\\\/renting-empresas\\\/atractivos-turisticos-cala-porter\\\/#primaryimage\"},\"thumbnailUrl\":\"\",\"datePublished\":\"2016-12-20T11:37:44+00:00\",\"description\":\"Cala en Porter, entre altos acantilados, con una arena blanca y fina y un agua turquesa y cristalina, es una de las playas m\u00e1s espectaculares de la isla.\",\"inLanguage\":\"es\",\"potentialAction\":[{\"@type\":\"ReadAction\",\"target\":[\"https:\\\/\\\/rideon.es\\\/renting-empresas\\\/atractivos-turisticos-cala-porter\\\/\"]}]},{\"@type\":\"ImageObject\",\"inLanguage\":\"es\",\"@id\":\"https:\\\/\\\/rideon.es\\\/renting-empresas\\\/atractivos-turisticos-cala-porter\\\/#primaryimage\",\"url\":\"\",\"contentUrl\":\"\"},{\"@type\":\"WebSite\",\"@id\":\"https:\\\/\\\/rideon.es\\\/renting-empresas\\\/#website\",\"url\":\"https:\\\/\\\/rideon.es\\\/renting-empresas\\\/\",\"name\":\"Alquiler de motos mensual y Renting para Empresas\",\"description\":\"Las motos m\u00e1s c\u00f3modas y seguras para disfrutar de tus vacaciones sobre ruedas. Alquiler de motos en Menorca, Mallorca, Barcelona y Valencia con Rideon.es\",\"publisher\":{\"@id\":\"https:\\\/\\\/rideon.es\\\/renting-empresas\\\/#organization\"},\"potentialAction\":[{\"@type\":\"SearchAction\",\"target\":{\"@type\":\"EntryPoint\",\"urlTemplate\":\"https:\\\/\\\/rideon.es\\\/renting-empresas\\\/?s={search_term_string}\"},\"query-input\":{\"@type\":\"PropertyValueSpecification\",\"valueRequired\":true,\"valueName\":\"search_term_string\"}}],\"inLanguage\":\"es\"},{\"@type\":\"Organization\",\"@id\":\"https:\\\/\\\/rideon.es\\\/renting-empresas\\\/#organization\",\"name\":\"Alquiler de motos mensual y Renting para Empresas\",\"url\":\"https:\\\/\\\/rideon.es\\\/renting-empresas\\\/\",\"logo\":{\"@type\":\"ImageObject\",\"inLanguage\":\"es\",\"@id\":\"https:\\\/\\\/rideon.es\\\/renting-empresas\\\/#\\\/schema\\\/logo\\\/image\\\/\",\"url\":\"https:\\\/\\\/rideon.es\\\/renting-empresas\\\/wp-content\\\/uploads\\\/sites\\\/19\\\/2020\\\/02\\\/rideon_logo-200x78-1.png\",\"contentUrl\":\"https:\\\/\\\/rideon.es\\\/renting-empresas\\\/wp-content\\\/uploads\\\/sites\\\/19\\\/2020\\\/02\\\/rideon_logo-200x78-1.png\",\"width\":200,\"height\":78,\"caption\":\"Alquiler de motos mensual y Renting para Empresas\"},\"image\":{\"@id\":\"https:\\\/\\\/rideon.es\\\/renting-empresas\\\/#\\\/schema\\\/logo\\\/image\\\/\"}},{\"@type\":\"Person\",\"@id\":\"https:\\\/\\\/rideon.es\\\/renting-empresas\\\/#\\\/schema\\\/person\\\/48d6770e55c623d929bd20ce295611a7\",\"name\":\"Ride On\",\"image\":{\"@type\":\"ImageObject\",\"inLanguage\":\"es\",\"@id\":\"https:\\\/\\\/secure.gravatar.com\\\/avatar\\\/785e72183089da6a00243c0f0e2d52db79b9983b602219afb07c868943086138?s=96&d=mm&r=g\",\"url\":\"https:\\\/\\\/secure.gravatar.com\\\/avatar\\\/785e72183089da6a00243c0f0e2d52db79b9983b602219afb07c868943086138?s=96&d=mm&r=g\",\"contentUrl\":\"https:\\\/\\\/secure.gravatar.com\\\/avatar\\\/785e72183089da6a00243c0f0e2d52db79b9983b602219afb07c868943086138?s=96&d=mm&r=g\",\"caption\":\"Ride On\"},\"url\":\"https:\\\/\\\/rideon.es\\\/renting-empresas\\\/author\\\/eduardoyauri\\\/\"}]}<\/script>\n<!-- \/ Yoast SEO Premium plugin. -->","yoast_head_json":{"title":"Atractivos tur\u00edsticos de Cala en Porter - Rideon.es","description":"Cala en Porter, entre altos acantilados, con una arena blanca y fina y un agua turquesa y cristalina, es una de las playas m\u00e1s espectaculares de la isla.","robots":{"index":"index","follow":"follow","max-snippet":"max-snippet:-1","max-image-preview":"max-image-preview:large","max-video-preview":"max-video-preview:-1"},"canonical":"https:\/\/rideon.es\/renting-empresas\/atractivos-turisticos-cala-porter\/","og_locale":"es_ES","og_type":"article","og_title":"Atractivos tur\u00edsticos de Cala en Porter","og_description":"Cala en Porter, entre altos acantilados, con una arena blanca y fina y un agua turquesa y cristalina, es una de las playas m\u00e1s espectaculares de la isla.","og_url":"https:\/\/rideon.es\/renting-empresas\/atractivos-turisticos-cala-porter\/","og_site_name":"Alquiler de motos mensual y Renting para Empresas","article_published_time":"2016-12-20T11:37:44+00:00","author":"Ride On","twitter_card":"summary_large_image","twitter_misc":{"Escrito por":"Ride On","Tiempo de lectura":"2 minutos"},"schema":{"@context":"https:\/\/schema.org","@graph":[{"@type":"Article","@id":"https:\/\/rideon.es\/renting-empresas\/atractivos-turisticos-cala-porter\/#article","isPartOf":{"@id":"https:\/\/rideon.es\/renting-empresas\/atractivos-turisticos-cala-porter\/"},"author":{"name":"Ride On","@id":"https:\/\/rideon.es\/renting-empresas\/#\/schema\/person\/48d6770e55c623d929bd20ce295611a7"},"headline":"Atractivos tur\u00edsticos de Cala en Porter","datePublished":"2016-12-20T11:37:44+00:00","mainEntityOfPage":{"@id":"https:\/\/rideon.es\/renting-empresas\/atractivos-turisticos-cala-porter\/"},"wordCount":443,"commentCount":0,"publisher":{"@id":"https:\/\/rideon.es\/renting-empresas\/#organization"},"image":{"@id":"https:\/\/rideon.es\/renting-empresas\/atractivos-turisticos-cala-porter\/#primaryimage"},"thumbnailUrl":"","articleSection":["Blog","Menorca"],"inLanguage":"es","potentialAction":[{"@type":"CommentAction","name":"Comment","target":["https:\/\/rideon.es\/renting-empresas\/atractivos-turisticos-cala-porter\/#respond"]}]},{"@type":"WebPage","@id":"https:\/\/rideon.es\/renting-empresas\/atractivos-turisticos-cala-porter\/","url":"https:\/\/rideon.es\/renting-empresas\/atractivos-turisticos-cala-porter\/","name":"Atractivos tur\u00edsticos de Cala en Porter - Rideon.es","isPartOf":{"@id":"https:\/\/rideon.es\/renting-empresas\/#website"},"primaryImageOfPage":{"@id":"https:\/\/rideon.es\/renting-empresas\/atractivos-turisticos-cala-porter\/#primaryimage"},"image":{"@id":"https:\/\/rideon.es\/renting-empresas\/atractivos-turisticos-cala-porter\/#primaryimage"},"thumbnailUrl":"","datePublished":"2016-12-20T11:37:44+00:00","description":"Cala en Porter, entre altos acantilados, con una arena blanca y fina y un agua turquesa y cristalina, es una de las playas m\u00e1s espectaculares de la isla.","inLanguage":"es","potentialAction":[{"@type":"ReadAction","target":["https:\/\/rideon.es\/renting-empresas\/atractivos-turisticos-cala-porter\/"]}]},{"@type":"ImageObject","inLanguage":"es","@id":"https:\/\/rideon.es\/renting-empresas\/atractivos-turisticos-cala-porter\/#primaryimage","url":"","contentUrl":""},{"@type":"WebSite","@id":"https:\/\/rideon.es\/renting-empresas\/#website","url":"https:\/\/rideon.es\/renting-empresas\/","name":"Alquiler de motos mensual y Renting para Empresas","description":"Las motos m\u00e1s c\u00f3modas y seguras para disfrutar de tus vacaciones sobre ruedas. Alquiler de motos en Menorca, Mallorca, Barcelona y Valencia con Rideon.es","publisher":{"@id":"https:\/\/rideon.es\/renting-empresas\/#organization"},"potentialAction":[{"@type":"SearchAction","target":{"@type":"EntryPoint","urlTemplate":"https:\/\/rideon.es\/renting-empresas\/?s={search_term_string}"},"query-input":{"@type":"PropertyValueSpecification","valueRequired":true,"valueName":"search_term_string"}}],"inLanguage":"es"},{"@type":"Organization","@id":"https:\/\/rideon.es\/renting-empresas\/#organization","name":"Alquiler de motos mensual y Renting para Empresas","url":"https:\/\/rideon.es\/renting-empresas\/","logo":{"@type":"ImageObject","inLanguage":"es","@id":"https:\/\/rideon.es\/renting-empresas\/#\/schema\/logo\/image\/","url":"https:\/\/rideon.es\/renting-empresas\/wp-content\/uploads\/sites\/19\/2020\/02\/rideon_logo-200x78-1.png","contentUrl":"https:\/\/rideon.es\/renting-empresas\/wp-content\/uploads\/sites\/19\/2020\/02\/rideon_logo-200x78-1.png","width":200,"height":78,"caption":"Alquiler de motos mensual y Renting para Empresas"},"image":{"@id":"https:\/\/rideon.es\/renting-empresas\/#\/schema\/logo\/image\/"}},{"@type":"Person","@id":"https:\/\/rideon.es\/renting-empresas\/#\/schema\/person\/48d6770e55c623d929bd20ce295611a7","name":"Ride On","image":{"@type":"ImageObject","inLanguage":"es","@id":"https:\/\/secure.gravatar.com\/avatar\/785e72183089da6a00243c0f0e2d52db79b9983b602219afb07c868943086138?s=96&d=mm&r=g","url":"https:\/\/secure.gravatar.com\/avatar\/785e72183089da6a00243c0f0e2d52db79b9983b602219afb07c868943086138?s=96&d=mm&r=g","contentUrl":"https:\/\/secure.gravatar.com\/avatar\/785e72183089da6a00243c0f0e2d52db79b9983b602219afb07c868943086138?s=96&d=mm&r=g","caption":"Ride On"},"url":"https:\/\/rideon.es\/renting-empresas\/author\/eduardoyauri\/"}]}},"_links":{"self":[{"href":"https:\/\/rideon.es\/renting-empresas\/wp-json\/wp\/v2\/posts\/1620","targetHints":{"allow":["GET"]}}],"collection":[{"href":"https:\/\/rideon.es\/renting-empresas\/wp-json\/wp\/v2\/posts"}],"about":[{"href":"https:\/\/rideon.es\/renting-empresas\/wp-json\/wp\/v2\/types\/post"}],"author":[{"embeddable":true,"href":"https:\/\/rideon.es\/renting-empresas\/wp-json\/wp\/v2\/users\/2"}],"replies":[{"embeddable":true,"href":"https:\/\/rideon.es\/renting-empresas\/wp-json\/wp\/v2\/comments?post=1620"}],"version-history":[{"count":0,"href":"https:\/\/rideon.es\/renting-empresas\/wp-json\/wp\/v2\/posts\/1620\/revisions"}],"wp:featuredmedia":[{"embeddable":true,"href":"https:\/\/rideon.es\/renting-empresas\/wp-json\/"}],"wp:attachment":[{"href":"https:\/\/rideon.es\/renting-empresas\/wp-json\/wp\/v2\/media?parent=1620"}],"wp:term":[{"taxonomy":"category","embeddable":true,"href":"https:\/\/rideon.es\/renting-empresas\/wp-json\/wp\/v2\/categories?post=1620"},{"taxonomy":"post_tag","embeddable":true,"href":"https:\/\/rideon.es\/renting-empresas\/wp-json\/wp\/v2\/tags?post=1620"}],"curies":[{"name":"wp","href":"https:\/\/api.w.org\/{rel}","templated":true}]}}