{"id":1569,"date":"2016-12-01T09:59:55","date_gmt":"2016-12-01T09:59:55","guid":{"rendered":"https:\/\/rideon.es\/?p=1569"},"modified":"2016-12-01T09:59:55","modified_gmt":"2016-12-01T09:59:55","slug":"proiettori-di-minorca-e-fornells","status":"publish","type":"post","link":"https:\/\/rideon.es\/renting-empresas\/proiettori-di-minorca-e-fornells\/","title":{"rendered":"Fari di Minorca e Fornells"},"content":{"rendered":"<p><span style=\"color: #000000;font-family: Calibri\">\u00a0<\/span><span style=\"color: #000000;font-family: Calibri\">La montagna pi\u00f9 alta di Minorca \u00e8 il Toro, della parola romana Tor (altezza), che oltre ad albergare un santuario ed una foresteria, permette di contemplare meravigliose viste di tutto il perimetro dell\u2019isola. Dalla gran terrazza costruita nella parte superiore si apprezza come la terra si converte in acqua, come a volo d\u2019uccello tutti i perimetri emergono dal fondo della <\/span><span style=\"color: #000000;font-family: Calibri\">\u00a0\u00a0\u00a0\u00a0\u00a0\u00a0\u00a0\u00a0 <\/span><span style=\"color: #000000;font-family: Calibri\">\u00a0<\/span><span style=\"color: #000000;font-family: Calibri\">valle con una ricchezza naturale sorprendente. Tradizionale isola di naviganti \u00e8 indispensabile visitare gli impressionanti fari che al giorno d\u2019oggi continuano a prendersi cura delle imbarcazioni che attraccano all\u2019isola. La visita ai fari di Minorca \u00e8 perfetta per godere del noleggio di una moto a Menorca con RideonMotorent. Il Faro di Favaritx, situato nel punto pi\u00f9 orientale dell\u2019isola \u00e8, secondo i menorchini, il primo punto della Spagna dove si vede sorgere il sole. Dei tre grandi golfi di Menorca, Fornells, affacciato al nord e colpito dalla tramontana, fa s\u00ec che le sue acque si trasformino in un perfetto porto sportivo dove imparare a navigare con vela. <\/span><br \/>\n<span style=\"color: #000000;font-family: Calibri\">Le vele battute dal vento sono l\u2019ambiente che sulle acque scivolano soft. <\/span><br \/>\n<span style=\"color: #000000;font-family: Calibri\">Il porto di Fornells nasconde fantastici angoli da scoprire con il noleggio di moto aeroporto menorca. <\/span><br \/>\n<span style=\"color: #000000;font-family: Calibri\">Inoltre Fornells \u00e8 un importante porto di pesca con l\u2019arrivo della pi\u00f9 famosa delle aragoste. Dal porto di Fornells si pu\u00f2 ammirare come le piccole imbarcazioni dei pescatori arrivano per vendere il pesce, una fantastica scena per capire la qualit\u00e0 del pesce di Minorca e come la tradizione di pesca dell\u2019isola perdura negli anni. Per visitare Fornells \u00e8 quasi indispensabile l\u2019affitto moto Menorca. Durante i sei mesi della stagione di pesca, <\/span><span style=\"color: #000000;font-family: Calibri\">\u00a0<\/span><span style=\"color: #000000;font-family: Calibri\">le reti di questi artigiani del mare si riempiono di aragosta, cabracho e rape. A causa della sua orientazione nord, durante vari mesi di tramontana le imbarcazioni dei pescatori rimangono attraccate al molo senza poter uscire. Mentre durante il periodo estivo i giorni di lavoro possono arrivare a 20 al mese. Le aragoste di Fornells si caratterizzano per essere il piatto t\u00edpico per eccellenza, la famosa \u00a8caldereta di langosta\u00a8 \u00e8 una dellicatessen per chi visita il paese alla ricerca di squisitezze. I pescatori dell\u2019isola raccomandano sempre di degustare l\u2019aragosta fresca alla piastra e non in caldereta, pur sapendo che \u00e8 un piatto tipico menorchino. Dopo una buona cibo \u00e8 di ricordare la visita al capo di cavalleria, una pausa per fare con il noleggio di moto a Minorca, uno dei punti pi\u00f9 emozionanti della costa Tramuntana e il passaggio dalla baia di Sa mitjana. Il paseo dall\u2019isola di la costa verso l\u2019interno, il faro di Cavalleria avverte a tutto navigatore di questa costa mossa dalla feroce tramuntana. Per maggiori informazioni visitate la nostra sezione di informazione turistica a Minorca, visitate il sito web per usufruire del miglior servizio di noleggio di moto a Minorca.<\/span><\/p>\n","protected":false},"excerpt":{"rendered":"<p>\u00a0La montagna pi\u00f9 alta di Minorca \u00e8 il Toro, della parola romana Tor (altezza), che oltre ad albergare un santuario ed una foresteria, permette di contemplare meravigliose viste di tutto il perimetro dell\u2019isola. Dalla gran terrazza costruita nella parte superiore si apprezza come la terra si converte in acqua, come a volo d\u2019uccello tutti i<\/p>\n","protected":false},"author":2,"featured_media":1551,"comment_status":"open","ping_status":"closed","sticky":false,"template":"","format":"standard","meta":{"inline_featured_image":false,"footnotes":""},"categories":[13],"tags":[],"class_list":["post-1569","post","type-post","status-publish","format-standard","has-post-thumbnail","hentry","category-sin-categorizar"],"yoast_head":"<!-- This site is optimized with the Yoast SEO Premium plugin v18.7 (Yoast SEO v27.5) - https:\/\/yoast.com\/product\/yoast-seo-premium-wordpress\/ -->\n<title>Fari di Minorca e Fornells - Alquiler de motos mensual y Renting para Empresas<\/title>\n<meta name=\"robots\" content=\"index, follow, max-snippet:-1, max-image-preview:large, max-video-preview:-1\" \/>\n<link rel=\"canonical\" href=\"https:\/\/rideon.es\/renting-empresas\/proiettori-di-minorca-e-fornells\/\" \/>\n<meta property=\"og:locale\" content=\"es_ES\" \/>\n<meta property=\"og:type\" content=\"article\" \/>\n<meta property=\"og:title\" content=\"Fari di Minorca e Fornells\" \/>\n<meta property=\"og:description\" content=\"\u00a0La montagna pi\u00f9 alta di Minorca \u00e8 il Toro, della parola romana Tor (altezza), che oltre ad albergare un santuario ed una foresteria, permette di contemplare meravigliose viste di tutto il perimetro dell\u2019isola. Dalla gran terrazza costruita nella parte superiore si apprezza come la terra si converte in acqua, come a volo d\u2019uccello tutti i\" \/>\n<meta property=\"og:url\" content=\"https:\/\/rideon.es\/renting-empresas\/proiettori-di-minorca-e-fornells\/\" \/>\n<meta property=\"og:site_name\" content=\"Alquiler de motos mensual y Renting para Empresas\" \/>\n<meta property=\"article:published_time\" content=\"2016-12-01T09:59:55+00:00\" \/>\n<meta name=\"author\" content=\"Ride On\" \/>\n<meta name=\"twitter:card\" content=\"summary_large_image\" \/>\n<meta name=\"twitter:label1\" content=\"Escrito por\" \/>\n\t<meta name=\"twitter:data1\" content=\"Ride On\" \/>\n\t<meta name=\"twitter:label2\" content=\"Tiempo de lectura\" \/>\n\t<meta name=\"twitter:data2\" content=\"2 minutos\" \/>\n<script type=\"application\/ld+json\" class=\"yoast-schema-graph\">{\"@context\":\"https:\\\/\\\/schema.org\",\"@graph\":[{\"@type\":\"Article\",\"@id\":\"https:\\\/\\\/rideon.es\\\/renting-empresas\\\/proiettori-di-minorca-e-fornells\\\/#article\",\"isPartOf\":{\"@id\":\"https:\\\/\\\/rideon.es\\\/renting-empresas\\\/proiettori-di-minorca-e-fornells\\\/\"},\"author\":{\"name\":\"Ride On\",\"@id\":\"https:\\\/\\\/rideon.es\\\/renting-empresas\\\/#\\\/schema\\\/person\\\/48d6770e55c623d929bd20ce295611a7\"},\"headline\":\"Fari di Minorca e Fornells\",\"datePublished\":\"2016-12-01T09:59:55+00:00\",\"mainEntityOfPage\":{\"@id\":\"https:\\\/\\\/rideon.es\\\/renting-empresas\\\/proiettori-di-minorca-e-fornells\\\/\"},\"wordCount\":468,\"commentCount\":0,\"publisher\":{\"@id\":\"https:\\\/\\\/rideon.es\\\/renting-empresas\\\/#organization\"},\"image\":{\"@id\":\"https:\\\/\\\/rideon.es\\\/renting-empresas\\\/proiettori-di-minorca-e-fornells\\\/#primaryimage\"},\"thumbnailUrl\":\"\",\"articleSection\":[\"Sin categorizar\"],\"inLanguage\":\"es\",\"potentialAction\":[{\"@type\":\"CommentAction\",\"name\":\"Comment\",\"target\":[\"https:\\\/\\\/rideon.es\\\/renting-empresas\\\/proiettori-di-minorca-e-fornells\\\/#respond\"]}]},{\"@type\":\"WebPage\",\"@id\":\"https:\\\/\\\/rideon.es\\\/renting-empresas\\\/proiettori-di-minorca-e-fornells\\\/\",\"url\":\"https:\\\/\\\/rideon.es\\\/renting-empresas\\\/proiettori-di-minorca-e-fornells\\\/\",\"name\":\"Fari di Minorca e Fornells - Alquiler de motos mensual y Renting para Empresas\",\"isPartOf\":{\"@id\":\"https:\\\/\\\/rideon.es\\\/renting-empresas\\\/#website\"},\"primaryImageOfPage\":{\"@id\":\"https:\\\/\\\/rideon.es\\\/renting-empresas\\\/proiettori-di-minorca-e-fornells\\\/#primaryimage\"},\"image\":{\"@id\":\"https:\\\/\\\/rideon.es\\\/renting-empresas\\\/proiettori-di-minorca-e-fornells\\\/#primaryimage\"},\"thumbnailUrl\":\"\",\"datePublished\":\"2016-12-01T09:59:55+00:00\",\"inLanguage\":\"es\",\"potentialAction\":[{\"@type\":\"ReadAction\",\"target\":[\"https:\\\/\\\/rideon.es\\\/renting-empresas\\\/proiettori-di-minorca-e-fornells\\\/\"]}]},{\"@type\":\"ImageObject\",\"inLanguage\":\"es\",\"@id\":\"https:\\\/\\\/rideon.es\\\/renting-empresas\\\/proiettori-di-minorca-e-fornells\\\/#primaryimage\",\"url\":\"\",\"contentUrl\":\"\"},{\"@type\":\"WebSite\",\"@id\":\"https:\\\/\\\/rideon.es\\\/renting-empresas\\\/#website\",\"url\":\"https:\\\/\\\/rideon.es\\\/renting-empresas\\\/\",\"name\":\"Alquiler de motos mensual y Renting para Empresas\",\"description\":\"Las motos m\u00e1s c\u00f3modas y seguras para disfrutar de tus vacaciones sobre ruedas. Alquiler de motos en Menorca, Mallorca, Barcelona y Valencia con Rideon.es\",\"publisher\":{\"@id\":\"https:\\\/\\\/rideon.es\\\/renting-empresas\\\/#organization\"},\"potentialAction\":[{\"@type\":\"SearchAction\",\"target\":{\"@type\":\"EntryPoint\",\"urlTemplate\":\"https:\\\/\\\/rideon.es\\\/renting-empresas\\\/?s={search_term_string}\"},\"query-input\":{\"@type\":\"PropertyValueSpecification\",\"valueRequired\":true,\"valueName\":\"search_term_string\"}}],\"inLanguage\":\"es\"},{\"@type\":\"Organization\",\"@id\":\"https:\\\/\\\/rideon.es\\\/renting-empresas\\\/#organization\",\"name\":\"Alquiler de motos mensual y Renting para Empresas\",\"url\":\"https:\\\/\\\/rideon.es\\\/renting-empresas\\\/\",\"logo\":{\"@type\":\"ImageObject\",\"inLanguage\":\"es\",\"@id\":\"https:\\\/\\\/rideon.es\\\/renting-empresas\\\/#\\\/schema\\\/logo\\\/image\\\/\",\"url\":\"https:\\\/\\\/rideon.es\\\/renting-empresas\\\/wp-content\\\/uploads\\\/sites\\\/19\\\/2020\\\/02\\\/rideon_logo-200x78-1.png\",\"contentUrl\":\"https:\\\/\\\/rideon.es\\\/renting-empresas\\\/wp-content\\\/uploads\\\/sites\\\/19\\\/2020\\\/02\\\/rideon_logo-200x78-1.png\",\"width\":200,\"height\":78,\"caption\":\"Alquiler de motos mensual y Renting para Empresas\"},\"image\":{\"@id\":\"https:\\\/\\\/rideon.es\\\/renting-empresas\\\/#\\\/schema\\\/logo\\\/image\\\/\"}},{\"@type\":\"Person\",\"@id\":\"https:\\\/\\\/rideon.es\\\/renting-empresas\\\/#\\\/schema\\\/person\\\/48d6770e55c623d929bd20ce295611a7\",\"name\":\"Ride On\",\"image\":{\"@type\":\"ImageObject\",\"inLanguage\":\"es\",\"@id\":\"https:\\\/\\\/secure.gravatar.com\\\/avatar\\\/785e72183089da6a00243c0f0e2d52db79b9983b602219afb07c868943086138?s=96&d=mm&r=g\",\"url\":\"https:\\\/\\\/secure.gravatar.com\\\/avatar\\\/785e72183089da6a00243c0f0e2d52db79b9983b602219afb07c868943086138?s=96&d=mm&r=g\",\"contentUrl\":\"https:\\\/\\\/secure.gravatar.com\\\/avatar\\\/785e72183089da6a00243c0f0e2d52db79b9983b602219afb07c868943086138?s=96&d=mm&r=g\",\"caption\":\"Ride On\"},\"url\":\"https:\\\/\\\/rideon.es\\\/renting-empresas\\\/author\\\/eduardoyauri\\\/\"}]}<\/script>\n<!-- \/ Yoast SEO Premium plugin. -->","yoast_head_json":{"title":"Fari di Minorca e Fornells - Alquiler de motos mensual y Renting para Empresas","robots":{"index":"index","follow":"follow","max-snippet":"max-snippet:-1","max-image-preview":"max-image-preview:large","max-video-preview":"max-video-preview:-1"},"canonical":"https:\/\/rideon.es\/renting-empresas\/proiettori-di-minorca-e-fornells\/","og_locale":"es_ES","og_type":"article","og_title":"Fari di Minorca e Fornells","og_description":"\u00a0La montagna pi\u00f9 alta di Minorca \u00e8 il Toro, della parola romana Tor (altezza), che oltre ad albergare un santuario ed una foresteria, permette di contemplare meravigliose viste di tutto il perimetro dell\u2019isola. Dalla gran terrazza costruita nella parte superiore si apprezza come la terra si converte in acqua, come a volo d\u2019uccello tutti i","og_url":"https:\/\/rideon.es\/renting-empresas\/proiettori-di-minorca-e-fornells\/","og_site_name":"Alquiler de motos mensual y Renting para Empresas","article_published_time":"2016-12-01T09:59:55+00:00","author":"Ride On","twitter_card":"summary_large_image","twitter_misc":{"Escrito por":"Ride On","Tiempo de lectura":"2 minutos"},"schema":{"@context":"https:\/\/schema.org","@graph":[{"@type":"Article","@id":"https:\/\/rideon.es\/renting-empresas\/proiettori-di-minorca-e-fornells\/#article","isPartOf":{"@id":"https:\/\/rideon.es\/renting-empresas\/proiettori-di-minorca-e-fornells\/"},"author":{"name":"Ride On","@id":"https:\/\/rideon.es\/renting-empresas\/#\/schema\/person\/48d6770e55c623d929bd20ce295611a7"},"headline":"Fari di Minorca e Fornells","datePublished":"2016-12-01T09:59:55+00:00","mainEntityOfPage":{"@id":"https:\/\/rideon.es\/renting-empresas\/proiettori-di-minorca-e-fornells\/"},"wordCount":468,"commentCount":0,"publisher":{"@id":"https:\/\/rideon.es\/renting-empresas\/#organization"},"image":{"@id":"https:\/\/rideon.es\/renting-empresas\/proiettori-di-minorca-e-fornells\/#primaryimage"},"thumbnailUrl":"","articleSection":["Sin categorizar"],"inLanguage":"es","potentialAction":[{"@type":"CommentAction","name":"Comment","target":["https:\/\/rideon.es\/renting-empresas\/proiettori-di-minorca-e-fornells\/#respond"]}]},{"@type":"WebPage","@id":"https:\/\/rideon.es\/renting-empresas\/proiettori-di-minorca-e-fornells\/","url":"https:\/\/rideon.es\/renting-empresas\/proiettori-di-minorca-e-fornells\/","name":"Fari di Minorca e Fornells - Alquiler de motos mensual y Renting para Empresas","isPartOf":{"@id":"https:\/\/rideon.es\/renting-empresas\/#website"},"primaryImageOfPage":{"@id":"https:\/\/rideon.es\/renting-empresas\/proiettori-di-minorca-e-fornells\/#primaryimage"},"image":{"@id":"https:\/\/rideon.es\/renting-empresas\/proiettori-di-minorca-e-fornells\/#primaryimage"},"thumbnailUrl":"","datePublished":"2016-12-01T09:59:55+00:00","inLanguage":"es","potentialAction":[{"@type":"ReadAction","target":["https:\/\/rideon.es\/renting-empresas\/proiettori-di-minorca-e-fornells\/"]}]},{"@type":"ImageObject","inLanguage":"es","@id":"https:\/\/rideon.es\/renting-empresas\/proiettori-di-minorca-e-fornells\/#primaryimage","url":"","contentUrl":""},{"@type":"WebSite","@id":"https:\/\/rideon.es\/renting-empresas\/#website","url":"https:\/\/rideon.es\/renting-empresas\/","name":"Alquiler de motos mensual y Renting para Empresas","description":"Las motos m\u00e1s c\u00f3modas y seguras para disfrutar de tus vacaciones sobre ruedas. Alquiler de motos en Menorca, Mallorca, Barcelona y Valencia con Rideon.es","publisher":{"@id":"https:\/\/rideon.es\/renting-empresas\/#organization"},"potentialAction":[{"@type":"SearchAction","target":{"@type":"EntryPoint","urlTemplate":"https:\/\/rideon.es\/renting-empresas\/?s={search_term_string}"},"query-input":{"@type":"PropertyValueSpecification","valueRequired":true,"valueName":"search_term_string"}}],"inLanguage":"es"},{"@type":"Organization","@id":"https:\/\/rideon.es\/renting-empresas\/#organization","name":"Alquiler de motos mensual y Renting para Empresas","url":"https:\/\/rideon.es\/renting-empresas\/","logo":{"@type":"ImageObject","inLanguage":"es","@id":"https:\/\/rideon.es\/renting-empresas\/#\/schema\/logo\/image\/","url":"https:\/\/rideon.es\/renting-empresas\/wp-content\/uploads\/sites\/19\/2020\/02\/rideon_logo-200x78-1.png","contentUrl":"https:\/\/rideon.es\/renting-empresas\/wp-content\/uploads\/sites\/19\/2020\/02\/rideon_logo-200x78-1.png","width":200,"height":78,"caption":"Alquiler de motos mensual y Renting para Empresas"},"image":{"@id":"https:\/\/rideon.es\/renting-empresas\/#\/schema\/logo\/image\/"}},{"@type":"Person","@id":"https:\/\/rideon.es\/renting-empresas\/#\/schema\/person\/48d6770e55c623d929bd20ce295611a7","name":"Ride On","image":{"@type":"ImageObject","inLanguage":"es","@id":"https:\/\/secure.gravatar.com\/avatar\/785e72183089da6a00243c0f0e2d52db79b9983b602219afb07c868943086138?s=96&d=mm&r=g","url":"https:\/\/secure.gravatar.com\/avatar\/785e72183089da6a00243c0f0e2d52db79b9983b602219afb07c868943086138?s=96&d=mm&r=g","contentUrl":"https:\/\/secure.gravatar.com\/avatar\/785e72183089da6a00243c0f0e2d52db79b9983b602219afb07c868943086138?s=96&d=mm&r=g","caption":"Ride On"},"url":"https:\/\/rideon.es\/renting-empresas\/author\/eduardoyauri\/"}]}},"_links":{"self":[{"href":"https:\/\/rideon.es\/renting-empresas\/wp-json\/wp\/v2\/posts\/1569","targetHints":{"allow":["GET"]}}],"collection":[{"href":"https:\/\/rideon.es\/renting-empresas\/wp-json\/wp\/v2\/posts"}],"about":[{"href":"https:\/\/rideon.es\/renting-empresas\/wp-json\/wp\/v2\/types\/post"}],"author":[{"embeddable":true,"href":"https:\/\/rideon.es\/renting-empresas\/wp-json\/wp\/v2\/users\/2"}],"replies":[{"embeddable":true,"href":"https:\/\/rideon.es\/renting-empresas\/wp-json\/wp\/v2\/comments?post=1569"}],"version-history":[{"count":0,"href":"https:\/\/rideon.es\/renting-empresas\/wp-json\/wp\/v2\/posts\/1569\/revisions"}],"wp:featuredmedia":[{"embeddable":true,"href":"https:\/\/rideon.es\/renting-empresas\/wp-json\/"}],"wp:attachment":[{"href":"https:\/\/rideon.es\/renting-empresas\/wp-json\/wp\/v2\/media?parent=1569"}],"wp:term":[{"taxonomy":"category","embeddable":true,"href":"https:\/\/rideon.es\/renting-empresas\/wp-json\/wp\/v2\/categories?post=1569"},{"taxonomy":"post_tag","embeddable":true,"href":"https:\/\/rideon.es\/renting-empresas\/wp-json\/wp\/v2\/tags?post=1569"}],"curies":[{"name":"wp","href":"https:\/\/api.w.org\/{rel}","templated":true}]}}