{"id":1363,"date":"2016-11-14T11:18:50","date_gmt":"2016-11-14T11:18:50","guid":{"rendered":"https:\/\/rideon.es\/?p=1363"},"modified":"2016-11-14T11:18:50","modified_gmt":"2016-11-14T11:18:50","slug":"basilica-santa-maria-plaza-sant-jaume","status":"publish","type":"post","link":"https:\/\/rideon.es\/renting-empresas\/basilica-santa-maria-plaza-sant-jaume\/","title":{"rendered":"Basilica santa Maria y plaza Sant Jaume"},"content":{"rendered":"<h1>Visitar la Bas\u00edlica de Santa Maria del Mar<\/h1>\n<p>SItuaci\u00f3n: <a href=\"https:\/\/goo.gl\/maps\/EjquWCBhx1U2\">https:\/\/goo.gl\/maps\/EjquWCBhx1U2<\/a><br \/>\nUna de las obras g\u00f3ticas m\u00e1s imponentes de Barcelona es la iglesia de santa maria del Mar, una iglesia que muestra la grandeza y austeridad, columnas apol\u00edneas, espacios abiertos, se trata de una de las iglesias g\u00f3ticas m\u00e1s impresionantes de nuestro pa\u00eds. En Rideon.es disfrutar\u00e1s del mejor servicio de <a href=\"https:\/\/rideon.es\/barcelona\/\">alquiler motos barcelona<\/a>.<br \/>\n<img decoding=\"async\" class=\"img-responsive\" src=\"https:\/\/rideon.es\/wp-content\/uploads\/2016\/11\/basilica-santa-maria-del-mar-barcelona-1.jpg\" alt=\"Bas\u00edlica de Santa Maria del Mar en Barcelona\" width=\"100%\" \/><br \/>\nLa construcci\u00f3n comenz\u00f3 en 1329, tal como lo atestiguan las l\u00e1pidas del portal de las Moreras (que da al Fossar de les Moreres). Un hecho destacable, que a\u00fan perdura: se acuerda que la obra hab\u00eda de pertenecer, exclusivamente, a los feligreses de la zona del puerto y de la Ribera, \u00fanicos responsables materiales del templo, ya que ellos fueron quienes la sufragaron, bien con su dinero o bien con su trabajo. Este hecho est\u00e1 en clara contraposici\u00f3n a la catedral que por aquellas mismas fechas tambi\u00e9n se estaba construyendo y que estaba asociada a la monarqu\u00eda, a la nobleza y al alto clero. La forma m\u00e1s c\u00f3moda para descubrir Barcelona es mediante nuestro servicio de <a href=\"https:\/\/rideon.es\/barcelona\/\">rent scooter barcelona<\/a>.<br \/>\n<img decoding=\"async\" class=\"img-responsive\" src=\"https:\/\/rideon.es\/wp-content\/uploads\/2016\/11\/basilica-santa-maria-del-mar-barcelona.jpg\" alt=\"Bas\u00edlica de Santa Maria del Mar en Barcelona interior\" width=\"100%\" \/><br \/>\nParece ser que en la construcci\u00f3n particip\u00f3 activamente toda la poblaci\u00f3n de la Ribera, en especial los descargadores del muelle, llamados galafates de la Ribera o bastaixos, los cuales llevaban las enormes piedras destinadas a la construcci\u00f3n de la iglesia desde la cantera real de Montju\u00efc y desde las playas, donde estaban los barcos que las hab\u00edan tra\u00eddo a Barcelona, hasta la mism\u00edsima plaza del Borne, carg\u00e1ndolas en sus espaldas, una a una. La puerta principal de la iglesia homenajea a los bastaixos que ayudaron a su construcci\u00f3n. Descubre Barcelona con nuestro servicio de <a href=\"https:\/\/rideon.es\/barcelona\/\">alquiler scooter Barcelona<\/a>.<\/p>\n<h1>Comer en Viana<\/h1>\n<p>Situaci\u00f3n: <a href=\"https:\/\/goo.gl\/maps\/ncxPK4uFuNu\">https:\/\/goo.gl\/maps\/ncxPK4uFuNu<\/a><br \/>\nContacto: <a href=\"http:\/\/www.vianabcn.com\/\">http:\/\/www.vianabcn.com\/<\/a><br \/>\nEl restaurante Viana, situado a escasos pasos de la bella y caracter\u00edstica Plaza Real de Barcelona, es un oasis gastron\u00f3mico en el que adentrarse a disfrutar de una cocina internacional con pinceladas de la gastronom\u00eda tradicional espa\u00f1ola, hecha con mimo y sin prisas.<br \/>\n<img decoding=\"async\" class=\"img-responsive\" src=\"https:\/\/rideon.es\/wp-content\/uploads\/2016\/11\/restaurant-Viana-Barcelona.jpg\" alt=\"Restaurante VIana Barcelona\" width=\"100%\" \/><br \/>\nAbierto en agosto del 2015 de la mano de los hermanos Rub\u00e9n y Miguel Berm\u00fadez, Carlos Garc\u00eda y el chef Solomon Tabisaura, este peque\u00f1o y acogedor restaurante apuesta por el producto de m\u00e1xima calidad elaborado con cari\u00f1o y por el trato amable y cercano.<br \/>\nSi quieres huir de las propuestas enfocadas s\u00f3lo al turismo y recuperar el sabor de lo aut\u00e9ntico, Viana es una muy buena opci\u00f3n para disfrutar del centro de Barcelona y saborear una cocina cuidada al detalle.<\/p>\n<h1>Plaza Sant Jaume<\/h1>\n<p>SItuaci\u00f3n: <a href=\"https:\/\/goo.gl\/maps\/8MQnSkqiexw\">https:\/\/goo.gl\/maps\/8MQnSkqiexw<\/a><br \/>\n<img decoding=\"async\" class=\"img-responsive\" src=\"https:\/\/rideon.es\/wp-content\/uploads\/2016\/11\/pla\u00e7a-sant-jaume-barcelona.jpg\" alt=\"VIsitar la plaza Sant Jaume Barcelona\" width=\"100%\" \/><br \/>\nEn un lado de la plaza Sant Jaume est\u00e1 el ayuntamiento, justo enfrente la generalitat, no hay muchas ciudades que re\u00fanan de forma sim\u00e9trica el poder municipal y el poder auton\u00f3mico, quiz\u00e1s sea una met\u00e1fora de algo que no somos capaces de ver, en todo caso, este espacio fue desde siempre el coraz\u00f3n de Barcelona. El centro de Barcelona es dif\u00edcil moverse en coche, por eso te recomendamos nuestro servicio de <a href=\"https:\/\/rideon.es\/barcelona\/\">rent a scooter barcelona<\/a>.<br \/>\n<img decoding=\"async\" class=\"img-responsive\" src=\"https:\/\/rideon.es\/wp-content\/uploads\/2016\/11\/auntament-barcelona.jpg\" alt=\"Visitar casa de la ciudad, ayuntamiento Barcelona\" width=\"100%\" \/><br \/>\nEl ayuntamiento est\u00e1 ubicado en un palacio que a lo largo de su historia sufri\u00f3 m\u00faltiples reformas, la escalinata nos traslada al sal\u00f3n de ciento, ya que eran cien los notables que formaban el consejo de la ciudad desde los siglos XIII al XVIII.<br \/>\n<img decoding=\"async\" class=\"img-responsive\" src=\"https:\/\/rideon.es\/wp-content\/uploads\/2016\/11\/interior-ajuntament-barcelona.jpg\" alt=\"Visitar casa de la ciudad, ayuntamiento Barcelona interior\" width=\"100%\" \/><br \/>\nPara m\u00e1s informaci\u00f3n visiten nuestro <a href=\"https:\/\/rideon.es\/blog-barcelona\/\">Blog de informaci\u00f3n Tur\u00edstica a Barcelona<\/a>, para reservas online de motos de alquiler Mallorca pueden visitar nuestra web <a href=\"https:\/\/rideon.es\/barcelona\/\">www.rideon.es<\/a><\/p>\n","protected":false},"excerpt":{"rendered":"<p>Visitar la Bas\u00edlica de Santa Maria del Mar SItuaci\u00f3n: https:\/\/goo.gl\/maps\/EjquWCBhx1U2 Una de las obras g\u00f3ticas m\u00e1s imponentes de Barcelona es la iglesia de santa maria del Mar, una iglesia que muestra la grandeza y austeridad, columnas apol\u00edneas, espacios abiertos, se trata de una de las iglesias g\u00f3ticas m\u00e1s impresionantes de nuestro pa\u00eds. En Rideon.es disfrutar\u00e1s<\/p>\n","protected":false},"author":2,"featured_media":1600,"comment_status":"open","ping_status":"closed","sticky":false,"template":"","format":"standard","meta":{"inline_featured_image":false,"footnotes":""},"categories":[9],"tags":[],"class_list":["post-1363","post","type-post","status-publish","format-standard","has-post-thumbnail","hentry","category-barcelona"],"yoast_head":"<!-- This site is optimized with the Yoast SEO Premium plugin v18.7 (Yoast SEO v27.5) - https:\/\/yoast.com\/product\/yoast-seo-premium-wordpress\/ -->\n<title>Basilica santa Maria y plaza Sant Jaume - Alquiler de motos mensual y Renting para Empresas<\/title>\n<meta name=\"description\" content=\"Disfruta con Rideon.es del mejor servicio de alquiler moto Barcelona y descubre la Bas\u00edlica de Santa Mar\u00eda y la plaza Sant Jaume de Barcelona.\" \/>\n<meta name=\"robots\" content=\"index, follow, max-snippet:-1, max-image-preview:large, max-video-preview:-1\" \/>\n<link rel=\"canonical\" href=\"https:\/\/rideon.es\/renting-empresas\/basilica-santa-maria-plaza-sant-jaume\/\" \/>\n<meta property=\"og:locale\" content=\"es_ES\" \/>\n<meta property=\"og:type\" content=\"article\" \/>\n<meta property=\"og:title\" content=\"Basilica santa Maria y plaza Sant Jaume\" \/>\n<meta property=\"og:description\" content=\"Disfruta con Rideon.es del mejor servicio de alquiler moto Barcelona y descubre la Bas\u00edlica de Santa Mar\u00eda y la plaza Sant Jaume de Barcelona.\" \/>\n<meta property=\"og:url\" content=\"https:\/\/rideon.es\/renting-empresas\/basilica-santa-maria-plaza-sant-jaume\/\" \/>\n<meta property=\"og:site_name\" content=\"Alquiler de motos mensual y Renting para Empresas\" \/>\n<meta property=\"article:published_time\" content=\"2016-11-14T11:18:50+00:00\" \/>\n<meta name=\"author\" content=\"Ride On\" \/>\n<meta name=\"twitter:card\" content=\"summary_large_image\" \/>\n<meta name=\"twitter:label1\" content=\"Escrito por\" \/>\n\t<meta name=\"twitter:data1\" content=\"Ride On\" \/>\n\t<meta name=\"twitter:label2\" content=\"Tiempo de lectura\" \/>\n\t<meta name=\"twitter:data2\" content=\"3 minutos\" \/>\n<script type=\"application\/ld+json\" class=\"yoast-schema-graph\">{\"@context\":\"https:\\\/\\\/schema.org\",\"@graph\":[{\"@type\":\"Article\",\"@id\":\"https:\\\/\\\/rideon.es\\\/renting-empresas\\\/basilica-santa-maria-plaza-sant-jaume\\\/#article\",\"isPartOf\":{\"@id\":\"https:\\\/\\\/rideon.es\\\/renting-empresas\\\/basilica-santa-maria-plaza-sant-jaume\\\/\"},\"author\":{\"name\":\"Ride On\",\"@id\":\"https:\\\/\\\/rideon.es\\\/renting-empresas\\\/#\\\/schema\\\/person\\\/48d6770e55c623d929bd20ce295611a7\"},\"headline\":\"Basilica santa Maria y plaza Sant Jaume\",\"datePublished\":\"2016-11-14T11:18:50+00:00\",\"mainEntityOfPage\":{\"@id\":\"https:\\\/\\\/rideon.es\\\/renting-empresas\\\/basilica-santa-maria-plaza-sant-jaume\\\/\"},\"wordCount\":635,\"commentCount\":0,\"publisher\":{\"@id\":\"https:\\\/\\\/rideon.es\\\/renting-empresas\\\/#organization\"},\"image\":{\"@id\":\"https:\\\/\\\/rideon.es\\\/renting-empresas\\\/basilica-santa-maria-plaza-sant-jaume\\\/#primaryimage\"},\"thumbnailUrl\":\"\",\"articleSection\":[\"Barcelona\"],\"inLanguage\":\"es\",\"potentialAction\":[{\"@type\":\"CommentAction\",\"name\":\"Comment\",\"target\":[\"https:\\\/\\\/rideon.es\\\/renting-empresas\\\/basilica-santa-maria-plaza-sant-jaume\\\/#respond\"]}]},{\"@type\":\"WebPage\",\"@id\":\"https:\\\/\\\/rideon.es\\\/renting-empresas\\\/basilica-santa-maria-plaza-sant-jaume\\\/\",\"url\":\"https:\\\/\\\/rideon.es\\\/renting-empresas\\\/basilica-santa-maria-plaza-sant-jaume\\\/\",\"name\":\"Basilica santa Maria y plaza Sant Jaume - Alquiler de motos mensual y Renting para Empresas\",\"isPartOf\":{\"@id\":\"https:\\\/\\\/rideon.es\\\/renting-empresas\\\/#website\"},\"primaryImageOfPage\":{\"@id\":\"https:\\\/\\\/rideon.es\\\/renting-empresas\\\/basilica-santa-maria-plaza-sant-jaume\\\/#primaryimage\"},\"image\":{\"@id\":\"https:\\\/\\\/rideon.es\\\/renting-empresas\\\/basilica-santa-maria-plaza-sant-jaume\\\/#primaryimage\"},\"thumbnailUrl\":\"\",\"datePublished\":\"2016-11-14T11:18:50+00:00\",\"description\":\"Disfruta con Rideon.es del mejor servicio de alquiler moto Barcelona y descubre la Bas\u00edlica de Santa Mar\u00eda y la plaza Sant Jaume de Barcelona.\",\"inLanguage\":\"es\",\"potentialAction\":[{\"@type\":\"ReadAction\",\"target\":[\"https:\\\/\\\/rideon.es\\\/renting-empresas\\\/basilica-santa-maria-plaza-sant-jaume\\\/\"]}]},{\"@type\":\"ImageObject\",\"inLanguage\":\"es\",\"@id\":\"https:\\\/\\\/rideon.es\\\/renting-empresas\\\/basilica-santa-maria-plaza-sant-jaume\\\/#primaryimage\",\"url\":\"\",\"contentUrl\":\"\"},{\"@type\":\"WebSite\",\"@id\":\"https:\\\/\\\/rideon.es\\\/renting-empresas\\\/#website\",\"url\":\"https:\\\/\\\/rideon.es\\\/renting-empresas\\\/\",\"name\":\"Alquiler de motos mensual y Renting para Empresas\",\"description\":\"Las motos m\u00e1s c\u00f3modas y seguras para disfrutar de tus vacaciones sobre ruedas. Alquiler de motos en Menorca, Mallorca, Barcelona y Valencia con Rideon.es\",\"publisher\":{\"@id\":\"https:\\\/\\\/rideon.es\\\/renting-empresas\\\/#organization\"},\"potentialAction\":[{\"@type\":\"SearchAction\",\"target\":{\"@type\":\"EntryPoint\",\"urlTemplate\":\"https:\\\/\\\/rideon.es\\\/renting-empresas\\\/?s={search_term_string}\"},\"query-input\":{\"@type\":\"PropertyValueSpecification\",\"valueRequired\":true,\"valueName\":\"search_term_string\"}}],\"inLanguage\":\"es\"},{\"@type\":\"Organization\",\"@id\":\"https:\\\/\\\/rideon.es\\\/renting-empresas\\\/#organization\",\"name\":\"Alquiler de motos mensual y Renting para Empresas\",\"url\":\"https:\\\/\\\/rideon.es\\\/renting-empresas\\\/\",\"logo\":{\"@type\":\"ImageObject\",\"inLanguage\":\"es\",\"@id\":\"https:\\\/\\\/rideon.es\\\/renting-empresas\\\/#\\\/schema\\\/logo\\\/image\\\/\",\"url\":\"https:\\\/\\\/rideon.es\\\/renting-empresas\\\/wp-content\\\/uploads\\\/sites\\\/19\\\/2020\\\/02\\\/rideon_logo-200x78-1.png\",\"contentUrl\":\"https:\\\/\\\/rideon.es\\\/renting-empresas\\\/wp-content\\\/uploads\\\/sites\\\/19\\\/2020\\\/02\\\/rideon_logo-200x78-1.png\",\"width\":200,\"height\":78,\"caption\":\"Alquiler de motos mensual y Renting para Empresas\"},\"image\":{\"@id\":\"https:\\\/\\\/rideon.es\\\/renting-empresas\\\/#\\\/schema\\\/logo\\\/image\\\/\"}},{\"@type\":\"Person\",\"@id\":\"https:\\\/\\\/rideon.es\\\/renting-empresas\\\/#\\\/schema\\\/person\\\/48d6770e55c623d929bd20ce295611a7\",\"name\":\"Ride On\",\"image\":{\"@type\":\"ImageObject\",\"inLanguage\":\"es\",\"@id\":\"https:\\\/\\\/secure.gravatar.com\\\/avatar\\\/785e72183089da6a00243c0f0e2d52db79b9983b602219afb07c868943086138?s=96&d=mm&r=g\",\"url\":\"https:\\\/\\\/secure.gravatar.com\\\/avatar\\\/785e72183089da6a00243c0f0e2d52db79b9983b602219afb07c868943086138?s=96&d=mm&r=g\",\"contentUrl\":\"https:\\\/\\\/secure.gravatar.com\\\/avatar\\\/785e72183089da6a00243c0f0e2d52db79b9983b602219afb07c868943086138?s=96&d=mm&r=g\",\"caption\":\"Ride On\"},\"url\":\"https:\\\/\\\/rideon.es\\\/renting-empresas\\\/author\\\/eduardoyauri\\\/\"}]}<\/script>\n<!-- \/ Yoast SEO Premium plugin. -->","yoast_head_json":{"title":"Basilica santa Maria y plaza Sant Jaume - Alquiler de motos mensual y Renting para Empresas","description":"Disfruta con Rideon.es del mejor servicio de alquiler moto Barcelona y descubre la Bas\u00edlica de Santa Mar\u00eda y la plaza Sant Jaume de Barcelona.","robots":{"index":"index","follow":"follow","max-snippet":"max-snippet:-1","max-image-preview":"max-image-preview:large","max-video-preview":"max-video-preview:-1"},"canonical":"https:\/\/rideon.es\/renting-empresas\/basilica-santa-maria-plaza-sant-jaume\/","og_locale":"es_ES","og_type":"article","og_title":"Basilica santa Maria y plaza Sant Jaume","og_description":"Disfruta con Rideon.es del mejor servicio de alquiler moto Barcelona y descubre la Bas\u00edlica de Santa Mar\u00eda y la plaza Sant Jaume de Barcelona.","og_url":"https:\/\/rideon.es\/renting-empresas\/basilica-santa-maria-plaza-sant-jaume\/","og_site_name":"Alquiler de motos mensual y Renting para Empresas","article_published_time":"2016-11-14T11:18:50+00:00","author":"Ride On","twitter_card":"summary_large_image","twitter_misc":{"Escrito por":"Ride On","Tiempo de lectura":"3 minutos"},"schema":{"@context":"https:\/\/schema.org","@graph":[{"@type":"Article","@id":"https:\/\/rideon.es\/renting-empresas\/basilica-santa-maria-plaza-sant-jaume\/#article","isPartOf":{"@id":"https:\/\/rideon.es\/renting-empresas\/basilica-santa-maria-plaza-sant-jaume\/"},"author":{"name":"Ride On","@id":"https:\/\/rideon.es\/renting-empresas\/#\/schema\/person\/48d6770e55c623d929bd20ce295611a7"},"headline":"Basilica santa Maria y plaza Sant Jaume","datePublished":"2016-11-14T11:18:50+00:00","mainEntityOfPage":{"@id":"https:\/\/rideon.es\/renting-empresas\/basilica-santa-maria-plaza-sant-jaume\/"},"wordCount":635,"commentCount":0,"publisher":{"@id":"https:\/\/rideon.es\/renting-empresas\/#organization"},"image":{"@id":"https:\/\/rideon.es\/renting-empresas\/basilica-santa-maria-plaza-sant-jaume\/#primaryimage"},"thumbnailUrl":"","articleSection":["Barcelona"],"inLanguage":"es","potentialAction":[{"@type":"CommentAction","name":"Comment","target":["https:\/\/rideon.es\/renting-empresas\/basilica-santa-maria-plaza-sant-jaume\/#respond"]}]},{"@type":"WebPage","@id":"https:\/\/rideon.es\/renting-empresas\/basilica-santa-maria-plaza-sant-jaume\/","url":"https:\/\/rideon.es\/renting-empresas\/basilica-santa-maria-plaza-sant-jaume\/","name":"Basilica santa Maria y plaza Sant Jaume - Alquiler de motos mensual y Renting para Empresas","isPartOf":{"@id":"https:\/\/rideon.es\/renting-empresas\/#website"},"primaryImageOfPage":{"@id":"https:\/\/rideon.es\/renting-empresas\/basilica-santa-maria-plaza-sant-jaume\/#primaryimage"},"image":{"@id":"https:\/\/rideon.es\/renting-empresas\/basilica-santa-maria-plaza-sant-jaume\/#primaryimage"},"thumbnailUrl":"","datePublished":"2016-11-14T11:18:50+00:00","description":"Disfruta con Rideon.es del mejor servicio de alquiler moto Barcelona y descubre la Bas\u00edlica de Santa Mar\u00eda y la plaza Sant Jaume de Barcelona.","inLanguage":"es","potentialAction":[{"@type":"ReadAction","target":["https:\/\/rideon.es\/renting-empresas\/basilica-santa-maria-plaza-sant-jaume\/"]}]},{"@type":"ImageObject","inLanguage":"es","@id":"https:\/\/rideon.es\/renting-empresas\/basilica-santa-maria-plaza-sant-jaume\/#primaryimage","url":"","contentUrl":""},{"@type":"WebSite","@id":"https:\/\/rideon.es\/renting-empresas\/#website","url":"https:\/\/rideon.es\/renting-empresas\/","name":"Alquiler de motos mensual y Renting para Empresas","description":"Las motos m\u00e1s c\u00f3modas y seguras para disfrutar de tus vacaciones sobre ruedas. Alquiler de motos en Menorca, Mallorca, Barcelona y Valencia con Rideon.es","publisher":{"@id":"https:\/\/rideon.es\/renting-empresas\/#organization"},"potentialAction":[{"@type":"SearchAction","target":{"@type":"EntryPoint","urlTemplate":"https:\/\/rideon.es\/renting-empresas\/?s={search_term_string}"},"query-input":{"@type":"PropertyValueSpecification","valueRequired":true,"valueName":"search_term_string"}}],"inLanguage":"es"},{"@type":"Organization","@id":"https:\/\/rideon.es\/renting-empresas\/#organization","name":"Alquiler de motos mensual y Renting para Empresas","url":"https:\/\/rideon.es\/renting-empresas\/","logo":{"@type":"ImageObject","inLanguage":"es","@id":"https:\/\/rideon.es\/renting-empresas\/#\/schema\/logo\/image\/","url":"https:\/\/rideon.es\/renting-empresas\/wp-content\/uploads\/sites\/19\/2020\/02\/rideon_logo-200x78-1.png","contentUrl":"https:\/\/rideon.es\/renting-empresas\/wp-content\/uploads\/sites\/19\/2020\/02\/rideon_logo-200x78-1.png","width":200,"height":78,"caption":"Alquiler de motos mensual y Renting para Empresas"},"image":{"@id":"https:\/\/rideon.es\/renting-empresas\/#\/schema\/logo\/image\/"}},{"@type":"Person","@id":"https:\/\/rideon.es\/renting-empresas\/#\/schema\/person\/48d6770e55c623d929bd20ce295611a7","name":"Ride On","image":{"@type":"ImageObject","inLanguage":"es","@id":"https:\/\/secure.gravatar.com\/avatar\/785e72183089da6a00243c0f0e2d52db79b9983b602219afb07c868943086138?s=96&d=mm&r=g","url":"https:\/\/secure.gravatar.com\/avatar\/785e72183089da6a00243c0f0e2d52db79b9983b602219afb07c868943086138?s=96&d=mm&r=g","contentUrl":"https:\/\/secure.gravatar.com\/avatar\/785e72183089da6a00243c0f0e2d52db79b9983b602219afb07c868943086138?s=96&d=mm&r=g","caption":"Ride On"},"url":"https:\/\/rideon.es\/renting-empresas\/author\/eduardoyauri\/"}]}},"_links":{"self":[{"href":"https:\/\/rideon.es\/renting-empresas\/wp-json\/wp\/v2\/posts\/1363","targetHints":{"allow":["GET"]}}],"collection":[{"href":"https:\/\/rideon.es\/renting-empresas\/wp-json\/wp\/v2\/posts"}],"about":[{"href":"https:\/\/rideon.es\/renting-empresas\/wp-json\/wp\/v2\/types\/post"}],"author":[{"embeddable":true,"href":"https:\/\/rideon.es\/renting-empresas\/wp-json\/wp\/v2\/users\/2"}],"replies":[{"embeddable":true,"href":"https:\/\/rideon.es\/renting-empresas\/wp-json\/wp\/v2\/comments?post=1363"}],"version-history":[{"count":0,"href":"https:\/\/rideon.es\/renting-empresas\/wp-json\/wp\/v2\/posts\/1363\/revisions"}],"wp:featuredmedia":[{"embeddable":true,"href":"https:\/\/rideon.es\/renting-empresas\/wp-json\/"}],"wp:attachment":[{"href":"https:\/\/rideon.es\/renting-empresas\/wp-json\/wp\/v2\/media?parent=1363"}],"wp:term":[{"taxonomy":"category","embeddable":true,"href":"https:\/\/rideon.es\/renting-empresas\/wp-json\/wp\/v2\/categories?post=1363"},{"taxonomy":"post_tag","embeddable":true,"href":"https:\/\/rideon.es\/renting-empresas\/wp-json\/wp\/v2\/tags?post=1363"}],"curies":[{"name":"wp","href":"https:\/\/api.w.org\/{rel}","templated":true}]}}