{"id":1329,"date":"2016-11-10T14:12:41","date_gmt":"2016-11-10T14:12:41","guid":{"rendered":"https:\/\/rideon.es\/?p=1329"},"modified":"2016-11-10T14:12:41","modified_gmt":"2016-11-10T14:12:41","slug":"los-7-faros-de-menorca-al-alcance-de-tu-moto","status":"publish","type":"post","link":"https:\/\/rideon.es\/renting-empresas\/los-7-faros-de-menorca-al-alcance-de-tu-moto\/","title":{"rendered":"Los 7 faros de Menorca al alcance de tu moto"},"content":{"rendered":"<h2>Los 7 faros de Menorca al alcance de tu moto<\/h2>\n<p>La Isla de <b>Menorca<\/b> es la <b>Isla de los 7 faros<\/b>. Siete edificaciones emblem\u00e1ticas construidas en siete <b>puntos estrat\u00e9gicos<\/b> para alertar sobre la cercan\u00eda de estas costas y evitar los naufragios de las embarcaciones. Siete lugares indispensables para perder la vista en el <b>horizonte del Mediterr\u00e1neo<\/b> y descubrir los m\u00e1s dispares paisajes del <b>litoral menorqu\u00edn<\/b>.<br \/>\nTres de estos faros se encuentran dentro del municipio de <b>Ciutadella<\/b>, uno en <b>Mah\u00f3n<\/b>, otro en la costa de <b>Es Castell<\/b>, en la de <b>Sant Llu\u00eds<\/b> y en <b>Es Mercadal<\/b>.<br \/>\nEstos son los 7 faros que no debes perderte si estas disfrutando de unas <a href=\"http:\/\/menorcaenmoto.com\/\">vacaciones en moto en Menorca<\/a>. A casi todos de ellos accederas por particulares <b>caminos y carreteras estrechas<\/b> que har\u00e1n m\u00e1s inolvidables si cabe estas excursiones en moto.<\/p>\n<li><b>Faro Illa de l\u2019Aire<\/b> (Sant Llu\u00eds): 53 metros sobre el nivel del mar y con un alcance de 18 millas.<\/li>\n<li><b>Faro de Fav\u00e0ritx<\/b> (Ma\u00f3): a 47 metros sobre el nivel del mar y con un alcance de16 millas.<\/li>\n<li><b>Faro de Punta Nati<\/b> (Ciutadella): se encuentra a una altura de 42 metros sobre el nivel del mar y su se\u00f1al luminosa tiene un alcance de 16 millas.<\/li>\n<li><b>Faro del Cap de Cavalleria<\/b> (Es Mercadal): en un imponente acantilado de 94 metros de altura sobre el nivel del mar y con un alcance de 22 millas. Ofrece un paisaje espectacular.<\/li>\n<li><b>Faro Punta San Carlos<\/b> (Es Castell): 22 metros sobre el nivel del mar y con un alcance de 12 millas.<\/li>\n<li><b>Faro de Cap d\u2019Artrutx <\/b>(Ciudadela): a 45 metros de altura obre el nivel del mar y con un alcance de 19 millas. <b>Faro de Sa Farola<\/b> (Ciudadela): a 21 metros sobre el nivel del mar y con un alcance de14 millas.<\/li>\n<\/ul>\n","protected":false},"excerpt":{"rendered":"<p>Los 7 faros de Menorca al alcance de tu moto La Isla de Menorca es la Isla de los 7 faros. Siete edificaciones emblem\u00e1ticas construidas en siete puntos estrat\u00e9gicos para alertar sobre la cercan\u00eda de estas costas y evitar los naufragios de las embarcaciones. Siete lugares indispensables para perder la vista en el horizonte del<\/p>\n","protected":false},"author":2,"featured_media":1330,"comment_status":"open","ping_status":"closed","sticky":false,"template":"","format":"standard","meta":{"inline_featured_image":false,"footnotes":""},"categories":[47],"tags":[],"class_list":["post-1329","post","type-post","status-publish","format-standard","has-post-thumbnail","hentry","category-faros"],"yoast_head":"<!-- This site is optimized with the Yoast SEO Premium plugin v18.7 (Yoast SEO v27.5) - https:\/\/yoast.com\/product\/yoast-seo-premium-wordpress\/ -->\n<title>Una ruta en moto indispensable por los 7 faros de Menorca<\/title>\n<meta name=\"description\" content=\"Los siete faros de Menorca se encuentran en lugares estrat\u00e9gicos de la costa desde d\u00f3nde se puede disfrutar de unas vacaciones en moto con paisajes incre\u00edbles\" \/>\n<meta name=\"robots\" content=\"index, follow, max-snippet:-1, max-image-preview:large, max-video-preview:-1\" \/>\n<link rel=\"canonical\" href=\"https:\/\/rideon.es\/renting-empresas\/los-7-faros-de-menorca-al-alcance-de-tu-moto\/\" \/>\n<meta property=\"og:locale\" content=\"es_ES\" \/>\n<meta property=\"og:type\" content=\"article\" \/>\n<meta property=\"og:title\" content=\"Los 7 faros de Menorca al alcance de tu moto\" \/>\n<meta property=\"og:description\" content=\"Los siete faros de Menorca se encuentran en lugares estrat\u00e9gicos de la costa desde d\u00f3nde se puede disfrutar de unas vacaciones en moto con paisajes incre\u00edbles\" \/>\n<meta property=\"og:url\" content=\"https:\/\/rideon.es\/renting-empresas\/los-7-faros-de-menorca-al-alcance-de-tu-moto\/\" \/>\n<meta property=\"og:site_name\" content=\"Alquiler de motos mensual y Renting para Empresas\" \/>\n<meta property=\"article:published_time\" content=\"2016-11-10T14:12:41+00:00\" \/>\n<meta name=\"author\" content=\"Ride On\" \/>\n<meta name=\"twitter:card\" content=\"summary_large_image\" \/>\n<meta name=\"twitter:label1\" content=\"Escrito por\" \/>\n\t<meta name=\"twitter:data1\" content=\"Ride On\" \/>\n\t<meta name=\"twitter:label2\" content=\"Tiempo de lectura\" \/>\n\t<meta name=\"twitter:data2\" content=\"1 minuto\" \/>\n<script type=\"application\/ld+json\" class=\"yoast-schema-graph\">{\"@context\":\"https:\\\/\\\/schema.org\",\"@graph\":[{\"@type\":\"Article\",\"@id\":\"https:\\\/\\\/rideon.es\\\/renting-empresas\\\/los-7-faros-de-menorca-al-alcance-de-tu-moto\\\/#article\",\"isPartOf\":{\"@id\":\"https:\\\/\\\/rideon.es\\\/renting-empresas\\\/los-7-faros-de-menorca-al-alcance-de-tu-moto\\\/\"},\"author\":{\"name\":\"Ride On\",\"@id\":\"https:\\\/\\\/rideon.es\\\/renting-empresas\\\/#\\\/schema\\\/person\\\/48d6770e55c623d929bd20ce295611a7\"},\"headline\":\"Los 7 faros de Menorca al alcance de tu moto\",\"datePublished\":\"2016-11-10T14:12:41+00:00\",\"mainEntityOfPage\":{\"@id\":\"https:\\\/\\\/rideon.es\\\/renting-empresas\\\/los-7-faros-de-menorca-al-alcance-de-tu-moto\\\/\"},\"wordCount\":304,\"commentCount\":0,\"publisher\":{\"@id\":\"https:\\\/\\\/rideon.es\\\/renting-empresas\\\/#organization\"},\"image\":{\"@id\":\"https:\\\/\\\/rideon.es\\\/renting-empresas\\\/los-7-faros-de-menorca-al-alcance-de-tu-moto\\\/#primaryimage\"},\"thumbnailUrl\":\"\",\"articleSection\":[\"Faros\"],\"inLanguage\":\"es\",\"potentialAction\":[{\"@type\":\"CommentAction\",\"name\":\"Comment\",\"target\":[\"https:\\\/\\\/rideon.es\\\/renting-empresas\\\/los-7-faros-de-menorca-al-alcance-de-tu-moto\\\/#respond\"]}]},{\"@type\":\"WebPage\",\"@id\":\"https:\\\/\\\/rideon.es\\\/renting-empresas\\\/los-7-faros-de-menorca-al-alcance-de-tu-moto\\\/\",\"url\":\"https:\\\/\\\/rideon.es\\\/renting-empresas\\\/los-7-faros-de-menorca-al-alcance-de-tu-moto\\\/\",\"name\":\"Una ruta en moto indispensable por los 7 faros de Menorca\",\"isPartOf\":{\"@id\":\"https:\\\/\\\/rideon.es\\\/renting-empresas\\\/#website\"},\"primaryImageOfPage\":{\"@id\":\"https:\\\/\\\/rideon.es\\\/renting-empresas\\\/los-7-faros-de-menorca-al-alcance-de-tu-moto\\\/#primaryimage\"},\"image\":{\"@id\":\"https:\\\/\\\/rideon.es\\\/renting-empresas\\\/los-7-faros-de-menorca-al-alcance-de-tu-moto\\\/#primaryimage\"},\"thumbnailUrl\":\"\",\"datePublished\":\"2016-11-10T14:12:41+00:00\",\"description\":\"Los siete faros de Menorca se encuentran en lugares estrat\u00e9gicos de la costa desde d\u00f3nde se puede disfrutar de unas vacaciones en moto con paisajes incre\u00edbles\",\"inLanguage\":\"es\",\"potentialAction\":[{\"@type\":\"ReadAction\",\"target\":[\"https:\\\/\\\/rideon.es\\\/renting-empresas\\\/los-7-faros-de-menorca-al-alcance-de-tu-moto\\\/\"]}]},{\"@type\":\"ImageObject\",\"inLanguage\":\"es\",\"@id\":\"https:\\\/\\\/rideon.es\\\/renting-empresas\\\/los-7-faros-de-menorca-al-alcance-de-tu-moto\\\/#primaryimage\",\"url\":\"\",\"contentUrl\":\"\"},{\"@type\":\"WebSite\",\"@id\":\"https:\\\/\\\/rideon.es\\\/renting-empresas\\\/#website\",\"url\":\"https:\\\/\\\/rideon.es\\\/renting-empresas\\\/\",\"name\":\"Alquiler de motos mensual y Renting para Empresas\",\"description\":\"Las motos m\u00e1s c\u00f3modas y seguras para disfrutar de tus vacaciones sobre ruedas. Alquiler de motos en Menorca, Mallorca, Barcelona y Valencia con Rideon.es\",\"publisher\":{\"@id\":\"https:\\\/\\\/rideon.es\\\/renting-empresas\\\/#organization\"},\"potentialAction\":[{\"@type\":\"SearchAction\",\"target\":{\"@type\":\"EntryPoint\",\"urlTemplate\":\"https:\\\/\\\/rideon.es\\\/renting-empresas\\\/?s={search_term_string}\"},\"query-input\":{\"@type\":\"PropertyValueSpecification\",\"valueRequired\":true,\"valueName\":\"search_term_string\"}}],\"inLanguage\":\"es\"},{\"@type\":\"Organization\",\"@id\":\"https:\\\/\\\/rideon.es\\\/renting-empresas\\\/#organization\",\"name\":\"Alquiler de motos mensual y Renting para Empresas\",\"url\":\"https:\\\/\\\/rideon.es\\\/renting-empresas\\\/\",\"logo\":{\"@type\":\"ImageObject\",\"inLanguage\":\"es\",\"@id\":\"https:\\\/\\\/rideon.es\\\/renting-empresas\\\/#\\\/schema\\\/logo\\\/image\\\/\",\"url\":\"https:\\\/\\\/rideon.es\\\/renting-empresas\\\/wp-content\\\/uploads\\\/sites\\\/19\\\/2020\\\/02\\\/rideon_logo-200x78-1.png\",\"contentUrl\":\"https:\\\/\\\/rideon.es\\\/renting-empresas\\\/wp-content\\\/uploads\\\/sites\\\/19\\\/2020\\\/02\\\/rideon_logo-200x78-1.png\",\"width\":200,\"height\":78,\"caption\":\"Alquiler de motos mensual y Renting para Empresas\"},\"image\":{\"@id\":\"https:\\\/\\\/rideon.es\\\/renting-empresas\\\/#\\\/schema\\\/logo\\\/image\\\/\"}},{\"@type\":\"Person\",\"@id\":\"https:\\\/\\\/rideon.es\\\/renting-empresas\\\/#\\\/schema\\\/person\\\/48d6770e55c623d929bd20ce295611a7\",\"name\":\"Ride On\",\"image\":{\"@type\":\"ImageObject\",\"inLanguage\":\"es\",\"@id\":\"https:\\\/\\\/secure.gravatar.com\\\/avatar\\\/785e72183089da6a00243c0f0e2d52db79b9983b602219afb07c868943086138?s=96&d=mm&r=g\",\"url\":\"https:\\\/\\\/secure.gravatar.com\\\/avatar\\\/785e72183089da6a00243c0f0e2d52db79b9983b602219afb07c868943086138?s=96&d=mm&r=g\",\"contentUrl\":\"https:\\\/\\\/secure.gravatar.com\\\/avatar\\\/785e72183089da6a00243c0f0e2d52db79b9983b602219afb07c868943086138?s=96&d=mm&r=g\",\"caption\":\"Ride On\"},\"url\":\"https:\\\/\\\/rideon.es\\\/renting-empresas\\\/author\\\/eduardoyauri\\\/\"}]}<\/script>\n<!-- \/ Yoast SEO Premium plugin. -->","yoast_head_json":{"title":"Una ruta en moto indispensable por los 7 faros de Menorca","description":"Los siete faros de Menorca se encuentran en lugares estrat\u00e9gicos de la costa desde d\u00f3nde se puede disfrutar de unas vacaciones en moto con paisajes incre\u00edbles","robots":{"index":"index","follow":"follow","max-snippet":"max-snippet:-1","max-image-preview":"max-image-preview:large","max-video-preview":"max-video-preview:-1"},"canonical":"https:\/\/rideon.es\/renting-empresas\/los-7-faros-de-menorca-al-alcance-de-tu-moto\/","og_locale":"es_ES","og_type":"article","og_title":"Los 7 faros de Menorca al alcance de tu moto","og_description":"Los siete faros de Menorca se encuentran en lugares estrat\u00e9gicos de la costa desde d\u00f3nde se puede disfrutar de unas vacaciones en moto con paisajes incre\u00edbles","og_url":"https:\/\/rideon.es\/renting-empresas\/los-7-faros-de-menorca-al-alcance-de-tu-moto\/","og_site_name":"Alquiler de motos mensual y Renting para Empresas","article_published_time":"2016-11-10T14:12:41+00:00","author":"Ride On","twitter_card":"summary_large_image","twitter_misc":{"Escrito por":"Ride On","Tiempo de lectura":"1 minuto"},"schema":{"@context":"https:\/\/schema.org","@graph":[{"@type":"Article","@id":"https:\/\/rideon.es\/renting-empresas\/los-7-faros-de-menorca-al-alcance-de-tu-moto\/#article","isPartOf":{"@id":"https:\/\/rideon.es\/renting-empresas\/los-7-faros-de-menorca-al-alcance-de-tu-moto\/"},"author":{"name":"Ride On","@id":"https:\/\/rideon.es\/renting-empresas\/#\/schema\/person\/48d6770e55c623d929bd20ce295611a7"},"headline":"Los 7 faros de Menorca al alcance de tu moto","datePublished":"2016-11-10T14:12:41+00:00","mainEntityOfPage":{"@id":"https:\/\/rideon.es\/renting-empresas\/los-7-faros-de-menorca-al-alcance-de-tu-moto\/"},"wordCount":304,"commentCount":0,"publisher":{"@id":"https:\/\/rideon.es\/renting-empresas\/#organization"},"image":{"@id":"https:\/\/rideon.es\/renting-empresas\/los-7-faros-de-menorca-al-alcance-de-tu-moto\/#primaryimage"},"thumbnailUrl":"","articleSection":["Faros"],"inLanguage":"es","potentialAction":[{"@type":"CommentAction","name":"Comment","target":["https:\/\/rideon.es\/renting-empresas\/los-7-faros-de-menorca-al-alcance-de-tu-moto\/#respond"]}]},{"@type":"WebPage","@id":"https:\/\/rideon.es\/renting-empresas\/los-7-faros-de-menorca-al-alcance-de-tu-moto\/","url":"https:\/\/rideon.es\/renting-empresas\/los-7-faros-de-menorca-al-alcance-de-tu-moto\/","name":"Una ruta en moto indispensable por los 7 faros de Menorca","isPartOf":{"@id":"https:\/\/rideon.es\/renting-empresas\/#website"},"primaryImageOfPage":{"@id":"https:\/\/rideon.es\/renting-empresas\/los-7-faros-de-menorca-al-alcance-de-tu-moto\/#primaryimage"},"image":{"@id":"https:\/\/rideon.es\/renting-empresas\/los-7-faros-de-menorca-al-alcance-de-tu-moto\/#primaryimage"},"thumbnailUrl":"","datePublished":"2016-11-10T14:12:41+00:00","description":"Los siete faros de Menorca se encuentran en lugares estrat\u00e9gicos de la costa desde d\u00f3nde se puede disfrutar de unas vacaciones en moto con paisajes incre\u00edbles","inLanguage":"es","potentialAction":[{"@type":"ReadAction","target":["https:\/\/rideon.es\/renting-empresas\/los-7-faros-de-menorca-al-alcance-de-tu-moto\/"]}]},{"@type":"ImageObject","inLanguage":"es","@id":"https:\/\/rideon.es\/renting-empresas\/los-7-faros-de-menorca-al-alcance-de-tu-moto\/#primaryimage","url":"","contentUrl":""},{"@type":"WebSite","@id":"https:\/\/rideon.es\/renting-empresas\/#website","url":"https:\/\/rideon.es\/renting-empresas\/","name":"Alquiler de motos mensual y Renting para Empresas","description":"Las motos m\u00e1s c\u00f3modas y seguras para disfrutar de tus vacaciones sobre ruedas. Alquiler de motos en Menorca, Mallorca, Barcelona y Valencia con Rideon.es","publisher":{"@id":"https:\/\/rideon.es\/renting-empresas\/#organization"},"potentialAction":[{"@type":"SearchAction","target":{"@type":"EntryPoint","urlTemplate":"https:\/\/rideon.es\/renting-empresas\/?s={search_term_string}"},"query-input":{"@type":"PropertyValueSpecification","valueRequired":true,"valueName":"search_term_string"}}],"inLanguage":"es"},{"@type":"Organization","@id":"https:\/\/rideon.es\/renting-empresas\/#organization","name":"Alquiler de motos mensual y Renting para Empresas","url":"https:\/\/rideon.es\/renting-empresas\/","logo":{"@type":"ImageObject","inLanguage":"es","@id":"https:\/\/rideon.es\/renting-empresas\/#\/schema\/logo\/image\/","url":"https:\/\/rideon.es\/renting-empresas\/wp-content\/uploads\/sites\/19\/2020\/02\/rideon_logo-200x78-1.png","contentUrl":"https:\/\/rideon.es\/renting-empresas\/wp-content\/uploads\/sites\/19\/2020\/02\/rideon_logo-200x78-1.png","width":200,"height":78,"caption":"Alquiler de motos mensual y Renting para Empresas"},"image":{"@id":"https:\/\/rideon.es\/renting-empresas\/#\/schema\/logo\/image\/"}},{"@type":"Person","@id":"https:\/\/rideon.es\/renting-empresas\/#\/schema\/person\/48d6770e55c623d929bd20ce295611a7","name":"Ride On","image":{"@type":"ImageObject","inLanguage":"es","@id":"https:\/\/secure.gravatar.com\/avatar\/785e72183089da6a00243c0f0e2d52db79b9983b602219afb07c868943086138?s=96&d=mm&r=g","url":"https:\/\/secure.gravatar.com\/avatar\/785e72183089da6a00243c0f0e2d52db79b9983b602219afb07c868943086138?s=96&d=mm&r=g","contentUrl":"https:\/\/secure.gravatar.com\/avatar\/785e72183089da6a00243c0f0e2d52db79b9983b602219afb07c868943086138?s=96&d=mm&r=g","caption":"Ride On"},"url":"https:\/\/rideon.es\/renting-empresas\/author\/eduardoyauri\/"}]}},"_links":{"self":[{"href":"https:\/\/rideon.es\/renting-empresas\/wp-json\/wp\/v2\/posts\/1329","targetHints":{"allow":["GET"]}}],"collection":[{"href":"https:\/\/rideon.es\/renting-empresas\/wp-json\/wp\/v2\/posts"}],"about":[{"href":"https:\/\/rideon.es\/renting-empresas\/wp-json\/wp\/v2\/types\/post"}],"author":[{"embeddable":true,"href":"https:\/\/rideon.es\/renting-empresas\/wp-json\/wp\/v2\/users\/2"}],"replies":[{"embeddable":true,"href":"https:\/\/rideon.es\/renting-empresas\/wp-json\/wp\/v2\/comments?post=1329"}],"version-history":[{"count":0,"href":"https:\/\/rideon.es\/renting-empresas\/wp-json\/wp\/v2\/posts\/1329\/revisions"}],"wp:featuredmedia":[{"embeddable":true,"href":"https:\/\/rideon.es\/renting-empresas\/wp-json\/"}],"wp:attachment":[{"href":"https:\/\/rideon.es\/renting-empresas\/wp-json\/wp\/v2\/media?parent=1329"}],"wp:term":[{"taxonomy":"category","embeddable":true,"href":"https:\/\/rideon.es\/renting-empresas\/wp-json\/wp\/v2\/categories?post=1329"},{"taxonomy":"post_tag","embeddable":true,"href":"https:\/\/rideon.es\/renting-empresas\/wp-json\/wp\/v2\/tags?post=1329"}],"curies":[{"name":"wp","href":"https:\/\/api.w.org\/{rel}","templated":true}]}}