{"id":1323,"date":"2016-11-10T14:09:40","date_gmt":"2016-11-10T14:09:40","guid":{"rendered":"https:\/\/rideon.es\/?p=1323"},"modified":"2016-11-10T14:09:40","modified_gmt":"2016-11-10T14:09:40","slug":"cap-de-cavalleria-desde-sus-calidas-playas-hasta-los-acantilados-del-faro","status":"publish","type":"post","link":"https:\/\/rideon.es\/renting-empresas\/cap-de-cavalleria-desde-sus-calidas-playas-hasta-los-acantilados-del-faro\/","title":{"rendered":"Cap de Cavalleria, desde sus c\u00e1lidas playas hasta los acantilados del Faro"},"content":{"rendered":"<h2>Cap de Cavalleria, desde sus c\u00e1lidas playas hasta los acantilados del Faro<\/h2>\n<p>La <b>Playa del Cap de Cavalleria<\/b> est\u00e1 al norte de Menorca, a nueve kil\u00f3metros del pueblo de <b>Es Mercadal<\/b>. Entre las puntas de Vern\u00eds y Ferragut, esta espectacular playa se encuentra resguardada por el emblem\u00e1tico Cap de Cavalleria, que es el <b>cabo m\u00e1s septentrional de la Isla de Menorca<\/b>, con acantilados de hasta 80 metros sobre el nivel del mar.<br \/>\nLa playa, el Cabo y el imponente <b>Faro de Cavaller\u00eda<\/b> pertenecen a un \u00c1rea de Especial Inter\u00e9s paisaj\u00edstico que asegura su <b>conservaci\u00f3n medioambiental<\/b> y el resguardo de todos sus encantos naturales.<br \/>\nEste entrante de mar se caracteriza por originar <b>dos calas v\u00edrgenes de fina arena dorada<\/b>, con forma de concha y grandes dimensiones, y por contar con un sistema dunar \u00fanico y una vegetaci\u00f3n escasa, caracter\u00edstica de esta zona del norte de la Isla como consecuencia de los constantes y fuertes <b>vientos de Tramontana<\/b>.<br \/>\nEl acceso por carretera para llegar al <a href=\"http:\/\/www.motorentsoldeplata.com\/\">Cap de Cavalleria en moto<\/a> es sencillo siguiendo la se\u00f1alizaci\u00f3n viaria, aunque hay que tener en cuenta que el \u00faltimo tramo del recorrido est\u00e1 sin asfaltar. <b>Las motos se pueden aparcar<\/b> de forma gratuita cerca de la playa.<br \/>\nPara visitar el <b>Cap de Cavaller\u00eda<\/b>, con unas vistas panor\u00e1micas inolvidables, se toma un sendero, desde la playa, a mano izquierda. Y a mano derecha, los ba\u00f1istas disfrutan de una zona en la que se pueden aplicar <b>ba\u00f1os de barro<\/b> con grandes beneficios para la piel.<br \/>\nEn esta playa, que suele contar con una baja afluencia de ba\u00f1istas, es habitual la pr\u00e1ctica de nudismo.<br \/>\nEn cuanto al <b>Faro de Cavaller\u00eda<\/b>, destacar que sigue en activo. Fue construido en 1857 para reducir los numerosos naufragios que se suced\u00edan en estas aguas del norte de la Isla.<br \/>\nEste faro se encuentra a una altura de <b>m\u00e1s de 90 metros sobre el nivel del mar<\/b>, sobre un escarpado acantilado desde el que se divisa una amplia panor\u00e1mica del horizonte, la Illa den Porros y parte de <b>Es Mercadal<\/b>.<\/p>\n","protected":false},"excerpt":{"rendered":"<p>Cap de Cavalleria, desde sus c\u00e1lidas playas hasta los acantilados del Faro La Playa del Cap de Cavalleria est\u00e1 al norte de Menorca, a nueve kil\u00f3metros del pueblo de Es Mercadal. Entre las puntas de Vern\u00eds y Ferragut, esta espectacular playa se encuentra resguardada por el emblem\u00e1tico Cap de Cavalleria, que es el cabo m\u00e1s<\/p>\n","protected":false},"author":2,"featured_media":1324,"comment_status":"open","ping_status":"closed","sticky":false,"template":"","format":"standard","meta":{"inline_featured_image":false,"footnotes":""},"categories":[45],"tags":[],"class_list":["post-1323","post","type-post","status-publish","format-standard","has-post-thumbnail","hentry","category-cap-de-cavalleria"],"yoast_head":"<!-- This site is optimized with the Yoast SEO Premium plugin v18.7 (Yoast SEO v27.5) - https:\/\/yoast.com\/product\/yoast-seo-premium-wordpress\/ -->\n<title>Una ruta en moto hasta Cap de Cavalleria (Menorca)<\/title>\n<meta name=\"description\" content=\"Llegar al Cap de Cavaller\u00eda en moto es un regalo para los sentidos. Un paisaje incre\u00edble t\u00edpico del norte de Menorca nos acompa\u00f1a durante todo el camino.\" \/>\n<meta name=\"robots\" content=\"index, follow, max-snippet:-1, max-image-preview:large, max-video-preview:-1\" \/>\n<link rel=\"canonical\" href=\"https:\/\/rideon.es\/renting-empresas\/cap-de-cavalleria-desde-sus-calidas-playas-hasta-los-acantilados-del-faro\/\" \/>\n<meta property=\"og:locale\" content=\"es_ES\" \/>\n<meta property=\"og:type\" content=\"article\" \/>\n<meta property=\"og:title\" content=\"Cap de Cavalleria, desde sus c\u00e1lidas playas hasta los acantilados del Faro\" \/>\n<meta property=\"og:description\" content=\"Llegar al Cap de Cavaller\u00eda en moto es un regalo para los sentidos. Un paisaje incre\u00edble t\u00edpico del norte de Menorca nos acompa\u00f1a durante todo el camino.\" \/>\n<meta property=\"og:url\" content=\"https:\/\/rideon.es\/renting-empresas\/cap-de-cavalleria-desde-sus-calidas-playas-hasta-los-acantilados-del-faro\/\" \/>\n<meta property=\"og:site_name\" content=\"Alquiler de motos mensual y Renting para Empresas\" \/>\n<meta property=\"article:published_time\" content=\"2016-11-10T14:09:40+00:00\" \/>\n<meta name=\"author\" content=\"Ride On\" \/>\n<meta name=\"twitter:card\" content=\"summary_large_image\" \/>\n<meta name=\"twitter:label1\" content=\"Escrito por\" \/>\n\t<meta name=\"twitter:data1\" content=\"Ride On\" \/>\n\t<meta name=\"twitter:label2\" content=\"Tiempo de lectura\" \/>\n\t<meta name=\"twitter:data2\" content=\"2 minutos\" \/>\n<script type=\"application\/ld+json\" class=\"yoast-schema-graph\">{\"@context\":\"https:\\\/\\\/schema.org\",\"@graph\":[{\"@type\":\"Article\",\"@id\":\"https:\\\/\\\/rideon.es\\\/renting-empresas\\\/cap-de-cavalleria-desde-sus-calidas-playas-hasta-los-acantilados-del-faro\\\/#article\",\"isPartOf\":{\"@id\":\"https:\\\/\\\/rideon.es\\\/renting-empresas\\\/cap-de-cavalleria-desde-sus-calidas-playas-hasta-los-acantilados-del-faro\\\/\"},\"author\":{\"name\":\"Ride On\",\"@id\":\"https:\\\/\\\/rideon.es\\\/renting-empresas\\\/#\\\/schema\\\/person\\\/48d6770e55c623d929bd20ce295611a7\"},\"headline\":\"Cap de Cavalleria, desde sus c\u00e1lidas playas hasta los acantilados del Faro\",\"datePublished\":\"2016-11-10T14:09:40+00:00\",\"mainEntityOfPage\":{\"@id\":\"https:\\\/\\\/rideon.es\\\/renting-empresas\\\/cap-de-cavalleria-desde-sus-calidas-playas-hasta-los-acantilados-del-faro\\\/\"},\"wordCount\":370,\"commentCount\":0,\"publisher\":{\"@id\":\"https:\\\/\\\/rideon.es\\\/renting-empresas\\\/#organization\"},\"image\":{\"@id\":\"https:\\\/\\\/rideon.es\\\/renting-empresas\\\/cap-de-cavalleria-desde-sus-calidas-playas-hasta-los-acantilados-del-faro\\\/#primaryimage\"},\"thumbnailUrl\":\"\",\"articleSection\":[\"Cap de Cavalleria\"],\"inLanguage\":\"es\",\"potentialAction\":[{\"@type\":\"CommentAction\",\"name\":\"Comment\",\"target\":[\"https:\\\/\\\/rideon.es\\\/renting-empresas\\\/cap-de-cavalleria-desde-sus-calidas-playas-hasta-los-acantilados-del-faro\\\/#respond\"]}]},{\"@type\":\"WebPage\",\"@id\":\"https:\\\/\\\/rideon.es\\\/renting-empresas\\\/cap-de-cavalleria-desde-sus-calidas-playas-hasta-los-acantilados-del-faro\\\/\",\"url\":\"https:\\\/\\\/rideon.es\\\/renting-empresas\\\/cap-de-cavalleria-desde-sus-calidas-playas-hasta-los-acantilados-del-faro\\\/\",\"name\":\"Una ruta en moto hasta Cap de Cavalleria (Menorca)\",\"isPartOf\":{\"@id\":\"https:\\\/\\\/rideon.es\\\/renting-empresas\\\/#website\"},\"primaryImageOfPage\":{\"@id\":\"https:\\\/\\\/rideon.es\\\/renting-empresas\\\/cap-de-cavalleria-desde-sus-calidas-playas-hasta-los-acantilados-del-faro\\\/#primaryimage\"},\"image\":{\"@id\":\"https:\\\/\\\/rideon.es\\\/renting-empresas\\\/cap-de-cavalleria-desde-sus-calidas-playas-hasta-los-acantilados-del-faro\\\/#primaryimage\"},\"thumbnailUrl\":\"\",\"datePublished\":\"2016-11-10T14:09:40+00:00\",\"description\":\"Llegar al Cap de Cavaller\u00eda en moto es un regalo para los sentidos. Un paisaje incre\u00edble t\u00edpico del norte de Menorca nos acompa\u00f1a durante todo el camino.\",\"inLanguage\":\"es\",\"potentialAction\":[{\"@type\":\"ReadAction\",\"target\":[\"https:\\\/\\\/rideon.es\\\/renting-empresas\\\/cap-de-cavalleria-desde-sus-calidas-playas-hasta-los-acantilados-del-faro\\\/\"]}]},{\"@type\":\"ImageObject\",\"inLanguage\":\"es\",\"@id\":\"https:\\\/\\\/rideon.es\\\/renting-empresas\\\/cap-de-cavalleria-desde-sus-calidas-playas-hasta-los-acantilados-del-faro\\\/#primaryimage\",\"url\":\"\",\"contentUrl\":\"\"},{\"@type\":\"WebSite\",\"@id\":\"https:\\\/\\\/rideon.es\\\/renting-empresas\\\/#website\",\"url\":\"https:\\\/\\\/rideon.es\\\/renting-empresas\\\/\",\"name\":\"Alquiler de motos mensual y Renting para Empresas\",\"description\":\"Las motos m\u00e1s c\u00f3modas y seguras para disfrutar de tus vacaciones sobre ruedas. Alquiler de motos en Menorca, Mallorca, Barcelona y Valencia con Rideon.es\",\"publisher\":{\"@id\":\"https:\\\/\\\/rideon.es\\\/renting-empresas\\\/#organization\"},\"potentialAction\":[{\"@type\":\"SearchAction\",\"target\":{\"@type\":\"EntryPoint\",\"urlTemplate\":\"https:\\\/\\\/rideon.es\\\/renting-empresas\\\/?s={search_term_string}\"},\"query-input\":{\"@type\":\"PropertyValueSpecification\",\"valueRequired\":true,\"valueName\":\"search_term_string\"}}],\"inLanguage\":\"es\"},{\"@type\":\"Organization\",\"@id\":\"https:\\\/\\\/rideon.es\\\/renting-empresas\\\/#organization\",\"name\":\"Alquiler de motos mensual y Renting para Empresas\",\"url\":\"https:\\\/\\\/rideon.es\\\/renting-empresas\\\/\",\"logo\":{\"@type\":\"ImageObject\",\"inLanguage\":\"es\",\"@id\":\"https:\\\/\\\/rideon.es\\\/renting-empresas\\\/#\\\/schema\\\/logo\\\/image\\\/\",\"url\":\"https:\\\/\\\/rideon.es\\\/renting-empresas\\\/wp-content\\\/uploads\\\/sites\\\/19\\\/2020\\\/02\\\/rideon_logo-200x78-1.png\",\"contentUrl\":\"https:\\\/\\\/rideon.es\\\/renting-empresas\\\/wp-content\\\/uploads\\\/sites\\\/19\\\/2020\\\/02\\\/rideon_logo-200x78-1.png\",\"width\":200,\"height\":78,\"caption\":\"Alquiler de motos mensual y Renting para Empresas\"},\"image\":{\"@id\":\"https:\\\/\\\/rideon.es\\\/renting-empresas\\\/#\\\/schema\\\/logo\\\/image\\\/\"}},{\"@type\":\"Person\",\"@id\":\"https:\\\/\\\/rideon.es\\\/renting-empresas\\\/#\\\/schema\\\/person\\\/48d6770e55c623d929bd20ce295611a7\",\"name\":\"Ride On\",\"image\":{\"@type\":\"ImageObject\",\"inLanguage\":\"es\",\"@id\":\"https:\\\/\\\/secure.gravatar.com\\\/avatar\\\/785e72183089da6a00243c0f0e2d52db79b9983b602219afb07c868943086138?s=96&d=mm&r=g\",\"url\":\"https:\\\/\\\/secure.gravatar.com\\\/avatar\\\/785e72183089da6a00243c0f0e2d52db79b9983b602219afb07c868943086138?s=96&d=mm&r=g\",\"contentUrl\":\"https:\\\/\\\/secure.gravatar.com\\\/avatar\\\/785e72183089da6a00243c0f0e2d52db79b9983b602219afb07c868943086138?s=96&d=mm&r=g\",\"caption\":\"Ride On\"},\"url\":\"https:\\\/\\\/rideon.es\\\/renting-empresas\\\/author\\\/eduardoyauri\\\/\"}]}<\/script>\n<!-- \/ Yoast SEO Premium plugin. -->","yoast_head_json":{"title":"Una ruta en moto hasta Cap de Cavalleria (Menorca)","description":"Llegar al Cap de Cavaller\u00eda en moto es un regalo para los sentidos. Un paisaje incre\u00edble t\u00edpico del norte de Menorca nos acompa\u00f1a durante todo el camino.","robots":{"index":"index","follow":"follow","max-snippet":"max-snippet:-1","max-image-preview":"max-image-preview:large","max-video-preview":"max-video-preview:-1"},"canonical":"https:\/\/rideon.es\/renting-empresas\/cap-de-cavalleria-desde-sus-calidas-playas-hasta-los-acantilados-del-faro\/","og_locale":"es_ES","og_type":"article","og_title":"Cap de Cavalleria, desde sus c\u00e1lidas playas hasta los acantilados del Faro","og_description":"Llegar al Cap de Cavaller\u00eda en moto es un regalo para los sentidos. Un paisaje incre\u00edble t\u00edpico del norte de Menorca nos acompa\u00f1a durante todo el camino.","og_url":"https:\/\/rideon.es\/renting-empresas\/cap-de-cavalleria-desde-sus-calidas-playas-hasta-los-acantilados-del-faro\/","og_site_name":"Alquiler de motos mensual y Renting para Empresas","article_published_time":"2016-11-10T14:09:40+00:00","author":"Ride On","twitter_card":"summary_large_image","twitter_misc":{"Escrito por":"Ride On","Tiempo de lectura":"2 minutos"},"schema":{"@context":"https:\/\/schema.org","@graph":[{"@type":"Article","@id":"https:\/\/rideon.es\/renting-empresas\/cap-de-cavalleria-desde-sus-calidas-playas-hasta-los-acantilados-del-faro\/#article","isPartOf":{"@id":"https:\/\/rideon.es\/renting-empresas\/cap-de-cavalleria-desde-sus-calidas-playas-hasta-los-acantilados-del-faro\/"},"author":{"name":"Ride On","@id":"https:\/\/rideon.es\/renting-empresas\/#\/schema\/person\/48d6770e55c623d929bd20ce295611a7"},"headline":"Cap de Cavalleria, desde sus c\u00e1lidas playas hasta los acantilados del Faro","datePublished":"2016-11-10T14:09:40+00:00","mainEntityOfPage":{"@id":"https:\/\/rideon.es\/renting-empresas\/cap-de-cavalleria-desde-sus-calidas-playas-hasta-los-acantilados-del-faro\/"},"wordCount":370,"commentCount":0,"publisher":{"@id":"https:\/\/rideon.es\/renting-empresas\/#organization"},"image":{"@id":"https:\/\/rideon.es\/renting-empresas\/cap-de-cavalleria-desde-sus-calidas-playas-hasta-los-acantilados-del-faro\/#primaryimage"},"thumbnailUrl":"","articleSection":["Cap de Cavalleria"],"inLanguage":"es","potentialAction":[{"@type":"CommentAction","name":"Comment","target":["https:\/\/rideon.es\/renting-empresas\/cap-de-cavalleria-desde-sus-calidas-playas-hasta-los-acantilados-del-faro\/#respond"]}]},{"@type":"WebPage","@id":"https:\/\/rideon.es\/renting-empresas\/cap-de-cavalleria-desde-sus-calidas-playas-hasta-los-acantilados-del-faro\/","url":"https:\/\/rideon.es\/renting-empresas\/cap-de-cavalleria-desde-sus-calidas-playas-hasta-los-acantilados-del-faro\/","name":"Una ruta en moto hasta Cap de Cavalleria (Menorca)","isPartOf":{"@id":"https:\/\/rideon.es\/renting-empresas\/#website"},"primaryImageOfPage":{"@id":"https:\/\/rideon.es\/renting-empresas\/cap-de-cavalleria-desde-sus-calidas-playas-hasta-los-acantilados-del-faro\/#primaryimage"},"image":{"@id":"https:\/\/rideon.es\/renting-empresas\/cap-de-cavalleria-desde-sus-calidas-playas-hasta-los-acantilados-del-faro\/#primaryimage"},"thumbnailUrl":"","datePublished":"2016-11-10T14:09:40+00:00","description":"Llegar al Cap de Cavaller\u00eda en moto es un regalo para los sentidos. Un paisaje incre\u00edble t\u00edpico del norte de Menorca nos acompa\u00f1a durante todo el camino.","inLanguage":"es","potentialAction":[{"@type":"ReadAction","target":["https:\/\/rideon.es\/renting-empresas\/cap-de-cavalleria-desde-sus-calidas-playas-hasta-los-acantilados-del-faro\/"]}]},{"@type":"ImageObject","inLanguage":"es","@id":"https:\/\/rideon.es\/renting-empresas\/cap-de-cavalleria-desde-sus-calidas-playas-hasta-los-acantilados-del-faro\/#primaryimage","url":"","contentUrl":""},{"@type":"WebSite","@id":"https:\/\/rideon.es\/renting-empresas\/#website","url":"https:\/\/rideon.es\/renting-empresas\/","name":"Alquiler de motos mensual y Renting para Empresas","description":"Las motos m\u00e1s c\u00f3modas y seguras para disfrutar de tus vacaciones sobre ruedas. Alquiler de motos en Menorca, Mallorca, Barcelona y Valencia con Rideon.es","publisher":{"@id":"https:\/\/rideon.es\/renting-empresas\/#organization"},"potentialAction":[{"@type":"SearchAction","target":{"@type":"EntryPoint","urlTemplate":"https:\/\/rideon.es\/renting-empresas\/?s={search_term_string}"},"query-input":{"@type":"PropertyValueSpecification","valueRequired":true,"valueName":"search_term_string"}}],"inLanguage":"es"},{"@type":"Organization","@id":"https:\/\/rideon.es\/renting-empresas\/#organization","name":"Alquiler de motos mensual y Renting para Empresas","url":"https:\/\/rideon.es\/renting-empresas\/","logo":{"@type":"ImageObject","inLanguage":"es","@id":"https:\/\/rideon.es\/renting-empresas\/#\/schema\/logo\/image\/","url":"https:\/\/rideon.es\/renting-empresas\/wp-content\/uploads\/sites\/19\/2020\/02\/rideon_logo-200x78-1.png","contentUrl":"https:\/\/rideon.es\/renting-empresas\/wp-content\/uploads\/sites\/19\/2020\/02\/rideon_logo-200x78-1.png","width":200,"height":78,"caption":"Alquiler de motos mensual y Renting para Empresas"},"image":{"@id":"https:\/\/rideon.es\/renting-empresas\/#\/schema\/logo\/image\/"}},{"@type":"Person","@id":"https:\/\/rideon.es\/renting-empresas\/#\/schema\/person\/48d6770e55c623d929bd20ce295611a7","name":"Ride On","image":{"@type":"ImageObject","inLanguage":"es","@id":"https:\/\/secure.gravatar.com\/avatar\/785e72183089da6a00243c0f0e2d52db79b9983b602219afb07c868943086138?s=96&d=mm&r=g","url":"https:\/\/secure.gravatar.com\/avatar\/785e72183089da6a00243c0f0e2d52db79b9983b602219afb07c868943086138?s=96&d=mm&r=g","contentUrl":"https:\/\/secure.gravatar.com\/avatar\/785e72183089da6a00243c0f0e2d52db79b9983b602219afb07c868943086138?s=96&d=mm&r=g","caption":"Ride On"},"url":"https:\/\/rideon.es\/renting-empresas\/author\/eduardoyauri\/"}]}},"_links":{"self":[{"href":"https:\/\/rideon.es\/renting-empresas\/wp-json\/wp\/v2\/posts\/1323","targetHints":{"allow":["GET"]}}],"collection":[{"href":"https:\/\/rideon.es\/renting-empresas\/wp-json\/wp\/v2\/posts"}],"about":[{"href":"https:\/\/rideon.es\/renting-empresas\/wp-json\/wp\/v2\/types\/post"}],"author":[{"embeddable":true,"href":"https:\/\/rideon.es\/renting-empresas\/wp-json\/wp\/v2\/users\/2"}],"replies":[{"embeddable":true,"href":"https:\/\/rideon.es\/renting-empresas\/wp-json\/wp\/v2\/comments?post=1323"}],"version-history":[{"count":0,"href":"https:\/\/rideon.es\/renting-empresas\/wp-json\/wp\/v2\/posts\/1323\/revisions"}],"wp:featuredmedia":[{"embeddable":true,"href":"https:\/\/rideon.es\/renting-empresas\/wp-json\/"}],"wp:attachment":[{"href":"https:\/\/rideon.es\/renting-empresas\/wp-json\/wp\/v2\/media?parent=1323"}],"wp:term":[{"taxonomy":"category","embeddable":true,"href":"https:\/\/rideon.es\/renting-empresas\/wp-json\/wp\/v2\/categories?post=1323"},{"taxonomy":"post_tag","embeddable":true,"href":"https:\/\/rideon.es\/renting-empresas\/wp-json\/wp\/v2\/tags?post=1323"}],"curies":[{"name":"wp","href":"https:\/\/api.w.org\/{rel}","templated":true}]}}