{"id":1320,"date":"2016-11-10T14:08:29","date_gmt":"2016-11-10T14:08:29","guid":{"rendered":"https:\/\/rideon.es\/?p=1320"},"modified":"2016-11-10T14:08:29","modified_gmt":"2016-11-10T14:08:29","slug":"en-moto-hasta-cala-en-bosch-y-cap-dartrutx","status":"publish","type":"post","link":"https:\/\/rideon.es\/renting-empresas\/en-moto-hasta-cala-en-bosch-y-cap-dartrutx\/","title":{"rendered":"En moto hasta Cala en Bosch y Cap d&#8217;Artrutx"},"content":{"rendered":"<h2>En moto hasta Cala en Bosch y Cap d&#8217;Artrutx<\/h2>\n<p>Cala\u2019n Bosch o <b>Cala en Bosch<\/b> es una de las playas m\u00e1s pr\u00f3ximas a <b>Ciutadella de Menorca<\/b>, a tan s\u00f3lo 12 kil\u00f3metros por lo que apenas nos llevar\u00e1 20 minutos llegar con la <a href=\"http:\/\/www.alquilerdemotosenmenorca.com\/\">moto de alquiler desde Ciutadella<\/a> por la carretera de Cala Blanca.<br \/>\n&nbsp;<br \/>\nEs la primera playa que encuentra el visitante en la costa sur menorquina viniendo del Oeste. El<br \/>\nacceso por carretera es sencillo siguiendo las indicaciones viarias y los desv\u00edos. Y la <b>moto de alquiler<\/b> se puede estacionar gratuitamente por los alrededores.<br \/>\n<b>Cala en Bosch<\/b> est\u00e1 situada entre Marina de Cala en Bosch y Punta de sa Guarda, as\u00ed como junto a las urbanizaciones de <b>Son Xoriguer y Cap d\u2019Artrutx<\/b>.<br \/>\n&nbsp;<br \/>\nEst\u00e1 muy pr\u00f3xima a Cap d\u2019Artrutx desde d\u00f3nde, en d\u00edas claros, se puede ver parte de la costa de Mallorca y d\u00f3nde se levanta uno de los siete faros de Menorca, el <b>Far d&#8217;Artrutx<\/b>.<br \/>\nLa arena blanca y fina y sus aguas turquesas y calmadas, la dotan de gran belleza. Y aunque es una de las <b>playas m\u00e1s tur\u00edsticas de Menorca<\/b>, es perfecta para ir en familia o para quienes deseen pasar una jornada playera con <b>todos los servicios<\/b>, con vigilancia, chiringuitos, sombrillas, duchas, comercios, bares, restaurantes&#8230;<br \/>\nCuenta con un puerto deportivo, la <b>Marina de Cala en Bosch<\/b>, desde d\u00f3nde parten las golondrinas con las que se pueden llegar a para\u00edsos cercanos como <b>Cala Turqueta o Cala Macarella<\/b>.<br \/>\nMuy pr\u00f3xima a Cala en Bosch se encuentra tambi\u00e9n el <b>Far d&#8217;Artrutx<\/b>, en el extremo del Cap del mismo nombre y que como todos los faros de Menorca, ofrece una panor\u00e1mica incre\u00edble y un restaurante con una agradable terraza con las mejores vistas al mar.<br \/>\n&nbsp;<br \/>\nA escasos 400 metros, tambi\u00e9n podemos acceder a la <b>playa de Son Xoriguer<\/b>.<\/p>\n","protected":false},"excerpt":{"rendered":"<p>En moto hasta Cala en Bosch y Cap d&#8217;Artrutx Cala\u2019n Bosch o Cala en Bosch es una de las playas m\u00e1s pr\u00f3ximas a Ciutadella de Menorca, a tan s\u00f3lo 12 kil\u00f3metros por lo que apenas nos llevar\u00e1 20 minutos llegar con la moto de alquiler desde Ciutadella por la carretera de Cala Blanca. &nbsp; Es<\/p>\n","protected":false},"author":2,"featured_media":1321,"comment_status":"open","ping_status":"closed","sticky":false,"template":"","format":"standard","meta":{"inline_featured_image":false,"footnotes":""},"categories":[44],"tags":[],"class_list":["post-1320","post","type-post","status-publish","format-standard","has-post-thumbnail","hentry","category-calan-bosch"],"yoast_head":"<!-- This site is optimized with the Yoast SEO Premium plugin v18.7 (Yoast SEO v27.5) - https:\/\/yoast.com\/product\/yoast-seo-premium-wordpress\/ -->\n<title>Ruta en moto hasta Cala en Bosch y Cap d&#039;Artrutx<\/title>\n<meta name=\"description\" content=\"Hoy descubrimos en nuestra moto desde Ciutadella, una de las playas m\u00e1s tur\u00edsticas de Menorca y su entorno. Ruta a Cala en Bosch y Cap d&#039;Artrutx\" \/>\n<meta name=\"robots\" content=\"index, follow, max-snippet:-1, max-image-preview:large, max-video-preview:-1\" \/>\n<link rel=\"canonical\" href=\"https:\/\/rideon.es\/renting-empresas\/en-moto-hasta-cala-en-bosch-y-cap-dartrutx\/\" \/>\n<meta property=\"og:locale\" content=\"es_ES\" \/>\n<meta property=\"og:type\" content=\"article\" \/>\n<meta property=\"og:title\" content=\"En moto hasta Cala en Bosch y Cap d&#039;Artrutx\" \/>\n<meta property=\"og:description\" content=\"Hoy descubrimos en nuestra moto desde Ciutadella, una de las playas m\u00e1s tur\u00edsticas de Menorca y su entorno. Ruta a Cala en Bosch y Cap d&#039;Artrutx\" \/>\n<meta property=\"og:url\" content=\"https:\/\/rideon.es\/renting-empresas\/en-moto-hasta-cala-en-bosch-y-cap-dartrutx\/\" \/>\n<meta property=\"og:site_name\" content=\"Alquiler de motos mensual y Renting para Empresas\" \/>\n<meta property=\"article:published_time\" content=\"2016-11-10T14:08:29+00:00\" \/>\n<meta name=\"author\" content=\"Ride On\" \/>\n<meta name=\"twitter:card\" content=\"summary_large_image\" \/>\n<meta name=\"twitter:label1\" content=\"Escrito por\" \/>\n\t<meta name=\"twitter:data1\" content=\"Ride On\" \/>\n\t<meta name=\"twitter:label2\" content=\"Tiempo de lectura\" \/>\n\t<meta name=\"twitter:data2\" content=\"2 minutos\" \/>\n<script type=\"application\/ld+json\" class=\"yoast-schema-graph\">{\"@context\":\"https:\\\/\\\/schema.org\",\"@graph\":[{\"@type\":\"Article\",\"@id\":\"https:\\\/\\\/rideon.es\\\/renting-empresas\\\/en-moto-hasta-cala-en-bosch-y-cap-dartrutx\\\/#article\",\"isPartOf\":{\"@id\":\"https:\\\/\\\/rideon.es\\\/renting-empresas\\\/en-moto-hasta-cala-en-bosch-y-cap-dartrutx\\\/\"},\"author\":{\"name\":\"Ride On\",\"@id\":\"https:\\\/\\\/rideon.es\\\/renting-empresas\\\/#\\\/schema\\\/person\\\/48d6770e55c623d929bd20ce295611a7\"},\"headline\":\"En moto hasta Cala en Bosch y Cap d&#8217;Artrutx\",\"datePublished\":\"2016-11-10T14:08:29+00:00\",\"mainEntityOfPage\":{\"@id\":\"https:\\\/\\\/rideon.es\\\/renting-empresas\\\/en-moto-hasta-cala-en-bosch-y-cap-dartrutx\\\/\"},\"wordCount\":332,\"commentCount\":0,\"publisher\":{\"@id\":\"https:\\\/\\\/rideon.es\\\/renting-empresas\\\/#organization\"},\"image\":{\"@id\":\"https:\\\/\\\/rideon.es\\\/renting-empresas\\\/en-moto-hasta-cala-en-bosch-y-cap-dartrutx\\\/#primaryimage\"},\"thumbnailUrl\":\"\",\"articleSection\":[\"Cala'n Bosch\"],\"inLanguage\":\"es\",\"potentialAction\":[{\"@type\":\"CommentAction\",\"name\":\"Comment\",\"target\":[\"https:\\\/\\\/rideon.es\\\/renting-empresas\\\/en-moto-hasta-cala-en-bosch-y-cap-dartrutx\\\/#respond\"]}]},{\"@type\":\"WebPage\",\"@id\":\"https:\\\/\\\/rideon.es\\\/renting-empresas\\\/en-moto-hasta-cala-en-bosch-y-cap-dartrutx\\\/\",\"url\":\"https:\\\/\\\/rideon.es\\\/renting-empresas\\\/en-moto-hasta-cala-en-bosch-y-cap-dartrutx\\\/\",\"name\":\"Ruta en moto hasta Cala en Bosch y Cap d'Artrutx\",\"isPartOf\":{\"@id\":\"https:\\\/\\\/rideon.es\\\/renting-empresas\\\/#website\"},\"primaryImageOfPage\":{\"@id\":\"https:\\\/\\\/rideon.es\\\/renting-empresas\\\/en-moto-hasta-cala-en-bosch-y-cap-dartrutx\\\/#primaryimage\"},\"image\":{\"@id\":\"https:\\\/\\\/rideon.es\\\/renting-empresas\\\/en-moto-hasta-cala-en-bosch-y-cap-dartrutx\\\/#primaryimage\"},\"thumbnailUrl\":\"\",\"datePublished\":\"2016-11-10T14:08:29+00:00\",\"description\":\"Hoy descubrimos en nuestra moto desde Ciutadella, una de las playas m\u00e1s tur\u00edsticas de Menorca y su entorno. Ruta a Cala en Bosch y Cap d'Artrutx\",\"inLanguage\":\"es\",\"potentialAction\":[{\"@type\":\"ReadAction\",\"target\":[\"https:\\\/\\\/rideon.es\\\/renting-empresas\\\/en-moto-hasta-cala-en-bosch-y-cap-dartrutx\\\/\"]}]},{\"@type\":\"ImageObject\",\"inLanguage\":\"es\",\"@id\":\"https:\\\/\\\/rideon.es\\\/renting-empresas\\\/en-moto-hasta-cala-en-bosch-y-cap-dartrutx\\\/#primaryimage\",\"url\":\"\",\"contentUrl\":\"\"},{\"@type\":\"WebSite\",\"@id\":\"https:\\\/\\\/rideon.es\\\/renting-empresas\\\/#website\",\"url\":\"https:\\\/\\\/rideon.es\\\/renting-empresas\\\/\",\"name\":\"Alquiler de motos mensual y Renting para Empresas\",\"description\":\"Las motos m\u00e1s c\u00f3modas y seguras para disfrutar de tus vacaciones sobre ruedas. Alquiler de motos en Menorca, Mallorca, Barcelona y Valencia con Rideon.es\",\"publisher\":{\"@id\":\"https:\\\/\\\/rideon.es\\\/renting-empresas\\\/#organization\"},\"potentialAction\":[{\"@type\":\"SearchAction\",\"target\":{\"@type\":\"EntryPoint\",\"urlTemplate\":\"https:\\\/\\\/rideon.es\\\/renting-empresas\\\/?s={search_term_string}\"},\"query-input\":{\"@type\":\"PropertyValueSpecification\",\"valueRequired\":true,\"valueName\":\"search_term_string\"}}],\"inLanguage\":\"es\"},{\"@type\":\"Organization\",\"@id\":\"https:\\\/\\\/rideon.es\\\/renting-empresas\\\/#organization\",\"name\":\"Alquiler de motos mensual y Renting para Empresas\",\"url\":\"https:\\\/\\\/rideon.es\\\/renting-empresas\\\/\",\"logo\":{\"@type\":\"ImageObject\",\"inLanguage\":\"es\",\"@id\":\"https:\\\/\\\/rideon.es\\\/renting-empresas\\\/#\\\/schema\\\/logo\\\/image\\\/\",\"url\":\"https:\\\/\\\/rideon.es\\\/renting-empresas\\\/wp-content\\\/uploads\\\/sites\\\/19\\\/2020\\\/02\\\/rideon_logo-200x78-1.png\",\"contentUrl\":\"https:\\\/\\\/rideon.es\\\/renting-empresas\\\/wp-content\\\/uploads\\\/sites\\\/19\\\/2020\\\/02\\\/rideon_logo-200x78-1.png\",\"width\":200,\"height\":78,\"caption\":\"Alquiler de motos mensual y Renting para Empresas\"},\"image\":{\"@id\":\"https:\\\/\\\/rideon.es\\\/renting-empresas\\\/#\\\/schema\\\/logo\\\/image\\\/\"}},{\"@type\":\"Person\",\"@id\":\"https:\\\/\\\/rideon.es\\\/renting-empresas\\\/#\\\/schema\\\/person\\\/48d6770e55c623d929bd20ce295611a7\",\"name\":\"Ride On\",\"image\":{\"@type\":\"ImageObject\",\"inLanguage\":\"es\",\"@id\":\"https:\\\/\\\/secure.gravatar.com\\\/avatar\\\/785e72183089da6a00243c0f0e2d52db79b9983b602219afb07c868943086138?s=96&d=mm&r=g\",\"url\":\"https:\\\/\\\/secure.gravatar.com\\\/avatar\\\/785e72183089da6a00243c0f0e2d52db79b9983b602219afb07c868943086138?s=96&d=mm&r=g\",\"contentUrl\":\"https:\\\/\\\/secure.gravatar.com\\\/avatar\\\/785e72183089da6a00243c0f0e2d52db79b9983b602219afb07c868943086138?s=96&d=mm&r=g\",\"caption\":\"Ride On\"},\"url\":\"https:\\\/\\\/rideon.es\\\/renting-empresas\\\/author\\\/eduardoyauri\\\/\"}]}<\/script>\n<!-- \/ Yoast SEO Premium plugin. -->","yoast_head_json":{"title":"Ruta en moto hasta Cala en Bosch y Cap d'Artrutx","description":"Hoy descubrimos en nuestra moto desde Ciutadella, una de las playas m\u00e1s tur\u00edsticas de Menorca y su entorno. Ruta a Cala en Bosch y Cap d'Artrutx","robots":{"index":"index","follow":"follow","max-snippet":"max-snippet:-1","max-image-preview":"max-image-preview:large","max-video-preview":"max-video-preview:-1"},"canonical":"https:\/\/rideon.es\/renting-empresas\/en-moto-hasta-cala-en-bosch-y-cap-dartrutx\/","og_locale":"es_ES","og_type":"article","og_title":"En moto hasta Cala en Bosch y Cap d'Artrutx","og_description":"Hoy descubrimos en nuestra moto desde Ciutadella, una de las playas m\u00e1s tur\u00edsticas de Menorca y su entorno. Ruta a Cala en Bosch y Cap d'Artrutx","og_url":"https:\/\/rideon.es\/renting-empresas\/en-moto-hasta-cala-en-bosch-y-cap-dartrutx\/","og_site_name":"Alquiler de motos mensual y Renting para Empresas","article_published_time":"2016-11-10T14:08:29+00:00","author":"Ride On","twitter_card":"summary_large_image","twitter_misc":{"Escrito por":"Ride On","Tiempo de lectura":"2 minutos"},"schema":{"@context":"https:\/\/schema.org","@graph":[{"@type":"Article","@id":"https:\/\/rideon.es\/renting-empresas\/en-moto-hasta-cala-en-bosch-y-cap-dartrutx\/#article","isPartOf":{"@id":"https:\/\/rideon.es\/renting-empresas\/en-moto-hasta-cala-en-bosch-y-cap-dartrutx\/"},"author":{"name":"Ride On","@id":"https:\/\/rideon.es\/renting-empresas\/#\/schema\/person\/48d6770e55c623d929bd20ce295611a7"},"headline":"En moto hasta Cala en Bosch y Cap d&#8217;Artrutx","datePublished":"2016-11-10T14:08:29+00:00","mainEntityOfPage":{"@id":"https:\/\/rideon.es\/renting-empresas\/en-moto-hasta-cala-en-bosch-y-cap-dartrutx\/"},"wordCount":332,"commentCount":0,"publisher":{"@id":"https:\/\/rideon.es\/renting-empresas\/#organization"},"image":{"@id":"https:\/\/rideon.es\/renting-empresas\/en-moto-hasta-cala-en-bosch-y-cap-dartrutx\/#primaryimage"},"thumbnailUrl":"","articleSection":["Cala'n Bosch"],"inLanguage":"es","potentialAction":[{"@type":"CommentAction","name":"Comment","target":["https:\/\/rideon.es\/renting-empresas\/en-moto-hasta-cala-en-bosch-y-cap-dartrutx\/#respond"]}]},{"@type":"WebPage","@id":"https:\/\/rideon.es\/renting-empresas\/en-moto-hasta-cala-en-bosch-y-cap-dartrutx\/","url":"https:\/\/rideon.es\/renting-empresas\/en-moto-hasta-cala-en-bosch-y-cap-dartrutx\/","name":"Ruta en moto hasta Cala en Bosch y Cap d'Artrutx","isPartOf":{"@id":"https:\/\/rideon.es\/renting-empresas\/#website"},"primaryImageOfPage":{"@id":"https:\/\/rideon.es\/renting-empresas\/en-moto-hasta-cala-en-bosch-y-cap-dartrutx\/#primaryimage"},"image":{"@id":"https:\/\/rideon.es\/renting-empresas\/en-moto-hasta-cala-en-bosch-y-cap-dartrutx\/#primaryimage"},"thumbnailUrl":"","datePublished":"2016-11-10T14:08:29+00:00","description":"Hoy descubrimos en nuestra moto desde Ciutadella, una de las playas m\u00e1s tur\u00edsticas de Menorca y su entorno. Ruta a Cala en Bosch y Cap d'Artrutx","inLanguage":"es","potentialAction":[{"@type":"ReadAction","target":["https:\/\/rideon.es\/renting-empresas\/en-moto-hasta-cala-en-bosch-y-cap-dartrutx\/"]}]},{"@type":"ImageObject","inLanguage":"es","@id":"https:\/\/rideon.es\/renting-empresas\/en-moto-hasta-cala-en-bosch-y-cap-dartrutx\/#primaryimage","url":"","contentUrl":""},{"@type":"WebSite","@id":"https:\/\/rideon.es\/renting-empresas\/#website","url":"https:\/\/rideon.es\/renting-empresas\/","name":"Alquiler de motos mensual y Renting para Empresas","description":"Las motos m\u00e1s c\u00f3modas y seguras para disfrutar de tus vacaciones sobre ruedas. Alquiler de motos en Menorca, Mallorca, Barcelona y Valencia con Rideon.es","publisher":{"@id":"https:\/\/rideon.es\/renting-empresas\/#organization"},"potentialAction":[{"@type":"SearchAction","target":{"@type":"EntryPoint","urlTemplate":"https:\/\/rideon.es\/renting-empresas\/?s={search_term_string}"},"query-input":{"@type":"PropertyValueSpecification","valueRequired":true,"valueName":"search_term_string"}}],"inLanguage":"es"},{"@type":"Organization","@id":"https:\/\/rideon.es\/renting-empresas\/#organization","name":"Alquiler de motos mensual y Renting para Empresas","url":"https:\/\/rideon.es\/renting-empresas\/","logo":{"@type":"ImageObject","inLanguage":"es","@id":"https:\/\/rideon.es\/renting-empresas\/#\/schema\/logo\/image\/","url":"https:\/\/rideon.es\/renting-empresas\/wp-content\/uploads\/sites\/19\/2020\/02\/rideon_logo-200x78-1.png","contentUrl":"https:\/\/rideon.es\/renting-empresas\/wp-content\/uploads\/sites\/19\/2020\/02\/rideon_logo-200x78-1.png","width":200,"height":78,"caption":"Alquiler de motos mensual y Renting para Empresas"},"image":{"@id":"https:\/\/rideon.es\/renting-empresas\/#\/schema\/logo\/image\/"}},{"@type":"Person","@id":"https:\/\/rideon.es\/renting-empresas\/#\/schema\/person\/48d6770e55c623d929bd20ce295611a7","name":"Ride On","image":{"@type":"ImageObject","inLanguage":"es","@id":"https:\/\/secure.gravatar.com\/avatar\/785e72183089da6a00243c0f0e2d52db79b9983b602219afb07c868943086138?s=96&d=mm&r=g","url":"https:\/\/secure.gravatar.com\/avatar\/785e72183089da6a00243c0f0e2d52db79b9983b602219afb07c868943086138?s=96&d=mm&r=g","contentUrl":"https:\/\/secure.gravatar.com\/avatar\/785e72183089da6a00243c0f0e2d52db79b9983b602219afb07c868943086138?s=96&d=mm&r=g","caption":"Ride On"},"url":"https:\/\/rideon.es\/renting-empresas\/author\/eduardoyauri\/"}]}},"_links":{"self":[{"href":"https:\/\/rideon.es\/renting-empresas\/wp-json\/wp\/v2\/posts\/1320","targetHints":{"allow":["GET"]}}],"collection":[{"href":"https:\/\/rideon.es\/renting-empresas\/wp-json\/wp\/v2\/posts"}],"about":[{"href":"https:\/\/rideon.es\/renting-empresas\/wp-json\/wp\/v2\/types\/post"}],"author":[{"embeddable":true,"href":"https:\/\/rideon.es\/renting-empresas\/wp-json\/wp\/v2\/users\/2"}],"replies":[{"embeddable":true,"href":"https:\/\/rideon.es\/renting-empresas\/wp-json\/wp\/v2\/comments?post=1320"}],"version-history":[{"count":0,"href":"https:\/\/rideon.es\/renting-empresas\/wp-json\/wp\/v2\/posts\/1320\/revisions"}],"wp:featuredmedia":[{"embeddable":true,"href":"https:\/\/rideon.es\/renting-empresas\/wp-json\/"}],"wp:attachment":[{"href":"https:\/\/rideon.es\/renting-empresas\/wp-json\/wp\/v2\/media?parent=1320"}],"wp:term":[{"taxonomy":"category","embeddable":true,"href":"https:\/\/rideon.es\/renting-empresas\/wp-json\/wp\/v2\/categories?post=1320"},{"taxonomy":"post_tag","embeddable":true,"href":"https:\/\/rideon.es\/renting-empresas\/wp-json\/wp\/v2\/tags?post=1320"}],"curies":[{"name":"wp","href":"https:\/\/api.w.org\/{rel}","templated":true}]}}