{"id":1317,"date":"2016-11-10T14:06:44","date_gmt":"2016-11-10T14:06:44","guid":{"rendered":"https:\/\/rideon.es\/?p=1317"},"modified":"2016-11-10T14:06:44","modified_gmt":"2016-11-10T14:06:44","slug":"lugares-de-interes-y-paisajes-en-la-cala-sant-esteve","status":"publish","type":"post","link":"https:\/\/rideon.es\/renting-empresas\/lugares-de-interes-y-paisajes-en-la-cala-sant-esteve\/","title":{"rendered":"Lugares de inter\u00e9s y paisajes en la Cala Sant Esteve"},"content":{"rendered":"<h2>Lugares de inter\u00e9s y paisajes en la Cala Sant Esteve<\/h2>\n<p>La <b>Cala Sant Esteve<\/b> est\u00e1 a dos kil\u00f3metros y medio de distancia del pueblo de <b>Es Castell<\/b>, en una entrada de mar natural profunda en forma de &#8216;S&#8217;, protegida por el imponente <b>Fuerte de Malborough<\/b>, construido por la corona brit\u00e1nica entre los a\u00f1os 1710 y 1716, y por el <b>Castell de Sant Felip<\/b>, una edificaci\u00f3n defensiva de vital importancia para el <b>Puerto de Ma\u00f3<\/b> durante el siglo XVIII.<br \/>\nPero adem\u00e1s, en Sant Esteve tambi\u00e9n se alza la <b>Torre d\u2019en Penjat<\/b>, con unas bellas vistas\u00a0 panor\u00e1micas y el <b>Faro de Ma\u00f3, en la Punta de Sant Carles<\/b>, se\u00f1alando la entrada al puerto.<br \/>\nLa cala no es de arena, sino de rocas, por lo que no ser\u00e1 una visita muy enfocada a disfrutar de ba\u00f1os de sol y mar, sino m\u00e1s bien a contemplar un enclave natural de gran belleza que, por su situaci\u00f3n estrat\u00e9gica, ha sido parte importante en la <b>historia de Ma\u00f3<\/b> y, en general, de todo Menorca.<br \/>\n&nbsp;<br \/>\nNo obstante, la cala ofrece un espacio de unos 60 metros de largo y 100 de ancho bastante frecuentado por los residentes y veraneantes locales. Tambi\u00e9n es lugar de fondeo de peque\u00f1as embarcaciones que dotan al lugar de una estampa muy mediterr\u00e1nea&#8230;<br \/>\nVisitar esta cala de <a href=\"http:\/\/www.motorentsoldeplata.com\/\">Menorca con moto de alquiler<\/a> va a contribuir a disfrutar m\u00e1s del paisaje, si cabe, y de los aromas a pino y salitre caracter\u00edsticos de la costa de la Isla. La movilidad entre los distintos <b>lugares de inter\u00e9s de Cala Sant Esteve<\/b> tambi\u00e9n se ver\u00e1 mejorada circulando en moto.<br \/>\n&nbsp;<br \/>\nAunque cabe decir tambi\u00e9n que, para los amantes del senderismo, se puede realizar un interesante paseo por el <b>Cam\u00ed Cavalls hasta Ma\u00f3<\/b> de unos 5 kil\u00f3metros de distancia con el casco hist\u00f3rico de la capital.<br \/>\nEste camino comienza en el Fort de Marlborough y tras pasar el Castillo de Sant Felip, Es Castell y el <b>camino de Ses \u00c0nimes<\/b>, se adentra en la ciudad de Ma\u00f3 hasta la misma <b>Plaza del Ayuntamiento<\/b>.<\/p>\n","protected":false},"excerpt":{"rendered":"<p>Lugares de inter\u00e9s y paisajes en la Cala Sant Esteve La Cala Sant Esteve est\u00e1 a dos kil\u00f3metros y medio de distancia del pueblo de Es Castell, en una entrada de mar natural profunda en forma de &#8216;S&#8217;, protegida por el imponente Fuerte de Malborough, construido por la corona brit\u00e1nica entre los a\u00f1os 1710 y<\/p>\n","protected":false},"author":2,"featured_media":1318,"comment_status":"open","ping_status":"closed","sticky":false,"template":"","format":"standard","meta":{"inline_featured_image":false,"footnotes":""},"categories":[43],"tags":[],"class_list":["post-1317","post","type-post","status-publish","format-standard","has-post-thumbnail","hentry","category-cala-sant-esteve"],"yoast_head":"<!-- This site is optimized with the Yoast SEO Premium plugin v18.7 (Yoast SEO v27.5) - https:\/\/yoast.com\/product\/yoast-seo-premium-wordpress\/ -->\n<title>En moto hasta Cala Sant Esteve, Puerto de Ma\u00f3<\/title>\n<meta name=\"description\" content=\"Una ruta en moto por la Cala de Sant Esteve y sus lugares emblem\u00e1ticos para disfrutar de la historia y el paisaje del litoral de Menorca\" \/>\n<meta name=\"robots\" content=\"index, follow, max-snippet:-1, max-image-preview:large, max-video-preview:-1\" \/>\n<link rel=\"canonical\" href=\"https:\/\/rideon.es\/renting-empresas\/lugares-de-interes-y-paisajes-en-la-cala-sant-esteve\/\" \/>\n<meta property=\"og:locale\" content=\"es_ES\" \/>\n<meta property=\"og:type\" content=\"article\" \/>\n<meta property=\"og:title\" content=\"Lugares de inter\u00e9s y paisajes en la Cala Sant Esteve\" \/>\n<meta property=\"og:description\" content=\"Una ruta en moto por la Cala de Sant Esteve y sus lugares emblem\u00e1ticos para disfrutar de la historia y el paisaje del litoral de Menorca\" \/>\n<meta property=\"og:url\" content=\"https:\/\/rideon.es\/renting-empresas\/lugares-de-interes-y-paisajes-en-la-cala-sant-esteve\/\" \/>\n<meta property=\"og:site_name\" content=\"Alquiler de motos mensual y Renting para Empresas\" \/>\n<meta property=\"article:published_time\" content=\"2016-11-10T14:06:44+00:00\" \/>\n<meta name=\"author\" content=\"Ride On\" \/>\n<meta name=\"twitter:card\" content=\"summary_large_image\" \/>\n<meta name=\"twitter:label1\" content=\"Escrito por\" \/>\n\t<meta name=\"twitter:data1\" content=\"Ride On\" \/>\n\t<meta name=\"twitter:label2\" content=\"Tiempo de lectura\" \/>\n\t<meta name=\"twitter:data2\" content=\"2 minutos\" \/>\n<script type=\"application\/ld+json\" class=\"yoast-schema-graph\">{\"@context\":\"https:\\\/\\\/schema.org\",\"@graph\":[{\"@type\":\"Article\",\"@id\":\"https:\\\/\\\/rideon.es\\\/renting-empresas\\\/lugares-de-interes-y-paisajes-en-la-cala-sant-esteve\\\/#article\",\"isPartOf\":{\"@id\":\"https:\\\/\\\/rideon.es\\\/renting-empresas\\\/lugares-de-interes-y-paisajes-en-la-cala-sant-esteve\\\/\"},\"author\":{\"name\":\"Ride On\",\"@id\":\"https:\\\/\\\/rideon.es\\\/renting-empresas\\\/#\\\/schema\\\/person\\\/48d6770e55c623d929bd20ce295611a7\"},\"headline\":\"Lugares de inter\u00e9s y paisajes en la Cala Sant Esteve\",\"datePublished\":\"2016-11-10T14:06:44+00:00\",\"mainEntityOfPage\":{\"@id\":\"https:\\\/\\\/rideon.es\\\/renting-empresas\\\/lugares-de-interes-y-paisajes-en-la-cala-sant-esteve\\\/\"},\"wordCount\":367,\"commentCount\":0,\"publisher\":{\"@id\":\"https:\\\/\\\/rideon.es\\\/renting-empresas\\\/#organization\"},\"image\":{\"@id\":\"https:\\\/\\\/rideon.es\\\/renting-empresas\\\/lugares-de-interes-y-paisajes-en-la-cala-sant-esteve\\\/#primaryimage\"},\"thumbnailUrl\":\"\",\"articleSection\":[\"Cala Sant Esteve\"],\"inLanguage\":\"es\",\"potentialAction\":[{\"@type\":\"CommentAction\",\"name\":\"Comment\",\"target\":[\"https:\\\/\\\/rideon.es\\\/renting-empresas\\\/lugares-de-interes-y-paisajes-en-la-cala-sant-esteve\\\/#respond\"]}]},{\"@type\":\"WebPage\",\"@id\":\"https:\\\/\\\/rideon.es\\\/renting-empresas\\\/lugares-de-interes-y-paisajes-en-la-cala-sant-esteve\\\/\",\"url\":\"https:\\\/\\\/rideon.es\\\/renting-empresas\\\/lugares-de-interes-y-paisajes-en-la-cala-sant-esteve\\\/\",\"name\":\"En moto hasta Cala Sant Esteve, Puerto de Ma\u00f3\",\"isPartOf\":{\"@id\":\"https:\\\/\\\/rideon.es\\\/renting-empresas\\\/#website\"},\"primaryImageOfPage\":{\"@id\":\"https:\\\/\\\/rideon.es\\\/renting-empresas\\\/lugares-de-interes-y-paisajes-en-la-cala-sant-esteve\\\/#primaryimage\"},\"image\":{\"@id\":\"https:\\\/\\\/rideon.es\\\/renting-empresas\\\/lugares-de-interes-y-paisajes-en-la-cala-sant-esteve\\\/#primaryimage\"},\"thumbnailUrl\":\"\",\"datePublished\":\"2016-11-10T14:06:44+00:00\",\"description\":\"Una ruta en moto por la Cala de Sant Esteve y sus lugares emblem\u00e1ticos para disfrutar de la historia y el paisaje del litoral de Menorca\",\"inLanguage\":\"es\",\"potentialAction\":[{\"@type\":\"ReadAction\",\"target\":[\"https:\\\/\\\/rideon.es\\\/renting-empresas\\\/lugares-de-interes-y-paisajes-en-la-cala-sant-esteve\\\/\"]}]},{\"@type\":\"ImageObject\",\"inLanguage\":\"es\",\"@id\":\"https:\\\/\\\/rideon.es\\\/renting-empresas\\\/lugares-de-interes-y-paisajes-en-la-cala-sant-esteve\\\/#primaryimage\",\"url\":\"\",\"contentUrl\":\"\"},{\"@type\":\"WebSite\",\"@id\":\"https:\\\/\\\/rideon.es\\\/renting-empresas\\\/#website\",\"url\":\"https:\\\/\\\/rideon.es\\\/renting-empresas\\\/\",\"name\":\"Alquiler de motos mensual y Renting para Empresas\",\"description\":\"Las motos m\u00e1s c\u00f3modas y seguras para disfrutar de tus vacaciones sobre ruedas. Alquiler de motos en Menorca, Mallorca, Barcelona y Valencia con Rideon.es\",\"publisher\":{\"@id\":\"https:\\\/\\\/rideon.es\\\/renting-empresas\\\/#organization\"},\"potentialAction\":[{\"@type\":\"SearchAction\",\"target\":{\"@type\":\"EntryPoint\",\"urlTemplate\":\"https:\\\/\\\/rideon.es\\\/renting-empresas\\\/?s={search_term_string}\"},\"query-input\":{\"@type\":\"PropertyValueSpecification\",\"valueRequired\":true,\"valueName\":\"search_term_string\"}}],\"inLanguage\":\"es\"},{\"@type\":\"Organization\",\"@id\":\"https:\\\/\\\/rideon.es\\\/renting-empresas\\\/#organization\",\"name\":\"Alquiler de motos mensual y Renting para Empresas\",\"url\":\"https:\\\/\\\/rideon.es\\\/renting-empresas\\\/\",\"logo\":{\"@type\":\"ImageObject\",\"inLanguage\":\"es\",\"@id\":\"https:\\\/\\\/rideon.es\\\/renting-empresas\\\/#\\\/schema\\\/logo\\\/image\\\/\",\"url\":\"https:\\\/\\\/rideon.es\\\/renting-empresas\\\/wp-content\\\/uploads\\\/sites\\\/19\\\/2020\\\/02\\\/rideon_logo-200x78-1.png\",\"contentUrl\":\"https:\\\/\\\/rideon.es\\\/renting-empresas\\\/wp-content\\\/uploads\\\/sites\\\/19\\\/2020\\\/02\\\/rideon_logo-200x78-1.png\",\"width\":200,\"height\":78,\"caption\":\"Alquiler de motos mensual y Renting para Empresas\"},\"image\":{\"@id\":\"https:\\\/\\\/rideon.es\\\/renting-empresas\\\/#\\\/schema\\\/logo\\\/image\\\/\"}},{\"@type\":\"Person\",\"@id\":\"https:\\\/\\\/rideon.es\\\/renting-empresas\\\/#\\\/schema\\\/person\\\/48d6770e55c623d929bd20ce295611a7\",\"name\":\"Ride On\",\"image\":{\"@type\":\"ImageObject\",\"inLanguage\":\"es\",\"@id\":\"https:\\\/\\\/secure.gravatar.com\\\/avatar\\\/785e72183089da6a00243c0f0e2d52db79b9983b602219afb07c868943086138?s=96&d=mm&r=g\",\"url\":\"https:\\\/\\\/secure.gravatar.com\\\/avatar\\\/785e72183089da6a00243c0f0e2d52db79b9983b602219afb07c868943086138?s=96&d=mm&r=g\",\"contentUrl\":\"https:\\\/\\\/secure.gravatar.com\\\/avatar\\\/785e72183089da6a00243c0f0e2d52db79b9983b602219afb07c868943086138?s=96&d=mm&r=g\",\"caption\":\"Ride On\"},\"url\":\"https:\\\/\\\/rideon.es\\\/renting-empresas\\\/author\\\/eduardoyauri\\\/\"}]}<\/script>\n<!-- \/ Yoast SEO Premium plugin. -->","yoast_head_json":{"title":"En moto hasta Cala Sant Esteve, Puerto de Ma\u00f3","description":"Una ruta en moto por la Cala de Sant Esteve y sus lugares emblem\u00e1ticos para disfrutar de la historia y el paisaje del litoral de Menorca","robots":{"index":"index","follow":"follow","max-snippet":"max-snippet:-1","max-image-preview":"max-image-preview:large","max-video-preview":"max-video-preview:-1"},"canonical":"https:\/\/rideon.es\/renting-empresas\/lugares-de-interes-y-paisajes-en-la-cala-sant-esteve\/","og_locale":"es_ES","og_type":"article","og_title":"Lugares de inter\u00e9s y paisajes en la Cala Sant Esteve","og_description":"Una ruta en moto por la Cala de Sant Esteve y sus lugares emblem\u00e1ticos para disfrutar de la historia y el paisaje del litoral de Menorca","og_url":"https:\/\/rideon.es\/renting-empresas\/lugares-de-interes-y-paisajes-en-la-cala-sant-esteve\/","og_site_name":"Alquiler de motos mensual y Renting para Empresas","article_published_time":"2016-11-10T14:06:44+00:00","author":"Ride On","twitter_card":"summary_large_image","twitter_misc":{"Escrito por":"Ride On","Tiempo de lectura":"2 minutos"},"schema":{"@context":"https:\/\/schema.org","@graph":[{"@type":"Article","@id":"https:\/\/rideon.es\/renting-empresas\/lugares-de-interes-y-paisajes-en-la-cala-sant-esteve\/#article","isPartOf":{"@id":"https:\/\/rideon.es\/renting-empresas\/lugares-de-interes-y-paisajes-en-la-cala-sant-esteve\/"},"author":{"name":"Ride On","@id":"https:\/\/rideon.es\/renting-empresas\/#\/schema\/person\/48d6770e55c623d929bd20ce295611a7"},"headline":"Lugares de inter\u00e9s y paisajes en la Cala Sant Esteve","datePublished":"2016-11-10T14:06:44+00:00","mainEntityOfPage":{"@id":"https:\/\/rideon.es\/renting-empresas\/lugares-de-interes-y-paisajes-en-la-cala-sant-esteve\/"},"wordCount":367,"commentCount":0,"publisher":{"@id":"https:\/\/rideon.es\/renting-empresas\/#organization"},"image":{"@id":"https:\/\/rideon.es\/renting-empresas\/lugares-de-interes-y-paisajes-en-la-cala-sant-esteve\/#primaryimage"},"thumbnailUrl":"","articleSection":["Cala Sant Esteve"],"inLanguage":"es","potentialAction":[{"@type":"CommentAction","name":"Comment","target":["https:\/\/rideon.es\/renting-empresas\/lugares-de-interes-y-paisajes-en-la-cala-sant-esteve\/#respond"]}]},{"@type":"WebPage","@id":"https:\/\/rideon.es\/renting-empresas\/lugares-de-interes-y-paisajes-en-la-cala-sant-esteve\/","url":"https:\/\/rideon.es\/renting-empresas\/lugares-de-interes-y-paisajes-en-la-cala-sant-esteve\/","name":"En moto hasta Cala Sant Esteve, Puerto de Ma\u00f3","isPartOf":{"@id":"https:\/\/rideon.es\/renting-empresas\/#website"},"primaryImageOfPage":{"@id":"https:\/\/rideon.es\/renting-empresas\/lugares-de-interes-y-paisajes-en-la-cala-sant-esteve\/#primaryimage"},"image":{"@id":"https:\/\/rideon.es\/renting-empresas\/lugares-de-interes-y-paisajes-en-la-cala-sant-esteve\/#primaryimage"},"thumbnailUrl":"","datePublished":"2016-11-10T14:06:44+00:00","description":"Una ruta en moto por la Cala de Sant Esteve y sus lugares emblem\u00e1ticos para disfrutar de la historia y el paisaje del litoral de Menorca","inLanguage":"es","potentialAction":[{"@type":"ReadAction","target":["https:\/\/rideon.es\/renting-empresas\/lugares-de-interes-y-paisajes-en-la-cala-sant-esteve\/"]}]},{"@type":"ImageObject","inLanguage":"es","@id":"https:\/\/rideon.es\/renting-empresas\/lugares-de-interes-y-paisajes-en-la-cala-sant-esteve\/#primaryimage","url":"","contentUrl":""},{"@type":"WebSite","@id":"https:\/\/rideon.es\/renting-empresas\/#website","url":"https:\/\/rideon.es\/renting-empresas\/","name":"Alquiler de motos mensual y Renting para Empresas","description":"Las motos m\u00e1s c\u00f3modas y seguras para disfrutar de tus vacaciones sobre ruedas. Alquiler de motos en Menorca, Mallorca, Barcelona y Valencia con Rideon.es","publisher":{"@id":"https:\/\/rideon.es\/renting-empresas\/#organization"},"potentialAction":[{"@type":"SearchAction","target":{"@type":"EntryPoint","urlTemplate":"https:\/\/rideon.es\/renting-empresas\/?s={search_term_string}"},"query-input":{"@type":"PropertyValueSpecification","valueRequired":true,"valueName":"search_term_string"}}],"inLanguage":"es"},{"@type":"Organization","@id":"https:\/\/rideon.es\/renting-empresas\/#organization","name":"Alquiler de motos mensual y Renting para Empresas","url":"https:\/\/rideon.es\/renting-empresas\/","logo":{"@type":"ImageObject","inLanguage":"es","@id":"https:\/\/rideon.es\/renting-empresas\/#\/schema\/logo\/image\/","url":"https:\/\/rideon.es\/renting-empresas\/wp-content\/uploads\/sites\/19\/2020\/02\/rideon_logo-200x78-1.png","contentUrl":"https:\/\/rideon.es\/renting-empresas\/wp-content\/uploads\/sites\/19\/2020\/02\/rideon_logo-200x78-1.png","width":200,"height":78,"caption":"Alquiler de motos mensual y Renting para Empresas"},"image":{"@id":"https:\/\/rideon.es\/renting-empresas\/#\/schema\/logo\/image\/"}},{"@type":"Person","@id":"https:\/\/rideon.es\/renting-empresas\/#\/schema\/person\/48d6770e55c623d929bd20ce295611a7","name":"Ride On","image":{"@type":"ImageObject","inLanguage":"es","@id":"https:\/\/secure.gravatar.com\/avatar\/785e72183089da6a00243c0f0e2d52db79b9983b602219afb07c868943086138?s=96&d=mm&r=g","url":"https:\/\/secure.gravatar.com\/avatar\/785e72183089da6a00243c0f0e2d52db79b9983b602219afb07c868943086138?s=96&d=mm&r=g","contentUrl":"https:\/\/secure.gravatar.com\/avatar\/785e72183089da6a00243c0f0e2d52db79b9983b602219afb07c868943086138?s=96&d=mm&r=g","caption":"Ride On"},"url":"https:\/\/rideon.es\/renting-empresas\/author\/eduardoyauri\/"}]}},"_links":{"self":[{"href":"https:\/\/rideon.es\/renting-empresas\/wp-json\/wp\/v2\/posts\/1317","targetHints":{"allow":["GET"]}}],"collection":[{"href":"https:\/\/rideon.es\/renting-empresas\/wp-json\/wp\/v2\/posts"}],"about":[{"href":"https:\/\/rideon.es\/renting-empresas\/wp-json\/wp\/v2\/types\/post"}],"author":[{"embeddable":true,"href":"https:\/\/rideon.es\/renting-empresas\/wp-json\/wp\/v2\/users\/2"}],"replies":[{"embeddable":true,"href":"https:\/\/rideon.es\/renting-empresas\/wp-json\/wp\/v2\/comments?post=1317"}],"version-history":[{"count":0,"href":"https:\/\/rideon.es\/renting-empresas\/wp-json\/wp\/v2\/posts\/1317\/revisions"}],"wp:featuredmedia":[{"embeddable":true,"href":"https:\/\/rideon.es\/renting-empresas\/wp-json\/"}],"wp:attachment":[{"href":"https:\/\/rideon.es\/renting-empresas\/wp-json\/wp\/v2\/media?parent=1317"}],"wp:term":[{"taxonomy":"category","embeddable":true,"href":"https:\/\/rideon.es\/renting-empresas\/wp-json\/wp\/v2\/categories?post=1317"},{"taxonomy":"post_tag","embeddable":true,"href":"https:\/\/rideon.es\/renting-empresas\/wp-json\/wp\/v2\/tags?post=1317"}],"curies":[{"name":"wp","href":"https:\/\/api.w.org\/{rel}","templated":true}]}}