{"id":1314,"date":"2016-11-10T14:05:28","date_gmt":"2016-11-10T14:05:28","guid":{"rendered":"https:\/\/rideon.es\/?p=1314"},"modified":"2016-11-10T14:05:28","modified_gmt":"2016-11-10T14:05:28","slug":"cala-galdana-un-oasis-turistico-en-medio-de-un-extenso-territorio-virgen","status":"publish","type":"post","link":"https:\/\/rideon.es\/renting-empresas\/cala-galdana-un-oasis-turistico-en-medio-de-un-extenso-territorio-virgen\/","title":{"rendered":"Cala Galdana, un &#8216;o\u00e1sis tur\u00edstico&#8217; en medio de un extenso territorio virgen"},"content":{"rendered":"<h2>Cala Galdana, un &#8216;o\u00e1sis tur\u00edstico&#8217; en medio de un extenso territorio virgen<\/h2>\n<p><b>Cala Galdana<\/b>, una de las playas m\u00e1s conocidas de Menorca, se extiende en la costa Sur de la Isla, entre los municipios de <b>Ferreries y Ciutadella<\/b>, y pr\u00e1cticamente a medio camino entre \u00e9sta y Ma\u00f3, la capital. Se trata de una playa de gran reclamo tur\u00edstico por lo que suele registrar alto grado de ocupaci\u00f3n en los meses de verano. Pero no por ello deja de ser interesante la visita, dada la <b>belleza natural<\/b> de este amplio arenal, ba\u00f1ado por unas <b>aguas limpias y cristalinas<\/b> y protegido por acantilados de altura media. Y en los meses de primavera y oto\u00f1o, se podr\u00e1 disfrutar de todo su esplendor sin apenas ba\u00f1istas.<br \/>\n<b>Cala Galdana<\/b> viene a ser como un &#8216;oasis tur\u00edstico&#8217; en medio de toda un \u00e1rea natural virgen de indiscutible belleza.<br \/>\nEste rinc\u00f3n costero resulta de un entrante de mar que al tocar tierra confluye con las desembocaduras de los torrentes <b>Algendar y Algendaret<\/b>, dando lugar a una zona h\u00fameda, adaptada como embarcadero, conocido como el <b>R\u00edo de Cala Galdana<\/b>, que es h\u00e1bitat de avifauna, como el halc\u00f3n peregrino, y tambi\u00e9n de ranas, sapos, musara\u00f1as y murci\u00e9lagos.<br \/>\nUna rica zona boscosa se extiende desde la playa hasta el mismo pueblo de Ferreries. Desde Cala Galdana se pueden tomar los senderos que conducen a las impresionantes calas v\u00edrgenes de <b>Cala Mitjana, Macarella y Macarelleta<\/b> (ya en la zona de Serpentona que pertenece al municipio de Ciutadella.<br \/>\nPodemos llegar f\u00e1cilmente con nuestra <a href=\"http:\/\/menorcaenmoto.com\/\">moto de alquiler a Cala Galdana<\/a>, tomando un desv\u00edo perfectamente indicado en Ferreries. La playa, en un n\u00facleo de viviendas residenciales y alg\u00fan hotel de medianas dimensiones, posee <b>todo tipo de servicios<\/b> as\u00ed como de una oferta de restaurantes, que ocupan uno de los laterales de la playa, que destacan por sus cartas a base de pescado fresco y otros productos de temporada t\u00edpicos de Menorca.<br \/>\nLa playa est\u00e1 flanqueada por dos miradores, cada uno a un extremo. El <b>Mirador des Riu y el Mirador de Sa Punta<\/b>, desde d\u00f3nde se disfruta de unas bonitas vistas sobre el mar.<\/p>\n","protected":false},"excerpt":{"rendered":"<p>Cala Galdana, un &#8216;o\u00e1sis tur\u00edstico&#8217; en medio de un extenso territorio virgen Cala Galdana, una de las playas m\u00e1s conocidas de Menorca, se extiende en la costa Sur de la Isla, entre los municipios de Ferreries y Ciutadella, y pr\u00e1cticamente a medio camino entre \u00e9sta y Ma\u00f3, la capital. Se trata de una playa de<\/p>\n","protected":false},"author":2,"featured_media":1315,"comment_status":"open","ping_status":"closed","sticky":false,"template":"","format":"standard","meta":{"inline_featured_image":false,"footnotes":""},"categories":[42],"tags":[],"class_list":["post-1314","post","type-post","status-publish","format-standard","has-post-thumbnail","hentry","category-cala-galdana"],"yoast_head":"<!-- This site is optimized with the Yoast SEO Premium plugin v18.7 (Yoast SEO v27.5) - https:\/\/yoast.com\/product\/yoast-seo-premium-wordpress\/ -->\n<title>Descubre la Cala Galdana de Menorca con tu moto de alquiler<\/title>\n<meta name=\"description\" content=\"Alquilar una moto en Menorca te va a permitir llegar f\u00e1cilmente a lugares como Cala Galdana, la playa m\u00e1s tur\u00edstica de la Isla, pero no por ello menos bella...\" \/>\n<meta name=\"robots\" content=\"index, follow, max-snippet:-1, max-image-preview:large, max-video-preview:-1\" \/>\n<link rel=\"canonical\" href=\"https:\/\/rideon.es\/renting-empresas\/cala-galdana-un-oasis-turistico-en-medio-de-un-extenso-territorio-virgen\/\" \/>\n<meta property=\"og:locale\" content=\"es_ES\" \/>\n<meta property=\"og:type\" content=\"article\" \/>\n<meta property=\"og:title\" content=\"Cala Galdana, un &#039;o\u00e1sis tur\u00edstico&#039; en medio de un extenso territorio virgen\" \/>\n<meta property=\"og:description\" content=\"Alquilar una moto en Menorca te va a permitir llegar f\u00e1cilmente a lugares como Cala Galdana, la playa m\u00e1s tur\u00edstica de la Isla, pero no por ello menos bella...\" \/>\n<meta property=\"og:url\" content=\"https:\/\/rideon.es\/renting-empresas\/cala-galdana-un-oasis-turistico-en-medio-de-un-extenso-territorio-virgen\/\" \/>\n<meta property=\"og:site_name\" content=\"Alquiler de motos mensual y Renting para Empresas\" \/>\n<meta property=\"article:published_time\" content=\"2016-11-10T14:05:28+00:00\" \/>\n<meta name=\"author\" content=\"Ride On\" \/>\n<meta name=\"twitter:card\" content=\"summary_large_image\" \/>\n<meta name=\"twitter:label1\" content=\"Escrito por\" \/>\n\t<meta name=\"twitter:data1\" content=\"Ride On\" \/>\n\t<meta name=\"twitter:label2\" content=\"Tiempo de lectura\" \/>\n\t<meta name=\"twitter:data2\" content=\"2 minutos\" \/>\n<script type=\"application\/ld+json\" class=\"yoast-schema-graph\">{\"@context\":\"https:\\\/\\\/schema.org\",\"@graph\":[{\"@type\":\"Article\",\"@id\":\"https:\\\/\\\/rideon.es\\\/renting-empresas\\\/cala-galdana-un-oasis-turistico-en-medio-de-un-extenso-territorio-virgen\\\/#article\",\"isPartOf\":{\"@id\":\"https:\\\/\\\/rideon.es\\\/renting-empresas\\\/cala-galdana-un-oasis-turistico-en-medio-de-un-extenso-territorio-virgen\\\/\"},\"author\":{\"name\":\"Ride On\",\"@id\":\"https:\\\/\\\/rideon.es\\\/renting-empresas\\\/#\\\/schema\\\/person\\\/48d6770e55c623d929bd20ce295611a7\"},\"headline\":\"Cala Galdana, un &#8216;o\u00e1sis tur\u00edstico&#8217; en medio de un extenso territorio virgen\",\"datePublished\":\"2016-11-10T14:05:28+00:00\",\"mainEntityOfPage\":{\"@id\":\"https:\\\/\\\/rideon.es\\\/renting-empresas\\\/cala-galdana-un-oasis-turistico-en-medio-de-un-extenso-territorio-virgen\\\/\"},\"wordCount\":389,\"commentCount\":0,\"publisher\":{\"@id\":\"https:\\\/\\\/rideon.es\\\/renting-empresas\\\/#organization\"},\"image\":{\"@id\":\"https:\\\/\\\/rideon.es\\\/renting-empresas\\\/cala-galdana-un-oasis-turistico-en-medio-de-un-extenso-territorio-virgen\\\/#primaryimage\"},\"thumbnailUrl\":\"\",\"articleSection\":[\"Cala Galdana\"],\"inLanguage\":\"es\",\"potentialAction\":[{\"@type\":\"CommentAction\",\"name\":\"Comment\",\"target\":[\"https:\\\/\\\/rideon.es\\\/renting-empresas\\\/cala-galdana-un-oasis-turistico-en-medio-de-un-extenso-territorio-virgen\\\/#respond\"]}]},{\"@type\":\"WebPage\",\"@id\":\"https:\\\/\\\/rideon.es\\\/renting-empresas\\\/cala-galdana-un-oasis-turistico-en-medio-de-un-extenso-territorio-virgen\\\/\",\"url\":\"https:\\\/\\\/rideon.es\\\/renting-empresas\\\/cala-galdana-un-oasis-turistico-en-medio-de-un-extenso-territorio-virgen\\\/\",\"name\":\"Descubre la Cala Galdana de Menorca con tu moto de alquiler\",\"isPartOf\":{\"@id\":\"https:\\\/\\\/rideon.es\\\/renting-empresas\\\/#website\"},\"primaryImageOfPage\":{\"@id\":\"https:\\\/\\\/rideon.es\\\/renting-empresas\\\/cala-galdana-un-oasis-turistico-en-medio-de-un-extenso-territorio-virgen\\\/#primaryimage\"},\"image\":{\"@id\":\"https:\\\/\\\/rideon.es\\\/renting-empresas\\\/cala-galdana-un-oasis-turistico-en-medio-de-un-extenso-territorio-virgen\\\/#primaryimage\"},\"thumbnailUrl\":\"\",\"datePublished\":\"2016-11-10T14:05:28+00:00\",\"description\":\"Alquilar una moto en Menorca te va a permitir llegar f\u00e1cilmente a lugares como Cala Galdana, la playa m\u00e1s tur\u00edstica de la Isla, pero no por ello menos bella...\",\"inLanguage\":\"es\",\"potentialAction\":[{\"@type\":\"ReadAction\",\"target\":[\"https:\\\/\\\/rideon.es\\\/renting-empresas\\\/cala-galdana-un-oasis-turistico-en-medio-de-un-extenso-territorio-virgen\\\/\"]}]},{\"@type\":\"ImageObject\",\"inLanguage\":\"es\",\"@id\":\"https:\\\/\\\/rideon.es\\\/renting-empresas\\\/cala-galdana-un-oasis-turistico-en-medio-de-un-extenso-territorio-virgen\\\/#primaryimage\",\"url\":\"\",\"contentUrl\":\"\"},{\"@type\":\"WebSite\",\"@id\":\"https:\\\/\\\/rideon.es\\\/renting-empresas\\\/#website\",\"url\":\"https:\\\/\\\/rideon.es\\\/renting-empresas\\\/\",\"name\":\"Alquiler de motos mensual y Renting para Empresas\",\"description\":\"Las motos m\u00e1s c\u00f3modas y seguras para disfrutar de tus vacaciones sobre ruedas. Alquiler de motos en Menorca, Mallorca, Barcelona y Valencia con Rideon.es\",\"publisher\":{\"@id\":\"https:\\\/\\\/rideon.es\\\/renting-empresas\\\/#organization\"},\"potentialAction\":[{\"@type\":\"SearchAction\",\"target\":{\"@type\":\"EntryPoint\",\"urlTemplate\":\"https:\\\/\\\/rideon.es\\\/renting-empresas\\\/?s={search_term_string}\"},\"query-input\":{\"@type\":\"PropertyValueSpecification\",\"valueRequired\":true,\"valueName\":\"search_term_string\"}}],\"inLanguage\":\"es\"},{\"@type\":\"Organization\",\"@id\":\"https:\\\/\\\/rideon.es\\\/renting-empresas\\\/#organization\",\"name\":\"Alquiler de motos mensual y Renting para Empresas\",\"url\":\"https:\\\/\\\/rideon.es\\\/renting-empresas\\\/\",\"logo\":{\"@type\":\"ImageObject\",\"inLanguage\":\"es\",\"@id\":\"https:\\\/\\\/rideon.es\\\/renting-empresas\\\/#\\\/schema\\\/logo\\\/image\\\/\",\"url\":\"https:\\\/\\\/rideon.es\\\/renting-empresas\\\/wp-content\\\/uploads\\\/sites\\\/19\\\/2020\\\/02\\\/rideon_logo-200x78-1.png\",\"contentUrl\":\"https:\\\/\\\/rideon.es\\\/renting-empresas\\\/wp-content\\\/uploads\\\/sites\\\/19\\\/2020\\\/02\\\/rideon_logo-200x78-1.png\",\"width\":200,\"height\":78,\"caption\":\"Alquiler de motos mensual y Renting para Empresas\"},\"image\":{\"@id\":\"https:\\\/\\\/rideon.es\\\/renting-empresas\\\/#\\\/schema\\\/logo\\\/image\\\/\"}},{\"@type\":\"Person\",\"@id\":\"https:\\\/\\\/rideon.es\\\/renting-empresas\\\/#\\\/schema\\\/person\\\/48d6770e55c623d929bd20ce295611a7\",\"name\":\"Ride On\",\"image\":{\"@type\":\"ImageObject\",\"inLanguage\":\"es\",\"@id\":\"https:\\\/\\\/secure.gravatar.com\\\/avatar\\\/785e72183089da6a00243c0f0e2d52db79b9983b602219afb07c868943086138?s=96&d=mm&r=g\",\"url\":\"https:\\\/\\\/secure.gravatar.com\\\/avatar\\\/785e72183089da6a00243c0f0e2d52db79b9983b602219afb07c868943086138?s=96&d=mm&r=g\",\"contentUrl\":\"https:\\\/\\\/secure.gravatar.com\\\/avatar\\\/785e72183089da6a00243c0f0e2d52db79b9983b602219afb07c868943086138?s=96&d=mm&r=g\",\"caption\":\"Ride On\"},\"url\":\"https:\\\/\\\/rideon.es\\\/renting-empresas\\\/author\\\/eduardoyauri\\\/\"}]}<\/script>\n<!-- \/ Yoast SEO Premium plugin. -->","yoast_head_json":{"title":"Descubre la Cala Galdana de Menorca con tu moto de alquiler","description":"Alquilar una moto en Menorca te va a permitir llegar f\u00e1cilmente a lugares como Cala Galdana, la playa m\u00e1s tur\u00edstica de la Isla, pero no por ello menos bella...","robots":{"index":"index","follow":"follow","max-snippet":"max-snippet:-1","max-image-preview":"max-image-preview:large","max-video-preview":"max-video-preview:-1"},"canonical":"https:\/\/rideon.es\/renting-empresas\/cala-galdana-un-oasis-turistico-en-medio-de-un-extenso-territorio-virgen\/","og_locale":"es_ES","og_type":"article","og_title":"Cala Galdana, un 'o\u00e1sis tur\u00edstico' en medio de un extenso territorio virgen","og_description":"Alquilar una moto en Menorca te va a permitir llegar f\u00e1cilmente a lugares como Cala Galdana, la playa m\u00e1s tur\u00edstica de la Isla, pero no por ello menos bella...","og_url":"https:\/\/rideon.es\/renting-empresas\/cala-galdana-un-oasis-turistico-en-medio-de-un-extenso-territorio-virgen\/","og_site_name":"Alquiler de motos mensual y Renting para Empresas","article_published_time":"2016-11-10T14:05:28+00:00","author":"Ride On","twitter_card":"summary_large_image","twitter_misc":{"Escrito por":"Ride On","Tiempo de lectura":"2 minutos"},"schema":{"@context":"https:\/\/schema.org","@graph":[{"@type":"Article","@id":"https:\/\/rideon.es\/renting-empresas\/cala-galdana-un-oasis-turistico-en-medio-de-un-extenso-territorio-virgen\/#article","isPartOf":{"@id":"https:\/\/rideon.es\/renting-empresas\/cala-galdana-un-oasis-turistico-en-medio-de-un-extenso-territorio-virgen\/"},"author":{"name":"Ride On","@id":"https:\/\/rideon.es\/renting-empresas\/#\/schema\/person\/48d6770e55c623d929bd20ce295611a7"},"headline":"Cala Galdana, un &#8216;o\u00e1sis tur\u00edstico&#8217; en medio de un extenso territorio virgen","datePublished":"2016-11-10T14:05:28+00:00","mainEntityOfPage":{"@id":"https:\/\/rideon.es\/renting-empresas\/cala-galdana-un-oasis-turistico-en-medio-de-un-extenso-territorio-virgen\/"},"wordCount":389,"commentCount":0,"publisher":{"@id":"https:\/\/rideon.es\/renting-empresas\/#organization"},"image":{"@id":"https:\/\/rideon.es\/renting-empresas\/cala-galdana-un-oasis-turistico-en-medio-de-un-extenso-territorio-virgen\/#primaryimage"},"thumbnailUrl":"","articleSection":["Cala Galdana"],"inLanguage":"es","potentialAction":[{"@type":"CommentAction","name":"Comment","target":["https:\/\/rideon.es\/renting-empresas\/cala-galdana-un-oasis-turistico-en-medio-de-un-extenso-territorio-virgen\/#respond"]}]},{"@type":"WebPage","@id":"https:\/\/rideon.es\/renting-empresas\/cala-galdana-un-oasis-turistico-en-medio-de-un-extenso-territorio-virgen\/","url":"https:\/\/rideon.es\/renting-empresas\/cala-galdana-un-oasis-turistico-en-medio-de-un-extenso-territorio-virgen\/","name":"Descubre la Cala Galdana de Menorca con tu moto de alquiler","isPartOf":{"@id":"https:\/\/rideon.es\/renting-empresas\/#website"},"primaryImageOfPage":{"@id":"https:\/\/rideon.es\/renting-empresas\/cala-galdana-un-oasis-turistico-en-medio-de-un-extenso-territorio-virgen\/#primaryimage"},"image":{"@id":"https:\/\/rideon.es\/renting-empresas\/cala-galdana-un-oasis-turistico-en-medio-de-un-extenso-territorio-virgen\/#primaryimage"},"thumbnailUrl":"","datePublished":"2016-11-10T14:05:28+00:00","description":"Alquilar una moto en Menorca te va a permitir llegar f\u00e1cilmente a lugares como Cala Galdana, la playa m\u00e1s tur\u00edstica de la Isla, pero no por ello menos bella...","inLanguage":"es","potentialAction":[{"@type":"ReadAction","target":["https:\/\/rideon.es\/renting-empresas\/cala-galdana-un-oasis-turistico-en-medio-de-un-extenso-territorio-virgen\/"]}]},{"@type":"ImageObject","inLanguage":"es","@id":"https:\/\/rideon.es\/renting-empresas\/cala-galdana-un-oasis-turistico-en-medio-de-un-extenso-territorio-virgen\/#primaryimage","url":"","contentUrl":""},{"@type":"WebSite","@id":"https:\/\/rideon.es\/renting-empresas\/#website","url":"https:\/\/rideon.es\/renting-empresas\/","name":"Alquiler de motos mensual y Renting para Empresas","description":"Las motos m\u00e1s c\u00f3modas y seguras para disfrutar de tus vacaciones sobre ruedas. Alquiler de motos en Menorca, Mallorca, Barcelona y Valencia con Rideon.es","publisher":{"@id":"https:\/\/rideon.es\/renting-empresas\/#organization"},"potentialAction":[{"@type":"SearchAction","target":{"@type":"EntryPoint","urlTemplate":"https:\/\/rideon.es\/renting-empresas\/?s={search_term_string}"},"query-input":{"@type":"PropertyValueSpecification","valueRequired":true,"valueName":"search_term_string"}}],"inLanguage":"es"},{"@type":"Organization","@id":"https:\/\/rideon.es\/renting-empresas\/#organization","name":"Alquiler de motos mensual y Renting para Empresas","url":"https:\/\/rideon.es\/renting-empresas\/","logo":{"@type":"ImageObject","inLanguage":"es","@id":"https:\/\/rideon.es\/renting-empresas\/#\/schema\/logo\/image\/","url":"https:\/\/rideon.es\/renting-empresas\/wp-content\/uploads\/sites\/19\/2020\/02\/rideon_logo-200x78-1.png","contentUrl":"https:\/\/rideon.es\/renting-empresas\/wp-content\/uploads\/sites\/19\/2020\/02\/rideon_logo-200x78-1.png","width":200,"height":78,"caption":"Alquiler de motos mensual y Renting para Empresas"},"image":{"@id":"https:\/\/rideon.es\/renting-empresas\/#\/schema\/logo\/image\/"}},{"@type":"Person","@id":"https:\/\/rideon.es\/renting-empresas\/#\/schema\/person\/48d6770e55c623d929bd20ce295611a7","name":"Ride On","image":{"@type":"ImageObject","inLanguage":"es","@id":"https:\/\/secure.gravatar.com\/avatar\/785e72183089da6a00243c0f0e2d52db79b9983b602219afb07c868943086138?s=96&d=mm&r=g","url":"https:\/\/secure.gravatar.com\/avatar\/785e72183089da6a00243c0f0e2d52db79b9983b602219afb07c868943086138?s=96&d=mm&r=g","contentUrl":"https:\/\/secure.gravatar.com\/avatar\/785e72183089da6a00243c0f0e2d52db79b9983b602219afb07c868943086138?s=96&d=mm&r=g","caption":"Ride On"},"url":"https:\/\/rideon.es\/renting-empresas\/author\/eduardoyauri\/"}]}},"_links":{"self":[{"href":"https:\/\/rideon.es\/renting-empresas\/wp-json\/wp\/v2\/posts\/1314","targetHints":{"allow":["GET"]}}],"collection":[{"href":"https:\/\/rideon.es\/renting-empresas\/wp-json\/wp\/v2\/posts"}],"about":[{"href":"https:\/\/rideon.es\/renting-empresas\/wp-json\/wp\/v2\/types\/post"}],"author":[{"embeddable":true,"href":"https:\/\/rideon.es\/renting-empresas\/wp-json\/wp\/v2\/users\/2"}],"replies":[{"embeddable":true,"href":"https:\/\/rideon.es\/renting-empresas\/wp-json\/wp\/v2\/comments?post=1314"}],"version-history":[{"count":0,"href":"https:\/\/rideon.es\/renting-empresas\/wp-json\/wp\/v2\/posts\/1314\/revisions"}],"wp:featuredmedia":[{"embeddable":true,"href":"https:\/\/rideon.es\/renting-empresas\/wp-json\/"}],"wp:attachment":[{"href":"https:\/\/rideon.es\/renting-empresas\/wp-json\/wp\/v2\/media?parent=1314"}],"wp:term":[{"taxonomy":"category","embeddable":true,"href":"https:\/\/rideon.es\/renting-empresas\/wp-json\/wp\/v2\/categories?post=1314"},{"taxonomy":"post_tag","embeddable":true,"href":"https:\/\/rideon.es\/renting-empresas\/wp-json\/wp\/v2\/tags?post=1314"}],"curies":[{"name":"wp","href":"https:\/\/api.w.org\/{rel}","templated":true}]}}