{"id":1311,"date":"2016-11-10T14:04:09","date_gmt":"2016-11-10T14:04:09","guid":{"rendered":"https:\/\/rideon.es\/?p=1311"},"modified":"2016-11-10T14:04:09","modified_gmt":"2016-11-10T14:04:09","slug":"2-souvenirs-imprescindibles-de-menorca","status":"publish","type":"post","link":"https:\/\/rideon.es\/renting-empresas\/2-souvenirs-imprescindibles-de-menorca\/","title":{"rendered":"2 Souvenirs imprescindibles de Menorca"},"content":{"rendered":"<p><span style=\"font-weight: 400\">Viajar es descubrir nuevas culturas, personas y formas de vivir, desde <\/span><a href=\"http:\/\/www.nubiana.com\/\"><span style=\"font-weight: 400\">Nubiana comparador responsable<\/span><\/a><span style=\"font-weight: 400\"> \u00a0queremos dar a tus viajes un plus y os indicamos las principales compras que tiene que hacer cualquier persona que visite la preciosa isla de Menorca.<\/span><br \/>\n<span style=\"font-weight: 400\">Menorca ha sido, desde la prehistoria hasta tiempos muy recientes, lugar de paso de distintas culturas a causa de su situaci\u00f3n estrat\u00e9gica en el centro del Mediterr\u00e1neo occidental, que ha propiciado que desde los albores de los tiempos diferentes pueblos hayan codiciado la isla como puerto de escala y refugio. Unos y otros dejaron un rico legado hist\u00f3rico en la isla, que hace de Menorca una tierra con un relevante patrimonio.<\/span><br \/>\n<span style=\"font-weight: 400\">Una de las principales fuentes de ingresos de la isla es el turismo, pero contin\u00faa habiendo una importante industria artesanal. Una artesan\u00eda que vale la pena tener en cuenta si se va de viaje a la isla. Seguramente una de las mejores formas de plantear un viaje a Menorca, aparte de <\/span><a href=\"http:\/\/www.rideonmotorent.com\/\"><span style=\"font-weight: 400\">alquiler moto menorca\u00a0aeropuerto<\/span><\/a><span style=\"font-weight: 400\"> y recorrer sus fant\u00e1sticas playas tambi\u00e9n vale la pena visitar a los artesanos y comprar alg\u00fan recuerdo, en especial son recomendables:<\/span><br \/>\n<b>Gin de Menorca, una ginebra \u00fanica con historia<\/b><br \/>\n<span style=\"font-weight: 400\">El licor por excelencia de Menorca es el Gin de Mah\u00f3n, una ginebra que tiene su origen en los tiempos de la dominaci\u00f3n brit\u00e1nica y que desde que comenzara su elaboraci\u00f3n en el a\u00f1o 1750 en el seno de una familia menorquina, la famillia Pons, se ha transmitido su receta esencial y su elaboraci\u00f3n artesanal de generaci\u00f3n en generaci\u00f3n hasta hoy, que sigue en manos de los descendientes de sus fundadores.<\/span><br \/>\n<span style=\"font-weight: 400\">Una de las caracter\u00edsticas m\u00e1s destacadas de esta ginebra \u00fanica y particular que sigue elaborando la saga Pons bajo la marca de Gin Xoriguer es su m\u00e9todo de elaboraci\u00f3n. Para la destilaci\u00f3n utilizan alambiques de cobre con m\u00e1s de doscientos a\u00f1os de antig\u00fcedad que siguen calentando con le\u00f1a de los bosques menorquines. Gracias al fuego de las calderas se van formando los vapores, que tras circular por unos tubos de cobre, se condensan y dan lugar a la ginebra que brota gota a gota.<\/span><br \/>\n<span style=\"font-weight: 400\">Pero no s\u00f3lo este proceso artesanal es art\u00edfice del sabor particular del Gin de Menorca, tambi\u00e9n el vino de calidad, las endrinas de Pirineos, la combinaci\u00f3n de hierbas arom\u00e1ticas y el agua de Mah\u00f3n imprimen un car\u00e1cter \u00fanico a este licor.<\/span><br \/>\n<span style=\"font-weight: 400\">Esta bebida, que se consume principalmente en verano y en especial durante las fiestas de Sant Joan de Ciutadella, se sirve muy fr\u00eda en una proporci\u00f3n de un tercio de ginebra por dos de limonada. Este combinado refrescante toma el nombre popular de \u2018pomada\u2018.<\/span><br \/>\nSu nombre, Xoriguer, procede de la que era la forma de sustento de los Pons, la harina de trigo en un molino de Mah\u00f3n con este nombre. El mismo molino que porta la etiqueta de la botella del Gin Xoriguer.<br \/>\n<span style=\"font-weight: 400\">Las destiler\u00eda se pueden visitar para conocer de cerca la historia de la ginebra y de la familia y para ver el proceso de elaboraci\u00f3n del licor. Podemos llegar hasta las instalaciones del Gin Xoriguer en el Puerto de Ma\u00f3 con <\/span><span style=\"font-weight: 400\"><a href=\"http:\/\/www.rideonmotorent.com\/flota\/\">moto de alquiler<\/a>\u00a0o desde el aeropuerto con Rideon y el alquiler de moto Menorca aeropuerto.<\/span><br \/>\n<b>Las aut\u00e9nticas avarques menorquinas<\/b><br \/>\n<span style=\"font-weight: 400\">Menorca cuenta con una larga tradici\u00f3n artesana y con una gran diversidad de oficios antiguos. Oficios que los artesanos menorquines han sabido conservar a lo largo de los a\u00f1os, transmitir sus habilidades y fomentar el gusto por lo tradicional.<\/span><br \/>\n<span style=\"font-weight: 400\">En Menorca existen hasta diecis\u00e9is familias de oficios artesanos. Hay un amplio sector de artesan\u00eda en alimentaci\u00f3n y bebidas, en madera, piedra, cer\u00e1mica, tejidos\u2026 y por supuesto, en el sector del calzado y la piel que es d\u00f3nde hoy queremos detenernos a trav\u00e9s de la tradicional avarca menorquina.<\/span><br \/>\n<span style=\"font-weight: 400\">Se trata del calzado m\u00e1s t\u00edpico y tradicional de Menorca, el calzado que antiguamente se usaba en las zonas rurales de la Isla por campesinos y jornaleros. Ninguno de ellos hubiera cre\u00eddo entonces que el calzado r\u00fastico que usaban para transitar por la Isla en verano iba a calzar los pies de toda una familia real\u2026 Pero as\u00ed es. La avarca menorquina empez\u00f3 a popularizarse en los a\u00f1os 50 pero fue sin duda la afici\u00f3n de do\u00f1a Sof\u00eda de Borb\u00f3n por este calzado, habitual en sus veranos en Mallorca, lo que acab\u00f3 por lanzarla a la fama mundial.<\/span><br \/>\n<span style=\"font-weight: 400\">Su dise\u00f1o es sencillo. Una pieza de cuero abierta en la punta que se adapta al empeine del pie, y una tira, tambi\u00e9n de piel, que se ajusta en el tal\u00f3n y que permite adem\u00e1s calzarse con dicha tira en el empeine y el tal\u00f3n descubierto.<\/span><br \/>\n<span style=\"font-weight: 400\">Las avarques menorquines se fabrican prinicpalmente en Ciutadella, Alaior, Es Mercadal y Ferreries.<\/span><br \/>\n<span style=\"font-weight: 400\">Si se ha optado por recorrer la isla con el<\/span><a href=\"http:\/\/www.rideonmotorent.com\/\"><span style=\"font-weight: 400\"> alquiler de una moto en menorca<\/span><\/a><span style=\"font-weight: 400\"> \u00a0vamos a encontrar f\u00e1cilmente las genuinas avarcas menorquinas en las zapater\u00edas tradicionales de la Isla, desde la diminuta talla 18 para ni\u00f1os hasta el tallaje m\u00e1s alto para caballeros, en todos los colores y con infinidad de motivos decorativos.<\/span><br \/>\n<span style=\"font-weight: 400\">Pero es importante asegurarse que estamos comprando la aut\u00e9ntica avarca menorquina porque dicen que sus imitadoras no encajan correctamente en el tal\u00f3n y, por tanto, no gozan de la comodidad que ofrece este calzado para recorrer cualquier tipo de terreno. Incluso se usan en el sector n\u00e1utico.<\/span><\/p>\n","protected":false},"excerpt":{"rendered":"<p>Viajar es descubrir nuevas culturas, personas y formas de vivir, desde Nubiana comparador responsable \u00a0queremos dar a tus viajes un plus y os indicamos las principales compras que tiene que hacer cualquier persona que visite la preciosa isla de Menorca. Menorca ha sido, desde la prehistoria hasta tiempos muy recientes, lugar de paso de distintas<\/p>\n","protected":false},"author":2,"featured_media":1312,"comment_status":"open","ping_status":"closed","sticky":false,"template":"","format":"standard","meta":{"inline_featured_image":false,"footnotes":""},"categories":[40],"tags":[],"class_list":["post-1311","post","type-post","status-publish","format-standard","has-post-thumbnail","hentry","category-consejos-viajar-menorca"],"yoast_head":"<!-- This site is optimized with the Yoast SEO Premium plugin v18.7 (Yoast SEO v27.5) - https:\/\/yoast.com\/product\/yoast-seo-premium-wordpress\/ -->\n<title>El mejor Souvenir para tu alquiler moto Menorca aeropuerto<\/title>\n<meta name=\"description\" content=\"Te recomendamos los dos mejores Souvenirs si visitas Menorca. Porque en RIdeon queremos que tengas el mejor alquiler moto Menorca Aeropuerto.\" \/>\n<meta name=\"robots\" content=\"index, follow, max-snippet:-1, max-image-preview:large, max-video-preview:-1\" \/>\n<link rel=\"canonical\" href=\"https:\/\/rideon.es\/renting-empresas\/2-souvenirs-imprescindibles-de-menorca\/\" \/>\n<meta property=\"og:locale\" content=\"es_ES\" \/>\n<meta property=\"og:type\" content=\"article\" \/>\n<meta property=\"og:title\" content=\"2 Souvenirs imprescindibles de Menorca\" \/>\n<meta property=\"og:description\" content=\"Te recomendamos los dos mejores Souvenirs si visitas Menorca. Porque en RIdeon queremos que tengas el mejor alquiler moto Menorca Aeropuerto.\" \/>\n<meta property=\"og:url\" content=\"https:\/\/rideon.es\/renting-empresas\/2-souvenirs-imprescindibles-de-menorca\/\" \/>\n<meta property=\"og:site_name\" content=\"Alquiler de motos mensual y Renting para Empresas\" \/>\n<meta property=\"article:published_time\" content=\"2016-11-10T14:04:09+00:00\" \/>\n<meta name=\"author\" content=\"Ride On\" \/>\n<meta name=\"twitter:card\" content=\"summary_large_image\" \/>\n<meta name=\"twitter:label1\" content=\"Escrito por\" \/>\n\t<meta name=\"twitter:data1\" content=\"Ride On\" \/>\n\t<meta name=\"twitter:label2\" content=\"Tiempo de lectura\" \/>\n\t<meta name=\"twitter:data2\" content=\"5 minutos\" \/>\n<script type=\"application\/ld+json\" class=\"yoast-schema-graph\">{\"@context\":\"https:\\\/\\\/schema.org\",\"@graph\":[{\"@type\":\"Article\",\"@id\":\"https:\\\/\\\/rideon.es\\\/renting-empresas\\\/2-souvenirs-imprescindibles-de-menorca\\\/#article\",\"isPartOf\":{\"@id\":\"https:\\\/\\\/rideon.es\\\/renting-empresas\\\/2-souvenirs-imprescindibles-de-menorca\\\/\"},\"author\":{\"name\":\"Ride On\",\"@id\":\"https:\\\/\\\/rideon.es\\\/renting-empresas\\\/#\\\/schema\\\/person\\\/48d6770e55c623d929bd20ce295611a7\"},\"headline\":\"2 Souvenirs imprescindibles de Menorca\",\"datePublished\":\"2016-11-10T14:04:09+00:00\",\"mainEntityOfPage\":{\"@id\":\"https:\\\/\\\/rideon.es\\\/renting-empresas\\\/2-souvenirs-imprescindibles-de-menorca\\\/\"},\"wordCount\":951,\"commentCount\":0,\"publisher\":{\"@id\":\"https:\\\/\\\/rideon.es\\\/renting-empresas\\\/#organization\"},\"image\":{\"@id\":\"https:\\\/\\\/rideon.es\\\/renting-empresas\\\/2-souvenirs-imprescindibles-de-menorca\\\/#primaryimage\"},\"thumbnailUrl\":\"\",\"articleSection\":[\"Consejos viajar Menorca\"],\"inLanguage\":\"es\",\"potentialAction\":[{\"@type\":\"CommentAction\",\"name\":\"Comment\",\"target\":[\"https:\\\/\\\/rideon.es\\\/renting-empresas\\\/2-souvenirs-imprescindibles-de-menorca\\\/#respond\"]}]},{\"@type\":\"WebPage\",\"@id\":\"https:\\\/\\\/rideon.es\\\/renting-empresas\\\/2-souvenirs-imprescindibles-de-menorca\\\/\",\"url\":\"https:\\\/\\\/rideon.es\\\/renting-empresas\\\/2-souvenirs-imprescindibles-de-menorca\\\/\",\"name\":\"El mejor Souvenir para tu alquiler moto Menorca aeropuerto\",\"isPartOf\":{\"@id\":\"https:\\\/\\\/rideon.es\\\/renting-empresas\\\/#website\"},\"primaryImageOfPage\":{\"@id\":\"https:\\\/\\\/rideon.es\\\/renting-empresas\\\/2-souvenirs-imprescindibles-de-menorca\\\/#primaryimage\"},\"image\":{\"@id\":\"https:\\\/\\\/rideon.es\\\/renting-empresas\\\/2-souvenirs-imprescindibles-de-menorca\\\/#primaryimage\"},\"thumbnailUrl\":\"\",\"datePublished\":\"2016-11-10T14:04:09+00:00\",\"description\":\"Te recomendamos los dos mejores Souvenirs si visitas Menorca. Porque en RIdeon queremos que tengas el mejor alquiler moto Menorca Aeropuerto.\",\"inLanguage\":\"es\",\"potentialAction\":[{\"@type\":\"ReadAction\",\"target\":[\"https:\\\/\\\/rideon.es\\\/renting-empresas\\\/2-souvenirs-imprescindibles-de-menorca\\\/\"]}]},{\"@type\":\"ImageObject\",\"inLanguage\":\"es\",\"@id\":\"https:\\\/\\\/rideon.es\\\/renting-empresas\\\/2-souvenirs-imprescindibles-de-menorca\\\/#primaryimage\",\"url\":\"\",\"contentUrl\":\"\"},{\"@type\":\"WebSite\",\"@id\":\"https:\\\/\\\/rideon.es\\\/renting-empresas\\\/#website\",\"url\":\"https:\\\/\\\/rideon.es\\\/renting-empresas\\\/\",\"name\":\"Alquiler de motos mensual y Renting para Empresas\",\"description\":\"Las motos m\u00e1s c\u00f3modas y seguras para disfrutar de tus vacaciones sobre ruedas. Alquiler de motos en Menorca, Mallorca, Barcelona y Valencia con Rideon.es\",\"publisher\":{\"@id\":\"https:\\\/\\\/rideon.es\\\/renting-empresas\\\/#organization\"},\"potentialAction\":[{\"@type\":\"SearchAction\",\"target\":{\"@type\":\"EntryPoint\",\"urlTemplate\":\"https:\\\/\\\/rideon.es\\\/renting-empresas\\\/?s={search_term_string}\"},\"query-input\":{\"@type\":\"PropertyValueSpecification\",\"valueRequired\":true,\"valueName\":\"search_term_string\"}}],\"inLanguage\":\"es\"},{\"@type\":\"Organization\",\"@id\":\"https:\\\/\\\/rideon.es\\\/renting-empresas\\\/#organization\",\"name\":\"Alquiler de motos mensual y Renting para Empresas\",\"url\":\"https:\\\/\\\/rideon.es\\\/renting-empresas\\\/\",\"logo\":{\"@type\":\"ImageObject\",\"inLanguage\":\"es\",\"@id\":\"https:\\\/\\\/rideon.es\\\/renting-empresas\\\/#\\\/schema\\\/logo\\\/image\\\/\",\"url\":\"https:\\\/\\\/rideon.es\\\/renting-empresas\\\/wp-content\\\/uploads\\\/sites\\\/19\\\/2020\\\/02\\\/rideon_logo-200x78-1.png\",\"contentUrl\":\"https:\\\/\\\/rideon.es\\\/renting-empresas\\\/wp-content\\\/uploads\\\/sites\\\/19\\\/2020\\\/02\\\/rideon_logo-200x78-1.png\",\"width\":200,\"height\":78,\"caption\":\"Alquiler de motos mensual y Renting para Empresas\"},\"image\":{\"@id\":\"https:\\\/\\\/rideon.es\\\/renting-empresas\\\/#\\\/schema\\\/logo\\\/image\\\/\"}},{\"@type\":\"Person\",\"@id\":\"https:\\\/\\\/rideon.es\\\/renting-empresas\\\/#\\\/schema\\\/person\\\/48d6770e55c623d929bd20ce295611a7\",\"name\":\"Ride On\",\"image\":{\"@type\":\"ImageObject\",\"inLanguage\":\"es\",\"@id\":\"https:\\\/\\\/secure.gravatar.com\\\/avatar\\\/785e72183089da6a00243c0f0e2d52db79b9983b602219afb07c868943086138?s=96&d=mm&r=g\",\"url\":\"https:\\\/\\\/secure.gravatar.com\\\/avatar\\\/785e72183089da6a00243c0f0e2d52db79b9983b602219afb07c868943086138?s=96&d=mm&r=g\",\"contentUrl\":\"https:\\\/\\\/secure.gravatar.com\\\/avatar\\\/785e72183089da6a00243c0f0e2d52db79b9983b602219afb07c868943086138?s=96&d=mm&r=g\",\"caption\":\"Ride On\"},\"url\":\"https:\\\/\\\/rideon.es\\\/renting-empresas\\\/author\\\/eduardoyauri\\\/\"}]}<\/script>\n<!-- \/ Yoast SEO Premium plugin. -->","yoast_head_json":{"title":"El mejor Souvenir para tu alquiler moto Menorca aeropuerto","description":"Te recomendamos los dos mejores Souvenirs si visitas Menorca. Porque en RIdeon queremos que tengas el mejor alquiler moto Menorca Aeropuerto.","robots":{"index":"index","follow":"follow","max-snippet":"max-snippet:-1","max-image-preview":"max-image-preview:large","max-video-preview":"max-video-preview:-1"},"canonical":"https:\/\/rideon.es\/renting-empresas\/2-souvenirs-imprescindibles-de-menorca\/","og_locale":"es_ES","og_type":"article","og_title":"2 Souvenirs imprescindibles de Menorca","og_description":"Te recomendamos los dos mejores Souvenirs si visitas Menorca. Porque en RIdeon queremos que tengas el mejor alquiler moto Menorca Aeropuerto.","og_url":"https:\/\/rideon.es\/renting-empresas\/2-souvenirs-imprescindibles-de-menorca\/","og_site_name":"Alquiler de motos mensual y Renting para Empresas","article_published_time":"2016-11-10T14:04:09+00:00","author":"Ride On","twitter_card":"summary_large_image","twitter_misc":{"Escrito por":"Ride On","Tiempo de lectura":"5 minutos"},"schema":{"@context":"https:\/\/schema.org","@graph":[{"@type":"Article","@id":"https:\/\/rideon.es\/renting-empresas\/2-souvenirs-imprescindibles-de-menorca\/#article","isPartOf":{"@id":"https:\/\/rideon.es\/renting-empresas\/2-souvenirs-imprescindibles-de-menorca\/"},"author":{"name":"Ride On","@id":"https:\/\/rideon.es\/renting-empresas\/#\/schema\/person\/48d6770e55c623d929bd20ce295611a7"},"headline":"2 Souvenirs imprescindibles de Menorca","datePublished":"2016-11-10T14:04:09+00:00","mainEntityOfPage":{"@id":"https:\/\/rideon.es\/renting-empresas\/2-souvenirs-imprescindibles-de-menorca\/"},"wordCount":951,"commentCount":0,"publisher":{"@id":"https:\/\/rideon.es\/renting-empresas\/#organization"},"image":{"@id":"https:\/\/rideon.es\/renting-empresas\/2-souvenirs-imprescindibles-de-menorca\/#primaryimage"},"thumbnailUrl":"","articleSection":["Consejos viajar Menorca"],"inLanguage":"es","potentialAction":[{"@type":"CommentAction","name":"Comment","target":["https:\/\/rideon.es\/renting-empresas\/2-souvenirs-imprescindibles-de-menorca\/#respond"]}]},{"@type":"WebPage","@id":"https:\/\/rideon.es\/renting-empresas\/2-souvenirs-imprescindibles-de-menorca\/","url":"https:\/\/rideon.es\/renting-empresas\/2-souvenirs-imprescindibles-de-menorca\/","name":"El mejor Souvenir para tu alquiler moto Menorca aeropuerto","isPartOf":{"@id":"https:\/\/rideon.es\/renting-empresas\/#website"},"primaryImageOfPage":{"@id":"https:\/\/rideon.es\/renting-empresas\/2-souvenirs-imprescindibles-de-menorca\/#primaryimage"},"image":{"@id":"https:\/\/rideon.es\/renting-empresas\/2-souvenirs-imprescindibles-de-menorca\/#primaryimage"},"thumbnailUrl":"","datePublished":"2016-11-10T14:04:09+00:00","description":"Te recomendamos los dos mejores Souvenirs si visitas Menorca. Porque en RIdeon queremos que tengas el mejor alquiler moto Menorca Aeropuerto.","inLanguage":"es","potentialAction":[{"@type":"ReadAction","target":["https:\/\/rideon.es\/renting-empresas\/2-souvenirs-imprescindibles-de-menorca\/"]}]},{"@type":"ImageObject","inLanguage":"es","@id":"https:\/\/rideon.es\/renting-empresas\/2-souvenirs-imprescindibles-de-menorca\/#primaryimage","url":"","contentUrl":""},{"@type":"WebSite","@id":"https:\/\/rideon.es\/renting-empresas\/#website","url":"https:\/\/rideon.es\/renting-empresas\/","name":"Alquiler de motos mensual y Renting para Empresas","description":"Las motos m\u00e1s c\u00f3modas y seguras para disfrutar de tus vacaciones sobre ruedas. Alquiler de motos en Menorca, Mallorca, Barcelona y Valencia con Rideon.es","publisher":{"@id":"https:\/\/rideon.es\/renting-empresas\/#organization"},"potentialAction":[{"@type":"SearchAction","target":{"@type":"EntryPoint","urlTemplate":"https:\/\/rideon.es\/renting-empresas\/?s={search_term_string}"},"query-input":{"@type":"PropertyValueSpecification","valueRequired":true,"valueName":"search_term_string"}}],"inLanguage":"es"},{"@type":"Organization","@id":"https:\/\/rideon.es\/renting-empresas\/#organization","name":"Alquiler de motos mensual y Renting para Empresas","url":"https:\/\/rideon.es\/renting-empresas\/","logo":{"@type":"ImageObject","inLanguage":"es","@id":"https:\/\/rideon.es\/renting-empresas\/#\/schema\/logo\/image\/","url":"https:\/\/rideon.es\/renting-empresas\/wp-content\/uploads\/sites\/19\/2020\/02\/rideon_logo-200x78-1.png","contentUrl":"https:\/\/rideon.es\/renting-empresas\/wp-content\/uploads\/sites\/19\/2020\/02\/rideon_logo-200x78-1.png","width":200,"height":78,"caption":"Alquiler de motos mensual y Renting para Empresas"},"image":{"@id":"https:\/\/rideon.es\/renting-empresas\/#\/schema\/logo\/image\/"}},{"@type":"Person","@id":"https:\/\/rideon.es\/renting-empresas\/#\/schema\/person\/48d6770e55c623d929bd20ce295611a7","name":"Ride On","image":{"@type":"ImageObject","inLanguage":"es","@id":"https:\/\/secure.gravatar.com\/avatar\/785e72183089da6a00243c0f0e2d52db79b9983b602219afb07c868943086138?s=96&d=mm&r=g","url":"https:\/\/secure.gravatar.com\/avatar\/785e72183089da6a00243c0f0e2d52db79b9983b602219afb07c868943086138?s=96&d=mm&r=g","contentUrl":"https:\/\/secure.gravatar.com\/avatar\/785e72183089da6a00243c0f0e2d52db79b9983b602219afb07c868943086138?s=96&d=mm&r=g","caption":"Ride On"},"url":"https:\/\/rideon.es\/renting-empresas\/author\/eduardoyauri\/"}]}},"_links":{"self":[{"href":"https:\/\/rideon.es\/renting-empresas\/wp-json\/wp\/v2\/posts\/1311","targetHints":{"allow":["GET"]}}],"collection":[{"href":"https:\/\/rideon.es\/renting-empresas\/wp-json\/wp\/v2\/posts"}],"about":[{"href":"https:\/\/rideon.es\/renting-empresas\/wp-json\/wp\/v2\/types\/post"}],"author":[{"embeddable":true,"href":"https:\/\/rideon.es\/renting-empresas\/wp-json\/wp\/v2\/users\/2"}],"replies":[{"embeddable":true,"href":"https:\/\/rideon.es\/renting-empresas\/wp-json\/wp\/v2\/comments?post=1311"}],"version-history":[{"count":0,"href":"https:\/\/rideon.es\/renting-empresas\/wp-json\/wp\/v2\/posts\/1311\/revisions"}],"wp:featuredmedia":[{"embeddable":true,"href":"https:\/\/rideon.es\/renting-empresas\/wp-json\/"}],"wp:attachment":[{"href":"https:\/\/rideon.es\/renting-empresas\/wp-json\/wp\/v2\/media?parent=1311"}],"wp:term":[{"taxonomy":"category","embeddable":true,"href":"https:\/\/rideon.es\/renting-empresas\/wp-json\/wp\/v2\/categories?post=1311"},{"taxonomy":"post_tag","embeddable":true,"href":"https:\/\/rideon.es\/renting-empresas\/wp-json\/wp\/v2\/tags?post=1311"}],"curies":[{"name":"wp","href":"https:\/\/api.w.org\/{rel}","templated":true}]}}