{"id":1305,"date":"2016-11-10T14:01:57","date_gmt":"2016-11-10T14:01:57","guid":{"rendered":"https:\/\/rideon.es\/?p=1305"},"modified":"2016-11-10T14:01:57","modified_gmt":"2016-11-10T14:01:57","slug":"menorca-de-maho-a-ciutadella","status":"publish","type":"post","link":"https:\/\/rideon.es\/renting-empresas\/menorca-de-maho-a-ciutadella\/","title":{"rendered":"Menorca de Mah\u00f3 a Ciutadella"},"content":{"rendered":"<p><span style=\"font-weight: 400\">Menorca es quiz\u00e1s la menos famosa de las Islas Baleares, Con sus magn\u00edficas playas y el entorno natural que posee ha sido calificada como un gran museo al aire libre, adem\u00e1s tiene multitud de monumentos prehist\u00f3ricos magn\u00edficos de visitar.<\/span><br \/>\n<img decoding=\"async\" class=\"img-responsive\" src=\"http:\/\/www.rideonmotorent.com\/wp-content\/uploads\/2016\/06\/Isla_menorca.jpg\" alt=\"viajas por Menorca\" width=\"100%\" \/><br \/>\n<span style=\"font-weight: 400\">Dicen los menorquines que todo lo bueno y lo malo les ha llegado por el mar, realmente muy l\u00f3gico si tenemos en cuenta que Menorca es una isla . Sin embargo, esta simple frase resume m\u00e1s de 2.000 a\u00f1os de historia en la isla. \u00a0Menorca ha pasado a manos de muchas civilizaciones, unas m\u00e1s que otras han ido transformando y dando forma a una tierra que por encima de todo ha sabido conservar su personalidad.<\/span><br \/>\n<span style=\"font-weight: 400\">Desde Rideonmotorent Menorca os haremos un peque\u00f1o recorrido por la isla desde Mah\u00f3n hasta Ciudadela descubriendo algunos de los secretos que guarda esta isla, os mostraremos un poco de su historia, de su naturaleza, de su gastronom\u00eda y como no, de sus peque\u00f1os pueblos. Una isla magn\u00edfica para descubrir con el <\/span><a href=\"http:\/\/www.rideonmotorent.com\/flota\/\"><span style=\"font-weight: 400\">alquiler moto menorca<\/span><\/a><span style=\"font-weight: 400\">.<\/span><br \/>\n<img decoding=\"async\" class=\"img-responsive\" src=\"http:\/\/www.rideonmotorent.com\/wp-content\/uploads\/2016\/06\/Mahon.jpg\" alt=\"Mah\u00f3n Menorca\" width=\"100%\" \/><br \/>\n<span style=\"font-weight: 400\">Mah\u00f3n est\u00e1 dividida en dos partes, la zona moderna y m\u00e1s comercial situada en la zona del puerto y la parte antigua y cl\u00e1sica con mucha influencia inglesa. La ciudad est\u00e1 muy ligada a su puerto sin el cual no existir\u00eda, pero si uno quiere disfrutar de verdad de la ciudad tiene que adentrarse en el casco hist\u00f3rico, se trata de un pintoresco laberinto con una mezcla de peque\u00f1as calles, casas blanca, edificio p\u00fablicos e iglesias.<\/span><br \/>\n<span style=\"font-weight: 400\">A 2 Km de Mah\u00f3n encontramos Es castell, tambi\u00e9n conocida como la primera ciudad que se despierta en Espa\u00f1a, el primer amanecer del pa\u00eds. Lo m\u00e1s representativo para visitar en Es Castell es su peque\u00f1o pero encantador puerto,\u00a0por sus reducidas dimensiones y por la falta de aparcamiento es recomendable visitarlo con el <\/span><a href=\"http:\/\/www.rideonmotorent.com\/\"><span style=\"font-weight: 400\">alquiler motos menorca<\/span><\/a><span style=\"font-weight: 400\">.<\/span><br \/>\n<span style=\"font-weight: 400\">El puerto de Es castells, Cales fonts, es un encantador puerto menorqu\u00ed donde las antiguas casas de pesca de los pescadores se han convertido en establecimientos comerciales de todo tipo, sobretodo restaurantes para degustar una fant\u00e1stica paella de arroz.<\/span><br \/>\n<img decoding=\"async\" class=\"img-responsive\" src=\"http:\/\/www.rideonmotorent.com\/wp-content\/uploads\/2016\/06\/Es-castells.jpg\" alt=\"Es castells Menorca\" width=\"100%\" \/><br \/>\n<span style=\"font-weight: 400\">Siguiendo con nuestra ruta, pasaremos por Es mercadal, situado a los pies del monte Toro, la monta\u00f1a m\u00e1s alta de Menorca, y justo en el centro de la isla. Este pueblo re\u00fane en su t\u00e9rmino municipal algunos de los paisajes m\u00e1s pintorescos de Menorca. Es mercadal fue creada durante el S.XIV durante la repoblaci\u00f3n de los Catalanes, sus casas tienen una aspecto tipicamente mediterr\u00e1neo.<\/span><br \/>\n<span style=\"font-weight: 400\">Es muy recomendable visitar los negocios locales de fabricaci\u00f3n de zapatos, las famosas \u00abmenorquinas\u00bb, un zapato hecho a medida que todav\u00eda se confecciona en peque\u00f1as tiendas del pueblo. Tambi\u00e9n vale la pena visitar alg\u00fan restaurante para degustar la aut\u00e9ntica mahonesa, la salsa con ajo y aceite que incorporando un poco de huevo tiene una textura y gusto en paladar incre\u00edble.<\/span><br \/>\n<span style=\"font-weight: 400\">A tan solo 9 Km de Es Mercadal se encuentra Fornells, un peque\u00f1a poblaci\u00f3n marinera famosa por su estupenda caldereta de Langosta. Se dice que las langostas de Es Fornells tienen mejor sabor porque viven en las rocas y no en el mar.<\/span><br \/>\n<img decoding=\"async\" class=\"img-responsive\" src=\"http:\/\/www.rideonmotorent.com\/wp-content\/uploads\/2016\/06\/Caldereta_es_fornells.jpg\" alt=\"Caldereta langosta Fornells\" width=\"100%\" \/><br \/>\n<span style=\"font-weight: 400\">Menorca invita tambi\u00e9n a perderse entre sus calas, muchas de las playas hasta hace poco tiempo no ten\u00edan acceso y la \u00fanica forma de acceder a ellas era en\u00a0barco. Afortunadamente se han hecho acceso a muchas de ellas y ya se puede llegar andando.\u00a0<\/span><span style=\"line-height: 1.5\">Las playas m\u00e1s tranquilas que se pueden visitar son la cala Turqueta y cala Macarella.<\/span><br \/>\n<img decoding=\"async\" class=\"img-responsive\" src=\"http:\/\/www.rideonmotorent.com\/wp-content\/uploads\/2016\/06\/cala_macarella.jpg\" alt=\"Cala Macarella Menorca\" width=\"100%\" \/><br \/>\n<span style=\"font-weight: 400\">Los yacimientos arqueol\u00f3gicos son otros de los atractivos con los que el visitante puede disfrutar de sus vacaciones, la mayor\u00eda se encuentra en medio de los campos cultivados, pero se puede acceder f\u00e1cilmente sobretodo si se ha decidido <\/span><a href=\"http:\/\/www.rideonmotorent.com\/\"><span style=\"font-weight: 400\">alquilar una moto en Menorca<\/span><\/a><span style=\"font-weight: 400\">.<\/span><br \/>\n<span style=\"font-weight: 400\">Es muy recomendable la visita a la Naveta des Tudons, los restos mejor conservados de toda la isla aparte de la Taula de Torralba, con casi 5 metros de altura.<\/span><br \/>\n<img decoding=\"async\" class=\"img-responsive\" src=\"http:\/\/www.rideonmotorent.com\/wp-content\/uploads\/2016\/06\/Naceta_des_Tudons.jpg\" alt=\"Naceta-des-Tudons\" width=\"100%\" \/><br \/>\n<span style=\"font-weight: 400\">Finalmente llegamos a Ciutadella, la capital menorquina hasta la dominaci\u00f3n brit\u00e1nica. Ciutadella es completamente distinta a Mah\u00f3n, mientras que Mah\u00f3n es burocr\u00e1tica, Ciudadela es art\u00edstica, con mucho m\u00e1s estilo y as\u00ed lo demuestran los palacios de sus casco antiguo del siglo XVII y el siglo XVIII.<\/span><br \/>\n<span style=\"font-weight: 400\">Para m\u00e1s informaci\u00f3n de qu\u00e9 visitar en Menorca visite nuestro Blog en <\/span><a href=\"http:\/\/www.rideonmotorent.com\/menorca\/\"><span style=\"font-weight: 400\">Rideonmotorent<\/span><\/a><span style=\"font-weight: 400\">.<\/span><\/p>\n","protected":false},"excerpt":{"rendered":"<p>Menorca es quiz\u00e1s la menos famosa de las Islas Baleares, Con sus magn\u00edficas playas y el entorno natural que posee ha sido calificada como un gran museo al aire libre, adem\u00e1s tiene multitud de monumentos prehist\u00f3ricos magn\u00edficos de visitar. Dicen los menorquines que todo lo bueno y lo malo les ha llegado por el mar,<\/p>\n","protected":false},"author":2,"featured_media":1306,"comment_status":"open","ping_status":"closed","sticky":false,"template":"","format":"standard","meta":{"inline_featured_image":false,"footnotes":""},"categories":[12,40],"tags":[],"class_list":["post-1305","post","type-post","status-publish","format-standard","has-post-thumbnail","hentry","category-blog","category-consejos-viajar-menorca"],"yoast_head":"<!-- This site is optimized with the Yoast SEO Premium plugin v18.7 (Yoast SEO v27.5) - https:\/\/yoast.com\/product\/yoast-seo-premium-wordpress\/ -->\n<title>Descubre Menorca en Moto<\/title>\n<meta name=\"description\" content=\"En Rideonmotorent queremos que disfrutes de tus vacaciones en Menorca, ponemos a tu disposici\u00f3n las mejores rutas de la isla. EL mejor alquiler moto Menorca\" \/>\n<meta name=\"robots\" content=\"index, follow, max-snippet:-1, max-image-preview:large, max-video-preview:-1\" \/>\n<link rel=\"canonical\" href=\"https:\/\/rideon.es\/renting-empresas\/menorca-de-maho-a-ciutadella\/\" \/>\n<meta property=\"og:locale\" content=\"es_ES\" \/>\n<meta property=\"og:type\" content=\"article\" \/>\n<meta property=\"og:title\" content=\"Menorca de Mah\u00f3 a Ciutadella\" \/>\n<meta property=\"og:description\" content=\"En Rideonmotorent queremos que disfrutes de tus vacaciones en Menorca, ponemos a tu disposici\u00f3n las mejores rutas de la isla. EL mejor alquiler moto Menorca\" \/>\n<meta property=\"og:url\" content=\"https:\/\/rideon.es\/renting-empresas\/menorca-de-maho-a-ciutadella\/\" \/>\n<meta property=\"og:site_name\" content=\"Alquiler de motos mensual y Renting para Empresas\" \/>\n<meta property=\"article:published_time\" content=\"2016-11-10T14:01:57+00:00\" \/>\n<meta name=\"author\" content=\"Ride On\" \/>\n<meta name=\"twitter:card\" content=\"summary_large_image\" \/>\n<meta name=\"twitter:label1\" content=\"Escrito por\" \/>\n\t<meta name=\"twitter:data1\" content=\"Ride On\" \/>\n\t<meta name=\"twitter:label2\" content=\"Tiempo de lectura\" \/>\n\t<meta name=\"twitter:data2\" content=\"4 minutos\" \/>\n<script type=\"application\/ld+json\" class=\"yoast-schema-graph\">{\"@context\":\"https:\\\/\\\/schema.org\",\"@graph\":[{\"@type\":\"Article\",\"@id\":\"https:\\\/\\\/rideon.es\\\/renting-empresas\\\/menorca-de-maho-a-ciutadella\\\/#article\",\"isPartOf\":{\"@id\":\"https:\\\/\\\/rideon.es\\\/renting-empresas\\\/menorca-de-maho-a-ciutadella\\\/\"},\"author\":{\"name\":\"Ride On\",\"@id\":\"https:\\\/\\\/rideon.es\\\/renting-empresas\\\/#\\\/schema\\\/person\\\/48d6770e55c623d929bd20ce295611a7\"},\"headline\":\"Menorca de Mah\u00f3 a Ciutadella\",\"datePublished\":\"2016-11-10T14:01:57+00:00\",\"mainEntityOfPage\":{\"@id\":\"https:\\\/\\\/rideon.es\\\/renting-empresas\\\/menorca-de-maho-a-ciutadella\\\/\"},\"wordCount\":758,\"commentCount\":0,\"publisher\":{\"@id\":\"https:\\\/\\\/rideon.es\\\/renting-empresas\\\/#organization\"},\"image\":{\"@id\":\"https:\\\/\\\/rideon.es\\\/renting-empresas\\\/menorca-de-maho-a-ciutadella\\\/#primaryimage\"},\"thumbnailUrl\":\"\",\"articleSection\":[\"Blog\",\"Consejos viajar Menorca\"],\"inLanguage\":\"es\",\"potentialAction\":[{\"@type\":\"CommentAction\",\"name\":\"Comment\",\"target\":[\"https:\\\/\\\/rideon.es\\\/renting-empresas\\\/menorca-de-maho-a-ciutadella\\\/#respond\"]}]},{\"@type\":\"WebPage\",\"@id\":\"https:\\\/\\\/rideon.es\\\/renting-empresas\\\/menorca-de-maho-a-ciutadella\\\/\",\"url\":\"https:\\\/\\\/rideon.es\\\/renting-empresas\\\/menorca-de-maho-a-ciutadella\\\/\",\"name\":\"Descubre Menorca en Moto\",\"isPartOf\":{\"@id\":\"https:\\\/\\\/rideon.es\\\/renting-empresas\\\/#website\"},\"primaryImageOfPage\":{\"@id\":\"https:\\\/\\\/rideon.es\\\/renting-empresas\\\/menorca-de-maho-a-ciutadella\\\/#primaryimage\"},\"image\":{\"@id\":\"https:\\\/\\\/rideon.es\\\/renting-empresas\\\/menorca-de-maho-a-ciutadella\\\/#primaryimage\"},\"thumbnailUrl\":\"\",\"datePublished\":\"2016-11-10T14:01:57+00:00\",\"description\":\"En Rideonmotorent queremos que disfrutes de tus vacaciones en Menorca, ponemos a tu disposici\u00f3n las mejores rutas de la isla. EL mejor alquiler moto Menorca\",\"inLanguage\":\"es\",\"potentialAction\":[{\"@type\":\"ReadAction\",\"target\":[\"https:\\\/\\\/rideon.es\\\/renting-empresas\\\/menorca-de-maho-a-ciutadella\\\/\"]}]},{\"@type\":\"ImageObject\",\"inLanguage\":\"es\",\"@id\":\"https:\\\/\\\/rideon.es\\\/renting-empresas\\\/menorca-de-maho-a-ciutadella\\\/#primaryimage\",\"url\":\"\",\"contentUrl\":\"\"},{\"@type\":\"WebSite\",\"@id\":\"https:\\\/\\\/rideon.es\\\/renting-empresas\\\/#website\",\"url\":\"https:\\\/\\\/rideon.es\\\/renting-empresas\\\/\",\"name\":\"Alquiler de motos mensual y Renting para Empresas\",\"description\":\"Las motos m\u00e1s c\u00f3modas y seguras para disfrutar de tus vacaciones sobre ruedas. Alquiler de motos en Menorca, Mallorca, Barcelona y Valencia con Rideon.es\",\"publisher\":{\"@id\":\"https:\\\/\\\/rideon.es\\\/renting-empresas\\\/#organization\"},\"potentialAction\":[{\"@type\":\"SearchAction\",\"target\":{\"@type\":\"EntryPoint\",\"urlTemplate\":\"https:\\\/\\\/rideon.es\\\/renting-empresas\\\/?s={search_term_string}\"},\"query-input\":{\"@type\":\"PropertyValueSpecification\",\"valueRequired\":true,\"valueName\":\"search_term_string\"}}],\"inLanguage\":\"es\"},{\"@type\":\"Organization\",\"@id\":\"https:\\\/\\\/rideon.es\\\/renting-empresas\\\/#organization\",\"name\":\"Alquiler de motos mensual y Renting para Empresas\",\"url\":\"https:\\\/\\\/rideon.es\\\/renting-empresas\\\/\",\"logo\":{\"@type\":\"ImageObject\",\"inLanguage\":\"es\",\"@id\":\"https:\\\/\\\/rideon.es\\\/renting-empresas\\\/#\\\/schema\\\/logo\\\/image\\\/\",\"url\":\"https:\\\/\\\/rideon.es\\\/renting-empresas\\\/wp-content\\\/uploads\\\/sites\\\/19\\\/2020\\\/02\\\/rideon_logo-200x78-1.png\",\"contentUrl\":\"https:\\\/\\\/rideon.es\\\/renting-empresas\\\/wp-content\\\/uploads\\\/sites\\\/19\\\/2020\\\/02\\\/rideon_logo-200x78-1.png\",\"width\":200,\"height\":78,\"caption\":\"Alquiler de motos mensual y Renting para Empresas\"},\"image\":{\"@id\":\"https:\\\/\\\/rideon.es\\\/renting-empresas\\\/#\\\/schema\\\/logo\\\/image\\\/\"}},{\"@type\":\"Person\",\"@id\":\"https:\\\/\\\/rideon.es\\\/renting-empresas\\\/#\\\/schema\\\/person\\\/48d6770e55c623d929bd20ce295611a7\",\"name\":\"Ride On\",\"image\":{\"@type\":\"ImageObject\",\"inLanguage\":\"es\",\"@id\":\"https:\\\/\\\/secure.gravatar.com\\\/avatar\\\/785e72183089da6a00243c0f0e2d52db79b9983b602219afb07c868943086138?s=96&d=mm&r=g\",\"url\":\"https:\\\/\\\/secure.gravatar.com\\\/avatar\\\/785e72183089da6a00243c0f0e2d52db79b9983b602219afb07c868943086138?s=96&d=mm&r=g\",\"contentUrl\":\"https:\\\/\\\/secure.gravatar.com\\\/avatar\\\/785e72183089da6a00243c0f0e2d52db79b9983b602219afb07c868943086138?s=96&d=mm&r=g\",\"caption\":\"Ride On\"},\"url\":\"https:\\\/\\\/rideon.es\\\/renting-empresas\\\/author\\\/eduardoyauri\\\/\"}]}<\/script>\n<!-- \/ Yoast SEO Premium plugin. -->","yoast_head_json":{"title":"Descubre Menorca en Moto","description":"En Rideonmotorent queremos que disfrutes de tus vacaciones en Menorca, ponemos a tu disposici\u00f3n las mejores rutas de la isla. EL mejor alquiler moto Menorca","robots":{"index":"index","follow":"follow","max-snippet":"max-snippet:-1","max-image-preview":"max-image-preview:large","max-video-preview":"max-video-preview:-1"},"canonical":"https:\/\/rideon.es\/renting-empresas\/menorca-de-maho-a-ciutadella\/","og_locale":"es_ES","og_type":"article","og_title":"Menorca de Mah\u00f3 a Ciutadella","og_description":"En Rideonmotorent queremos que disfrutes de tus vacaciones en Menorca, ponemos a tu disposici\u00f3n las mejores rutas de la isla. EL mejor alquiler moto Menorca","og_url":"https:\/\/rideon.es\/renting-empresas\/menorca-de-maho-a-ciutadella\/","og_site_name":"Alquiler de motos mensual y Renting para Empresas","article_published_time":"2016-11-10T14:01:57+00:00","author":"Ride On","twitter_card":"summary_large_image","twitter_misc":{"Escrito por":"Ride On","Tiempo de lectura":"4 minutos"},"schema":{"@context":"https:\/\/schema.org","@graph":[{"@type":"Article","@id":"https:\/\/rideon.es\/renting-empresas\/menorca-de-maho-a-ciutadella\/#article","isPartOf":{"@id":"https:\/\/rideon.es\/renting-empresas\/menorca-de-maho-a-ciutadella\/"},"author":{"name":"Ride On","@id":"https:\/\/rideon.es\/renting-empresas\/#\/schema\/person\/48d6770e55c623d929bd20ce295611a7"},"headline":"Menorca de Mah\u00f3 a Ciutadella","datePublished":"2016-11-10T14:01:57+00:00","mainEntityOfPage":{"@id":"https:\/\/rideon.es\/renting-empresas\/menorca-de-maho-a-ciutadella\/"},"wordCount":758,"commentCount":0,"publisher":{"@id":"https:\/\/rideon.es\/renting-empresas\/#organization"},"image":{"@id":"https:\/\/rideon.es\/renting-empresas\/menorca-de-maho-a-ciutadella\/#primaryimage"},"thumbnailUrl":"","articleSection":["Blog","Consejos viajar Menorca"],"inLanguage":"es","potentialAction":[{"@type":"CommentAction","name":"Comment","target":["https:\/\/rideon.es\/renting-empresas\/menorca-de-maho-a-ciutadella\/#respond"]}]},{"@type":"WebPage","@id":"https:\/\/rideon.es\/renting-empresas\/menorca-de-maho-a-ciutadella\/","url":"https:\/\/rideon.es\/renting-empresas\/menorca-de-maho-a-ciutadella\/","name":"Descubre Menorca en Moto","isPartOf":{"@id":"https:\/\/rideon.es\/renting-empresas\/#website"},"primaryImageOfPage":{"@id":"https:\/\/rideon.es\/renting-empresas\/menorca-de-maho-a-ciutadella\/#primaryimage"},"image":{"@id":"https:\/\/rideon.es\/renting-empresas\/menorca-de-maho-a-ciutadella\/#primaryimage"},"thumbnailUrl":"","datePublished":"2016-11-10T14:01:57+00:00","description":"En Rideonmotorent queremos que disfrutes de tus vacaciones en Menorca, ponemos a tu disposici\u00f3n las mejores rutas de la isla. EL mejor alquiler moto Menorca","inLanguage":"es","potentialAction":[{"@type":"ReadAction","target":["https:\/\/rideon.es\/renting-empresas\/menorca-de-maho-a-ciutadella\/"]}]},{"@type":"ImageObject","inLanguage":"es","@id":"https:\/\/rideon.es\/renting-empresas\/menorca-de-maho-a-ciutadella\/#primaryimage","url":"","contentUrl":""},{"@type":"WebSite","@id":"https:\/\/rideon.es\/renting-empresas\/#website","url":"https:\/\/rideon.es\/renting-empresas\/","name":"Alquiler de motos mensual y Renting para Empresas","description":"Las motos m\u00e1s c\u00f3modas y seguras para disfrutar de tus vacaciones sobre ruedas. Alquiler de motos en Menorca, Mallorca, Barcelona y Valencia con Rideon.es","publisher":{"@id":"https:\/\/rideon.es\/renting-empresas\/#organization"},"potentialAction":[{"@type":"SearchAction","target":{"@type":"EntryPoint","urlTemplate":"https:\/\/rideon.es\/renting-empresas\/?s={search_term_string}"},"query-input":{"@type":"PropertyValueSpecification","valueRequired":true,"valueName":"search_term_string"}}],"inLanguage":"es"},{"@type":"Organization","@id":"https:\/\/rideon.es\/renting-empresas\/#organization","name":"Alquiler de motos mensual y Renting para Empresas","url":"https:\/\/rideon.es\/renting-empresas\/","logo":{"@type":"ImageObject","inLanguage":"es","@id":"https:\/\/rideon.es\/renting-empresas\/#\/schema\/logo\/image\/","url":"https:\/\/rideon.es\/renting-empresas\/wp-content\/uploads\/sites\/19\/2020\/02\/rideon_logo-200x78-1.png","contentUrl":"https:\/\/rideon.es\/renting-empresas\/wp-content\/uploads\/sites\/19\/2020\/02\/rideon_logo-200x78-1.png","width":200,"height":78,"caption":"Alquiler de motos mensual y Renting para Empresas"},"image":{"@id":"https:\/\/rideon.es\/renting-empresas\/#\/schema\/logo\/image\/"}},{"@type":"Person","@id":"https:\/\/rideon.es\/renting-empresas\/#\/schema\/person\/48d6770e55c623d929bd20ce295611a7","name":"Ride On","image":{"@type":"ImageObject","inLanguage":"es","@id":"https:\/\/secure.gravatar.com\/avatar\/785e72183089da6a00243c0f0e2d52db79b9983b602219afb07c868943086138?s=96&d=mm&r=g","url":"https:\/\/secure.gravatar.com\/avatar\/785e72183089da6a00243c0f0e2d52db79b9983b602219afb07c868943086138?s=96&d=mm&r=g","contentUrl":"https:\/\/secure.gravatar.com\/avatar\/785e72183089da6a00243c0f0e2d52db79b9983b602219afb07c868943086138?s=96&d=mm&r=g","caption":"Ride On"},"url":"https:\/\/rideon.es\/renting-empresas\/author\/eduardoyauri\/"}]}},"_links":{"self":[{"href":"https:\/\/rideon.es\/renting-empresas\/wp-json\/wp\/v2\/posts\/1305","targetHints":{"allow":["GET"]}}],"collection":[{"href":"https:\/\/rideon.es\/renting-empresas\/wp-json\/wp\/v2\/posts"}],"about":[{"href":"https:\/\/rideon.es\/renting-empresas\/wp-json\/wp\/v2\/types\/post"}],"author":[{"embeddable":true,"href":"https:\/\/rideon.es\/renting-empresas\/wp-json\/wp\/v2\/users\/2"}],"replies":[{"embeddable":true,"href":"https:\/\/rideon.es\/renting-empresas\/wp-json\/wp\/v2\/comments?post=1305"}],"version-history":[{"count":0,"href":"https:\/\/rideon.es\/renting-empresas\/wp-json\/wp\/v2\/posts\/1305\/revisions"}],"wp:featuredmedia":[{"embeddable":true,"href":"https:\/\/rideon.es\/renting-empresas\/wp-json\/"}],"wp:attachment":[{"href":"https:\/\/rideon.es\/renting-empresas\/wp-json\/wp\/v2\/media?parent=1305"}],"wp:term":[{"taxonomy":"category","embeddable":true,"href":"https:\/\/rideon.es\/renting-empresas\/wp-json\/wp\/v2\/categories?post=1305"},{"taxonomy":"post_tag","embeddable":true,"href":"https:\/\/rideon.es\/renting-empresas\/wp-json\/wp\/v2\/tags?post=1305"}],"curies":[{"name":"wp","href":"https:\/\/api.w.org\/{rel}","templated":true}]}}