{"id":1302,"date":"2016-11-10T14:00:09","date_gmt":"2016-11-10T14:00:09","guid":{"rendered":"https:\/\/rideon.es\/?p=1302"},"modified":"2016-11-10T14:00:09","modified_gmt":"2016-11-10T14:00:09","slug":"descubre-la-antigua-menorca","status":"publish","type":"post","link":"https:\/\/rideon.es\/renting-empresas\/descubre-la-antigua-menorca\/","title":{"rendered":"Descubre la Antigua Menorca"},"content":{"rendered":"<h2>Descubre la Antigua Menorca<\/h2>\n<p><span style=\"font-weight: 400\">La isla de Menorca tiene una extensi\u00f3n de poco m\u00e1s de 700 Km2, es la segunda isla de las Baleares, presenta un paisaje predominantemente horizontal siendo su mayor altura el monte Toro, de 350 metros de altitud y su costa en general es alta y acantilada presentando las importantes bah\u00edas de Fornells, Ciudadela y mah\u00f3n. Desde RIdeon animamos a visitar Menorca con el <\/span><a href=\"http:\/\/www.rideonmotorent.com\/\"><span style=\"font-weight: 400\">alquiler moto menorca<\/span><\/a><span style=\"font-weight: 400\">.<\/span><br \/>\n<span style=\"font-weight: 400\">Una de las formas m\u00e1s estupendas de entrar en la isla es en barco, entrando por el puerto de mah\u00f3n, uno se sorprende del enorme pedazo de mar que entra dentro de esta fant\u00e1stica bah\u00eda. A lo largo de la hist\u00f3ria de toda la isla de Menorca se percibe la importancia de la situaci\u00f3n estrat\u00e9gica del puerto de Mah\u00f3n. Desde el 3.000 antes de cristo much\u00edsimas civilizaciones han llegado a Menorca. Los pretalayoticos, es el nombre de la sociedad correspondiente, aproximadamente, a la Edad del Hierro en las islas Gimnesias (Mallorca y Menorca en el archipi\u00e9lago Balear). Sus or\u00edgenes datan de finales del II milenio a. C., cuando la mal llamada Cultura Pretalay\u00f3tica entr\u00f3 en crisis y vivi\u00f3 su consiguiente evoluci\u00f3n. Su nombre procede de los talayotes , que son las construcciones m\u00e1s emblem\u00e1ticas y abundantes de la prehistoria balear.<\/span><br \/>\n<img decoding=\"async\" class=\"img-responsive\" src=\"http:\/\/www.rideonmotorent.com\/wp-content\/uploads\/2016\/06\/Talayote_menorca.jpg\" alt=\"Talayotes en Menorca\" width=\"100%\" \/><br \/>\n<span style=\"font-weight: 400\">Hacia el 1.200 aparecieron los talay\u00f3ticos que realizaron los construcciones megal\u00edticas de la isla como son <\/span><a href=\"https:\/\/es.wikipedia.org\/wiki\/Talayote\"><span style=\"font-weight: 400\">los Talayots<\/span><\/a><span style=\"font-weight: 400\">, <\/span><a href=\"http:\/\/www.talayots.es\/intro\/div1esp.htm\"><span style=\"font-weight: 400\">las taulas<\/span><\/a><span style=\"font-weight: 400\">, monumentos religiosos \u00fanicos en el mundo. Y despu\u00e9s incluso la ciudad cicl\u00f3pea con las murallas de piedra sin argamasa de <\/span><a href=\"https:\/\/es.wikipedia.org\/wiki\/Poblado_de_Son_Catlar\"><span style=\"font-weight: 400\">\u00a0son catlar<\/span><\/a><span style=\"font-weight: 400\"> en Ciudadela. Un rinc\u00f3n digno de ser visitado sobretodo si se disfruta de un <\/span><a href=\"http:\/\/www.rideonmotorent.com\/promociones\/\"><span style=\"font-weight: 400\">alquiler motos menorca<\/span><\/a><span style=\"font-weight: 400\">.<\/span><br \/>\n&nbsp;<br \/>\n<span style=\"font-weight: 400\">Al acceder al puerto de Mah\u00f3n se divisa el antiguo castillo espa\u00f1ol de San Felipe, \u00a0un castillo creado con la finalidad de neutralizar los ataques de Barbarroja en Mah\u00f3n, Felipe II orden\u00f3 la construcci\u00f3n de un castillo para evitar nuevos asaltos de los Otomanos. En Rideon Ofrecemos <\/span><a href=\"http:\/\/www.rideonmotorent.com\/oficinas\/\"><span style=\"font-weight: 400\">alquiler de motos en el puerto de Mah\u00f3n<\/span><\/a><span style=\"font-weight: 400\">, para disfrutar de Menorca en moto.<\/span><br \/>\n&nbsp;<br \/>\n<span style=\"font-weight: 400\">Los ingleses llegaron con la mentalidad de emplear el puerto, ya que necesitaban apoyar su base de Gibraltar que no ten\u00eda posibilidades de mantener un puerto, mantener un arsenal que permitiera que su escuadra una vez llegado el invierno no tuviera que marchar a inglaterra.<\/span><br \/>\n&nbsp;<br \/>\n<span style=\"font-weight: 400\">Atravesando el canal de uni\u00f3n entre mah\u00f3n y la <\/span><a href=\"https:\/\/goo.gl\/maps\/C1e9zAu3RGn\"><span style=\"font-weight: 400\">fortaleza de la mola<\/span><\/a><span style=\"font-weight: 400\"> se puede ver c\u00f3mo se logr\u00f3 establecer contacto mar\u00edtimo entre estos dos importantes puntos para evitar el paso por la boca del puerto que los temporales de levante lo hac\u00edan de una navegaci\u00f3n prohibitiva. Los ingleses ocuparon Menorca con la firme idea de sentarse en el mediterr\u00e1nea a principios del S.XVIII.<\/span><br \/>\n<span style=\"font-weight: 400\">Dice la Leyenda que al almirante Nelson, \u00a0famoso por sus victorias en las Guerras Napole\u00f3nicas y en Trafalgar, lleg\u00f3 a la isla de Menorca el 12 de octubre de 1799 a bordo del Foudroyant. Se sabe que se hosped\u00f3 en el predio de Sant Antoni, hermosa finca del puerto de Ma\u00f3 m\u00e1s conocida como Golden Farm, y que seis d\u00edas despu\u00e9s zarp\u00f3 para Sicilia y Malta.<\/span><br \/>\n<img decoding=\"async\" class=\"img-responsive\" src=\"http:\/\/www.rideonmotorent.com\/wp-content\/uploads\/2016\/06\/casa_almirante_nelson.jpg\" alt=\"casa almirante Nelson\" width=\"100%\" \/><br \/>\n<span style=\"font-weight: 400\">El turismo es lo que ha dado vida a la isla, a partir del S.XIX empieza a resurgir la econom\u00eda de la isla pero nunca alcanzaba niveles grandes, actualmente el turismo ha complementado las otras riquezas de la isla y realmente la isla a finales del S.XX ha alcanzado un nivel econ\u00f3mico muy alto. <\/span><br \/>\n&nbsp;<br \/>\n<span style=\"font-weight: 400\">Desde el puerto y por la cuesta de ses Voltes empieza la subida hacia el centro de la ciudad, se pueden divisar las perspectivas de la zona modernista, aquella donde su edificaciones se realizaron en momentos de m\u00e1ximo esplendor econ\u00f3mico y en la plaza de la conquesta se eleva la estatua de Alfonso III de Arag\u00f3n, el reconquistador de la isla y a sus espaldas el palacio mercadal guarda ahora la biblioteca p\u00fablica de Mah\u00f3n.<\/span><br \/>\n<img decoding=\"async\" class=\"img-responsive\" src=\"http:\/\/www.rideonmotorent.com\/wp-content\/uploads\/2016\/06\/casa_almirante_nelson.jpg\" alt=\"casa almirante Nelson\" width=\"100%\" \/><br \/>\n<span style=\"font-weight: 400\">En las calles de la ciudad se llenan las terrazas de gente, en todas las partes se respira una laxitud de tranquilidad. En la plaza de Col\u00f3n una est\u00e1tua de formas rom\u00e1nticas homenajea la figura de una cupletista local.<\/span><br \/>\n<span style=\"font-weight: 400\">Dicen los menorquines que una de los pocas herencias que dejaron los ingleses en la isla es la palabra bottle en lugar de ampolla, que es la forma catalana de referirse a las botellas. <\/span><br \/>\n<img decoding=\"async\" class=\"img-responsive\" src=\"http:\/\/www.rideonmotorent.com\/wp-content\/uploads\/2016\/06\/Centro_menorca.jpg\" alt=\"Visitar el centro de Menorca\" width=\"100%\" \/><br \/>\n<span style=\"font-weight: 400\">Pero hay rasgos en los edificios, sobretodo en las ventanas y en las galer\u00edas que a veces sino fuese por el sol deslumbrante se pudiera pensar que se est\u00e1 paseando por alg\u00fan barrio londinense.<\/span><br \/>\n<span style=\"font-weight: 400\">Para m\u00e1s informaci\u00f3n visiten nuestro Blog de <\/span><a href=\"http:\/\/www.rideonmotorent.com\/\"><span style=\"font-weight: 400\">alquiler motos Menorca<\/span><\/a><span style=\"font-weight: 400\"> y disfruten de los mejores rincones de la isla<\/span><br \/>\n&nbsp;<\/p>\n","protected":false},"excerpt":{"rendered":"<p>Descubre la Antigua Menorca La isla de Menorca tiene una extensi\u00f3n de poco m\u00e1s de 700 Km2, es la segunda isla de las Baleares, presenta un paisaje predominantemente horizontal siendo su mayor altura el monte Toro, de 350 metros de altitud y su costa en general es alta y acantilada presentando las importantes bah\u00edas de<\/p>\n","protected":false},"author":2,"featured_media":1303,"comment_status":"open","ping_status":"closed","sticky":false,"template":"","format":"standard","meta":{"inline_featured_image":false,"footnotes":""},"categories":[12,40],"tags":[],"class_list":["post-1302","post","type-post","status-publish","format-standard","has-post-thumbnail","hentry","category-blog","category-consejos-viajar-menorca"],"yoast_head":"<!-- This site is optimized with the Yoast SEO Premium plugin v18.7 (Yoast SEO v27.5) - https:\/\/yoast.com\/product\/yoast-seo-premium-wordpress\/ -->\n<title>Descubre el centro de Ciutadella<\/title>\n<meta name=\"description\" content=\"Levantada sobre el brazo de mar que a modo de r\u00eda se interna en la tierra, Ciutadella se erige poderosa. Descubre Menorca con tu alquiler moto Menorca.\" \/>\n<meta name=\"robots\" content=\"index, follow, max-snippet:-1, max-image-preview:large, max-video-preview:-1\" \/>\n<link rel=\"canonical\" href=\"https:\/\/rideon.es\/renting-empresas\/descubre-la-antigua-menorca\/\" \/>\n<meta property=\"og:locale\" content=\"es_ES\" \/>\n<meta property=\"og:type\" content=\"article\" \/>\n<meta property=\"og:title\" content=\"Descubre la Antigua Menorca\" \/>\n<meta property=\"og:description\" content=\"Levantada sobre el brazo de mar que a modo de r\u00eda se interna en la tierra, Ciutadella se erige poderosa. Descubre Menorca con tu alquiler moto Menorca.\" \/>\n<meta property=\"og:url\" content=\"https:\/\/rideon.es\/renting-empresas\/descubre-la-antigua-menorca\/\" \/>\n<meta property=\"og:site_name\" content=\"Alquiler de motos mensual y Renting para Empresas\" \/>\n<meta property=\"article:published_time\" content=\"2016-11-10T14:00:09+00:00\" \/>\n<meta name=\"author\" content=\"Ride On\" \/>\n<meta name=\"twitter:card\" content=\"summary_large_image\" \/>\n<meta name=\"twitter:label1\" content=\"Escrito por\" \/>\n\t<meta name=\"twitter:data1\" content=\"Ride On\" \/>\n\t<meta name=\"twitter:label2\" content=\"Tiempo de lectura\" \/>\n\t<meta name=\"twitter:data2\" content=\"4 minutos\" \/>\n<script type=\"application\/ld+json\" class=\"yoast-schema-graph\">{\"@context\":\"https:\\\/\\\/schema.org\",\"@graph\":[{\"@type\":\"Article\",\"@id\":\"https:\\\/\\\/rideon.es\\\/renting-empresas\\\/descubre-la-antigua-menorca\\\/#article\",\"isPartOf\":{\"@id\":\"https:\\\/\\\/rideon.es\\\/renting-empresas\\\/descubre-la-antigua-menorca\\\/\"},\"author\":{\"name\":\"Ride On\",\"@id\":\"https:\\\/\\\/rideon.es\\\/renting-empresas\\\/#\\\/schema\\\/person\\\/48d6770e55c623d929bd20ce295611a7\"},\"headline\":\"Descubre la Antigua Menorca\",\"datePublished\":\"2016-11-10T14:00:09+00:00\",\"mainEntityOfPage\":{\"@id\":\"https:\\\/\\\/rideon.es\\\/renting-empresas\\\/descubre-la-antigua-menorca\\\/\"},\"wordCount\":820,\"commentCount\":0,\"publisher\":{\"@id\":\"https:\\\/\\\/rideon.es\\\/renting-empresas\\\/#organization\"},\"image\":{\"@id\":\"https:\\\/\\\/rideon.es\\\/renting-empresas\\\/descubre-la-antigua-menorca\\\/#primaryimage\"},\"thumbnailUrl\":\"\",\"articleSection\":[\"Blog\",\"Consejos viajar Menorca\"],\"inLanguage\":\"es\",\"potentialAction\":[{\"@type\":\"CommentAction\",\"name\":\"Comment\",\"target\":[\"https:\\\/\\\/rideon.es\\\/renting-empresas\\\/descubre-la-antigua-menorca\\\/#respond\"]}]},{\"@type\":\"WebPage\",\"@id\":\"https:\\\/\\\/rideon.es\\\/renting-empresas\\\/descubre-la-antigua-menorca\\\/\",\"url\":\"https:\\\/\\\/rideon.es\\\/renting-empresas\\\/descubre-la-antigua-menorca\\\/\",\"name\":\"Descubre el centro de Ciutadella\",\"isPartOf\":{\"@id\":\"https:\\\/\\\/rideon.es\\\/renting-empresas\\\/#website\"},\"primaryImageOfPage\":{\"@id\":\"https:\\\/\\\/rideon.es\\\/renting-empresas\\\/descubre-la-antigua-menorca\\\/#primaryimage\"},\"image\":{\"@id\":\"https:\\\/\\\/rideon.es\\\/renting-empresas\\\/descubre-la-antigua-menorca\\\/#primaryimage\"},\"thumbnailUrl\":\"\",\"datePublished\":\"2016-11-10T14:00:09+00:00\",\"description\":\"Levantada sobre el brazo de mar que a modo de r\u00eda se interna en la tierra, Ciutadella se erige poderosa. Descubre Menorca con tu alquiler moto Menorca.\",\"inLanguage\":\"es\",\"potentialAction\":[{\"@type\":\"ReadAction\",\"target\":[\"https:\\\/\\\/rideon.es\\\/renting-empresas\\\/descubre-la-antigua-menorca\\\/\"]}]},{\"@type\":\"ImageObject\",\"inLanguage\":\"es\",\"@id\":\"https:\\\/\\\/rideon.es\\\/renting-empresas\\\/descubre-la-antigua-menorca\\\/#primaryimage\",\"url\":\"\",\"contentUrl\":\"\"},{\"@type\":\"WebSite\",\"@id\":\"https:\\\/\\\/rideon.es\\\/renting-empresas\\\/#website\",\"url\":\"https:\\\/\\\/rideon.es\\\/renting-empresas\\\/\",\"name\":\"Alquiler de motos mensual y Renting para Empresas\",\"description\":\"Las motos m\u00e1s c\u00f3modas y seguras para disfrutar de tus vacaciones sobre ruedas. Alquiler de motos en Menorca, Mallorca, Barcelona y Valencia con Rideon.es\",\"publisher\":{\"@id\":\"https:\\\/\\\/rideon.es\\\/renting-empresas\\\/#organization\"},\"potentialAction\":[{\"@type\":\"SearchAction\",\"target\":{\"@type\":\"EntryPoint\",\"urlTemplate\":\"https:\\\/\\\/rideon.es\\\/renting-empresas\\\/?s={search_term_string}\"},\"query-input\":{\"@type\":\"PropertyValueSpecification\",\"valueRequired\":true,\"valueName\":\"search_term_string\"}}],\"inLanguage\":\"es\"},{\"@type\":\"Organization\",\"@id\":\"https:\\\/\\\/rideon.es\\\/renting-empresas\\\/#organization\",\"name\":\"Alquiler de motos mensual y Renting para Empresas\",\"url\":\"https:\\\/\\\/rideon.es\\\/renting-empresas\\\/\",\"logo\":{\"@type\":\"ImageObject\",\"inLanguage\":\"es\",\"@id\":\"https:\\\/\\\/rideon.es\\\/renting-empresas\\\/#\\\/schema\\\/logo\\\/image\\\/\",\"url\":\"https:\\\/\\\/rideon.es\\\/renting-empresas\\\/wp-content\\\/uploads\\\/sites\\\/19\\\/2020\\\/02\\\/rideon_logo-200x78-1.png\",\"contentUrl\":\"https:\\\/\\\/rideon.es\\\/renting-empresas\\\/wp-content\\\/uploads\\\/sites\\\/19\\\/2020\\\/02\\\/rideon_logo-200x78-1.png\",\"width\":200,\"height\":78,\"caption\":\"Alquiler de motos mensual y Renting para Empresas\"},\"image\":{\"@id\":\"https:\\\/\\\/rideon.es\\\/renting-empresas\\\/#\\\/schema\\\/logo\\\/image\\\/\"}},{\"@type\":\"Person\",\"@id\":\"https:\\\/\\\/rideon.es\\\/renting-empresas\\\/#\\\/schema\\\/person\\\/48d6770e55c623d929bd20ce295611a7\",\"name\":\"Ride On\",\"image\":{\"@type\":\"ImageObject\",\"inLanguage\":\"es\",\"@id\":\"https:\\\/\\\/secure.gravatar.com\\\/avatar\\\/785e72183089da6a00243c0f0e2d52db79b9983b602219afb07c868943086138?s=96&d=mm&r=g\",\"url\":\"https:\\\/\\\/secure.gravatar.com\\\/avatar\\\/785e72183089da6a00243c0f0e2d52db79b9983b602219afb07c868943086138?s=96&d=mm&r=g\",\"contentUrl\":\"https:\\\/\\\/secure.gravatar.com\\\/avatar\\\/785e72183089da6a00243c0f0e2d52db79b9983b602219afb07c868943086138?s=96&d=mm&r=g\",\"caption\":\"Ride On\"},\"url\":\"https:\\\/\\\/rideon.es\\\/renting-empresas\\\/author\\\/eduardoyauri\\\/\"}]}<\/script>\n<!-- \/ Yoast SEO Premium plugin. -->","yoast_head_json":{"title":"Descubre el centro de Ciutadella","description":"Levantada sobre el brazo de mar que a modo de r\u00eda se interna en la tierra, Ciutadella se erige poderosa. Descubre Menorca con tu alquiler moto Menorca.","robots":{"index":"index","follow":"follow","max-snippet":"max-snippet:-1","max-image-preview":"max-image-preview:large","max-video-preview":"max-video-preview:-1"},"canonical":"https:\/\/rideon.es\/renting-empresas\/descubre-la-antigua-menorca\/","og_locale":"es_ES","og_type":"article","og_title":"Descubre la Antigua Menorca","og_description":"Levantada sobre el brazo de mar que a modo de r\u00eda se interna en la tierra, Ciutadella se erige poderosa. Descubre Menorca con tu alquiler moto Menorca.","og_url":"https:\/\/rideon.es\/renting-empresas\/descubre-la-antigua-menorca\/","og_site_name":"Alquiler de motos mensual y Renting para Empresas","article_published_time":"2016-11-10T14:00:09+00:00","author":"Ride On","twitter_card":"summary_large_image","twitter_misc":{"Escrito por":"Ride On","Tiempo de lectura":"4 minutos"},"schema":{"@context":"https:\/\/schema.org","@graph":[{"@type":"Article","@id":"https:\/\/rideon.es\/renting-empresas\/descubre-la-antigua-menorca\/#article","isPartOf":{"@id":"https:\/\/rideon.es\/renting-empresas\/descubre-la-antigua-menorca\/"},"author":{"name":"Ride On","@id":"https:\/\/rideon.es\/renting-empresas\/#\/schema\/person\/48d6770e55c623d929bd20ce295611a7"},"headline":"Descubre la Antigua Menorca","datePublished":"2016-11-10T14:00:09+00:00","mainEntityOfPage":{"@id":"https:\/\/rideon.es\/renting-empresas\/descubre-la-antigua-menorca\/"},"wordCount":820,"commentCount":0,"publisher":{"@id":"https:\/\/rideon.es\/renting-empresas\/#organization"},"image":{"@id":"https:\/\/rideon.es\/renting-empresas\/descubre-la-antigua-menorca\/#primaryimage"},"thumbnailUrl":"","articleSection":["Blog","Consejos viajar Menorca"],"inLanguage":"es","potentialAction":[{"@type":"CommentAction","name":"Comment","target":["https:\/\/rideon.es\/renting-empresas\/descubre-la-antigua-menorca\/#respond"]}]},{"@type":"WebPage","@id":"https:\/\/rideon.es\/renting-empresas\/descubre-la-antigua-menorca\/","url":"https:\/\/rideon.es\/renting-empresas\/descubre-la-antigua-menorca\/","name":"Descubre el centro de Ciutadella","isPartOf":{"@id":"https:\/\/rideon.es\/renting-empresas\/#website"},"primaryImageOfPage":{"@id":"https:\/\/rideon.es\/renting-empresas\/descubre-la-antigua-menorca\/#primaryimage"},"image":{"@id":"https:\/\/rideon.es\/renting-empresas\/descubre-la-antigua-menorca\/#primaryimage"},"thumbnailUrl":"","datePublished":"2016-11-10T14:00:09+00:00","description":"Levantada sobre el brazo de mar que a modo de r\u00eda se interna en la tierra, Ciutadella se erige poderosa. Descubre Menorca con tu alquiler moto Menorca.","inLanguage":"es","potentialAction":[{"@type":"ReadAction","target":["https:\/\/rideon.es\/renting-empresas\/descubre-la-antigua-menorca\/"]}]},{"@type":"ImageObject","inLanguage":"es","@id":"https:\/\/rideon.es\/renting-empresas\/descubre-la-antigua-menorca\/#primaryimage","url":"","contentUrl":""},{"@type":"WebSite","@id":"https:\/\/rideon.es\/renting-empresas\/#website","url":"https:\/\/rideon.es\/renting-empresas\/","name":"Alquiler de motos mensual y Renting para Empresas","description":"Las motos m\u00e1s c\u00f3modas y seguras para disfrutar de tus vacaciones sobre ruedas. Alquiler de motos en Menorca, Mallorca, Barcelona y Valencia con Rideon.es","publisher":{"@id":"https:\/\/rideon.es\/renting-empresas\/#organization"},"potentialAction":[{"@type":"SearchAction","target":{"@type":"EntryPoint","urlTemplate":"https:\/\/rideon.es\/renting-empresas\/?s={search_term_string}"},"query-input":{"@type":"PropertyValueSpecification","valueRequired":true,"valueName":"search_term_string"}}],"inLanguage":"es"},{"@type":"Organization","@id":"https:\/\/rideon.es\/renting-empresas\/#organization","name":"Alquiler de motos mensual y Renting para Empresas","url":"https:\/\/rideon.es\/renting-empresas\/","logo":{"@type":"ImageObject","inLanguage":"es","@id":"https:\/\/rideon.es\/renting-empresas\/#\/schema\/logo\/image\/","url":"https:\/\/rideon.es\/renting-empresas\/wp-content\/uploads\/sites\/19\/2020\/02\/rideon_logo-200x78-1.png","contentUrl":"https:\/\/rideon.es\/renting-empresas\/wp-content\/uploads\/sites\/19\/2020\/02\/rideon_logo-200x78-1.png","width":200,"height":78,"caption":"Alquiler de motos mensual y Renting para Empresas"},"image":{"@id":"https:\/\/rideon.es\/renting-empresas\/#\/schema\/logo\/image\/"}},{"@type":"Person","@id":"https:\/\/rideon.es\/renting-empresas\/#\/schema\/person\/48d6770e55c623d929bd20ce295611a7","name":"Ride On","image":{"@type":"ImageObject","inLanguage":"es","@id":"https:\/\/secure.gravatar.com\/avatar\/785e72183089da6a00243c0f0e2d52db79b9983b602219afb07c868943086138?s=96&d=mm&r=g","url":"https:\/\/secure.gravatar.com\/avatar\/785e72183089da6a00243c0f0e2d52db79b9983b602219afb07c868943086138?s=96&d=mm&r=g","contentUrl":"https:\/\/secure.gravatar.com\/avatar\/785e72183089da6a00243c0f0e2d52db79b9983b602219afb07c868943086138?s=96&d=mm&r=g","caption":"Ride On"},"url":"https:\/\/rideon.es\/renting-empresas\/author\/eduardoyauri\/"}]}},"_links":{"self":[{"href":"https:\/\/rideon.es\/renting-empresas\/wp-json\/wp\/v2\/posts\/1302","targetHints":{"allow":["GET"]}}],"collection":[{"href":"https:\/\/rideon.es\/renting-empresas\/wp-json\/wp\/v2\/posts"}],"about":[{"href":"https:\/\/rideon.es\/renting-empresas\/wp-json\/wp\/v2\/types\/post"}],"author":[{"embeddable":true,"href":"https:\/\/rideon.es\/renting-empresas\/wp-json\/wp\/v2\/users\/2"}],"replies":[{"embeddable":true,"href":"https:\/\/rideon.es\/renting-empresas\/wp-json\/wp\/v2\/comments?post=1302"}],"version-history":[{"count":0,"href":"https:\/\/rideon.es\/renting-empresas\/wp-json\/wp\/v2\/posts\/1302\/revisions"}],"wp:featuredmedia":[{"embeddable":true,"href":"https:\/\/rideon.es\/renting-empresas\/wp-json\/"}],"wp:attachment":[{"href":"https:\/\/rideon.es\/renting-empresas\/wp-json\/wp\/v2\/media?parent=1302"}],"wp:term":[{"taxonomy":"category","embeddable":true,"href":"https:\/\/rideon.es\/renting-empresas\/wp-json\/wp\/v2\/categories?post=1302"},{"taxonomy":"post_tag","embeddable":true,"href":"https:\/\/rideon.es\/renting-empresas\/wp-json\/wp\/v2\/tags?post=1302"}],"curies":[{"name":"wp","href":"https:\/\/api.w.org\/{rel}","templated":true}]}}