{"id":1299,"date":"2016-11-10T13:58:36","date_gmt":"2016-11-10T13:58:36","guid":{"rendered":"https:\/\/rideon.es\/?p=1299"},"modified":"2016-11-10T13:58:36","modified_gmt":"2016-11-10T13:58:36","slug":"puerto-de-menorca-y-mercadal","status":"publish","type":"post","link":"https:\/\/rideon.es\/renting-empresas\/puerto-de-menorca-y-mercadal\/","title":{"rendered":"Puerto de Menorca y Mercadal"},"content":{"rendered":"<h2>Puerto de Menorca y Mercadal<\/h2>\n<p><span style=\"font-weight: 400\">Por la zona del puerto Pesquero de Menorca las edificaciones ya nada tienen que ver con las construcciones influidas por la tradici\u00f3n inglesa. Aunque dentro de ellas se levanta otra de las tradiciones arreladas a la cultura menorquina fruto del paso de los ingleses por la isla, la destiler\u00eda de Gin, Ginebra \u00a0o pomada como la llaman las gentes de Ciutadella. Con cuatro alambiques, alcohol vin\u00edcola del Pened\u00e8s y las esencias de la Ginesta se prepara \u00a0esta rica bebida reina de las populares fiestas.. Desde Rideonmotorent animamos a visitar Menorca con el <\/span><a href=\"http:\/\/www.rideonmotorent.com\/\"><span style=\"font-weight: 400\">alquiler moto menorca<\/span><\/a><span style=\"font-weight: 400\">.<\/span><br \/>\n&nbsp;<br \/>\n<img decoding=\"async\" class=\"img-responsive\" src=\"http:\/\/www.rideonmotorent.com\/wp-content\/uploads\/2016\/06\/Pomada_Menorca.jpg\" alt=\"Fabrica de Pomada en menorca\" width=\"100%\" \/><br \/>\n<span style=\"font-weight: 400\">Dentro de la iglesia de Santa Mar\u00eda existe un \u00f3rgano de 3.200 tubos que en sus or\u00edgenes no deb\u00eda ser destinado a mah\u00f3n pero la mala suerte de una tormenta lo desvi\u00f3 hasta all\u00ed. Actualmente es el gran orgullo de la iglesia y hasta la fecha de hoy a las 10 en punto de cada d\u00eda hay un excelente concierto a la fresca penumbra del recinto religioso. Un rinc\u00f3n digno de ser visitado sobretodo si se disfruta de un <\/span><a href=\"http:\/\/www.rideonmotorent.com\/promociones\/\"><span style=\"font-weight: 400\">alquiler motos menorca<\/span><\/a><span style=\"font-weight: 400\">. \u00a0Nada confiere m\u00e1s tranquilidad y desasosiego que visitar a temprana hora de la ma\u00f1ana el yacimiento de Torralba, un espacio que resume un conjunto levantado por una civilizaci\u00f3n pret\u00e9rita, \u00a0pozos, talayots, enterramientos. Una de sus caras verticales aparece tallada como si alguien ya hubiese querido santificar la piedra, tan importante en un a isla como Menorca, donde la piedra es reina de la mayor\u00eda de los horizontes que de forma abrupta desciendas hasta el mar.<\/span><br \/>\n&nbsp;<br \/>\n<img decoding=\"async\" class=\"img-responsive\" src=\"http:\/\/www.rideonmotorent.com\/wp-content\/uploads\/2016\/06\/Yacimiento_torralba.jpg\" alt=\"yacimiento Torralba menorca\" width=\"100%\" \/><br \/>\n<span style=\"font-weight: 400\">Visitar alguna de los caser\u00edos con la finalidad de descubrir c\u00f3mo se fabrica el rico queso denominaci\u00f3n de or\u00edgen de Menorca, todo nace de unas vacas rojas o menorquinas, aut\u00f3ctona raza de la isla, son vacas desmochadas sin cuernos que pasturan de forma libre por las colinas de Menorca. Despu\u00e9s de sus dos paseos diarios por la monta\u00f1a las vacas vuelven a lo establos y con la m\u00fasica cl\u00e1sica se dejan orde\u00f1ar por las orde\u00f1adoras autom\u00e1ticas.<\/span><br \/>\n<img decoding=\"async\" class=\"img-responsive\" src=\"http:\/\/www.rideonmotorent.com\/wp-content\/uploads\/2016\/06\/la_tipica_menorquina.jpg\" alt=\"La tipica menorquina\" width=\"100%\" \/><br \/>\n<span style=\"font-weight: 400\">Siguiendo el camino hacia Ciutadella nos encontramos con el pueblo de Mercadal, un pueblo silencioso de calles preciosas y casas de color blanco, uno pude contemplar las perspectivas casi cubistas de sus tejados, ah\u00ed podremos encontrar a una de las primeras zapatear\u00edas de la isla, un sitio lleno de recuerdos y d\u00f3nde todav\u00eda se construyen las autenticas abarcas menorquinas.<\/span><br \/>\n<span style=\"font-weight: 400\">La historia de la Abarca menorquina naces como la necesidad de calzar a los peyeses de la isla, al tener neum\u00e1ticos viejos pensaron en como aprovechar aquel material para poder andar por la parte norte de la isla, una zona abundante de roca. El neum\u00e1tico adem\u00e1s abundaba y era perfecto como suelo del zapato. En la t\u00edpica menorquina nos podremos hacer unas albarcas a medida, pudiendo tener un zapato ajustado a la perfecci\u00f3n de nuestros pies.<\/span><br \/>\n<span style=\"font-weight: 400\">Para m\u00e1s informaci\u00f3n visiten nuestro Blog de <\/span><a href=\"http:\/\/www.rideonmotorent.com\/\"><span style=\"font-weight: 400\">alquiler motos Menorca<\/span><\/a><span style=\"font-weight: 400\"> y disfruten de los mejores rincones de la isla. <a href=\"http:\/\/www.rideonmotorent.com\/\">Rideonmotorent<\/a><\/span><br \/>\n&nbsp;<\/p>\n","protected":false},"excerpt":{"rendered":"<p>Puerto de Menorca y Mercadal Por la zona del puerto Pesquero de Menorca las edificaciones ya nada tienen que ver con las construcciones influidas por la tradici\u00f3n inglesa. Aunque dentro de ellas se levanta otra de las tradiciones arreladas a la cultura menorquina fruto del paso de los ingleses por la isla, la destiler\u00eda de<\/p>\n","protected":false},"author":2,"featured_media":1300,"comment_status":"open","ping_status":"closed","sticky":false,"template":"","format":"standard","meta":{"inline_featured_image":false,"footnotes":""},"categories":[12,40],"tags":[],"class_list":["post-1299","post","type-post","status-publish","format-standard","has-post-thumbnail","hentry","category-blog","category-consejos-viajar-menorca"],"yoast_head":"<!-- This site is optimized with the Yoast SEO Premium plugin v18.7 (Yoast SEO v27.5) - https:\/\/yoast.com\/product\/yoast-seo-premium-wordpress\/ -->\n<title>Puerto de Menorca y Mercadal - Alquiler de motos mensual y Renting para Empresas<\/title>\n<meta name=\"robots\" content=\"index, follow, max-snippet:-1, max-image-preview:large, max-video-preview:-1\" \/>\n<link rel=\"canonical\" href=\"https:\/\/rideon.es\/renting-empresas\/puerto-de-menorca-y-mercadal\/\" \/>\n<meta property=\"og:locale\" content=\"es_ES\" \/>\n<meta property=\"og:type\" content=\"article\" \/>\n<meta property=\"og:title\" content=\"Puerto de Menorca y Mercadal\" \/>\n<meta property=\"og:description\" content=\"Puerto de Menorca y Mercadal Por la zona del puerto Pesquero de Menorca las edificaciones ya nada tienen que ver con las construcciones influidas por la tradici\u00f3n inglesa. Aunque dentro de ellas se levanta otra de las tradiciones arreladas a la cultura menorquina fruto del paso de los ingleses por la isla, la destiler\u00eda de\" \/>\n<meta property=\"og:url\" content=\"https:\/\/rideon.es\/renting-empresas\/puerto-de-menorca-y-mercadal\/\" \/>\n<meta property=\"og:site_name\" content=\"Alquiler de motos mensual y Renting para Empresas\" \/>\n<meta property=\"article:published_time\" content=\"2016-11-10T13:58:36+00:00\" \/>\n<meta name=\"author\" content=\"Ride On\" \/>\n<meta name=\"twitter:card\" content=\"summary_large_image\" \/>\n<meta name=\"twitter:label1\" content=\"Escrito por\" \/>\n\t<meta name=\"twitter:data1\" content=\"Ride On\" \/>\n\t<meta name=\"twitter:label2\" content=\"Tiempo de lectura\" \/>\n\t<meta name=\"twitter:data2\" content=\"3 minutos\" \/>\n<script type=\"application\/ld+json\" class=\"yoast-schema-graph\">{\"@context\":\"https:\\\/\\\/schema.org\",\"@graph\":[{\"@type\":\"Article\",\"@id\":\"https:\\\/\\\/rideon.es\\\/renting-empresas\\\/puerto-de-menorca-y-mercadal\\\/#article\",\"isPartOf\":{\"@id\":\"https:\\\/\\\/rideon.es\\\/renting-empresas\\\/puerto-de-menorca-y-mercadal\\\/\"},\"author\":{\"name\":\"Ride On\",\"@id\":\"https:\\\/\\\/rideon.es\\\/renting-empresas\\\/#\\\/schema\\\/person\\\/48d6770e55c623d929bd20ce295611a7\"},\"headline\":\"Puerto de Menorca y Mercadal\",\"datePublished\":\"2016-11-10T13:58:36+00:00\",\"mainEntityOfPage\":{\"@id\":\"https:\\\/\\\/rideon.es\\\/renting-empresas\\\/puerto-de-menorca-y-mercadal\\\/\"},\"wordCount\":531,\"commentCount\":0,\"publisher\":{\"@id\":\"https:\\\/\\\/rideon.es\\\/renting-empresas\\\/#organization\"},\"image\":{\"@id\":\"https:\\\/\\\/rideon.es\\\/renting-empresas\\\/puerto-de-menorca-y-mercadal\\\/#primaryimage\"},\"thumbnailUrl\":\"\",\"articleSection\":[\"Blog\",\"Consejos viajar Menorca\"],\"inLanguage\":\"es\",\"potentialAction\":[{\"@type\":\"CommentAction\",\"name\":\"Comment\",\"target\":[\"https:\\\/\\\/rideon.es\\\/renting-empresas\\\/puerto-de-menorca-y-mercadal\\\/#respond\"]}]},{\"@type\":\"WebPage\",\"@id\":\"https:\\\/\\\/rideon.es\\\/renting-empresas\\\/puerto-de-menorca-y-mercadal\\\/\",\"url\":\"https:\\\/\\\/rideon.es\\\/renting-empresas\\\/puerto-de-menorca-y-mercadal\\\/\",\"name\":\"Puerto de Menorca y Mercadal - Alquiler de motos mensual y Renting para Empresas\",\"isPartOf\":{\"@id\":\"https:\\\/\\\/rideon.es\\\/renting-empresas\\\/#website\"},\"primaryImageOfPage\":{\"@id\":\"https:\\\/\\\/rideon.es\\\/renting-empresas\\\/puerto-de-menorca-y-mercadal\\\/#primaryimage\"},\"image\":{\"@id\":\"https:\\\/\\\/rideon.es\\\/renting-empresas\\\/puerto-de-menorca-y-mercadal\\\/#primaryimage\"},\"thumbnailUrl\":\"\",\"datePublished\":\"2016-11-10T13:58:36+00:00\",\"inLanguage\":\"es\",\"potentialAction\":[{\"@type\":\"ReadAction\",\"target\":[\"https:\\\/\\\/rideon.es\\\/renting-empresas\\\/puerto-de-menorca-y-mercadal\\\/\"]}]},{\"@type\":\"ImageObject\",\"inLanguage\":\"es\",\"@id\":\"https:\\\/\\\/rideon.es\\\/renting-empresas\\\/puerto-de-menorca-y-mercadal\\\/#primaryimage\",\"url\":\"\",\"contentUrl\":\"\"},{\"@type\":\"WebSite\",\"@id\":\"https:\\\/\\\/rideon.es\\\/renting-empresas\\\/#website\",\"url\":\"https:\\\/\\\/rideon.es\\\/renting-empresas\\\/\",\"name\":\"Alquiler de motos mensual y Renting para Empresas\",\"description\":\"Las motos m\u00e1s c\u00f3modas y seguras para disfrutar de tus vacaciones sobre ruedas. Alquiler de motos en Menorca, Mallorca, Barcelona y Valencia con Rideon.es\",\"publisher\":{\"@id\":\"https:\\\/\\\/rideon.es\\\/renting-empresas\\\/#organization\"},\"potentialAction\":[{\"@type\":\"SearchAction\",\"target\":{\"@type\":\"EntryPoint\",\"urlTemplate\":\"https:\\\/\\\/rideon.es\\\/renting-empresas\\\/?s={search_term_string}\"},\"query-input\":{\"@type\":\"PropertyValueSpecification\",\"valueRequired\":true,\"valueName\":\"search_term_string\"}}],\"inLanguage\":\"es\"},{\"@type\":\"Organization\",\"@id\":\"https:\\\/\\\/rideon.es\\\/renting-empresas\\\/#organization\",\"name\":\"Alquiler de motos mensual y Renting para Empresas\",\"url\":\"https:\\\/\\\/rideon.es\\\/renting-empresas\\\/\",\"logo\":{\"@type\":\"ImageObject\",\"inLanguage\":\"es\",\"@id\":\"https:\\\/\\\/rideon.es\\\/renting-empresas\\\/#\\\/schema\\\/logo\\\/image\\\/\",\"url\":\"https:\\\/\\\/rideon.es\\\/renting-empresas\\\/wp-content\\\/uploads\\\/sites\\\/19\\\/2020\\\/02\\\/rideon_logo-200x78-1.png\",\"contentUrl\":\"https:\\\/\\\/rideon.es\\\/renting-empresas\\\/wp-content\\\/uploads\\\/sites\\\/19\\\/2020\\\/02\\\/rideon_logo-200x78-1.png\",\"width\":200,\"height\":78,\"caption\":\"Alquiler de motos mensual y Renting para Empresas\"},\"image\":{\"@id\":\"https:\\\/\\\/rideon.es\\\/renting-empresas\\\/#\\\/schema\\\/logo\\\/image\\\/\"}},{\"@type\":\"Person\",\"@id\":\"https:\\\/\\\/rideon.es\\\/renting-empresas\\\/#\\\/schema\\\/person\\\/48d6770e55c623d929bd20ce295611a7\",\"name\":\"Ride On\",\"image\":{\"@type\":\"ImageObject\",\"inLanguage\":\"es\",\"@id\":\"https:\\\/\\\/secure.gravatar.com\\\/avatar\\\/785e72183089da6a00243c0f0e2d52db79b9983b602219afb07c868943086138?s=96&d=mm&r=g\",\"url\":\"https:\\\/\\\/secure.gravatar.com\\\/avatar\\\/785e72183089da6a00243c0f0e2d52db79b9983b602219afb07c868943086138?s=96&d=mm&r=g\",\"contentUrl\":\"https:\\\/\\\/secure.gravatar.com\\\/avatar\\\/785e72183089da6a00243c0f0e2d52db79b9983b602219afb07c868943086138?s=96&d=mm&r=g\",\"caption\":\"Ride On\"},\"url\":\"https:\\\/\\\/rideon.es\\\/renting-empresas\\\/author\\\/eduardoyauri\\\/\"}]}<\/script>\n<!-- \/ Yoast SEO Premium plugin. -->","yoast_head_json":{"title":"Puerto de Menorca y Mercadal - Alquiler de motos mensual y Renting para Empresas","robots":{"index":"index","follow":"follow","max-snippet":"max-snippet:-1","max-image-preview":"max-image-preview:large","max-video-preview":"max-video-preview:-1"},"canonical":"https:\/\/rideon.es\/renting-empresas\/puerto-de-menorca-y-mercadal\/","og_locale":"es_ES","og_type":"article","og_title":"Puerto de Menorca y Mercadal","og_description":"Puerto de Menorca y Mercadal Por la zona del puerto Pesquero de Menorca las edificaciones ya nada tienen que ver con las construcciones influidas por la tradici\u00f3n inglesa. Aunque dentro de ellas se levanta otra de las tradiciones arreladas a la cultura menorquina fruto del paso de los ingleses por la isla, la destiler\u00eda de","og_url":"https:\/\/rideon.es\/renting-empresas\/puerto-de-menorca-y-mercadal\/","og_site_name":"Alquiler de motos mensual y Renting para Empresas","article_published_time":"2016-11-10T13:58:36+00:00","author":"Ride On","twitter_card":"summary_large_image","twitter_misc":{"Escrito por":"Ride On","Tiempo de lectura":"3 minutos"},"schema":{"@context":"https:\/\/schema.org","@graph":[{"@type":"Article","@id":"https:\/\/rideon.es\/renting-empresas\/puerto-de-menorca-y-mercadal\/#article","isPartOf":{"@id":"https:\/\/rideon.es\/renting-empresas\/puerto-de-menorca-y-mercadal\/"},"author":{"name":"Ride On","@id":"https:\/\/rideon.es\/renting-empresas\/#\/schema\/person\/48d6770e55c623d929bd20ce295611a7"},"headline":"Puerto de Menorca y Mercadal","datePublished":"2016-11-10T13:58:36+00:00","mainEntityOfPage":{"@id":"https:\/\/rideon.es\/renting-empresas\/puerto-de-menorca-y-mercadal\/"},"wordCount":531,"commentCount":0,"publisher":{"@id":"https:\/\/rideon.es\/renting-empresas\/#organization"},"image":{"@id":"https:\/\/rideon.es\/renting-empresas\/puerto-de-menorca-y-mercadal\/#primaryimage"},"thumbnailUrl":"","articleSection":["Blog","Consejos viajar Menorca"],"inLanguage":"es","potentialAction":[{"@type":"CommentAction","name":"Comment","target":["https:\/\/rideon.es\/renting-empresas\/puerto-de-menorca-y-mercadal\/#respond"]}]},{"@type":"WebPage","@id":"https:\/\/rideon.es\/renting-empresas\/puerto-de-menorca-y-mercadal\/","url":"https:\/\/rideon.es\/renting-empresas\/puerto-de-menorca-y-mercadal\/","name":"Puerto de Menorca y Mercadal - Alquiler de motos mensual y Renting para Empresas","isPartOf":{"@id":"https:\/\/rideon.es\/renting-empresas\/#website"},"primaryImageOfPage":{"@id":"https:\/\/rideon.es\/renting-empresas\/puerto-de-menorca-y-mercadal\/#primaryimage"},"image":{"@id":"https:\/\/rideon.es\/renting-empresas\/puerto-de-menorca-y-mercadal\/#primaryimage"},"thumbnailUrl":"","datePublished":"2016-11-10T13:58:36+00:00","inLanguage":"es","potentialAction":[{"@type":"ReadAction","target":["https:\/\/rideon.es\/renting-empresas\/puerto-de-menorca-y-mercadal\/"]}]},{"@type":"ImageObject","inLanguage":"es","@id":"https:\/\/rideon.es\/renting-empresas\/puerto-de-menorca-y-mercadal\/#primaryimage","url":"","contentUrl":""},{"@type":"WebSite","@id":"https:\/\/rideon.es\/renting-empresas\/#website","url":"https:\/\/rideon.es\/renting-empresas\/","name":"Alquiler de motos mensual y Renting para Empresas","description":"Las motos m\u00e1s c\u00f3modas y seguras para disfrutar de tus vacaciones sobre ruedas. Alquiler de motos en Menorca, Mallorca, Barcelona y Valencia con Rideon.es","publisher":{"@id":"https:\/\/rideon.es\/renting-empresas\/#organization"},"potentialAction":[{"@type":"SearchAction","target":{"@type":"EntryPoint","urlTemplate":"https:\/\/rideon.es\/renting-empresas\/?s={search_term_string}"},"query-input":{"@type":"PropertyValueSpecification","valueRequired":true,"valueName":"search_term_string"}}],"inLanguage":"es"},{"@type":"Organization","@id":"https:\/\/rideon.es\/renting-empresas\/#organization","name":"Alquiler de motos mensual y Renting para Empresas","url":"https:\/\/rideon.es\/renting-empresas\/","logo":{"@type":"ImageObject","inLanguage":"es","@id":"https:\/\/rideon.es\/renting-empresas\/#\/schema\/logo\/image\/","url":"https:\/\/rideon.es\/renting-empresas\/wp-content\/uploads\/sites\/19\/2020\/02\/rideon_logo-200x78-1.png","contentUrl":"https:\/\/rideon.es\/renting-empresas\/wp-content\/uploads\/sites\/19\/2020\/02\/rideon_logo-200x78-1.png","width":200,"height":78,"caption":"Alquiler de motos mensual y Renting para Empresas"},"image":{"@id":"https:\/\/rideon.es\/renting-empresas\/#\/schema\/logo\/image\/"}},{"@type":"Person","@id":"https:\/\/rideon.es\/renting-empresas\/#\/schema\/person\/48d6770e55c623d929bd20ce295611a7","name":"Ride On","image":{"@type":"ImageObject","inLanguage":"es","@id":"https:\/\/secure.gravatar.com\/avatar\/785e72183089da6a00243c0f0e2d52db79b9983b602219afb07c868943086138?s=96&d=mm&r=g","url":"https:\/\/secure.gravatar.com\/avatar\/785e72183089da6a00243c0f0e2d52db79b9983b602219afb07c868943086138?s=96&d=mm&r=g","contentUrl":"https:\/\/secure.gravatar.com\/avatar\/785e72183089da6a00243c0f0e2d52db79b9983b602219afb07c868943086138?s=96&d=mm&r=g","caption":"Ride On"},"url":"https:\/\/rideon.es\/renting-empresas\/author\/eduardoyauri\/"}]}},"_links":{"self":[{"href":"https:\/\/rideon.es\/renting-empresas\/wp-json\/wp\/v2\/posts\/1299","targetHints":{"allow":["GET"]}}],"collection":[{"href":"https:\/\/rideon.es\/renting-empresas\/wp-json\/wp\/v2\/posts"}],"about":[{"href":"https:\/\/rideon.es\/renting-empresas\/wp-json\/wp\/v2\/types\/post"}],"author":[{"embeddable":true,"href":"https:\/\/rideon.es\/renting-empresas\/wp-json\/wp\/v2\/users\/2"}],"replies":[{"embeddable":true,"href":"https:\/\/rideon.es\/renting-empresas\/wp-json\/wp\/v2\/comments?post=1299"}],"version-history":[{"count":0,"href":"https:\/\/rideon.es\/renting-empresas\/wp-json\/wp\/v2\/posts\/1299\/revisions"}],"wp:featuredmedia":[{"embeddable":true,"href":"https:\/\/rideon.es\/renting-empresas\/wp-json\/"}],"wp:attachment":[{"href":"https:\/\/rideon.es\/renting-empresas\/wp-json\/wp\/v2\/media?parent=1299"}],"wp:term":[{"taxonomy":"category","embeddable":true,"href":"https:\/\/rideon.es\/renting-empresas\/wp-json\/wp\/v2\/categories?post=1299"},{"taxonomy":"post_tag","embeddable":true,"href":"https:\/\/rideon.es\/renting-empresas\/wp-json\/wp\/v2\/tags?post=1299"}],"curies":[{"name":"wp","href":"https:\/\/api.w.org\/{rel}","templated":true}]}}