{"id":1296,"date":"2016-11-10T13:56:47","date_gmt":"2016-11-10T13:56:47","guid":{"rendered":"https:\/\/rideon.es\/?p=1296"},"modified":"2016-11-10T13:56:47","modified_gmt":"2016-11-10T13:56:47","slug":"faros-de-menorca-y-fornells","status":"publish","type":"post","link":"https:\/\/rideon.es\/renting-empresas\/faros-de-menorca-y-fornells\/","title":{"rendered":"Faros de Menorca y Fornells"},"content":{"rendered":"<h2>Faros de Menorca y Fornells<\/h2>\n<p><span style=\"font-weight: 400\">La monta\u00f1a m\u00e1s alta de Menorca es el Toro, de la palabra romana Tor (altura), y que adem\u00e1s de guardar en sus lindes una santuario y una hospeder\u00eda, permite desde la cima del monte contemplar unas espectaculares vistas de todo el contorno de la isla. <\/span><br \/>\n<span style=\"font-weight: 400\">Desde la gran terraza construida en la parte superior se Divisa d\u00f3nde la tierra se convierte definitivamente en agua, como a vuelo de p\u00e1jaro todo los contornos surgen desde el fondo del valle con una riqueza natural sorprendente. Para una tradicional isla de navegantes cabe visitar los impresionantes faros que a d\u00eda de hoy siguen cuidando de las embarcaciones que atracan en la isla. La visita a los faros de Menorca es perfecta para disfrutar del <\/span><a href=\"http:\/\/www.rideonmotorent.com\/\"><span style=\"font-weight: 400\">alquiler moto menorca <\/span><\/a><span style=\"font-weight: 400\">con RideonMotorent.<\/span><br \/>\n&nbsp;<br \/>\n<img decoding=\"async\" class=\"img-responsive\" src=\"http:\/\/www.rideonmotorent.com\/wp-content\/uploads\/2016\/06\/Faro_favaritx_menorca.jpg\" alt=\"Faros de Favaritx\" width=\"100%\" \/><br \/>\n<span style=\"font-weight: 400\">El Faro de Favaritx, situado en el punto m\u00e1s oriental de la isla es seg\u00fan los menorquines el primer punto de Espa\u00f1a de divisar el sol. De las tres grandes bah\u00edas de Menorca, Fornells encarada al norte y golpeada por la tramuntana hace que sus aguas se transforman en un perfecto puerto deportivo para todo tipo de ense\u00f1anza de c\u00f3mo navegar con vela. Las velas batidas por el viento son el entorno que sobre las aguas se deslizan suaves. El puerto de Fornells esconde fant\u00e1sticos rincones para descubrir con el <\/span><a href=\"http:\/\/www.rideonmotorent.com\/\"><span style=\"font-weight: 400\">alquiler de moto aeropuerto menorca<\/span><\/a><span style=\"font-weight: 400\">.<\/span><br \/>\n&nbsp;<br \/>\n<img decoding=\"async\" class=\"img-responsive\" src=\"http:\/\/www.rideonmotorent.com\/wp-content\/uploads\/2016\/06\/Fornells-puerto-Menorca.jpg\" alt=\"Fornells puerto\" width=\"100%\" \/><br \/>\n<span style=\"font-weight: 400\">Adem\u00e1s <\/span><a href=\"https:\/\/goo.gl\/maps\/dh2aAaRtLLN2\"><span style=\"font-weight: 400\">Fornells<\/span><\/a><span style=\"font-weight: 400\"> es un importante puerto pesquero con la m\u00e1s acreditada de las langostas desembarcadas en \u00e9l. Desde el puerto de Fornells se puede contemplar como los peque\u00f1os barcos de pescadores llegan para vender el pescado capturado, una fant\u00e1stica escena para entender la calidad del pescado de Menorca y de c\u00f3mo la tradici\u00f3n pesquera de la isla perdura por los a\u00f1os. La visita a Fornells es casi imprescindible con el <\/span><a href=\"http:\/\/www.rideonmotorent.com\/flota\/\"><span style=\"font-weight: 400\">alquiler motos Menorca<\/span><\/a><br \/>\n&nbsp;<br \/>\n<span style=\"font-weight: 400\">Durante seis meses se alarga la temporada de pesca de la langosta que conjuntamente con alg\u00fan cabracho o alg\u00fan rape llenan las redes de estos artesanos del mar. El puerto de Fornells por su orientaci\u00f3n a tramuntana hace que las embarcaciones est\u00e9n durante algunos meses atracadas al muelle. sin poder salir a faenar. Durante el per\u00edodo estival se puede llegar a trabajar hasta 20 d\u00edas al mes.<\/span><br \/>\n<img decoding=\"async\" class=\"img-responsive\" src=\"http:\/\/www.rideonmotorent.com\/wp-content\/uploads\/2016\/06\/langosta_Fornells.jpg\" alt=\"La langosta menorquina\" width=\"100%\" \/><br \/>\n<span style=\"font-weight: 400\">Las langostas de Fornells se caracterizan por formar parte ser el plato estrella del pueblo, la famosa caldereta de Langosta es un manjar para muchos paladares que visitan el pueblo en busca de un exquisito manjar. Los pescadores de isla recomienda siempre que se quiere disfrutar de todo el sabor de una langosta fresca comerla a la plancha y no con caldereta, aun sabiendo que la tradici\u00f3n del pueblo es bien conocida por este plato tradicional menorqu\u00edn.<\/span><br \/>\n<span style=\"font-weight: 400\">Despu\u00e9s de una buena comida es de mencionar la visita al <\/span><a href=\"https:\/\/goo.gl\/maps\/VHrVR36cLrs\"><span style=\"font-weight: 400\">cabo de Caballer\u00eda<\/span><\/a><span style=\"font-weight: 400\">, una escapada para hacer con el <\/span><a href=\"http:\/\/www.rideonmotorent.com\/flota\/\"><span style=\"font-weight: 400\">alquiler de motos en menorca<\/span><\/a><span style=\"font-weight: 400\">, uno de los puntos m\u00e1s emocionantes de la costa Tramuntana y el paso por la bah\u00eda de Sa mitjana. El paseo por la isla de la costa hacia el interior, el faro de Cavalleria advierte a todo navegante de esta costa movida por la feroz tramuntana.<\/span><br \/>\n&nbsp;<br \/>\n<img decoding=\"async\" class=\"img-responsive\" src=\"http:\/\/www.rideonmotorent.com\/wp-content\/uploads\/2016\/06\/Faro_de_Cavalleria_menorca1.jpeg\" alt=\"El faro de Caballeria\" width=\"100%\" \/><br \/>\n<span style=\"font-weight: 400\">Para m\u00e1s informaci\u00f3n visite nuestra secci\u00f3n de <\/span><a href=\"http:\/\/www.rideonmotorent.com\/menorca\/\"><span style=\"font-weight: 400\">informaci\u00f3n tur\u00edstica<\/span><\/a><span style=\"font-weight: 400\"> en Menorca, visite nuestra p\u00e1gina web para disfrutar del mejor servicio de <\/span><a href=\"http:\/\/www.rideonmotorent.com\/\"><span style=\"font-weight: 400\">alquiler de motos en Menorca<\/span><\/a><span style=\"font-weight: 400\">.<\/span><\/p>\n","protected":false},"excerpt":{"rendered":"<p>Faros de Menorca y Fornells La monta\u00f1a m\u00e1s alta de Menorca es el Toro, de la palabra romana Tor (altura), y que adem\u00e1s de guardar en sus lindes una santuario y una hospeder\u00eda, permite desde la cima del monte contemplar unas espectaculares vistas de todo el contorno de la isla. Desde la gran terraza construida<\/p>\n","protected":false},"author":2,"featured_media":1598,"comment_status":"open","ping_status":"closed","sticky":false,"template":"","format":"standard","meta":{"inline_featured_image":false,"footnotes":""},"categories":[12,40,14],"tags":[],"class_list":["post-1296","post","type-post","status-publish","format-standard","has-post-thumbnail","hentry","category-blog","category-consejos-viajar-menorca","category-menorca"],"yoast_head":"<!-- This site is optimized with the Yoast SEO Premium plugin v18.7 (Yoast SEO v27.5) - https:\/\/yoast.com\/product\/yoast-seo-premium-wordpress\/ -->\n<title>Faros de Menorca y Fornells - Alquiler de motos mensual y Renting para Empresas<\/title>\n<meta name=\"description\" content=\"Desde Rideonmotorent queremos que disfruten de la isla con el alquiler de motos en Menorca, Rideon les ofrece el mejor servicio de alquiler de motos Menorca\" \/>\n<meta name=\"robots\" content=\"index, follow, max-snippet:-1, max-image-preview:large, max-video-preview:-1\" \/>\n<link rel=\"canonical\" href=\"https:\/\/rideon.es\/renting-empresas\/faros-de-menorca-y-fornells\/\" \/>\n<meta property=\"og:locale\" content=\"es_ES\" \/>\n<meta property=\"og:type\" content=\"article\" \/>\n<meta property=\"og:title\" content=\"Faros de Menorca y Fornells\" \/>\n<meta property=\"og:description\" content=\"Desde Rideonmotorent queremos que disfruten de la isla con el alquiler de motos en Menorca, Rideon les ofrece el mejor servicio de alquiler de motos Menorca\" \/>\n<meta property=\"og:url\" content=\"https:\/\/rideon.es\/renting-empresas\/faros-de-menorca-y-fornells\/\" \/>\n<meta property=\"og:site_name\" content=\"Alquiler de motos mensual y Renting para Empresas\" \/>\n<meta property=\"article:published_time\" content=\"2016-11-10T13:56:47+00:00\" \/>\n<meta name=\"author\" content=\"Ride On\" \/>\n<meta name=\"twitter:card\" content=\"summary_large_image\" \/>\n<meta name=\"twitter:label1\" content=\"Escrito por\" \/>\n\t<meta name=\"twitter:data1\" content=\"Ride On\" \/>\n\t<meta name=\"twitter:label2\" content=\"Tiempo de lectura\" \/>\n\t<meta name=\"twitter:data2\" content=\"3 minutos\" \/>\n<script type=\"application\/ld+json\" class=\"yoast-schema-graph\">{\"@context\":\"https:\\\/\\\/schema.org\",\"@graph\":[{\"@type\":\"Article\",\"@id\":\"https:\\\/\\\/rideon.es\\\/renting-empresas\\\/faros-de-menorca-y-fornells\\\/#article\",\"isPartOf\":{\"@id\":\"https:\\\/\\\/rideon.es\\\/renting-empresas\\\/faros-de-menorca-y-fornells\\\/\"},\"author\":{\"name\":\"Ride On\",\"@id\":\"https:\\\/\\\/rideon.es\\\/renting-empresas\\\/#\\\/schema\\\/person\\\/48d6770e55c623d929bd20ce295611a7\"},\"headline\":\"Faros de Menorca y Fornells\",\"datePublished\":\"2016-11-10T13:56:47+00:00\",\"mainEntityOfPage\":{\"@id\":\"https:\\\/\\\/rideon.es\\\/renting-empresas\\\/faros-de-menorca-y-fornells\\\/\"},\"wordCount\":587,\"commentCount\":0,\"publisher\":{\"@id\":\"https:\\\/\\\/rideon.es\\\/renting-empresas\\\/#organization\"},\"image\":{\"@id\":\"https:\\\/\\\/rideon.es\\\/renting-empresas\\\/faros-de-menorca-y-fornells\\\/#primaryimage\"},\"thumbnailUrl\":\"\",\"articleSection\":[\"Blog\",\"Consejos viajar Menorca\",\"Menorca\"],\"inLanguage\":\"es\",\"potentialAction\":[{\"@type\":\"CommentAction\",\"name\":\"Comment\",\"target\":[\"https:\\\/\\\/rideon.es\\\/renting-empresas\\\/faros-de-menorca-y-fornells\\\/#respond\"]}]},{\"@type\":\"WebPage\",\"@id\":\"https:\\\/\\\/rideon.es\\\/renting-empresas\\\/faros-de-menorca-y-fornells\\\/\",\"url\":\"https:\\\/\\\/rideon.es\\\/renting-empresas\\\/faros-de-menorca-y-fornells\\\/\",\"name\":\"Faros de Menorca y Fornells - Alquiler de motos mensual y Renting para Empresas\",\"isPartOf\":{\"@id\":\"https:\\\/\\\/rideon.es\\\/renting-empresas\\\/#website\"},\"primaryImageOfPage\":{\"@id\":\"https:\\\/\\\/rideon.es\\\/renting-empresas\\\/faros-de-menorca-y-fornells\\\/#primaryimage\"},\"image\":{\"@id\":\"https:\\\/\\\/rideon.es\\\/renting-empresas\\\/faros-de-menorca-y-fornells\\\/#primaryimage\"},\"thumbnailUrl\":\"\",\"datePublished\":\"2016-11-10T13:56:47+00:00\",\"description\":\"Desde Rideonmotorent queremos que disfruten de la isla con el alquiler de motos en Menorca, Rideon les ofrece el mejor servicio de alquiler de motos Menorca\",\"inLanguage\":\"es\",\"potentialAction\":[{\"@type\":\"ReadAction\",\"target\":[\"https:\\\/\\\/rideon.es\\\/renting-empresas\\\/faros-de-menorca-y-fornells\\\/\"]}]},{\"@type\":\"ImageObject\",\"inLanguage\":\"es\",\"@id\":\"https:\\\/\\\/rideon.es\\\/renting-empresas\\\/faros-de-menorca-y-fornells\\\/#primaryimage\",\"url\":\"\",\"contentUrl\":\"\"},{\"@type\":\"WebSite\",\"@id\":\"https:\\\/\\\/rideon.es\\\/renting-empresas\\\/#website\",\"url\":\"https:\\\/\\\/rideon.es\\\/renting-empresas\\\/\",\"name\":\"Alquiler de motos mensual y Renting para Empresas\",\"description\":\"Las motos m\u00e1s c\u00f3modas y seguras para disfrutar de tus vacaciones sobre ruedas. Alquiler de motos en Menorca, Mallorca, Barcelona y Valencia con Rideon.es\",\"publisher\":{\"@id\":\"https:\\\/\\\/rideon.es\\\/renting-empresas\\\/#organization\"},\"potentialAction\":[{\"@type\":\"SearchAction\",\"target\":{\"@type\":\"EntryPoint\",\"urlTemplate\":\"https:\\\/\\\/rideon.es\\\/renting-empresas\\\/?s={search_term_string}\"},\"query-input\":{\"@type\":\"PropertyValueSpecification\",\"valueRequired\":true,\"valueName\":\"search_term_string\"}}],\"inLanguage\":\"es\"},{\"@type\":\"Organization\",\"@id\":\"https:\\\/\\\/rideon.es\\\/renting-empresas\\\/#organization\",\"name\":\"Alquiler de motos mensual y Renting para Empresas\",\"url\":\"https:\\\/\\\/rideon.es\\\/renting-empresas\\\/\",\"logo\":{\"@type\":\"ImageObject\",\"inLanguage\":\"es\",\"@id\":\"https:\\\/\\\/rideon.es\\\/renting-empresas\\\/#\\\/schema\\\/logo\\\/image\\\/\",\"url\":\"https:\\\/\\\/rideon.es\\\/renting-empresas\\\/wp-content\\\/uploads\\\/sites\\\/19\\\/2020\\\/02\\\/rideon_logo-200x78-1.png\",\"contentUrl\":\"https:\\\/\\\/rideon.es\\\/renting-empresas\\\/wp-content\\\/uploads\\\/sites\\\/19\\\/2020\\\/02\\\/rideon_logo-200x78-1.png\",\"width\":200,\"height\":78,\"caption\":\"Alquiler de motos mensual y Renting para Empresas\"},\"image\":{\"@id\":\"https:\\\/\\\/rideon.es\\\/renting-empresas\\\/#\\\/schema\\\/logo\\\/image\\\/\"}},{\"@type\":\"Person\",\"@id\":\"https:\\\/\\\/rideon.es\\\/renting-empresas\\\/#\\\/schema\\\/person\\\/48d6770e55c623d929bd20ce295611a7\",\"name\":\"Ride On\",\"image\":{\"@type\":\"ImageObject\",\"inLanguage\":\"es\",\"@id\":\"https:\\\/\\\/secure.gravatar.com\\\/avatar\\\/785e72183089da6a00243c0f0e2d52db79b9983b602219afb07c868943086138?s=96&d=mm&r=g\",\"url\":\"https:\\\/\\\/secure.gravatar.com\\\/avatar\\\/785e72183089da6a00243c0f0e2d52db79b9983b602219afb07c868943086138?s=96&d=mm&r=g\",\"contentUrl\":\"https:\\\/\\\/secure.gravatar.com\\\/avatar\\\/785e72183089da6a00243c0f0e2d52db79b9983b602219afb07c868943086138?s=96&d=mm&r=g\",\"caption\":\"Ride On\"},\"url\":\"https:\\\/\\\/rideon.es\\\/renting-empresas\\\/author\\\/eduardoyauri\\\/\"}]}<\/script>\n<!-- \/ Yoast SEO Premium plugin. -->","yoast_head_json":{"title":"Faros de Menorca y Fornells - Alquiler de motos mensual y Renting para Empresas","description":"Desde Rideonmotorent queremos que disfruten de la isla con el alquiler de motos en Menorca, Rideon les ofrece el mejor servicio de alquiler de motos Menorca","robots":{"index":"index","follow":"follow","max-snippet":"max-snippet:-1","max-image-preview":"max-image-preview:large","max-video-preview":"max-video-preview:-1"},"canonical":"https:\/\/rideon.es\/renting-empresas\/faros-de-menorca-y-fornells\/","og_locale":"es_ES","og_type":"article","og_title":"Faros de Menorca y Fornells","og_description":"Desde Rideonmotorent queremos que disfruten de la isla con el alquiler de motos en Menorca, Rideon les ofrece el mejor servicio de alquiler de motos Menorca","og_url":"https:\/\/rideon.es\/renting-empresas\/faros-de-menorca-y-fornells\/","og_site_name":"Alquiler de motos mensual y Renting para Empresas","article_published_time":"2016-11-10T13:56:47+00:00","author":"Ride On","twitter_card":"summary_large_image","twitter_misc":{"Escrito por":"Ride On","Tiempo de lectura":"3 minutos"},"schema":{"@context":"https:\/\/schema.org","@graph":[{"@type":"Article","@id":"https:\/\/rideon.es\/renting-empresas\/faros-de-menorca-y-fornells\/#article","isPartOf":{"@id":"https:\/\/rideon.es\/renting-empresas\/faros-de-menorca-y-fornells\/"},"author":{"name":"Ride On","@id":"https:\/\/rideon.es\/renting-empresas\/#\/schema\/person\/48d6770e55c623d929bd20ce295611a7"},"headline":"Faros de Menorca y Fornells","datePublished":"2016-11-10T13:56:47+00:00","mainEntityOfPage":{"@id":"https:\/\/rideon.es\/renting-empresas\/faros-de-menorca-y-fornells\/"},"wordCount":587,"commentCount":0,"publisher":{"@id":"https:\/\/rideon.es\/renting-empresas\/#organization"},"image":{"@id":"https:\/\/rideon.es\/renting-empresas\/faros-de-menorca-y-fornells\/#primaryimage"},"thumbnailUrl":"","articleSection":["Blog","Consejos viajar Menorca","Menorca"],"inLanguage":"es","potentialAction":[{"@type":"CommentAction","name":"Comment","target":["https:\/\/rideon.es\/renting-empresas\/faros-de-menorca-y-fornells\/#respond"]}]},{"@type":"WebPage","@id":"https:\/\/rideon.es\/renting-empresas\/faros-de-menorca-y-fornells\/","url":"https:\/\/rideon.es\/renting-empresas\/faros-de-menorca-y-fornells\/","name":"Faros de Menorca y Fornells - Alquiler de motos mensual y Renting para Empresas","isPartOf":{"@id":"https:\/\/rideon.es\/renting-empresas\/#website"},"primaryImageOfPage":{"@id":"https:\/\/rideon.es\/renting-empresas\/faros-de-menorca-y-fornells\/#primaryimage"},"image":{"@id":"https:\/\/rideon.es\/renting-empresas\/faros-de-menorca-y-fornells\/#primaryimage"},"thumbnailUrl":"","datePublished":"2016-11-10T13:56:47+00:00","description":"Desde Rideonmotorent queremos que disfruten de la isla con el alquiler de motos en Menorca, Rideon les ofrece el mejor servicio de alquiler de motos Menorca","inLanguage":"es","potentialAction":[{"@type":"ReadAction","target":["https:\/\/rideon.es\/renting-empresas\/faros-de-menorca-y-fornells\/"]}]},{"@type":"ImageObject","inLanguage":"es","@id":"https:\/\/rideon.es\/renting-empresas\/faros-de-menorca-y-fornells\/#primaryimage","url":"","contentUrl":""},{"@type":"WebSite","@id":"https:\/\/rideon.es\/renting-empresas\/#website","url":"https:\/\/rideon.es\/renting-empresas\/","name":"Alquiler de motos mensual y Renting para Empresas","description":"Las motos m\u00e1s c\u00f3modas y seguras para disfrutar de tus vacaciones sobre ruedas. Alquiler de motos en Menorca, Mallorca, Barcelona y Valencia con Rideon.es","publisher":{"@id":"https:\/\/rideon.es\/renting-empresas\/#organization"},"potentialAction":[{"@type":"SearchAction","target":{"@type":"EntryPoint","urlTemplate":"https:\/\/rideon.es\/renting-empresas\/?s={search_term_string}"},"query-input":{"@type":"PropertyValueSpecification","valueRequired":true,"valueName":"search_term_string"}}],"inLanguage":"es"},{"@type":"Organization","@id":"https:\/\/rideon.es\/renting-empresas\/#organization","name":"Alquiler de motos mensual y Renting para Empresas","url":"https:\/\/rideon.es\/renting-empresas\/","logo":{"@type":"ImageObject","inLanguage":"es","@id":"https:\/\/rideon.es\/renting-empresas\/#\/schema\/logo\/image\/","url":"https:\/\/rideon.es\/renting-empresas\/wp-content\/uploads\/sites\/19\/2020\/02\/rideon_logo-200x78-1.png","contentUrl":"https:\/\/rideon.es\/renting-empresas\/wp-content\/uploads\/sites\/19\/2020\/02\/rideon_logo-200x78-1.png","width":200,"height":78,"caption":"Alquiler de motos mensual y Renting para Empresas"},"image":{"@id":"https:\/\/rideon.es\/renting-empresas\/#\/schema\/logo\/image\/"}},{"@type":"Person","@id":"https:\/\/rideon.es\/renting-empresas\/#\/schema\/person\/48d6770e55c623d929bd20ce295611a7","name":"Ride On","image":{"@type":"ImageObject","inLanguage":"es","@id":"https:\/\/secure.gravatar.com\/avatar\/785e72183089da6a00243c0f0e2d52db79b9983b602219afb07c868943086138?s=96&d=mm&r=g","url":"https:\/\/secure.gravatar.com\/avatar\/785e72183089da6a00243c0f0e2d52db79b9983b602219afb07c868943086138?s=96&d=mm&r=g","contentUrl":"https:\/\/secure.gravatar.com\/avatar\/785e72183089da6a00243c0f0e2d52db79b9983b602219afb07c868943086138?s=96&d=mm&r=g","caption":"Ride On"},"url":"https:\/\/rideon.es\/renting-empresas\/author\/eduardoyauri\/"}]}},"_links":{"self":[{"href":"https:\/\/rideon.es\/renting-empresas\/wp-json\/wp\/v2\/posts\/1296","targetHints":{"allow":["GET"]}}],"collection":[{"href":"https:\/\/rideon.es\/renting-empresas\/wp-json\/wp\/v2\/posts"}],"about":[{"href":"https:\/\/rideon.es\/renting-empresas\/wp-json\/wp\/v2\/types\/post"}],"author":[{"embeddable":true,"href":"https:\/\/rideon.es\/renting-empresas\/wp-json\/wp\/v2\/users\/2"}],"replies":[{"embeddable":true,"href":"https:\/\/rideon.es\/renting-empresas\/wp-json\/wp\/v2\/comments?post=1296"}],"version-history":[{"count":0,"href":"https:\/\/rideon.es\/renting-empresas\/wp-json\/wp\/v2\/posts\/1296\/revisions"}],"wp:featuredmedia":[{"embeddable":true,"href":"https:\/\/rideon.es\/renting-empresas\/wp-json\/"}],"wp:attachment":[{"href":"https:\/\/rideon.es\/renting-empresas\/wp-json\/wp\/v2\/media?parent=1296"}],"wp:term":[{"taxonomy":"category","embeddable":true,"href":"https:\/\/rideon.es\/renting-empresas\/wp-json\/wp\/v2\/categories?post=1296"},{"taxonomy":"post_tag","embeddable":true,"href":"https:\/\/rideon.es\/renting-empresas\/wp-json\/wp\/v2\/tags?post=1296"}],"curies":[{"name":"wp","href":"https:\/\/api.w.org\/{rel}","templated":true}]}}