{"id":1293,"date":"2016-11-10T13:55:18","date_gmt":"2016-11-10T13:55:18","guid":{"rendered":"https:\/\/rideon.es\/?p=1293"},"modified":"2016-11-10T13:55:18","modified_gmt":"2016-11-10T13:55:18","slug":"de-la-glosa-a-la-piedra-menorquina","status":"publish","type":"post","link":"https:\/\/rideon.es\/renting-empresas\/de-la-glosa-a-la-piedra-menorquina\/","title":{"rendered":"De la Glosa a la piedra menorquina"},"content":{"rendered":"<h2>De la Glosa a la piedra menorquina<\/h2>\n<p><span style=\"font-weight: 400\">Haciendo ruta hacia el norte de la isla y apart\u00e1ndose un poco de la dura tramuntana que golpea la costa, nos adentramos hacia una zona llena de vegetaci\u00f3n, al paso por los peque\u00f1os caminos de arena se oye de fondo una especie de composici\u00f3n popular, oral y rimada, la Glosa. Sus cantantes son los Glosadores de Menorca. La mejor forma de descubrir la isla con el <\/span><a href=\"https:\/\/rideon.es\/\"><span style=\"font-weight: 400\">alquiler scooter Menorca<\/span><\/a><span style=\"font-weight: 400\">.<\/span><br \/>\n<span style=\"font-weight: 400\">La <\/span><a href=\"http:\/\/culturapopularmenorca.cat\/continguts\/?page_id=64\"><span style=\"font-weight: 400\">glosa menorquina<\/span><\/a><span style=\"font-weight: 400\"> es un poes\u00eda normalmente improvisada en el mismo momento en que se declama. En la sociedad balear, rural y analfabeta del siglo XIX, la figura del \u00abglosador\u00bb lleg\u00f3 a ser bastante famosa, con algunos de ellos que se profesionalizaron, viajando de pueblo en pueblo poniendo a prueba sus capacidades ante los retos del p\u00fablico o ante otros glosadores en los llamados \u00abcombates de glosas\u201d. Desde Ride On esperamos que disfruten&nbsp;<a href=\"www.rideonmotorent.com\">alquiler moto aeropuerto Menorca<\/a>.<\/span><br \/>\n<span style=\"font-weight: 400\">Los menorquines desde siempre han hecho arte de la piedra, una de sus materias m\u00e1s abundantes. Cerca de Ciutadell se levanta la <\/span><a href=\"https:\/\/goo.gl\/maps\/ZuKszvDcGJ82\"><span style=\"font-weight: 400\">naveta de Turons<\/span><\/a><span style=\"font-weight: 400\">. Una visita perfecta con el <\/span><a href=\"http:\/\/www.rideonmotorent.com\/\"><span style=\"font-weight: 400\">alquiler moto Menorca<\/span><\/a><span style=\"font-weight: 400\">. Unos restos con m\u00e1s de 2.000 a\u00f1os de antig\u00fcedad que permiten el acceso a su interior. &nbsp;La Naveta des Tudons es una construcci\u00f3n funeraria de la prehistoria menorquina usada entre los a\u00f1os 1200 y 750 a. C. Se trata de una tumba colectiva que, al ser restaurada en los a\u00f1os 1950,2 aport\u00f3 los restos de al menos 100 individuos y objetos de sus dep\u00f3sitos funerarios: pulseras de bronce, botones de hueso y cer\u00e1mica. Se trata de una de las construcciones prehist\u00f3ricas mejor conservadas de Menorca.<\/span><br \/>\n<img decoding=\"async\" class=\"img-responsive\" src=\"http:\/\/www.rideonmotorent.com\/wp-content\/uploads\/2016\/07\/Pedreres_de_sHostal_menorca.jpg\" alt=\"Las Pedreres de S'Hostal\" width=\"100%\"><br \/>\n<span style=\"font-weight: 400\">El mar\u00e9s o piedra blanca con el que tradicionalmente se levantaban las constricciones y todav\u00eda hoy en d\u00edas se sigue usando para la construcci\u00f3n de mas\u00edas se extrae de unas canteras ahondando en el suelo. <\/span><a href=\"https:\/\/goo.gl\/maps\/oHVYgQGa29r\"><span style=\"font-weight: 400\">Las Pedreres de S&#8217;Hostal<\/span><\/a><span style=\"font-weight: 400\"> se encuentran a 1km de Ciudadela de Menorca y conforman un recinto de canteras de mar\u00e9s cuya explotaci\u00f3n se concluy\u00f3 en 1994, actualmente se celebran en la cantera actos de tipo cultural, conciertos y espect\u00e1culos en un hermoso entorno perfecto por la sonorizaci\u00f3n de las paredes de piedra. La visita a las pedreres de S\u2019Hostal se puede iniciar desde cualquiera de nuestras oficinas de<\/span><a href=\"http:\/\/www.rideonmotorent.com\/\"><span style=\"font-weight: 400\"> alquiler de motos en Menorca<\/span><\/a><br \/>\n<a href=\"http:\/\/www.lithica.es\/agenda-Cat.html\"><span style=\"font-weight: 400\">L\u00edthica<\/span><\/a><span style=\"font-weight: 400\"> es el resultado del proyecto de fin de grado de la escultora Laetitia Lara. Con \u00e9l, en 1994 se llev\u00f3 a cabo la rehabilitaci\u00f3n y la adecuaci\u00f3n de la cantera de piedra arenisca m\u00e1s grande de Menorca, las Canteras de s&#8217;Hostal.<\/span><br \/>\n<span style=\"font-weight: 400\">Para m\u00e1s informaci\u00f3n de <\/span><a href=\"http:\/\/www.rideonmotorent.com\/menorca\/\"><span style=\"font-weight: 400\">informaci\u00f3n tur\u00edstica en Menorca<\/span><\/a><span style=\"font-weight: 400\"> visiten nuestro Blog. Para reservas de alquiler de motos menorca vsiten <\/span><a href=\"http:\/\/www.rideonmenorca.com\"><span style=\"font-weight: 400\">www.rideonmenorca.com<\/span><\/a><\/p>\n","protected":false},"excerpt":{"rendered":"<p>De la Glosa a la piedra menorquina Haciendo ruta hacia el norte de la isla y apart\u00e1ndose un poco de la dura tramuntana que golpea la costa, nos adentramos hacia una zona llena de vegetaci\u00f3n, al paso por los peque\u00f1os caminos de arena se oye de fondo una especie de composici\u00f3n popular, oral y rimada,<\/p>\n","protected":false},"author":2,"featured_media":1587,"comment_status":"open","ping_status":"closed","sticky":false,"template":"","format":"standard","meta":{"inline_featured_image":false,"footnotes":""},"categories":[12,14],"tags":[],"class_list":["post-1293","post","type-post","status-publish","format-standard","has-post-thumbnail","hentry","category-blog","category-menorca"],"yoast_head":"<!-- This site is optimized with the Yoast SEO Premium plugin v18.7 (Yoast SEO v27.5) - https:\/\/yoast.com\/product\/yoast-seo-premium-wordpress\/ -->\n<title>De la Glosa a la piedra menorquina- Rideonmotorent.com<\/title>\n<meta name=\"description\" content=\"De la Glosa a la piedra menorquina, descubre las m\u00e1s viejas tradiciones de Menorca con tu alquiler de moto Menorca en Rideonmotorent.\" \/>\n<meta name=\"robots\" content=\"index, follow, max-snippet:-1, max-image-preview:large, max-video-preview:-1\" \/>\n<link rel=\"canonical\" href=\"https:\/\/rideon.es\/renting-empresas\/de-la-glosa-a-la-piedra-menorquina\/\" \/>\n<meta property=\"og:locale\" content=\"es_ES\" \/>\n<meta property=\"og:type\" content=\"article\" \/>\n<meta property=\"og:title\" content=\"De la Glosa a la piedra menorquina\" \/>\n<meta property=\"og:description\" content=\"De la Glosa a la piedra menorquina, descubre las m\u00e1s viejas tradiciones de Menorca con tu alquiler de moto Menorca en Rideonmotorent.\" \/>\n<meta property=\"og:url\" content=\"https:\/\/rideon.es\/renting-empresas\/de-la-glosa-a-la-piedra-menorquina\/\" \/>\n<meta property=\"og:site_name\" content=\"Alquiler de motos mensual y Renting para Empresas\" \/>\n<meta property=\"article:published_time\" content=\"2016-11-10T13:55:18+00:00\" \/>\n<meta name=\"author\" content=\"Ride On\" \/>\n<meta name=\"twitter:card\" content=\"summary_large_image\" \/>\n<meta name=\"twitter:label1\" content=\"Escrito por\" \/>\n\t<meta name=\"twitter:data1\" content=\"Ride On\" \/>\n\t<meta name=\"twitter:label2\" content=\"Tiempo de lectura\" \/>\n\t<meta name=\"twitter:data2\" content=\"2 minutos\" \/>\n<script type=\"application\/ld+json\" class=\"yoast-schema-graph\">{\"@context\":\"https:\\\/\\\/schema.org\",\"@graph\":[{\"@type\":\"Article\",\"@id\":\"https:\\\/\\\/rideon.es\\\/renting-empresas\\\/de-la-glosa-a-la-piedra-menorquina\\\/#article\",\"isPartOf\":{\"@id\":\"https:\\\/\\\/rideon.es\\\/renting-empresas\\\/de-la-glosa-a-la-piedra-menorquina\\\/\"},\"author\":{\"name\":\"Ride On\",\"@id\":\"https:\\\/\\\/rideon.es\\\/renting-empresas\\\/#\\\/schema\\\/person\\\/48d6770e55c623d929bd20ce295611a7\"},\"headline\":\"De la Glosa a la piedra menorquina\",\"datePublished\":\"2016-11-10T13:55:18+00:00\",\"mainEntityOfPage\":{\"@id\":\"https:\\\/\\\/rideon.es\\\/renting-empresas\\\/de-la-glosa-a-la-piedra-menorquina\\\/\"},\"wordCount\":481,\"commentCount\":0,\"publisher\":{\"@id\":\"https:\\\/\\\/rideon.es\\\/renting-empresas\\\/#organization\"},\"image\":{\"@id\":\"https:\\\/\\\/rideon.es\\\/renting-empresas\\\/de-la-glosa-a-la-piedra-menorquina\\\/#primaryimage\"},\"thumbnailUrl\":\"\",\"articleSection\":[\"Blog\",\"Menorca\"],\"inLanguage\":\"es\",\"potentialAction\":[{\"@type\":\"CommentAction\",\"name\":\"Comment\",\"target\":[\"https:\\\/\\\/rideon.es\\\/renting-empresas\\\/de-la-glosa-a-la-piedra-menorquina\\\/#respond\"]}]},{\"@type\":\"WebPage\",\"@id\":\"https:\\\/\\\/rideon.es\\\/renting-empresas\\\/de-la-glosa-a-la-piedra-menorquina\\\/\",\"url\":\"https:\\\/\\\/rideon.es\\\/renting-empresas\\\/de-la-glosa-a-la-piedra-menorquina\\\/\",\"name\":\"De la Glosa a la piedra menorquina- Rideonmotorent.com\",\"isPartOf\":{\"@id\":\"https:\\\/\\\/rideon.es\\\/renting-empresas\\\/#website\"},\"primaryImageOfPage\":{\"@id\":\"https:\\\/\\\/rideon.es\\\/renting-empresas\\\/de-la-glosa-a-la-piedra-menorquina\\\/#primaryimage\"},\"image\":{\"@id\":\"https:\\\/\\\/rideon.es\\\/renting-empresas\\\/de-la-glosa-a-la-piedra-menorquina\\\/#primaryimage\"},\"thumbnailUrl\":\"\",\"datePublished\":\"2016-11-10T13:55:18+00:00\",\"description\":\"De la Glosa a la piedra menorquina, descubre las m\u00e1s viejas tradiciones de Menorca con tu alquiler de moto Menorca en Rideonmotorent.\",\"inLanguage\":\"es\",\"potentialAction\":[{\"@type\":\"ReadAction\",\"target\":[\"https:\\\/\\\/rideon.es\\\/renting-empresas\\\/de-la-glosa-a-la-piedra-menorquina\\\/\"]}]},{\"@type\":\"ImageObject\",\"inLanguage\":\"es\",\"@id\":\"https:\\\/\\\/rideon.es\\\/renting-empresas\\\/de-la-glosa-a-la-piedra-menorquina\\\/#primaryimage\",\"url\":\"\",\"contentUrl\":\"\"},{\"@type\":\"WebSite\",\"@id\":\"https:\\\/\\\/rideon.es\\\/renting-empresas\\\/#website\",\"url\":\"https:\\\/\\\/rideon.es\\\/renting-empresas\\\/\",\"name\":\"Alquiler de motos mensual y Renting para Empresas\",\"description\":\"Las motos m\u00e1s c\u00f3modas y seguras para disfrutar de tus vacaciones sobre ruedas. Alquiler de motos en Menorca, Mallorca, Barcelona y Valencia con Rideon.es\",\"publisher\":{\"@id\":\"https:\\\/\\\/rideon.es\\\/renting-empresas\\\/#organization\"},\"potentialAction\":[{\"@type\":\"SearchAction\",\"target\":{\"@type\":\"EntryPoint\",\"urlTemplate\":\"https:\\\/\\\/rideon.es\\\/renting-empresas\\\/?s={search_term_string}\"},\"query-input\":{\"@type\":\"PropertyValueSpecification\",\"valueRequired\":true,\"valueName\":\"search_term_string\"}}],\"inLanguage\":\"es\"},{\"@type\":\"Organization\",\"@id\":\"https:\\\/\\\/rideon.es\\\/renting-empresas\\\/#organization\",\"name\":\"Alquiler de motos mensual y Renting para Empresas\",\"url\":\"https:\\\/\\\/rideon.es\\\/renting-empresas\\\/\",\"logo\":{\"@type\":\"ImageObject\",\"inLanguage\":\"es\",\"@id\":\"https:\\\/\\\/rideon.es\\\/renting-empresas\\\/#\\\/schema\\\/logo\\\/image\\\/\",\"url\":\"https:\\\/\\\/rideon.es\\\/renting-empresas\\\/wp-content\\\/uploads\\\/sites\\\/19\\\/2020\\\/02\\\/rideon_logo-200x78-1.png\",\"contentUrl\":\"https:\\\/\\\/rideon.es\\\/renting-empresas\\\/wp-content\\\/uploads\\\/sites\\\/19\\\/2020\\\/02\\\/rideon_logo-200x78-1.png\",\"width\":200,\"height\":78,\"caption\":\"Alquiler de motos mensual y Renting para Empresas\"},\"image\":{\"@id\":\"https:\\\/\\\/rideon.es\\\/renting-empresas\\\/#\\\/schema\\\/logo\\\/image\\\/\"}},{\"@type\":\"Person\",\"@id\":\"https:\\\/\\\/rideon.es\\\/renting-empresas\\\/#\\\/schema\\\/person\\\/48d6770e55c623d929bd20ce295611a7\",\"name\":\"Ride On\",\"image\":{\"@type\":\"ImageObject\",\"inLanguage\":\"es\",\"@id\":\"https:\\\/\\\/secure.gravatar.com\\\/avatar\\\/785e72183089da6a00243c0f0e2d52db79b9983b602219afb07c868943086138?s=96&d=mm&r=g\",\"url\":\"https:\\\/\\\/secure.gravatar.com\\\/avatar\\\/785e72183089da6a00243c0f0e2d52db79b9983b602219afb07c868943086138?s=96&d=mm&r=g\",\"contentUrl\":\"https:\\\/\\\/secure.gravatar.com\\\/avatar\\\/785e72183089da6a00243c0f0e2d52db79b9983b602219afb07c868943086138?s=96&d=mm&r=g\",\"caption\":\"Ride On\"},\"url\":\"https:\\\/\\\/rideon.es\\\/renting-empresas\\\/author\\\/eduardoyauri\\\/\"}]}<\/script>\n<!-- \/ Yoast SEO Premium plugin. -->","yoast_head_json":{"title":"De la Glosa a la piedra menorquina- Rideonmotorent.com","description":"De la Glosa a la piedra menorquina, descubre las m\u00e1s viejas tradiciones de Menorca con tu alquiler de moto Menorca en Rideonmotorent.","robots":{"index":"index","follow":"follow","max-snippet":"max-snippet:-1","max-image-preview":"max-image-preview:large","max-video-preview":"max-video-preview:-1"},"canonical":"https:\/\/rideon.es\/renting-empresas\/de-la-glosa-a-la-piedra-menorquina\/","og_locale":"es_ES","og_type":"article","og_title":"De la Glosa a la piedra menorquina","og_description":"De la Glosa a la piedra menorquina, descubre las m\u00e1s viejas tradiciones de Menorca con tu alquiler de moto Menorca en Rideonmotorent.","og_url":"https:\/\/rideon.es\/renting-empresas\/de-la-glosa-a-la-piedra-menorquina\/","og_site_name":"Alquiler de motos mensual y Renting para Empresas","article_published_time":"2016-11-10T13:55:18+00:00","author":"Ride On","twitter_card":"summary_large_image","twitter_misc":{"Escrito por":"Ride On","Tiempo de lectura":"2 minutos"},"schema":{"@context":"https:\/\/schema.org","@graph":[{"@type":"Article","@id":"https:\/\/rideon.es\/renting-empresas\/de-la-glosa-a-la-piedra-menorquina\/#article","isPartOf":{"@id":"https:\/\/rideon.es\/renting-empresas\/de-la-glosa-a-la-piedra-menorquina\/"},"author":{"name":"Ride On","@id":"https:\/\/rideon.es\/renting-empresas\/#\/schema\/person\/48d6770e55c623d929bd20ce295611a7"},"headline":"De la Glosa a la piedra menorquina","datePublished":"2016-11-10T13:55:18+00:00","mainEntityOfPage":{"@id":"https:\/\/rideon.es\/renting-empresas\/de-la-glosa-a-la-piedra-menorquina\/"},"wordCount":481,"commentCount":0,"publisher":{"@id":"https:\/\/rideon.es\/renting-empresas\/#organization"},"image":{"@id":"https:\/\/rideon.es\/renting-empresas\/de-la-glosa-a-la-piedra-menorquina\/#primaryimage"},"thumbnailUrl":"","articleSection":["Blog","Menorca"],"inLanguage":"es","potentialAction":[{"@type":"CommentAction","name":"Comment","target":["https:\/\/rideon.es\/renting-empresas\/de-la-glosa-a-la-piedra-menorquina\/#respond"]}]},{"@type":"WebPage","@id":"https:\/\/rideon.es\/renting-empresas\/de-la-glosa-a-la-piedra-menorquina\/","url":"https:\/\/rideon.es\/renting-empresas\/de-la-glosa-a-la-piedra-menorquina\/","name":"De la Glosa a la piedra menorquina- Rideonmotorent.com","isPartOf":{"@id":"https:\/\/rideon.es\/renting-empresas\/#website"},"primaryImageOfPage":{"@id":"https:\/\/rideon.es\/renting-empresas\/de-la-glosa-a-la-piedra-menorquina\/#primaryimage"},"image":{"@id":"https:\/\/rideon.es\/renting-empresas\/de-la-glosa-a-la-piedra-menorquina\/#primaryimage"},"thumbnailUrl":"","datePublished":"2016-11-10T13:55:18+00:00","description":"De la Glosa a la piedra menorquina, descubre las m\u00e1s viejas tradiciones de Menorca con tu alquiler de moto Menorca en Rideonmotorent.","inLanguage":"es","potentialAction":[{"@type":"ReadAction","target":["https:\/\/rideon.es\/renting-empresas\/de-la-glosa-a-la-piedra-menorquina\/"]}]},{"@type":"ImageObject","inLanguage":"es","@id":"https:\/\/rideon.es\/renting-empresas\/de-la-glosa-a-la-piedra-menorquina\/#primaryimage","url":"","contentUrl":""},{"@type":"WebSite","@id":"https:\/\/rideon.es\/renting-empresas\/#website","url":"https:\/\/rideon.es\/renting-empresas\/","name":"Alquiler de motos mensual y Renting para Empresas","description":"Las motos m\u00e1s c\u00f3modas y seguras para disfrutar de tus vacaciones sobre ruedas. Alquiler de motos en Menorca, Mallorca, Barcelona y Valencia con Rideon.es","publisher":{"@id":"https:\/\/rideon.es\/renting-empresas\/#organization"},"potentialAction":[{"@type":"SearchAction","target":{"@type":"EntryPoint","urlTemplate":"https:\/\/rideon.es\/renting-empresas\/?s={search_term_string}"},"query-input":{"@type":"PropertyValueSpecification","valueRequired":true,"valueName":"search_term_string"}}],"inLanguage":"es"},{"@type":"Organization","@id":"https:\/\/rideon.es\/renting-empresas\/#organization","name":"Alquiler de motos mensual y Renting para Empresas","url":"https:\/\/rideon.es\/renting-empresas\/","logo":{"@type":"ImageObject","inLanguage":"es","@id":"https:\/\/rideon.es\/renting-empresas\/#\/schema\/logo\/image\/","url":"https:\/\/rideon.es\/renting-empresas\/wp-content\/uploads\/sites\/19\/2020\/02\/rideon_logo-200x78-1.png","contentUrl":"https:\/\/rideon.es\/renting-empresas\/wp-content\/uploads\/sites\/19\/2020\/02\/rideon_logo-200x78-1.png","width":200,"height":78,"caption":"Alquiler de motos mensual y Renting para Empresas"},"image":{"@id":"https:\/\/rideon.es\/renting-empresas\/#\/schema\/logo\/image\/"}},{"@type":"Person","@id":"https:\/\/rideon.es\/renting-empresas\/#\/schema\/person\/48d6770e55c623d929bd20ce295611a7","name":"Ride On","image":{"@type":"ImageObject","inLanguage":"es","@id":"https:\/\/secure.gravatar.com\/avatar\/785e72183089da6a00243c0f0e2d52db79b9983b602219afb07c868943086138?s=96&d=mm&r=g","url":"https:\/\/secure.gravatar.com\/avatar\/785e72183089da6a00243c0f0e2d52db79b9983b602219afb07c868943086138?s=96&d=mm&r=g","contentUrl":"https:\/\/secure.gravatar.com\/avatar\/785e72183089da6a00243c0f0e2d52db79b9983b602219afb07c868943086138?s=96&d=mm&r=g","caption":"Ride On"},"url":"https:\/\/rideon.es\/renting-empresas\/author\/eduardoyauri\/"}]}},"_links":{"self":[{"href":"https:\/\/rideon.es\/renting-empresas\/wp-json\/wp\/v2\/posts\/1293","targetHints":{"allow":["GET"]}}],"collection":[{"href":"https:\/\/rideon.es\/renting-empresas\/wp-json\/wp\/v2\/posts"}],"about":[{"href":"https:\/\/rideon.es\/renting-empresas\/wp-json\/wp\/v2\/types\/post"}],"author":[{"embeddable":true,"href":"https:\/\/rideon.es\/renting-empresas\/wp-json\/wp\/v2\/users\/2"}],"replies":[{"embeddable":true,"href":"https:\/\/rideon.es\/renting-empresas\/wp-json\/wp\/v2\/comments?post=1293"}],"version-history":[{"count":0,"href":"https:\/\/rideon.es\/renting-empresas\/wp-json\/wp\/v2\/posts\/1293\/revisions"}],"wp:featuredmedia":[{"embeddable":true,"href":"https:\/\/rideon.es\/renting-empresas\/wp-json\/"}],"wp:attachment":[{"href":"https:\/\/rideon.es\/renting-empresas\/wp-json\/wp\/v2\/media?parent=1293"}],"wp:term":[{"taxonomy":"category","embeddable":true,"href":"https:\/\/rideon.es\/renting-empresas\/wp-json\/wp\/v2\/categories?post=1293"},{"taxonomy":"post_tag","embeddable":true,"href":"https:\/\/rideon.es\/renting-empresas\/wp-json\/wp\/v2\/tags?post=1293"}],"curies":[{"name":"wp","href":"https:\/\/api.w.org\/{rel}","templated":true}]}}