{"id":1290,"date":"2016-11-10T13:53:38","date_gmt":"2016-11-10T13:53:38","guid":{"rendered":"https:\/\/rideon.es\/?p=1290"},"modified":"2016-11-10T13:53:38","modified_gmt":"2016-11-10T13:53:38","slug":"descubre-el-centro-de-ciutadella","status":"publish","type":"post","link":"https:\/\/rideon.es\/renting-empresas\/descubre-el-centro-de-ciutadella\/","title":{"rendered":"Descubre el centro de Ciutadella"},"content":{"rendered":"<h2>Descubre el centro de Ciutadella<\/h2>\n<p><span style=\"font-weight: 400\">Levantada sobre el brazo de mar que a modo de r\u00eda se interna en la tierra, Ciutadella se erige poderosa, fue y es la ciudad que alberg\u00f3 a la aristocracia de la isla, subir desde el pueblo a la gran Plaza presidido por el castillo hecho ayuntamiento y centrada por ese gran Monolito en la parte central de la plaza en conmemoraci\u00f3n de los 3.000 deportados por los turcos, cuando en 1558 una flota turca al mando del almirante Pial\u00ed atac\u00f3 la ciudad. Era el 9 de julio cuando los defensores se rindieron ante las fuerzas turcas. La mejor forma de descubrir la isla en con tu <\/span><a href=\"http:\/\/www.rideonmotorent.com\"><span style=\"font-weight: 400\">alquiler de moto menorca<\/span><\/a><span style=\"font-weight: 400\"> Rideon.<\/span><br \/>\n<img decoding=\"async\" class=\"img-responsive\" src=\"http:\/\/www.rideonmotorent.com\/wp-content\/uploads\/2016\/07\/Obelisco_Ciutadella_de_Menorca.jpg\" alt=\"Obalisco plaza Espa\u00f1a Menorca\" width=\"100%\" \/><br \/>\n<span style=\"font-weight: 400\">Parte de la poblaci\u00f3n fue deportada bajo rescate a Estambul. A partir de ese a\u00f1o se inicia una lenta reconstrucci\u00f3n de la ciudad que tendr\u00e1 su contrapunto el 1646 con la llegada a la isla de la peste. La dominaci\u00f3n brit\u00e1nica durante gran parte del siglo XVIII, ocasion\u00f3 la decadencia y languidecimiento de la ciudad que perdi\u00f3 la capitalidad de la isla, en beneficio de Mah\u00f3n. Disfruta del mejor servicio de <\/span><a href=\"http:\/\/www.rideonmotorent.com\"><span style=\"font-weight: 400\">alquiler de scooters a menorca<\/span><\/a><span style=\"font-weight: 400\">.<\/span><br \/>\n<img decoding=\"async\" class=\"img-responsive\" src=\"http:\/\/www.rideonmotorent.com\/wp-content\/uploads\/2016\/07\/calles_ciutadella_menorca.jpg\" alt=\"Calles de Ciutadella\" width=\"100%\" \/><br \/>\n<span style=\"font-weight: 400\">En Ciutadella se encuentra uno con una espl\u00e9ndida arquitectura mediterr\u00e0nea, con unas estupendas fachadas sonrosadas por el tenue color de la piedra, sus balconadas, galer\u00edas y ventanas, aqu\u00ed residieron los menorquines hasta que los ingleses dieron el matiz burgu\u00e9s e industrial al otro gran n\u00facleo de la isla, Mah\u00f3n. Lo que signific\u00f3 quiz\u00e1s un p\u00e9rdida de su viejo esplendor. EL centro de Menorca es perfecto para ser visitado con el <\/span><a href=\"http:\/\/www.rideonmotorent.com\"><span style=\"font-weight: 400\">alquiler de motos en Menorca<\/span><\/a><span style=\"font-weight: 400\">.<\/span><br \/>\n<img decoding=\"async\" class=\"img-responsive\" src=\"http:\/\/www.rideonmotorent.com\/wp-content\/uploads\/2016\/07\/catedral-de-ciutadella.jpg\" alt=\"Catedral de CIutadella\" width=\"100%\" \/><br \/>\n<span style=\"font-weight: 400\">Por las calles de ciutadella se pasea lento, reposado, degustando los horizontes y contemplando la fachada de la catedral, su historia cuenta que en el a\u00f1o 1558 se produjo el asalto de los turcos que caus\u00f3 la destrucci\u00f3n del mobiliario lit\u00fargico, debilitando las estructuras. As\u00ed, en el a\u00f1o 1626 se derrumb\u00f3 una parte del edificio. A finales del siglo XVl se construy\u00f3 la capilla del Sant\u00edsimo que , actualmente, tiene un estilo neocl\u00e1sico, ya que fue restaurada en el siglo XVlll. A finales del siglo XVII se construy\u00f3 la capilla de las Almas, de estilo barroco, tambi\u00e9n fue restaurada. La visita a la Catedral se puede hacer desde cualquiera de nuestras oficinas de<\/span><a href=\"http:\/\/www.rideonmotorent.com\"><span style=\"font-weight: 400\"> rent motorbike Menorca<\/span><\/a><br \/>\n<img decoding=\"async\" class=\"img-responsive\" src=\"http:\/\/www.rideonmotorent.com\/wp-content\/uploads\/2016\/07\/ses_voltes_ciutadella.jpg\" alt=\"Calles ses Voltes\" width=\"100%\" \/><br \/>\n<span style=\"font-weight: 400\">El centro de Ciutadella se transmite un aire de tradici\u00f3n con su luz tamizada que se enfatiza en sus angostas calles, con nombres curiosos como Que no passa (&#8216;Que no pasa&#8217;, o azucaque) o Ses Voltes (&#8216;Las Arcadas&#8217;) que empiezan en la Pla\u00e7a Nova o Pla\u00e7a Espanya (&#8216;Plaza Nueva o Plaza Espa\u00f1a&#8217;) y terminan en la Catedral de Ciudadela.<\/span><br \/>\n<span style=\"font-weight: 400\">Para m\u00e1s informaci\u00f3n de <\/span><a href=\"http:\/\/www.rideonmotorent.com\/menorca\/\"><span style=\"font-weight: 400\">informaci\u00f3n tur\u00edstica en Menorca<\/span><\/a><span style=\"font-weight: 400\"> visiten nuestro Blog. Para reservas de alquiler de motos menorca vsiten <\/span><a href=\"http:\/\/www.rideonmenorca.com\"><span style=\"font-weight: 400\">www.rideonmenorca.com<\/span><\/a><\/p>\n","protected":false},"excerpt":{"rendered":"<p>Descubre el centro de Ciutadella Levantada sobre el brazo de mar que a modo de r\u00eda se interna en la tierra, Ciutadella se erige poderosa, fue y es la ciudad que alberg\u00f3 a la aristocracia de la isla, subir desde el pueblo a la gran Plaza presidido por el castillo hecho ayuntamiento y centrada por<\/p>\n","protected":false},"author":2,"featured_media":1291,"comment_status":"open","ping_status":"closed","sticky":false,"template":"","format":"standard","meta":{"inline_featured_image":false,"footnotes":""},"categories":[12,14],"tags":[],"class_list":["post-1290","post","type-post","status-publish","format-standard","has-post-thumbnail","hentry","category-blog","category-menorca"],"yoast_head":"<!-- This site is optimized with the Yoast SEO Premium plugin v18.7 (Yoast SEO v27.5) - https:\/\/yoast.com\/product\/yoast-seo-premium-wordpress\/ -->\n<title>Descubre el centro de Ciutadella<\/title>\n<meta name=\"description\" content=\"Levantada sobre el brazo de mar que a modo de r\u00eda se interna en la tierra, Ciutadella se erige poderosa. Descubre Menorca con tu alquiler moto Menorca.\" \/>\n<meta name=\"robots\" content=\"index, follow, max-snippet:-1, max-image-preview:large, max-video-preview:-1\" \/>\n<link rel=\"canonical\" href=\"https:\/\/rideon.es\/renting-empresas\/descubre-el-centro-de-ciutadella\/\" \/>\n<meta property=\"og:locale\" content=\"es_ES\" \/>\n<meta property=\"og:type\" content=\"article\" \/>\n<meta property=\"og:title\" content=\"Descubre el centro de Ciutadella\" \/>\n<meta property=\"og:description\" content=\"Levantada sobre el brazo de mar que a modo de r\u00eda se interna en la tierra, Ciutadella se erige poderosa. Descubre Menorca con tu alquiler moto Menorca.\" \/>\n<meta property=\"og:url\" content=\"https:\/\/rideon.es\/renting-empresas\/descubre-el-centro-de-ciutadella\/\" \/>\n<meta property=\"og:site_name\" content=\"Alquiler de motos mensual y Renting para Empresas\" \/>\n<meta property=\"article:published_time\" content=\"2016-11-10T13:53:38+00:00\" \/>\n<meta name=\"author\" content=\"Ride On\" \/>\n<meta name=\"twitter:card\" content=\"summary_large_image\" \/>\n<meta name=\"twitter:label1\" content=\"Escrito por\" \/>\n\t<meta name=\"twitter:data1\" content=\"Ride On\" \/>\n\t<meta name=\"twitter:label2\" content=\"Tiempo de lectura\" \/>\n\t<meta name=\"twitter:data2\" content=\"2 minutos\" \/>\n<script type=\"application\/ld+json\" class=\"yoast-schema-graph\">{\"@context\":\"https:\\\/\\\/schema.org\",\"@graph\":[{\"@type\":\"Article\",\"@id\":\"https:\\\/\\\/rideon.es\\\/renting-empresas\\\/descubre-el-centro-de-ciutadella\\\/#article\",\"isPartOf\":{\"@id\":\"https:\\\/\\\/rideon.es\\\/renting-empresas\\\/descubre-el-centro-de-ciutadella\\\/\"},\"author\":{\"name\":\"Ride On\",\"@id\":\"https:\\\/\\\/rideon.es\\\/renting-empresas\\\/#\\\/schema\\\/person\\\/48d6770e55c623d929bd20ce295611a7\"},\"headline\":\"Descubre el centro de Ciutadella\",\"datePublished\":\"2016-11-10T13:53:38+00:00\",\"mainEntityOfPage\":{\"@id\":\"https:\\\/\\\/rideon.es\\\/renting-empresas\\\/descubre-el-centro-de-ciutadella\\\/\"},\"wordCount\":494,\"commentCount\":0,\"publisher\":{\"@id\":\"https:\\\/\\\/rideon.es\\\/renting-empresas\\\/#organization\"},\"image\":{\"@id\":\"https:\\\/\\\/rideon.es\\\/renting-empresas\\\/descubre-el-centro-de-ciutadella\\\/#primaryimage\"},\"thumbnailUrl\":\"\",\"articleSection\":[\"Blog\",\"Menorca\"],\"inLanguage\":\"es\",\"potentialAction\":[{\"@type\":\"CommentAction\",\"name\":\"Comment\",\"target\":[\"https:\\\/\\\/rideon.es\\\/renting-empresas\\\/descubre-el-centro-de-ciutadella\\\/#respond\"]}]},{\"@type\":\"WebPage\",\"@id\":\"https:\\\/\\\/rideon.es\\\/renting-empresas\\\/descubre-el-centro-de-ciutadella\\\/\",\"url\":\"https:\\\/\\\/rideon.es\\\/renting-empresas\\\/descubre-el-centro-de-ciutadella\\\/\",\"name\":\"Descubre el centro de Ciutadella\",\"isPartOf\":{\"@id\":\"https:\\\/\\\/rideon.es\\\/renting-empresas\\\/#website\"},\"primaryImageOfPage\":{\"@id\":\"https:\\\/\\\/rideon.es\\\/renting-empresas\\\/descubre-el-centro-de-ciutadella\\\/#primaryimage\"},\"image\":{\"@id\":\"https:\\\/\\\/rideon.es\\\/renting-empresas\\\/descubre-el-centro-de-ciutadella\\\/#primaryimage\"},\"thumbnailUrl\":\"\",\"datePublished\":\"2016-11-10T13:53:38+00:00\",\"description\":\"Levantada sobre el brazo de mar que a modo de r\u00eda se interna en la tierra, Ciutadella se erige poderosa. Descubre Menorca con tu alquiler moto Menorca.\",\"inLanguage\":\"es\",\"potentialAction\":[{\"@type\":\"ReadAction\",\"target\":[\"https:\\\/\\\/rideon.es\\\/renting-empresas\\\/descubre-el-centro-de-ciutadella\\\/\"]}]},{\"@type\":\"ImageObject\",\"inLanguage\":\"es\",\"@id\":\"https:\\\/\\\/rideon.es\\\/renting-empresas\\\/descubre-el-centro-de-ciutadella\\\/#primaryimage\",\"url\":\"\",\"contentUrl\":\"\"},{\"@type\":\"WebSite\",\"@id\":\"https:\\\/\\\/rideon.es\\\/renting-empresas\\\/#website\",\"url\":\"https:\\\/\\\/rideon.es\\\/renting-empresas\\\/\",\"name\":\"Alquiler de motos mensual y Renting para Empresas\",\"description\":\"Las motos m\u00e1s c\u00f3modas y seguras para disfrutar de tus vacaciones sobre ruedas. Alquiler de motos en Menorca, Mallorca, Barcelona y Valencia con Rideon.es\",\"publisher\":{\"@id\":\"https:\\\/\\\/rideon.es\\\/renting-empresas\\\/#organization\"},\"potentialAction\":[{\"@type\":\"SearchAction\",\"target\":{\"@type\":\"EntryPoint\",\"urlTemplate\":\"https:\\\/\\\/rideon.es\\\/renting-empresas\\\/?s={search_term_string}\"},\"query-input\":{\"@type\":\"PropertyValueSpecification\",\"valueRequired\":true,\"valueName\":\"search_term_string\"}}],\"inLanguage\":\"es\"},{\"@type\":\"Organization\",\"@id\":\"https:\\\/\\\/rideon.es\\\/renting-empresas\\\/#organization\",\"name\":\"Alquiler de motos mensual y Renting para Empresas\",\"url\":\"https:\\\/\\\/rideon.es\\\/renting-empresas\\\/\",\"logo\":{\"@type\":\"ImageObject\",\"inLanguage\":\"es\",\"@id\":\"https:\\\/\\\/rideon.es\\\/renting-empresas\\\/#\\\/schema\\\/logo\\\/image\\\/\",\"url\":\"https:\\\/\\\/rideon.es\\\/renting-empresas\\\/wp-content\\\/uploads\\\/sites\\\/19\\\/2020\\\/02\\\/rideon_logo-200x78-1.png\",\"contentUrl\":\"https:\\\/\\\/rideon.es\\\/renting-empresas\\\/wp-content\\\/uploads\\\/sites\\\/19\\\/2020\\\/02\\\/rideon_logo-200x78-1.png\",\"width\":200,\"height\":78,\"caption\":\"Alquiler de motos mensual y Renting para Empresas\"},\"image\":{\"@id\":\"https:\\\/\\\/rideon.es\\\/renting-empresas\\\/#\\\/schema\\\/logo\\\/image\\\/\"}},{\"@type\":\"Person\",\"@id\":\"https:\\\/\\\/rideon.es\\\/renting-empresas\\\/#\\\/schema\\\/person\\\/48d6770e55c623d929bd20ce295611a7\",\"name\":\"Ride On\",\"image\":{\"@type\":\"ImageObject\",\"inLanguage\":\"es\",\"@id\":\"https:\\\/\\\/secure.gravatar.com\\\/avatar\\\/785e72183089da6a00243c0f0e2d52db79b9983b602219afb07c868943086138?s=96&d=mm&r=g\",\"url\":\"https:\\\/\\\/secure.gravatar.com\\\/avatar\\\/785e72183089da6a00243c0f0e2d52db79b9983b602219afb07c868943086138?s=96&d=mm&r=g\",\"contentUrl\":\"https:\\\/\\\/secure.gravatar.com\\\/avatar\\\/785e72183089da6a00243c0f0e2d52db79b9983b602219afb07c868943086138?s=96&d=mm&r=g\",\"caption\":\"Ride On\"},\"url\":\"https:\\\/\\\/rideon.es\\\/renting-empresas\\\/author\\\/eduardoyauri\\\/\"}]}<\/script>\n<!-- \/ Yoast SEO Premium plugin. -->","yoast_head_json":{"title":"Descubre el centro de Ciutadella","description":"Levantada sobre el brazo de mar que a modo de r\u00eda se interna en la tierra, Ciutadella se erige poderosa. Descubre Menorca con tu alquiler moto Menorca.","robots":{"index":"index","follow":"follow","max-snippet":"max-snippet:-1","max-image-preview":"max-image-preview:large","max-video-preview":"max-video-preview:-1"},"canonical":"https:\/\/rideon.es\/renting-empresas\/descubre-el-centro-de-ciutadella\/","og_locale":"es_ES","og_type":"article","og_title":"Descubre el centro de Ciutadella","og_description":"Levantada sobre el brazo de mar que a modo de r\u00eda se interna en la tierra, Ciutadella se erige poderosa. Descubre Menorca con tu alquiler moto Menorca.","og_url":"https:\/\/rideon.es\/renting-empresas\/descubre-el-centro-de-ciutadella\/","og_site_name":"Alquiler de motos mensual y Renting para Empresas","article_published_time":"2016-11-10T13:53:38+00:00","author":"Ride On","twitter_card":"summary_large_image","twitter_misc":{"Escrito por":"Ride On","Tiempo de lectura":"2 minutos"},"schema":{"@context":"https:\/\/schema.org","@graph":[{"@type":"Article","@id":"https:\/\/rideon.es\/renting-empresas\/descubre-el-centro-de-ciutadella\/#article","isPartOf":{"@id":"https:\/\/rideon.es\/renting-empresas\/descubre-el-centro-de-ciutadella\/"},"author":{"name":"Ride On","@id":"https:\/\/rideon.es\/renting-empresas\/#\/schema\/person\/48d6770e55c623d929bd20ce295611a7"},"headline":"Descubre el centro de Ciutadella","datePublished":"2016-11-10T13:53:38+00:00","mainEntityOfPage":{"@id":"https:\/\/rideon.es\/renting-empresas\/descubre-el-centro-de-ciutadella\/"},"wordCount":494,"commentCount":0,"publisher":{"@id":"https:\/\/rideon.es\/renting-empresas\/#organization"},"image":{"@id":"https:\/\/rideon.es\/renting-empresas\/descubre-el-centro-de-ciutadella\/#primaryimage"},"thumbnailUrl":"","articleSection":["Blog","Menorca"],"inLanguage":"es","potentialAction":[{"@type":"CommentAction","name":"Comment","target":["https:\/\/rideon.es\/renting-empresas\/descubre-el-centro-de-ciutadella\/#respond"]}]},{"@type":"WebPage","@id":"https:\/\/rideon.es\/renting-empresas\/descubre-el-centro-de-ciutadella\/","url":"https:\/\/rideon.es\/renting-empresas\/descubre-el-centro-de-ciutadella\/","name":"Descubre el centro de Ciutadella","isPartOf":{"@id":"https:\/\/rideon.es\/renting-empresas\/#website"},"primaryImageOfPage":{"@id":"https:\/\/rideon.es\/renting-empresas\/descubre-el-centro-de-ciutadella\/#primaryimage"},"image":{"@id":"https:\/\/rideon.es\/renting-empresas\/descubre-el-centro-de-ciutadella\/#primaryimage"},"thumbnailUrl":"","datePublished":"2016-11-10T13:53:38+00:00","description":"Levantada sobre el brazo de mar que a modo de r\u00eda se interna en la tierra, Ciutadella se erige poderosa. Descubre Menorca con tu alquiler moto Menorca.","inLanguage":"es","potentialAction":[{"@type":"ReadAction","target":["https:\/\/rideon.es\/renting-empresas\/descubre-el-centro-de-ciutadella\/"]}]},{"@type":"ImageObject","inLanguage":"es","@id":"https:\/\/rideon.es\/renting-empresas\/descubre-el-centro-de-ciutadella\/#primaryimage","url":"","contentUrl":""},{"@type":"WebSite","@id":"https:\/\/rideon.es\/renting-empresas\/#website","url":"https:\/\/rideon.es\/renting-empresas\/","name":"Alquiler de motos mensual y Renting para Empresas","description":"Las motos m\u00e1s c\u00f3modas y seguras para disfrutar de tus vacaciones sobre ruedas. Alquiler de motos en Menorca, Mallorca, Barcelona y Valencia con Rideon.es","publisher":{"@id":"https:\/\/rideon.es\/renting-empresas\/#organization"},"potentialAction":[{"@type":"SearchAction","target":{"@type":"EntryPoint","urlTemplate":"https:\/\/rideon.es\/renting-empresas\/?s={search_term_string}"},"query-input":{"@type":"PropertyValueSpecification","valueRequired":true,"valueName":"search_term_string"}}],"inLanguage":"es"},{"@type":"Organization","@id":"https:\/\/rideon.es\/renting-empresas\/#organization","name":"Alquiler de motos mensual y Renting para Empresas","url":"https:\/\/rideon.es\/renting-empresas\/","logo":{"@type":"ImageObject","inLanguage":"es","@id":"https:\/\/rideon.es\/renting-empresas\/#\/schema\/logo\/image\/","url":"https:\/\/rideon.es\/renting-empresas\/wp-content\/uploads\/sites\/19\/2020\/02\/rideon_logo-200x78-1.png","contentUrl":"https:\/\/rideon.es\/renting-empresas\/wp-content\/uploads\/sites\/19\/2020\/02\/rideon_logo-200x78-1.png","width":200,"height":78,"caption":"Alquiler de motos mensual y Renting para Empresas"},"image":{"@id":"https:\/\/rideon.es\/renting-empresas\/#\/schema\/logo\/image\/"}},{"@type":"Person","@id":"https:\/\/rideon.es\/renting-empresas\/#\/schema\/person\/48d6770e55c623d929bd20ce295611a7","name":"Ride On","image":{"@type":"ImageObject","inLanguage":"es","@id":"https:\/\/secure.gravatar.com\/avatar\/785e72183089da6a00243c0f0e2d52db79b9983b602219afb07c868943086138?s=96&d=mm&r=g","url":"https:\/\/secure.gravatar.com\/avatar\/785e72183089da6a00243c0f0e2d52db79b9983b602219afb07c868943086138?s=96&d=mm&r=g","contentUrl":"https:\/\/secure.gravatar.com\/avatar\/785e72183089da6a00243c0f0e2d52db79b9983b602219afb07c868943086138?s=96&d=mm&r=g","caption":"Ride On"},"url":"https:\/\/rideon.es\/renting-empresas\/author\/eduardoyauri\/"}]}},"_links":{"self":[{"href":"https:\/\/rideon.es\/renting-empresas\/wp-json\/wp\/v2\/posts\/1290","targetHints":{"allow":["GET"]}}],"collection":[{"href":"https:\/\/rideon.es\/renting-empresas\/wp-json\/wp\/v2\/posts"}],"about":[{"href":"https:\/\/rideon.es\/renting-empresas\/wp-json\/wp\/v2\/types\/post"}],"author":[{"embeddable":true,"href":"https:\/\/rideon.es\/renting-empresas\/wp-json\/wp\/v2\/users\/2"}],"replies":[{"embeddable":true,"href":"https:\/\/rideon.es\/renting-empresas\/wp-json\/wp\/v2\/comments?post=1290"}],"version-history":[{"count":0,"href":"https:\/\/rideon.es\/renting-empresas\/wp-json\/wp\/v2\/posts\/1290\/revisions"}],"wp:featuredmedia":[{"embeddable":true,"href":"https:\/\/rideon.es\/renting-empresas\/wp-json\/"}],"wp:attachment":[{"href":"https:\/\/rideon.es\/renting-empresas\/wp-json\/wp\/v2\/media?parent=1290"}],"wp:term":[{"taxonomy":"category","embeddable":true,"href":"https:\/\/rideon.es\/renting-empresas\/wp-json\/wp\/v2\/categories?post=1290"},{"taxonomy":"post_tag","embeddable":true,"href":"https:\/\/rideon.es\/renting-empresas\/wp-json\/wp\/v2\/tags?post=1290"}],"curies":[{"name":"wp","href":"https:\/\/api.w.org\/{rel}","templated":true}]}}