{"id":1284,"date":"2016-11-10T13:52:12","date_gmt":"2016-11-10T13:52:12","guid":{"rendered":"https:\/\/rideon.es\/?p=1284"},"modified":"2016-11-10T13:52:12","modified_gmt":"2016-11-10T13:52:12","slug":"ruta-1-dia-playas-del-faro-favitx-y-el-parque-de-sasbufera","status":"publish","type":"post","link":"https:\/\/rideon.es\/renting-empresas\/ruta-1-dia-playas-del-faro-favitx-y-el-parque-de-sasbufera\/","title":{"rendered":"Ruta 1 Dia: Playas del Faro Favitx y el parque de s&#8217;Asbufera"},"content":{"rendered":"<p><span style=\"font-weight: 400\">Esta ruta por Menorca nos muestra algunos de los rincones m\u00e1s maravillosos del norte de la Isla, visita por la ma\u00f1ana al faro de favaritx y descanso en las m\u00e1s ex\u00f3ticas playas del norte de la isla, despu\u00e9s de comer en Es Grau se propone la visita por el parque natural de S&#8217;Albufera des Grau. La mejor forma de recorrer la isla es con al <\/span><a href=\"http:\/\/www.rideonmotorent.com\/\"><span style=\"font-weight: 400\">alquiler moto Menorca<\/span><\/a><br \/>\n<b>Bah\u00eda de addaia<\/b><br \/>\n<span style=\"font-weight: 400\">Situaci\u00f3n: <\/span><a href=\"https:\/\/goo.gl\/maps\/Uqrv56mUBUk\"><span style=\"font-weight: 400\">https:\/\/goo.gl\/maps\/Uqrv56mUBUk<\/span><\/a><br \/>\n<span style=\"font-weight: 400\">La extraordinaria calidad y transparencia de las aguas del litoral menorqu\u00edn encuentran su m\u00e1xima expresi\u00f3n en la zona de S\u2019estany, en la bah\u00eda de Addaia. En esta zona encontramos uno de los principales arrecifes de posidonia oce\u00e1nica, el mayor y m\u00e1s longevo ser vivo del planeta. Delante del puerto encontramos la zona de s\u2019estany, un lugar perfecto para hacer una inmersi\u00f3n y observar las maravillas del fondo marino de Menorca. <\/span><br \/>\n<img decoding=\"async\" class=\"img-responsive\" src=\"http:\/\/www.rideonmotorent.com\/wp-content\/uploads\/2016\/07\/bahia-addaia-menorca.jpg\" alt=\"Bahia Addaia Menorca\" width=\"100%\" \/><br \/>\n<span style=\"font-weight: 400\">La formaci\u00f3n y conservaci\u00f3n de estas aut\u00e9nticas praderas marinas , s\u00edmbolo de la preocupaci\u00f3n por conservar el medioambiente menorqu\u00edn garantizan la preservaci\u00f3n de sus playas evitando la erosi\u00f3n de su fondos y asegurando la supervivencia de su flora y de su fauna. La bahia de Addaia se puede visitar con el <\/span><a href=\"http:\/\/www.rideonmotorent.com\/\"><span style=\"font-weight: 400\">alquiler moto menorca<\/span><\/a><span style=\"font-weight: 400\">.<\/span><br \/>\n<b>El faro de favaritx<\/b><br \/>\n<span style=\"font-weight: 400\">Situaci\u00f3n: <\/span><a href=\"https:\/\/goo.gl\/maps\/ytz3KVzXvE32\"><span style=\"font-weight: 400\">https:\/\/goo.gl\/maps\/ytz3KVzXvE32<\/span><\/a><br \/>\n<span style=\"font-weight: 400\">Solitario y altivo, con su caracter\u00edstica torre pintada con franjas bicolor el faro de Cap de Favaritx se eleva por encima de unos de los terrenos naturales m\u00e1s antiguos de las islas Baleares, Construida desde el Mar y para el mar, su torre de 30m de altura se alza sobre un terreno rocoso de pizarra negra que preside dos amplias bah\u00edas a los lados del cabo. Unas bah\u00edas para disfrutar de las mejores playas m\u00e1s desconocidas y salvajes de la costa norte de Menorca como la <\/span><a href=\"https:\/\/goo.gl\/maps\/mWSkJjUTedu\"><span style=\"font-weight: 400\">Cala Presili<\/span><\/a><span style=\"font-weight: 400\">, cala d\u2019en tortuga o cala Morella Nou. Con tu <\/span><a href=\"http:\/\/www.rideonmotorent.com\/\"><span style=\"font-weight: 400\">rent scooter menorca<\/span><\/a><span style=\"font-weight: 400\"> podr\u00e1s acceder a cualquier parte de la isla sin retenciones.<\/span><br \/>\n<img decoding=\"async\" class=\"img-responsive\" src=\"http:\/\/www.rideonmotorent.com\/wp-content\/uploads\/2016\/07\/faro-favaritx-menorca.jpg\" alt=\"Faro de Favaritx Menorca\" width=\"100%\" \/><br \/>\n<b>Comer en Es Grau<\/b><br \/>\n<span style=\"font-weight: 400\">Lugar: Restaurante Tamarindos<\/span><br \/>\n<span style=\"font-weight: 400\">Web: <\/span><a href=\"http:\/\/www.barrestaurantetamarindos.es\"><span style=\"font-weight: 400\">www.barrestaurantetamarindos.es<\/span><\/a><br \/>\n<span style=\"font-weight: 400\">SItuacion: <\/span><a href=\"https:\/\/goo.gl\/maps\/nASxyJVdb6x\"><span style=\"font-weight: 400\">https:\/\/goo.gl\/maps\/nASxyJVdb6x<\/span><\/a><br \/>\n<span style=\"font-weight: 400\">La peque\u00f1a poblaci\u00f3n de Es Grau erigida sobre un racimo de casas que descienden atropelladamente hacia el mar constituye una de las principales puertas de entrada al Parc natural de S\u2019asbufera,el humedal m\u00e1s grande de Menorca. Es Grau es un peque\u00f1o pueblo de casitas encaladas maravilloso para descubrir con tu <\/span><a href=\"http:\/\/www.rideonmotorent.com\/\"><span style=\"font-weight: 400\">rent moto menorca<\/span><\/a><span style=\"font-weight: 400\">.<\/span><br \/>\n<img decoding=\"async\" class=\"img-responsive\" src=\"http:\/\/www.rideonmotorent.com\/wp-content\/uploads\/2016\/07\/restaurante-tamarindos-menorca.jpg\" alt=\"Restaurante tamarindos Menorca\" width=\"100%\" \/><br \/>\n<b>Parque natural S&#8217;Albufera des Grau<\/b><br \/>\n<span style=\"font-weight: 400\">Situaci\u00f3n: <\/span><a href=\"https:\/\/goo.gl\/maps\/bskLL4kY9qj\"><span style=\"font-weight: 400\">https:\/\/goo.gl\/maps\/bskLL4kY9qj<\/span><\/a><br \/>\n<span style=\"font-weight: 400\">Por la tarde cogemos las <\/span><a href=\"http:\/\/www.rideonmotorent.com\/\"><span style=\"font-weight: 400\">motos de alquiler menorca<\/span><\/a><span style=\"font-weight: 400\"> y nos dirigimos a la playa de Bah\u00eda des Grau enmarcada por una gran superficie dunar y con una entrada profunda y de escaso calado proporciona una de las aguas m\u00e1s c\u00e1lidas y concurridas de principio de temporada. Las playas de es Grau son perfectas para visitar en familia, los ni\u00f1os disfrutan de las aguas tranquilas del mar.<\/span><br \/>\n<img decoding=\"async\" class=\"img-responsive\" src=\"http:\/\/www.rideonmotorent.com\/wp-content\/uploads\/2016\/07\/parque-natura-sabufera-menorca.jpg\" alt=\"Parque natura Sabufera\" width=\"100%\" \/><br \/>\n&nbsp;<br \/>\n<span style=\"font-weight: 400\">En el parque natural de S&#8217;Albufera des Grau se distinguen tres \u00e1reas: la isla de Colom, la zona del faro de Fav\u00e0ritx-prado de Morella y la laguna y el prado de s&#8217;Albufera. Cada \u00e1rea incluye una gran variedad de ecosistemas: zonas h\u00famedas, tierras de cultivo y pasto, montes boscosos, comunidades litorales, acantilados, dunas y numerosas playas: s&#8217;Escala, cala Presili, S&#8217; Arenal de Morella, cala Tortuga, cala en Caballero, cala de sa Torreta, Tamarells del Norte, Tamarells del Sur, Arenal d&#8217;en Mor, (isla de Colom), los Tamarells (isla de Colom) y playa d&#8217;es Grau. El parque se encuentra en medio de una de las rutas migratoria de Europa m\u00e1s importantes que hacen las aves camino de \u00e1frica.<\/span><br \/>\n<span style=\"font-weight: 400\">Para m\u00e1s informaci\u00f3n visiten nuestro <\/span><a href=\"http:\/\/www.rideonmotorent.com\/menorca\/\"><span style=\"font-weight: 400\">Blog de informaci\u00f3n Tur\u00edstica a Menorca<\/span><\/a><span style=\"font-weight: 400\">, para reservas online de motos de alquiler menorca pueden visitar nuestra web <\/span><a href=\"http:\/\/www.rideonmotorent.com\"><span style=\"font-weight: 400\">www.rideonmotorent.com<\/span><\/a><\/p>\n","protected":false},"excerpt":{"rendered":"<p>Esta ruta por Menorca nos muestra algunos de los rincones m\u00e1s maravillosos del norte de la Isla, visita por la ma\u00f1ana al faro de favaritx y descanso en las m\u00e1s ex\u00f3ticas playas del norte de la isla, despu\u00e9s de comer en Es Grau se propone la visita por el parque natural de S&#8217;Albufera des Grau.<\/p>\n","protected":false},"author":2,"featured_media":1288,"comment_status":"open","ping_status":"closed","sticky":false,"template":"","format":"standard","meta":{"inline_featured_image":false,"footnotes":""},"categories":[12,14],"tags":[],"class_list":["post-1284","post","type-post","status-publish","format-standard","has-post-thumbnail","hentry","category-blog","category-menorca"],"yoast_head":"<!-- This site is optimized with the Yoast SEO Premium plugin v18.7 (Yoast SEO v27.5) - https:\/\/yoast.com\/product\/yoast-seo-premium-wordpress\/ -->\n<title>Ruta 1 Dia: Playas del Faro Favitx y el parque de s&#039;Asbufera - Alquiler de motos mensual y Renting para Empresas<\/title>\n<meta name=\"description\" content=\"Esta ruta por Menorca nos muestra rincones maravillosos de la Isla, por la\u00f1ana al faro de favaritx y por la tarde el parque natural de S&#039;Albufera des Grau\" \/>\n<meta name=\"robots\" content=\"index, follow, max-snippet:-1, max-image-preview:large, max-video-preview:-1\" \/>\n<link rel=\"canonical\" href=\"https:\/\/rideon.es\/renting-empresas\/ruta-1-dia-playas-del-faro-favitx-y-el-parque-de-sasbufera\/\" \/>\n<meta property=\"og:locale\" content=\"es_ES\" \/>\n<meta property=\"og:type\" content=\"article\" \/>\n<meta property=\"og:title\" content=\"Ruta 1 Dia: Playas del Faro Favitx y el parque de s&#039;Asbufera\" \/>\n<meta property=\"og:description\" content=\"Esta ruta por Menorca nos muestra rincones maravillosos de la Isla, por la\u00f1ana al faro de favaritx y por la tarde el parque natural de S&#039;Albufera des Grau\" \/>\n<meta property=\"og:url\" content=\"https:\/\/rideon.es\/renting-empresas\/ruta-1-dia-playas-del-faro-favitx-y-el-parque-de-sasbufera\/\" \/>\n<meta property=\"og:site_name\" content=\"Alquiler de motos mensual y Renting para Empresas\" \/>\n<meta property=\"article:published_time\" content=\"2016-11-10T13:52:12+00:00\" \/>\n<meta name=\"author\" content=\"Ride On\" \/>\n<meta name=\"twitter:card\" content=\"summary_large_image\" \/>\n<meta name=\"twitter:label1\" content=\"Escrito por\" \/>\n\t<meta name=\"twitter:data1\" content=\"Ride On\" \/>\n\t<meta name=\"twitter:label2\" content=\"Tiempo de lectura\" \/>\n\t<meta name=\"twitter:data2\" content=\"3 minutos\" \/>\n<script type=\"application\/ld+json\" class=\"yoast-schema-graph\">{\"@context\":\"https:\\\/\\\/schema.org\",\"@graph\":[{\"@type\":\"Article\",\"@id\":\"https:\\\/\\\/rideon.es\\\/renting-empresas\\\/ruta-1-dia-playas-del-faro-favitx-y-el-parque-de-sasbufera\\\/#article\",\"isPartOf\":{\"@id\":\"https:\\\/\\\/rideon.es\\\/renting-empresas\\\/ruta-1-dia-playas-del-faro-favitx-y-el-parque-de-sasbufera\\\/\"},\"author\":{\"name\":\"Ride On\",\"@id\":\"https:\\\/\\\/rideon.es\\\/renting-empresas\\\/#\\\/schema\\\/person\\\/48d6770e55c623d929bd20ce295611a7\"},\"headline\":\"Ruta 1 Dia: Playas del Faro Favitx y el parque de s&#8217;Asbufera\",\"datePublished\":\"2016-11-10T13:52:12+00:00\",\"mainEntityOfPage\":{\"@id\":\"https:\\\/\\\/rideon.es\\\/renting-empresas\\\/ruta-1-dia-playas-del-faro-favitx-y-el-parque-de-sasbufera\\\/\"},\"wordCount\":685,\"commentCount\":0,\"publisher\":{\"@id\":\"https:\\\/\\\/rideon.es\\\/renting-empresas\\\/#organization\"},\"image\":{\"@id\":\"https:\\\/\\\/rideon.es\\\/renting-empresas\\\/ruta-1-dia-playas-del-faro-favitx-y-el-parque-de-sasbufera\\\/#primaryimage\"},\"thumbnailUrl\":\"\",\"articleSection\":[\"Blog\",\"Menorca\"],\"inLanguage\":\"es\",\"potentialAction\":[{\"@type\":\"CommentAction\",\"name\":\"Comment\",\"target\":[\"https:\\\/\\\/rideon.es\\\/renting-empresas\\\/ruta-1-dia-playas-del-faro-favitx-y-el-parque-de-sasbufera\\\/#respond\"]}]},{\"@type\":\"WebPage\",\"@id\":\"https:\\\/\\\/rideon.es\\\/renting-empresas\\\/ruta-1-dia-playas-del-faro-favitx-y-el-parque-de-sasbufera\\\/\",\"url\":\"https:\\\/\\\/rideon.es\\\/renting-empresas\\\/ruta-1-dia-playas-del-faro-favitx-y-el-parque-de-sasbufera\\\/\",\"name\":\"Ruta 1 Dia: Playas del Faro Favitx y el parque de s'Asbufera - Alquiler de motos mensual y Renting para Empresas\",\"isPartOf\":{\"@id\":\"https:\\\/\\\/rideon.es\\\/renting-empresas\\\/#website\"},\"primaryImageOfPage\":{\"@id\":\"https:\\\/\\\/rideon.es\\\/renting-empresas\\\/ruta-1-dia-playas-del-faro-favitx-y-el-parque-de-sasbufera\\\/#primaryimage\"},\"image\":{\"@id\":\"https:\\\/\\\/rideon.es\\\/renting-empresas\\\/ruta-1-dia-playas-del-faro-favitx-y-el-parque-de-sasbufera\\\/#primaryimage\"},\"thumbnailUrl\":\"\",\"datePublished\":\"2016-11-10T13:52:12+00:00\",\"description\":\"Esta ruta por Menorca nos muestra rincones maravillosos de la Isla, por la\u00f1ana al faro de favaritx y por la tarde el parque natural de S'Albufera des Grau\",\"inLanguage\":\"es\",\"potentialAction\":[{\"@type\":\"ReadAction\",\"target\":[\"https:\\\/\\\/rideon.es\\\/renting-empresas\\\/ruta-1-dia-playas-del-faro-favitx-y-el-parque-de-sasbufera\\\/\"]}]},{\"@type\":\"ImageObject\",\"inLanguage\":\"es\",\"@id\":\"https:\\\/\\\/rideon.es\\\/renting-empresas\\\/ruta-1-dia-playas-del-faro-favitx-y-el-parque-de-sasbufera\\\/#primaryimage\",\"url\":\"\",\"contentUrl\":\"\"},{\"@type\":\"WebSite\",\"@id\":\"https:\\\/\\\/rideon.es\\\/renting-empresas\\\/#website\",\"url\":\"https:\\\/\\\/rideon.es\\\/renting-empresas\\\/\",\"name\":\"Alquiler de motos mensual y Renting para Empresas\",\"description\":\"Las motos m\u00e1s c\u00f3modas y seguras para disfrutar de tus vacaciones sobre ruedas. Alquiler de motos en Menorca, Mallorca, Barcelona y Valencia con Rideon.es\",\"publisher\":{\"@id\":\"https:\\\/\\\/rideon.es\\\/renting-empresas\\\/#organization\"},\"potentialAction\":[{\"@type\":\"SearchAction\",\"target\":{\"@type\":\"EntryPoint\",\"urlTemplate\":\"https:\\\/\\\/rideon.es\\\/renting-empresas\\\/?s={search_term_string}\"},\"query-input\":{\"@type\":\"PropertyValueSpecification\",\"valueRequired\":true,\"valueName\":\"search_term_string\"}}],\"inLanguage\":\"es\"},{\"@type\":\"Organization\",\"@id\":\"https:\\\/\\\/rideon.es\\\/renting-empresas\\\/#organization\",\"name\":\"Alquiler de motos mensual y Renting para Empresas\",\"url\":\"https:\\\/\\\/rideon.es\\\/renting-empresas\\\/\",\"logo\":{\"@type\":\"ImageObject\",\"inLanguage\":\"es\",\"@id\":\"https:\\\/\\\/rideon.es\\\/renting-empresas\\\/#\\\/schema\\\/logo\\\/image\\\/\",\"url\":\"https:\\\/\\\/rideon.es\\\/renting-empresas\\\/wp-content\\\/uploads\\\/sites\\\/19\\\/2020\\\/02\\\/rideon_logo-200x78-1.png\",\"contentUrl\":\"https:\\\/\\\/rideon.es\\\/renting-empresas\\\/wp-content\\\/uploads\\\/sites\\\/19\\\/2020\\\/02\\\/rideon_logo-200x78-1.png\",\"width\":200,\"height\":78,\"caption\":\"Alquiler de motos mensual y Renting para Empresas\"},\"image\":{\"@id\":\"https:\\\/\\\/rideon.es\\\/renting-empresas\\\/#\\\/schema\\\/logo\\\/image\\\/\"}},{\"@type\":\"Person\",\"@id\":\"https:\\\/\\\/rideon.es\\\/renting-empresas\\\/#\\\/schema\\\/person\\\/48d6770e55c623d929bd20ce295611a7\",\"name\":\"Ride On\",\"image\":{\"@type\":\"ImageObject\",\"inLanguage\":\"es\",\"@id\":\"https:\\\/\\\/secure.gravatar.com\\\/avatar\\\/785e72183089da6a00243c0f0e2d52db79b9983b602219afb07c868943086138?s=96&d=mm&r=g\",\"url\":\"https:\\\/\\\/secure.gravatar.com\\\/avatar\\\/785e72183089da6a00243c0f0e2d52db79b9983b602219afb07c868943086138?s=96&d=mm&r=g\",\"contentUrl\":\"https:\\\/\\\/secure.gravatar.com\\\/avatar\\\/785e72183089da6a00243c0f0e2d52db79b9983b602219afb07c868943086138?s=96&d=mm&r=g\",\"caption\":\"Ride On\"},\"url\":\"https:\\\/\\\/rideon.es\\\/renting-empresas\\\/author\\\/eduardoyauri\\\/\"}]}<\/script>\n<!-- \/ Yoast SEO Premium plugin. -->","yoast_head_json":{"title":"Ruta 1 Dia: Playas del Faro Favitx y el parque de s'Asbufera - Alquiler de motos mensual y Renting para Empresas","description":"Esta ruta por Menorca nos muestra rincones maravillosos de la Isla, por la\u00f1ana al faro de favaritx y por la tarde el parque natural de S'Albufera des Grau","robots":{"index":"index","follow":"follow","max-snippet":"max-snippet:-1","max-image-preview":"max-image-preview:large","max-video-preview":"max-video-preview:-1"},"canonical":"https:\/\/rideon.es\/renting-empresas\/ruta-1-dia-playas-del-faro-favitx-y-el-parque-de-sasbufera\/","og_locale":"es_ES","og_type":"article","og_title":"Ruta 1 Dia: Playas del Faro Favitx y el parque de s'Asbufera","og_description":"Esta ruta por Menorca nos muestra rincones maravillosos de la Isla, por la\u00f1ana al faro de favaritx y por la tarde el parque natural de S'Albufera des Grau","og_url":"https:\/\/rideon.es\/renting-empresas\/ruta-1-dia-playas-del-faro-favitx-y-el-parque-de-sasbufera\/","og_site_name":"Alquiler de motos mensual y Renting para Empresas","article_published_time":"2016-11-10T13:52:12+00:00","author":"Ride On","twitter_card":"summary_large_image","twitter_misc":{"Escrito por":"Ride On","Tiempo de lectura":"3 minutos"},"schema":{"@context":"https:\/\/schema.org","@graph":[{"@type":"Article","@id":"https:\/\/rideon.es\/renting-empresas\/ruta-1-dia-playas-del-faro-favitx-y-el-parque-de-sasbufera\/#article","isPartOf":{"@id":"https:\/\/rideon.es\/renting-empresas\/ruta-1-dia-playas-del-faro-favitx-y-el-parque-de-sasbufera\/"},"author":{"name":"Ride On","@id":"https:\/\/rideon.es\/renting-empresas\/#\/schema\/person\/48d6770e55c623d929bd20ce295611a7"},"headline":"Ruta 1 Dia: Playas del Faro Favitx y el parque de s&#8217;Asbufera","datePublished":"2016-11-10T13:52:12+00:00","mainEntityOfPage":{"@id":"https:\/\/rideon.es\/renting-empresas\/ruta-1-dia-playas-del-faro-favitx-y-el-parque-de-sasbufera\/"},"wordCount":685,"commentCount":0,"publisher":{"@id":"https:\/\/rideon.es\/renting-empresas\/#organization"},"image":{"@id":"https:\/\/rideon.es\/renting-empresas\/ruta-1-dia-playas-del-faro-favitx-y-el-parque-de-sasbufera\/#primaryimage"},"thumbnailUrl":"","articleSection":["Blog","Menorca"],"inLanguage":"es","potentialAction":[{"@type":"CommentAction","name":"Comment","target":["https:\/\/rideon.es\/renting-empresas\/ruta-1-dia-playas-del-faro-favitx-y-el-parque-de-sasbufera\/#respond"]}]},{"@type":"WebPage","@id":"https:\/\/rideon.es\/renting-empresas\/ruta-1-dia-playas-del-faro-favitx-y-el-parque-de-sasbufera\/","url":"https:\/\/rideon.es\/renting-empresas\/ruta-1-dia-playas-del-faro-favitx-y-el-parque-de-sasbufera\/","name":"Ruta 1 Dia: Playas del Faro Favitx y el parque de s'Asbufera - Alquiler de motos mensual y Renting para Empresas","isPartOf":{"@id":"https:\/\/rideon.es\/renting-empresas\/#website"},"primaryImageOfPage":{"@id":"https:\/\/rideon.es\/renting-empresas\/ruta-1-dia-playas-del-faro-favitx-y-el-parque-de-sasbufera\/#primaryimage"},"image":{"@id":"https:\/\/rideon.es\/renting-empresas\/ruta-1-dia-playas-del-faro-favitx-y-el-parque-de-sasbufera\/#primaryimage"},"thumbnailUrl":"","datePublished":"2016-11-10T13:52:12+00:00","description":"Esta ruta por Menorca nos muestra rincones maravillosos de la Isla, por la\u00f1ana al faro de favaritx y por la tarde el parque natural de S'Albufera des Grau","inLanguage":"es","potentialAction":[{"@type":"ReadAction","target":["https:\/\/rideon.es\/renting-empresas\/ruta-1-dia-playas-del-faro-favitx-y-el-parque-de-sasbufera\/"]}]},{"@type":"ImageObject","inLanguage":"es","@id":"https:\/\/rideon.es\/renting-empresas\/ruta-1-dia-playas-del-faro-favitx-y-el-parque-de-sasbufera\/#primaryimage","url":"","contentUrl":""},{"@type":"WebSite","@id":"https:\/\/rideon.es\/renting-empresas\/#website","url":"https:\/\/rideon.es\/renting-empresas\/","name":"Alquiler de motos mensual y Renting para Empresas","description":"Las motos m\u00e1s c\u00f3modas y seguras para disfrutar de tus vacaciones sobre ruedas. Alquiler de motos en Menorca, Mallorca, Barcelona y Valencia con Rideon.es","publisher":{"@id":"https:\/\/rideon.es\/renting-empresas\/#organization"},"potentialAction":[{"@type":"SearchAction","target":{"@type":"EntryPoint","urlTemplate":"https:\/\/rideon.es\/renting-empresas\/?s={search_term_string}"},"query-input":{"@type":"PropertyValueSpecification","valueRequired":true,"valueName":"search_term_string"}}],"inLanguage":"es"},{"@type":"Organization","@id":"https:\/\/rideon.es\/renting-empresas\/#organization","name":"Alquiler de motos mensual y Renting para Empresas","url":"https:\/\/rideon.es\/renting-empresas\/","logo":{"@type":"ImageObject","inLanguage":"es","@id":"https:\/\/rideon.es\/renting-empresas\/#\/schema\/logo\/image\/","url":"https:\/\/rideon.es\/renting-empresas\/wp-content\/uploads\/sites\/19\/2020\/02\/rideon_logo-200x78-1.png","contentUrl":"https:\/\/rideon.es\/renting-empresas\/wp-content\/uploads\/sites\/19\/2020\/02\/rideon_logo-200x78-1.png","width":200,"height":78,"caption":"Alquiler de motos mensual y Renting para Empresas"},"image":{"@id":"https:\/\/rideon.es\/renting-empresas\/#\/schema\/logo\/image\/"}},{"@type":"Person","@id":"https:\/\/rideon.es\/renting-empresas\/#\/schema\/person\/48d6770e55c623d929bd20ce295611a7","name":"Ride On","image":{"@type":"ImageObject","inLanguage":"es","@id":"https:\/\/secure.gravatar.com\/avatar\/785e72183089da6a00243c0f0e2d52db79b9983b602219afb07c868943086138?s=96&d=mm&r=g","url":"https:\/\/secure.gravatar.com\/avatar\/785e72183089da6a00243c0f0e2d52db79b9983b602219afb07c868943086138?s=96&d=mm&r=g","contentUrl":"https:\/\/secure.gravatar.com\/avatar\/785e72183089da6a00243c0f0e2d52db79b9983b602219afb07c868943086138?s=96&d=mm&r=g","caption":"Ride On"},"url":"https:\/\/rideon.es\/renting-empresas\/author\/eduardoyauri\/"}]}},"_links":{"self":[{"href":"https:\/\/rideon.es\/renting-empresas\/wp-json\/wp\/v2\/posts\/1284","targetHints":{"allow":["GET"]}}],"collection":[{"href":"https:\/\/rideon.es\/renting-empresas\/wp-json\/wp\/v2\/posts"}],"about":[{"href":"https:\/\/rideon.es\/renting-empresas\/wp-json\/wp\/v2\/types\/post"}],"author":[{"embeddable":true,"href":"https:\/\/rideon.es\/renting-empresas\/wp-json\/wp\/v2\/users\/2"}],"replies":[{"embeddable":true,"href":"https:\/\/rideon.es\/renting-empresas\/wp-json\/wp\/v2\/comments?post=1284"}],"version-history":[{"count":0,"href":"https:\/\/rideon.es\/renting-empresas\/wp-json\/wp\/v2\/posts\/1284\/revisions"}],"wp:featuredmedia":[{"embeddable":true,"href":"https:\/\/rideon.es\/renting-empresas\/wp-json\/"}],"wp:attachment":[{"href":"https:\/\/rideon.es\/renting-empresas\/wp-json\/wp\/v2\/media?parent=1284"}],"wp:term":[{"taxonomy":"category","embeddable":true,"href":"https:\/\/rideon.es\/renting-empresas\/wp-json\/wp\/v2\/categories?post=1284"},{"taxonomy":"post_tag","embeddable":true,"href":"https:\/\/rideon.es\/renting-empresas\/wp-json\/wp\/v2\/tags?post=1284"}],"curies":[{"name":"wp","href":"https:\/\/api.w.org\/{rel}","templated":true}]}}