{"id":1281,"date":"2016-11-10T13:43:50","date_gmt":"2016-11-10T13:43:50","guid":{"rendered":"https:\/\/rideon.es\/?p=1281"},"modified":"2016-11-10T13:43:50","modified_gmt":"2016-11-10T13:43:50","slug":"sa-cova-den-xoroi-un-lugar-de-visita-obligada-en-menorca","status":"publish","type":"post","link":"https:\/\/rideon.es\/renting-empresas\/sa-cova-den-xoroi-un-lugar-de-visita-obligada-en-menorca\/","title":{"rendered":"Sa Cova d\u2019en Xoroi, un lugar de visita obligada en Menorca"},"content":{"rendered":"<h2>Sa Cova d&#8217;en Xoroi, un lugar de visita obligada en Menorca<\/h2>\n<p>Hoy nuestra propuesta para disfrutar del alquiler de moto en Menorca se centra en uno de los lugares m\u00e1s visitados de la Isla. En un acantilado de Cala en Porter (Alaior), la particular Cova d&#8217;en Xoroi se abre a todos los p\u00fablicos desde primera hora de la ma\u00f1ana y hasta bien entrada la madrugada. Ofreciendo un mirador natural con una vista inmejorable de este tramo de la costa del Sur de Menorca, ofreciendo adem\u00e1s un servicio de bar cafeter\u00eda diario y servicio de discoteca a partir de las 23.00 horas desde el mes de febrero.<br \/>\nLa cueva esconde rincones curiosos y toda una leyenda que habla de una historia de amor imposible con un tr\u00e1gico final, la de el misterioso Xoroi y una bella joven del lugar, lo que la dota de un romanticismo extra que sumado a la belleza de sus amaneceres y atardeceres sobre el mar, la convierten tambi\u00e9n en punto de visita obligada para parejas que disfruten de unas vacaciones en Menorca.<br \/>\nEs sin duda la puesta de sol uno de los momentos m\u00e1s especiales para visitar la gruta. La sesi\u00f3n de<br \/>\ntarde se ameniza con m\u00fasica chill out y con incre\u00edbles atardeceres en un ambiente muy agradable que invita al relax. Por la noche tambi\u00e9n es un lugar interesante, aunque mucho m\u00e1s movido&#8230;. La discoteca re\u00fane a Djs y artistas de renombre y un d\u00eda a la semana, en verano acoge la fiesta de la espuma m\u00e1s famosa de Menorca ya que convierte la cueva en pr\u00e1cticamente una piscina&#8230;<br \/>\nPara llegar a Sa Cova d&#8217;en Xoroi en moto de alquiler, es necesario tomar la carretera general de Menorca (Ma\u00f3-Ciutadella) en la que existen dos accesos a Cala en Porter. Uno est\u00e1 en Ma\u00f3, que es la carretera directa Ma\u00f3-Cala en Porter. Y el otro se encuentra en Alaior, d\u00f3nde tambi\u00e9n hay una v\u00eda que conecta con Cala en Porter. \u00c9sta \u00faltima es la mejor opci\u00f3n para quienes vienen desde Ciutadella.<\/p>\n","protected":false},"excerpt":{"rendered":"<p>Sa Cova d&#8217;en Xoroi, un lugar de visita obligada en Menorca Hoy nuestra propuesta para disfrutar del alquiler de moto en Menorca se centra en uno de los lugares m\u00e1s visitados de la Isla. En un acantilado de Cala en Porter (Alaior), la particular Cova d&#8217;en Xoroi se abre a todos los p\u00fablicos desde primera<\/p>\n","protected":false},"author":2,"featured_media":1282,"comment_status":"open","ping_status":"closed","sticky":false,"template":"","format":"standard","meta":{"inline_featured_image":false,"footnotes":""},"categories":[39],"tags":[],"class_list":["post-1281","post","type-post","status-publish","format-standard","has-post-thumbnail","hentry","category-cova-den-xoroi"],"yoast_head":"<!-- This site is optimized with the Yoast SEO Premium plugin v18.7 (Yoast SEO v27.5) - https:\/\/yoast.com\/product\/yoast-seo-premium-wordpress\/ -->\n<title>Recorremos Menorca en moto y llegamos a Sa Cova d&#039;en Xoroi<\/title>\n<meta name=\"description\" content=\"La propuesta de hoy para qui\u00e9nes recorr\u00e9is Menorca en moto de alquiler est\u00e1 en un escarpado acantilado de Cala en Porter. Sa Cova d&#039;en Xoroi os encantar\u00e1...\" \/>\n<meta name=\"robots\" content=\"index, follow, max-snippet:-1, max-image-preview:large, max-video-preview:-1\" \/>\n<link rel=\"canonical\" href=\"https:\/\/rideon.es\/renting-empresas\/sa-cova-den-xoroi-un-lugar-de-visita-obligada-en-menorca\/\" \/>\n<meta property=\"og:locale\" content=\"es_ES\" \/>\n<meta property=\"og:type\" content=\"article\" \/>\n<meta property=\"og:title\" content=\"Sa Cova d\u2019en Xoroi, un lugar de visita obligada en Menorca\" \/>\n<meta property=\"og:description\" content=\"La propuesta de hoy para qui\u00e9nes recorr\u00e9is Menorca en moto de alquiler est\u00e1 en un escarpado acantilado de Cala en Porter. Sa Cova d&#039;en Xoroi os encantar\u00e1...\" \/>\n<meta property=\"og:url\" content=\"https:\/\/rideon.es\/renting-empresas\/sa-cova-den-xoroi-un-lugar-de-visita-obligada-en-menorca\/\" \/>\n<meta property=\"og:site_name\" content=\"Alquiler de motos mensual y Renting para Empresas\" \/>\n<meta property=\"article:published_time\" content=\"2016-11-10T13:43:50+00:00\" \/>\n<meta name=\"author\" content=\"Ride On\" \/>\n<meta name=\"twitter:card\" content=\"summary_large_image\" \/>\n<meta name=\"twitter:label1\" content=\"Escrito por\" \/>\n\t<meta name=\"twitter:data1\" content=\"Ride On\" \/>\n\t<meta name=\"twitter:label2\" content=\"Tiempo de lectura\" \/>\n\t<meta name=\"twitter:data2\" content=\"2 minutos\" \/>\n<script type=\"application\/ld+json\" class=\"yoast-schema-graph\">{\"@context\":\"https:\\\/\\\/schema.org\",\"@graph\":[{\"@type\":\"Article\",\"@id\":\"https:\\\/\\\/rideon.es\\\/renting-empresas\\\/sa-cova-den-xoroi-un-lugar-de-visita-obligada-en-menorca\\\/#article\",\"isPartOf\":{\"@id\":\"https:\\\/\\\/rideon.es\\\/renting-empresas\\\/sa-cova-den-xoroi-un-lugar-de-visita-obligada-en-menorca\\\/\"},\"author\":{\"name\":\"Ride On\",\"@id\":\"https:\\\/\\\/rideon.es\\\/renting-empresas\\\/#\\\/schema\\\/person\\\/48d6770e55c623d929bd20ce295611a7\"},\"headline\":\"Sa Cova d\u2019en Xoroi, un lugar de visita obligada en Menorca\",\"datePublished\":\"2016-11-10T13:43:50+00:00\",\"mainEntityOfPage\":{\"@id\":\"https:\\\/\\\/rideon.es\\\/renting-empresas\\\/sa-cova-den-xoroi-un-lugar-de-visita-obligada-en-menorca\\\/\"},\"wordCount\":372,\"commentCount\":0,\"publisher\":{\"@id\":\"https:\\\/\\\/rideon.es\\\/renting-empresas\\\/#organization\"},\"image\":{\"@id\":\"https:\\\/\\\/rideon.es\\\/renting-empresas\\\/sa-cova-den-xoroi-un-lugar-de-visita-obligada-en-menorca\\\/#primaryimage\"},\"thumbnailUrl\":\"\",\"articleSection\":[\"Cova d'en Xoroi\"],\"inLanguage\":\"es\",\"potentialAction\":[{\"@type\":\"CommentAction\",\"name\":\"Comment\",\"target\":[\"https:\\\/\\\/rideon.es\\\/renting-empresas\\\/sa-cova-den-xoroi-un-lugar-de-visita-obligada-en-menorca\\\/#respond\"]}]},{\"@type\":\"WebPage\",\"@id\":\"https:\\\/\\\/rideon.es\\\/renting-empresas\\\/sa-cova-den-xoroi-un-lugar-de-visita-obligada-en-menorca\\\/\",\"url\":\"https:\\\/\\\/rideon.es\\\/renting-empresas\\\/sa-cova-den-xoroi-un-lugar-de-visita-obligada-en-menorca\\\/\",\"name\":\"Recorremos Menorca en moto y llegamos a Sa Cova d'en Xoroi\",\"isPartOf\":{\"@id\":\"https:\\\/\\\/rideon.es\\\/renting-empresas\\\/#website\"},\"primaryImageOfPage\":{\"@id\":\"https:\\\/\\\/rideon.es\\\/renting-empresas\\\/sa-cova-den-xoroi-un-lugar-de-visita-obligada-en-menorca\\\/#primaryimage\"},\"image\":{\"@id\":\"https:\\\/\\\/rideon.es\\\/renting-empresas\\\/sa-cova-den-xoroi-un-lugar-de-visita-obligada-en-menorca\\\/#primaryimage\"},\"thumbnailUrl\":\"\",\"datePublished\":\"2016-11-10T13:43:50+00:00\",\"description\":\"La propuesta de hoy para qui\u00e9nes recorr\u00e9is Menorca en moto de alquiler est\u00e1 en un escarpado acantilado de Cala en Porter. Sa Cova d'en Xoroi os encantar\u00e1...\",\"inLanguage\":\"es\",\"potentialAction\":[{\"@type\":\"ReadAction\",\"target\":[\"https:\\\/\\\/rideon.es\\\/renting-empresas\\\/sa-cova-den-xoroi-un-lugar-de-visita-obligada-en-menorca\\\/\"]}]},{\"@type\":\"ImageObject\",\"inLanguage\":\"es\",\"@id\":\"https:\\\/\\\/rideon.es\\\/renting-empresas\\\/sa-cova-den-xoroi-un-lugar-de-visita-obligada-en-menorca\\\/#primaryimage\",\"url\":\"\",\"contentUrl\":\"\"},{\"@type\":\"WebSite\",\"@id\":\"https:\\\/\\\/rideon.es\\\/renting-empresas\\\/#website\",\"url\":\"https:\\\/\\\/rideon.es\\\/renting-empresas\\\/\",\"name\":\"Alquiler de motos mensual y Renting para Empresas\",\"description\":\"Las motos m\u00e1s c\u00f3modas y seguras para disfrutar de tus vacaciones sobre ruedas. Alquiler de motos en Menorca, Mallorca, Barcelona y Valencia con Rideon.es\",\"publisher\":{\"@id\":\"https:\\\/\\\/rideon.es\\\/renting-empresas\\\/#organization\"},\"potentialAction\":[{\"@type\":\"SearchAction\",\"target\":{\"@type\":\"EntryPoint\",\"urlTemplate\":\"https:\\\/\\\/rideon.es\\\/renting-empresas\\\/?s={search_term_string}\"},\"query-input\":{\"@type\":\"PropertyValueSpecification\",\"valueRequired\":true,\"valueName\":\"search_term_string\"}}],\"inLanguage\":\"es\"},{\"@type\":\"Organization\",\"@id\":\"https:\\\/\\\/rideon.es\\\/renting-empresas\\\/#organization\",\"name\":\"Alquiler de motos mensual y Renting para Empresas\",\"url\":\"https:\\\/\\\/rideon.es\\\/renting-empresas\\\/\",\"logo\":{\"@type\":\"ImageObject\",\"inLanguage\":\"es\",\"@id\":\"https:\\\/\\\/rideon.es\\\/renting-empresas\\\/#\\\/schema\\\/logo\\\/image\\\/\",\"url\":\"https:\\\/\\\/rideon.es\\\/renting-empresas\\\/wp-content\\\/uploads\\\/sites\\\/19\\\/2020\\\/02\\\/rideon_logo-200x78-1.png\",\"contentUrl\":\"https:\\\/\\\/rideon.es\\\/renting-empresas\\\/wp-content\\\/uploads\\\/sites\\\/19\\\/2020\\\/02\\\/rideon_logo-200x78-1.png\",\"width\":200,\"height\":78,\"caption\":\"Alquiler de motos mensual y Renting para Empresas\"},\"image\":{\"@id\":\"https:\\\/\\\/rideon.es\\\/renting-empresas\\\/#\\\/schema\\\/logo\\\/image\\\/\"}},{\"@type\":\"Person\",\"@id\":\"https:\\\/\\\/rideon.es\\\/renting-empresas\\\/#\\\/schema\\\/person\\\/48d6770e55c623d929bd20ce295611a7\",\"name\":\"Ride On\",\"image\":{\"@type\":\"ImageObject\",\"inLanguage\":\"es\",\"@id\":\"https:\\\/\\\/secure.gravatar.com\\\/avatar\\\/785e72183089da6a00243c0f0e2d52db79b9983b602219afb07c868943086138?s=96&d=mm&r=g\",\"url\":\"https:\\\/\\\/secure.gravatar.com\\\/avatar\\\/785e72183089da6a00243c0f0e2d52db79b9983b602219afb07c868943086138?s=96&d=mm&r=g\",\"contentUrl\":\"https:\\\/\\\/secure.gravatar.com\\\/avatar\\\/785e72183089da6a00243c0f0e2d52db79b9983b602219afb07c868943086138?s=96&d=mm&r=g\",\"caption\":\"Ride On\"},\"url\":\"https:\\\/\\\/rideon.es\\\/renting-empresas\\\/author\\\/eduardoyauri\\\/\"}]}<\/script>\n<!-- \/ Yoast SEO Premium plugin. -->","yoast_head_json":{"title":"Recorremos Menorca en moto y llegamos a Sa Cova d'en Xoroi","description":"La propuesta de hoy para qui\u00e9nes recorr\u00e9is Menorca en moto de alquiler est\u00e1 en un escarpado acantilado de Cala en Porter. Sa Cova d'en Xoroi os encantar\u00e1...","robots":{"index":"index","follow":"follow","max-snippet":"max-snippet:-1","max-image-preview":"max-image-preview:large","max-video-preview":"max-video-preview:-1"},"canonical":"https:\/\/rideon.es\/renting-empresas\/sa-cova-den-xoroi-un-lugar-de-visita-obligada-en-menorca\/","og_locale":"es_ES","og_type":"article","og_title":"Sa Cova d\u2019en Xoroi, un lugar de visita obligada en Menorca","og_description":"La propuesta de hoy para qui\u00e9nes recorr\u00e9is Menorca en moto de alquiler est\u00e1 en un escarpado acantilado de Cala en Porter. Sa Cova d'en Xoroi os encantar\u00e1...","og_url":"https:\/\/rideon.es\/renting-empresas\/sa-cova-den-xoroi-un-lugar-de-visita-obligada-en-menorca\/","og_site_name":"Alquiler de motos mensual y Renting para Empresas","article_published_time":"2016-11-10T13:43:50+00:00","author":"Ride On","twitter_card":"summary_large_image","twitter_misc":{"Escrito por":"Ride On","Tiempo de lectura":"2 minutos"},"schema":{"@context":"https:\/\/schema.org","@graph":[{"@type":"Article","@id":"https:\/\/rideon.es\/renting-empresas\/sa-cova-den-xoroi-un-lugar-de-visita-obligada-en-menorca\/#article","isPartOf":{"@id":"https:\/\/rideon.es\/renting-empresas\/sa-cova-den-xoroi-un-lugar-de-visita-obligada-en-menorca\/"},"author":{"name":"Ride On","@id":"https:\/\/rideon.es\/renting-empresas\/#\/schema\/person\/48d6770e55c623d929bd20ce295611a7"},"headline":"Sa Cova d\u2019en Xoroi, un lugar de visita obligada en Menorca","datePublished":"2016-11-10T13:43:50+00:00","mainEntityOfPage":{"@id":"https:\/\/rideon.es\/renting-empresas\/sa-cova-den-xoroi-un-lugar-de-visita-obligada-en-menorca\/"},"wordCount":372,"commentCount":0,"publisher":{"@id":"https:\/\/rideon.es\/renting-empresas\/#organization"},"image":{"@id":"https:\/\/rideon.es\/renting-empresas\/sa-cova-den-xoroi-un-lugar-de-visita-obligada-en-menorca\/#primaryimage"},"thumbnailUrl":"","articleSection":["Cova d'en Xoroi"],"inLanguage":"es","potentialAction":[{"@type":"CommentAction","name":"Comment","target":["https:\/\/rideon.es\/renting-empresas\/sa-cova-den-xoroi-un-lugar-de-visita-obligada-en-menorca\/#respond"]}]},{"@type":"WebPage","@id":"https:\/\/rideon.es\/renting-empresas\/sa-cova-den-xoroi-un-lugar-de-visita-obligada-en-menorca\/","url":"https:\/\/rideon.es\/renting-empresas\/sa-cova-den-xoroi-un-lugar-de-visita-obligada-en-menorca\/","name":"Recorremos Menorca en moto y llegamos a Sa Cova d'en Xoroi","isPartOf":{"@id":"https:\/\/rideon.es\/renting-empresas\/#website"},"primaryImageOfPage":{"@id":"https:\/\/rideon.es\/renting-empresas\/sa-cova-den-xoroi-un-lugar-de-visita-obligada-en-menorca\/#primaryimage"},"image":{"@id":"https:\/\/rideon.es\/renting-empresas\/sa-cova-den-xoroi-un-lugar-de-visita-obligada-en-menorca\/#primaryimage"},"thumbnailUrl":"","datePublished":"2016-11-10T13:43:50+00:00","description":"La propuesta de hoy para qui\u00e9nes recorr\u00e9is Menorca en moto de alquiler est\u00e1 en un escarpado acantilado de Cala en Porter. Sa Cova d'en Xoroi os encantar\u00e1...","inLanguage":"es","potentialAction":[{"@type":"ReadAction","target":["https:\/\/rideon.es\/renting-empresas\/sa-cova-den-xoroi-un-lugar-de-visita-obligada-en-menorca\/"]}]},{"@type":"ImageObject","inLanguage":"es","@id":"https:\/\/rideon.es\/renting-empresas\/sa-cova-den-xoroi-un-lugar-de-visita-obligada-en-menorca\/#primaryimage","url":"","contentUrl":""},{"@type":"WebSite","@id":"https:\/\/rideon.es\/renting-empresas\/#website","url":"https:\/\/rideon.es\/renting-empresas\/","name":"Alquiler de motos mensual y Renting para Empresas","description":"Las motos m\u00e1s c\u00f3modas y seguras para disfrutar de tus vacaciones sobre ruedas. Alquiler de motos en Menorca, Mallorca, Barcelona y Valencia con Rideon.es","publisher":{"@id":"https:\/\/rideon.es\/renting-empresas\/#organization"},"potentialAction":[{"@type":"SearchAction","target":{"@type":"EntryPoint","urlTemplate":"https:\/\/rideon.es\/renting-empresas\/?s={search_term_string}"},"query-input":{"@type":"PropertyValueSpecification","valueRequired":true,"valueName":"search_term_string"}}],"inLanguage":"es"},{"@type":"Organization","@id":"https:\/\/rideon.es\/renting-empresas\/#organization","name":"Alquiler de motos mensual y Renting para Empresas","url":"https:\/\/rideon.es\/renting-empresas\/","logo":{"@type":"ImageObject","inLanguage":"es","@id":"https:\/\/rideon.es\/renting-empresas\/#\/schema\/logo\/image\/","url":"https:\/\/rideon.es\/renting-empresas\/wp-content\/uploads\/sites\/19\/2020\/02\/rideon_logo-200x78-1.png","contentUrl":"https:\/\/rideon.es\/renting-empresas\/wp-content\/uploads\/sites\/19\/2020\/02\/rideon_logo-200x78-1.png","width":200,"height":78,"caption":"Alquiler de motos mensual y Renting para Empresas"},"image":{"@id":"https:\/\/rideon.es\/renting-empresas\/#\/schema\/logo\/image\/"}},{"@type":"Person","@id":"https:\/\/rideon.es\/renting-empresas\/#\/schema\/person\/48d6770e55c623d929bd20ce295611a7","name":"Ride On","image":{"@type":"ImageObject","inLanguage":"es","@id":"https:\/\/secure.gravatar.com\/avatar\/785e72183089da6a00243c0f0e2d52db79b9983b602219afb07c868943086138?s=96&d=mm&r=g","url":"https:\/\/secure.gravatar.com\/avatar\/785e72183089da6a00243c0f0e2d52db79b9983b602219afb07c868943086138?s=96&d=mm&r=g","contentUrl":"https:\/\/secure.gravatar.com\/avatar\/785e72183089da6a00243c0f0e2d52db79b9983b602219afb07c868943086138?s=96&d=mm&r=g","caption":"Ride On"},"url":"https:\/\/rideon.es\/renting-empresas\/author\/eduardoyauri\/"}]}},"_links":{"self":[{"href":"https:\/\/rideon.es\/renting-empresas\/wp-json\/wp\/v2\/posts\/1281","targetHints":{"allow":["GET"]}}],"collection":[{"href":"https:\/\/rideon.es\/renting-empresas\/wp-json\/wp\/v2\/posts"}],"about":[{"href":"https:\/\/rideon.es\/renting-empresas\/wp-json\/wp\/v2\/types\/post"}],"author":[{"embeddable":true,"href":"https:\/\/rideon.es\/renting-empresas\/wp-json\/wp\/v2\/users\/2"}],"replies":[{"embeddable":true,"href":"https:\/\/rideon.es\/renting-empresas\/wp-json\/wp\/v2\/comments?post=1281"}],"version-history":[{"count":0,"href":"https:\/\/rideon.es\/renting-empresas\/wp-json\/wp\/v2\/posts\/1281\/revisions"}],"wp:featuredmedia":[{"embeddable":true,"href":"https:\/\/rideon.es\/renting-empresas\/wp-json\/"}],"wp:attachment":[{"href":"https:\/\/rideon.es\/renting-empresas\/wp-json\/wp\/v2\/media?parent=1281"}],"wp:term":[{"taxonomy":"category","embeddable":true,"href":"https:\/\/rideon.es\/renting-empresas\/wp-json\/wp\/v2\/categories?post=1281"},{"taxonomy":"post_tag","embeddable":true,"href":"https:\/\/rideon.es\/renting-empresas\/wp-json\/wp\/v2\/tags?post=1281"}],"curies":[{"name":"wp","href":"https:\/\/api.w.org\/{rel}","templated":true}]}}