{"id":1278,"date":"2016-11-10T13:35:12","date_gmt":"2016-11-10T13:35:12","guid":{"rendered":"https:\/\/rideon.es\/?p=1278"},"modified":"2016-11-10T13:35:12","modified_gmt":"2016-11-10T13:35:12","slug":"fiestas-de-ferreries-2015","status":"publish","type":"post","link":"https:\/\/rideon.es\/renting-empresas\/fiestas-de-ferreries-2015\/","title":{"rendered":"Fiestas de Ferreries 2015"},"content":{"rendered":"<h2>Fiestas de Ferreries 2015<\/h2>\n<p>Entre el 22 y el 25 de agosto, el pueblo de Ferreries celebra sus fiestas patronales en honor a Sant Bartomeu, unas fiestas que tienen su origen en el siglo XIV y que han evolucionado hasta nuestros d\u00edas convirti\u00e9ndose en una cita ineludible del calendario festivo de Menorca.<br \/>\nTambi\u00e9n las Fiestas de Ferreries tienen como protagonista al caballo, como ocurre en todos los pueblos de la Isla. Y suponen un momento inmejorable para descubrir un espect\u00e1culo que es \u00fanico en el mundo y que tienes a tu alcance si est\u00e1s disfrutando de unos d\u00edas de vacaciones sobre una moto de alquiler en Menorca.<br \/>\nSi eres de los afortunados, queremos proponerte los actos m\u00e1s destacados del programa de Fiestas de Sant Bartomeu de Ferreries 2015, para que vayas tomando nota de todo lo que no puedes dejar de hacer durante estos d\u00edas.<br \/>\nS\u00e1bado 22 de agosto.<br \/>\nLas fiestas comienzan el s\u00e1bado a mediod\u00eda con la entrega del \u2018pen\u00f3\u2019 del santo y el primer toque de \u2018fabiol\u2019. Los \u2018caixers\u2019 (jinetes) reparten despu\u00e9s las tradicionales candelas de Sant Bartomeu por todo el pueblo.<br \/>\nPor la tarde el \u2018fabioler\u2019 recoge a todos los \u2018caixers\u2019 integrantes de la cabalgata (la colcada) para dirigirse al Pla de l\u2019Esgl\u00e9sia y celebrar el aclamado Jaleo.<br \/>\nAl caer la tarde, toda la comitiva realiza el tradicional recorrido por las calles de Ferreries.<br \/>\nLos actos del d\u00eda concluyen en la parroquia, con la celebraci\u00f3n de las \u2018Completes\u2019 en honor al patr\u00f3n.<br \/>\nD\u00eda de Sant Bartomeu: 24 de agosto<br \/>\nEl d\u00eda de la fiesta la \u2018colcada\u2019 se forma a las 9 de la ma\u00f1ana para celebrar un Jaleo en el Pla de l\u2019Esgl\u00e9sia a primera hora, al final del cual se entregan las ca\u00f1as verdes y la cucharilla de plata a los participantes.<br \/>\nTras el Jaleo y el recorrido por las calles de la localidad, se celebra la Missa de Caixers en la iglesia de Sant Bartomeu<br \/>\nPara acabar, la \u2018colcada\u2019 se dirige al acto de los caixers.<br \/>\nActos complementarios<br \/>\nCercaviles. Una comparsa formada por los seis cabezudos de Ferreries, que es imprescindible de la fiesta, y en especial para los m\u00e1s peque\u00f1os. El desfile se celebra el s\u00e1bado por la tarde y el d\u00eda de Sant Bartomeu por la ma\u00f1ana.<br \/>\nJaleo d\u2019Ases. Una nueva costumbre repleta de buen humor y diversi\u00f3n mediante la cu\u00e1l, los j\u00f3venes de la localidad, celebran un Jaleo con asnos al d\u00eda siguiente de la fiesta<\/p>\n","protected":false},"excerpt":{"rendered":"<p>Fiestas de Ferreries 2015 Entre el 22 y el 25 de agosto, el pueblo de Ferreries celebra sus fiestas patronales en honor a Sant Bartomeu, unas fiestas que tienen su origen en el siglo XIV y que han evolucionado hasta nuestros d\u00edas convirti\u00e9ndose en una cita ineludible del calendario festivo de Menorca. Tambi\u00e9n las Fiestas<\/p>\n","protected":false},"author":2,"featured_media":1279,"comment_status":"open","ping_status":"closed","sticky":false,"template":"","format":"standard","meta":{"inline_featured_image":false,"footnotes":""},"categories":[38],"tags":[],"class_list":["post-1278","post","type-post","status-publish","format-standard","has-post-thumbnail","hentry","category-fiestas-de-san-bartomeo"],"yoast_head":"<!-- This site is optimized with the Yoast SEO Premium plugin v18.7 (Yoast SEO v27.5) - https:\/\/yoast.com\/product\/yoast-seo-premium-wordpress\/ -->\n<title>Los actos m\u00e1s relevantes de las Fiestas de Ferreries 2015<\/title>\n<meta name=\"description\" content=\"Fiestas de Ferreries 2015, un momento inmejorable para vivir un espect\u00e1culo \u00fanico a tu alcance si est\u00e1s sobre una moto de alquiler en Menorca.\" \/>\n<meta name=\"robots\" content=\"index, follow, max-snippet:-1, max-image-preview:large, max-video-preview:-1\" \/>\n<link rel=\"canonical\" href=\"https:\/\/rideon.es\/renting-empresas\/fiestas-de-ferreries-2015\/\" \/>\n<meta property=\"og:locale\" content=\"es_ES\" \/>\n<meta property=\"og:type\" content=\"article\" \/>\n<meta property=\"og:title\" content=\"Fiestas de Ferreries 2015\" \/>\n<meta property=\"og:description\" content=\"Fiestas de Ferreries 2015, un momento inmejorable para vivir un espect\u00e1culo \u00fanico a tu alcance si est\u00e1s sobre una moto de alquiler en Menorca.\" \/>\n<meta property=\"og:url\" content=\"https:\/\/rideon.es\/renting-empresas\/fiestas-de-ferreries-2015\/\" \/>\n<meta property=\"og:site_name\" content=\"Alquiler de motos mensual y Renting para Empresas\" \/>\n<meta property=\"article:published_time\" content=\"2016-11-10T13:35:12+00:00\" \/>\n<meta name=\"author\" content=\"Ride On\" \/>\n<meta name=\"twitter:card\" content=\"summary_large_image\" \/>\n<meta name=\"twitter:label1\" content=\"Escrito por\" \/>\n\t<meta name=\"twitter:data1\" content=\"Ride On\" \/>\n\t<meta name=\"twitter:label2\" content=\"Tiempo de lectura\" \/>\n\t<meta name=\"twitter:data2\" content=\"2 minutos\" \/>\n<script type=\"application\/ld+json\" class=\"yoast-schema-graph\">{\"@context\":\"https:\\\/\\\/schema.org\",\"@graph\":[{\"@type\":\"Article\",\"@id\":\"https:\\\/\\\/rideon.es\\\/renting-empresas\\\/fiestas-de-ferreries-2015\\\/#article\",\"isPartOf\":{\"@id\":\"https:\\\/\\\/rideon.es\\\/renting-empresas\\\/fiestas-de-ferreries-2015\\\/\"},\"author\":{\"name\":\"Ride On\",\"@id\":\"https:\\\/\\\/rideon.es\\\/renting-empresas\\\/#\\\/schema\\\/person\\\/48d6770e55c623d929bd20ce295611a7\"},\"headline\":\"Fiestas de Ferreries 2015\",\"datePublished\":\"2016-11-10T13:35:12+00:00\",\"mainEntityOfPage\":{\"@id\":\"https:\\\/\\\/rideon.es\\\/renting-empresas\\\/fiestas-de-ferreries-2015\\\/\"},\"wordCount\":433,\"commentCount\":0,\"publisher\":{\"@id\":\"https:\\\/\\\/rideon.es\\\/renting-empresas\\\/#organization\"},\"image\":{\"@id\":\"https:\\\/\\\/rideon.es\\\/renting-empresas\\\/fiestas-de-ferreries-2015\\\/#primaryimage\"},\"thumbnailUrl\":\"\",\"articleSection\":[\"fiestas de san bartomeo\"],\"inLanguage\":\"es\",\"potentialAction\":[{\"@type\":\"CommentAction\",\"name\":\"Comment\",\"target\":[\"https:\\\/\\\/rideon.es\\\/renting-empresas\\\/fiestas-de-ferreries-2015\\\/#respond\"]}]},{\"@type\":\"WebPage\",\"@id\":\"https:\\\/\\\/rideon.es\\\/renting-empresas\\\/fiestas-de-ferreries-2015\\\/\",\"url\":\"https:\\\/\\\/rideon.es\\\/renting-empresas\\\/fiestas-de-ferreries-2015\\\/\",\"name\":\"Los actos m\u00e1s relevantes de las Fiestas de Ferreries 2015\",\"isPartOf\":{\"@id\":\"https:\\\/\\\/rideon.es\\\/renting-empresas\\\/#website\"},\"primaryImageOfPage\":{\"@id\":\"https:\\\/\\\/rideon.es\\\/renting-empresas\\\/fiestas-de-ferreries-2015\\\/#primaryimage\"},\"image\":{\"@id\":\"https:\\\/\\\/rideon.es\\\/renting-empresas\\\/fiestas-de-ferreries-2015\\\/#primaryimage\"},\"thumbnailUrl\":\"\",\"datePublished\":\"2016-11-10T13:35:12+00:00\",\"description\":\"Fiestas de Ferreries 2015, un momento inmejorable para vivir un espect\u00e1culo \u00fanico a tu alcance si est\u00e1s sobre una moto de alquiler en Menorca.\",\"inLanguage\":\"es\",\"potentialAction\":[{\"@type\":\"ReadAction\",\"target\":[\"https:\\\/\\\/rideon.es\\\/renting-empresas\\\/fiestas-de-ferreries-2015\\\/\"]}]},{\"@type\":\"ImageObject\",\"inLanguage\":\"es\",\"@id\":\"https:\\\/\\\/rideon.es\\\/renting-empresas\\\/fiestas-de-ferreries-2015\\\/#primaryimage\",\"url\":\"\",\"contentUrl\":\"\"},{\"@type\":\"WebSite\",\"@id\":\"https:\\\/\\\/rideon.es\\\/renting-empresas\\\/#website\",\"url\":\"https:\\\/\\\/rideon.es\\\/renting-empresas\\\/\",\"name\":\"Alquiler de motos mensual y Renting para Empresas\",\"description\":\"Las motos m\u00e1s c\u00f3modas y seguras para disfrutar de tus vacaciones sobre ruedas. Alquiler de motos en Menorca, Mallorca, Barcelona y Valencia con Rideon.es\",\"publisher\":{\"@id\":\"https:\\\/\\\/rideon.es\\\/renting-empresas\\\/#organization\"},\"potentialAction\":[{\"@type\":\"SearchAction\",\"target\":{\"@type\":\"EntryPoint\",\"urlTemplate\":\"https:\\\/\\\/rideon.es\\\/renting-empresas\\\/?s={search_term_string}\"},\"query-input\":{\"@type\":\"PropertyValueSpecification\",\"valueRequired\":true,\"valueName\":\"search_term_string\"}}],\"inLanguage\":\"es\"},{\"@type\":\"Organization\",\"@id\":\"https:\\\/\\\/rideon.es\\\/renting-empresas\\\/#organization\",\"name\":\"Alquiler de motos mensual y Renting para Empresas\",\"url\":\"https:\\\/\\\/rideon.es\\\/renting-empresas\\\/\",\"logo\":{\"@type\":\"ImageObject\",\"inLanguage\":\"es\",\"@id\":\"https:\\\/\\\/rideon.es\\\/renting-empresas\\\/#\\\/schema\\\/logo\\\/image\\\/\",\"url\":\"https:\\\/\\\/rideon.es\\\/renting-empresas\\\/wp-content\\\/uploads\\\/sites\\\/19\\\/2020\\\/02\\\/rideon_logo-200x78-1.png\",\"contentUrl\":\"https:\\\/\\\/rideon.es\\\/renting-empresas\\\/wp-content\\\/uploads\\\/sites\\\/19\\\/2020\\\/02\\\/rideon_logo-200x78-1.png\",\"width\":200,\"height\":78,\"caption\":\"Alquiler de motos mensual y Renting para Empresas\"},\"image\":{\"@id\":\"https:\\\/\\\/rideon.es\\\/renting-empresas\\\/#\\\/schema\\\/logo\\\/image\\\/\"}},{\"@type\":\"Person\",\"@id\":\"https:\\\/\\\/rideon.es\\\/renting-empresas\\\/#\\\/schema\\\/person\\\/48d6770e55c623d929bd20ce295611a7\",\"name\":\"Ride On\",\"image\":{\"@type\":\"ImageObject\",\"inLanguage\":\"es\",\"@id\":\"https:\\\/\\\/secure.gravatar.com\\\/avatar\\\/785e72183089da6a00243c0f0e2d52db79b9983b602219afb07c868943086138?s=96&d=mm&r=g\",\"url\":\"https:\\\/\\\/secure.gravatar.com\\\/avatar\\\/785e72183089da6a00243c0f0e2d52db79b9983b602219afb07c868943086138?s=96&d=mm&r=g\",\"contentUrl\":\"https:\\\/\\\/secure.gravatar.com\\\/avatar\\\/785e72183089da6a00243c0f0e2d52db79b9983b602219afb07c868943086138?s=96&d=mm&r=g\",\"caption\":\"Ride On\"},\"url\":\"https:\\\/\\\/rideon.es\\\/renting-empresas\\\/author\\\/eduardoyauri\\\/\"}]}<\/script>\n<!-- \/ Yoast SEO Premium plugin. -->","yoast_head_json":{"title":"Los actos m\u00e1s relevantes de las Fiestas de Ferreries 2015","description":"Fiestas de Ferreries 2015, un momento inmejorable para vivir un espect\u00e1culo \u00fanico a tu alcance si est\u00e1s sobre una moto de alquiler en Menorca.","robots":{"index":"index","follow":"follow","max-snippet":"max-snippet:-1","max-image-preview":"max-image-preview:large","max-video-preview":"max-video-preview:-1"},"canonical":"https:\/\/rideon.es\/renting-empresas\/fiestas-de-ferreries-2015\/","og_locale":"es_ES","og_type":"article","og_title":"Fiestas de Ferreries 2015","og_description":"Fiestas de Ferreries 2015, un momento inmejorable para vivir un espect\u00e1culo \u00fanico a tu alcance si est\u00e1s sobre una moto de alquiler en Menorca.","og_url":"https:\/\/rideon.es\/renting-empresas\/fiestas-de-ferreries-2015\/","og_site_name":"Alquiler de motos mensual y Renting para Empresas","article_published_time":"2016-11-10T13:35:12+00:00","author":"Ride On","twitter_card":"summary_large_image","twitter_misc":{"Escrito por":"Ride On","Tiempo de lectura":"2 minutos"},"schema":{"@context":"https:\/\/schema.org","@graph":[{"@type":"Article","@id":"https:\/\/rideon.es\/renting-empresas\/fiestas-de-ferreries-2015\/#article","isPartOf":{"@id":"https:\/\/rideon.es\/renting-empresas\/fiestas-de-ferreries-2015\/"},"author":{"name":"Ride On","@id":"https:\/\/rideon.es\/renting-empresas\/#\/schema\/person\/48d6770e55c623d929bd20ce295611a7"},"headline":"Fiestas de Ferreries 2015","datePublished":"2016-11-10T13:35:12+00:00","mainEntityOfPage":{"@id":"https:\/\/rideon.es\/renting-empresas\/fiestas-de-ferreries-2015\/"},"wordCount":433,"commentCount":0,"publisher":{"@id":"https:\/\/rideon.es\/renting-empresas\/#organization"},"image":{"@id":"https:\/\/rideon.es\/renting-empresas\/fiestas-de-ferreries-2015\/#primaryimage"},"thumbnailUrl":"","articleSection":["fiestas de san bartomeo"],"inLanguage":"es","potentialAction":[{"@type":"CommentAction","name":"Comment","target":["https:\/\/rideon.es\/renting-empresas\/fiestas-de-ferreries-2015\/#respond"]}]},{"@type":"WebPage","@id":"https:\/\/rideon.es\/renting-empresas\/fiestas-de-ferreries-2015\/","url":"https:\/\/rideon.es\/renting-empresas\/fiestas-de-ferreries-2015\/","name":"Los actos m\u00e1s relevantes de las Fiestas de Ferreries 2015","isPartOf":{"@id":"https:\/\/rideon.es\/renting-empresas\/#website"},"primaryImageOfPage":{"@id":"https:\/\/rideon.es\/renting-empresas\/fiestas-de-ferreries-2015\/#primaryimage"},"image":{"@id":"https:\/\/rideon.es\/renting-empresas\/fiestas-de-ferreries-2015\/#primaryimage"},"thumbnailUrl":"","datePublished":"2016-11-10T13:35:12+00:00","description":"Fiestas de Ferreries 2015, un momento inmejorable para vivir un espect\u00e1culo \u00fanico a tu alcance si est\u00e1s sobre una moto de alquiler en Menorca.","inLanguage":"es","potentialAction":[{"@type":"ReadAction","target":["https:\/\/rideon.es\/renting-empresas\/fiestas-de-ferreries-2015\/"]}]},{"@type":"ImageObject","inLanguage":"es","@id":"https:\/\/rideon.es\/renting-empresas\/fiestas-de-ferreries-2015\/#primaryimage","url":"","contentUrl":""},{"@type":"WebSite","@id":"https:\/\/rideon.es\/renting-empresas\/#website","url":"https:\/\/rideon.es\/renting-empresas\/","name":"Alquiler de motos mensual y Renting para Empresas","description":"Las motos m\u00e1s c\u00f3modas y seguras para disfrutar de tus vacaciones sobre ruedas. Alquiler de motos en Menorca, Mallorca, Barcelona y Valencia con Rideon.es","publisher":{"@id":"https:\/\/rideon.es\/renting-empresas\/#organization"},"potentialAction":[{"@type":"SearchAction","target":{"@type":"EntryPoint","urlTemplate":"https:\/\/rideon.es\/renting-empresas\/?s={search_term_string}"},"query-input":{"@type":"PropertyValueSpecification","valueRequired":true,"valueName":"search_term_string"}}],"inLanguage":"es"},{"@type":"Organization","@id":"https:\/\/rideon.es\/renting-empresas\/#organization","name":"Alquiler de motos mensual y Renting para Empresas","url":"https:\/\/rideon.es\/renting-empresas\/","logo":{"@type":"ImageObject","inLanguage":"es","@id":"https:\/\/rideon.es\/renting-empresas\/#\/schema\/logo\/image\/","url":"https:\/\/rideon.es\/renting-empresas\/wp-content\/uploads\/sites\/19\/2020\/02\/rideon_logo-200x78-1.png","contentUrl":"https:\/\/rideon.es\/renting-empresas\/wp-content\/uploads\/sites\/19\/2020\/02\/rideon_logo-200x78-1.png","width":200,"height":78,"caption":"Alquiler de motos mensual y Renting para Empresas"},"image":{"@id":"https:\/\/rideon.es\/renting-empresas\/#\/schema\/logo\/image\/"}},{"@type":"Person","@id":"https:\/\/rideon.es\/renting-empresas\/#\/schema\/person\/48d6770e55c623d929bd20ce295611a7","name":"Ride On","image":{"@type":"ImageObject","inLanguage":"es","@id":"https:\/\/secure.gravatar.com\/avatar\/785e72183089da6a00243c0f0e2d52db79b9983b602219afb07c868943086138?s=96&d=mm&r=g","url":"https:\/\/secure.gravatar.com\/avatar\/785e72183089da6a00243c0f0e2d52db79b9983b602219afb07c868943086138?s=96&d=mm&r=g","contentUrl":"https:\/\/secure.gravatar.com\/avatar\/785e72183089da6a00243c0f0e2d52db79b9983b602219afb07c868943086138?s=96&d=mm&r=g","caption":"Ride On"},"url":"https:\/\/rideon.es\/renting-empresas\/author\/eduardoyauri\/"}]}},"_links":{"self":[{"href":"https:\/\/rideon.es\/renting-empresas\/wp-json\/wp\/v2\/posts\/1278","targetHints":{"allow":["GET"]}}],"collection":[{"href":"https:\/\/rideon.es\/renting-empresas\/wp-json\/wp\/v2\/posts"}],"about":[{"href":"https:\/\/rideon.es\/renting-empresas\/wp-json\/wp\/v2\/types\/post"}],"author":[{"embeddable":true,"href":"https:\/\/rideon.es\/renting-empresas\/wp-json\/wp\/v2\/users\/2"}],"replies":[{"embeddable":true,"href":"https:\/\/rideon.es\/renting-empresas\/wp-json\/wp\/v2\/comments?post=1278"}],"version-history":[{"count":0,"href":"https:\/\/rideon.es\/renting-empresas\/wp-json\/wp\/v2\/posts\/1278\/revisions"}],"wp:featuredmedia":[{"embeddable":true,"href":"https:\/\/rideon.es\/renting-empresas\/wp-json\/"}],"wp:attachment":[{"href":"https:\/\/rideon.es\/renting-empresas\/wp-json\/wp\/v2\/media?parent=1278"}],"wp:term":[{"taxonomy":"category","embeddable":true,"href":"https:\/\/rideon.es\/renting-empresas\/wp-json\/wp\/v2\/categories?post=1278"},{"taxonomy":"post_tag","embeddable":true,"href":"https:\/\/rideon.es\/renting-empresas\/wp-json\/wp\/v2\/tags?post=1278"}],"curies":[{"name":"wp","href":"https:\/\/api.w.org\/{rel}","templated":true}]}}