{"id":1274,"date":"2016-11-10T13:33:52","date_gmt":"2016-11-10T13:33:52","guid":{"rendered":"https:\/\/rideon.es\/?p=1274"},"modified":"2016-11-10T13:33:52","modified_gmt":"2016-11-10T13:33:52","slug":"fiestas-de-verano-en-menorca-pueblo-a-pueblo","status":"publish","type":"post","link":"https:\/\/rideon.es\/renting-empresas\/fiestas-de-verano-en-menorca-pueblo-a-pueblo\/","title":{"rendered":"Fiestas de verano en Menorca pueblo a pueblo"},"content":{"rendered":"<h2>Fiestas de verano en Menorca pueblo a pueblo<\/h2>\n<p>Desde junio, que se celebran las Fiestas de San Juan de Ciutadella y hasta septiembre que Ma\u00f3 celebra sus Fiestas de Gr\u00e0cia, Menorca se viste de fiesta. Todos los municipios de la Isla acogen sus fiestas m\u00e1s populares durante los meses de verano y ofrecen una estupenda opci\u00f3n de ocio para quienes hacen turismo en moto en Menorca, ya que a trav\u00e9s de estas celebraciones el visitante se adentra en la esencia de este pueblo mediterr\u00e1neo.<br \/>\nUno de los elementos comunes en todas las fiestas de Menorca, y que adem\u00e1s es eje principal de los programas festivos, es el caballo. Jinetes con vistosa indumentaria y caballos de gran belleza tambi\u00e9n engalanados para la ocasi\u00f3n representan el pasado menorqu\u00edn mediante diversos actos oficiales y con espect\u00e1culos \u00fanicos como los tradicionales &#8216;jaleos&#8217; en los que el p\u00fablico hace saltar a los caballos a dos patas entre el gent\u00edo con incre\u00f3ble habilidad.<br \/>\nLas fiestas m\u00e1s importantes de la isla son las de San Juan de Ciudadela, que se celebran en torno a la fecha del patr\u00f3n, el 24 de junio. Estas fiestas se han convertido en un reclamo enorme para la isla ya que congregan a miles de visitantes que acuden a Menorca a\u00f1o tras a\u00f1o para disfrutar al m\u00e1ximo de la convocatoria. La tradicional Gin de Menorca con lim\u00f3n es la bebida por excelencia y en todos los chiringuitos y locales se sirve bien fr\u00eda.<br \/>\nNo obstante, estas no son las \u00fanicas fiestas de la Isla, a continuaci\u00f3n te detallamos las fechas de las fiestas patronales de cada municipio de Menorca, para que disfrutes de un verano diferente y completo sobre tu moto de alquiler.<\/p>\n<ul>\n<li>Ciutadella. Fiestas de Sant Joan: 23 y 24 de junio<\/li>\n<li>Es Mercadal. Fiestas de Sant Mart\u00ed: tercer fin de semana de julio<\/li>\n<li>Fornells. Fiestas de Sant Antoni: cuarto fin de semana de julio<\/li>\n<li>Es Castell. Festes de Sant Jaume: 24 y 25 de julio<\/li>\n<li>Es Migjorn Gran. Fiestas de Sant Crist\u00f2fol de ses Corregudes: quinto fin de semana de julio<\/li>\n<li>Llucma\u00e7anes. Festes de Sant Gaiet\u00e0: primer fin de semana de agosto<\/li>\n<li>Alaior. Fiestas de Sant Lloren\u00e7: el fin de semana posterior al 10 de agosto<\/li>\n<li>Sant Climent. Fiestas de San Clemente: el fin de semana siguiente a las fiestas de Sant Lloren\u00e7<\/li>\n<li>Ferreries. Fiestas de Sant Bartomeu: 23 y 24 de agosto<\/li>\n<li>Sant Llu\u00eds. Fiestas de San Luis de Francia: fin de semana posterior al 25 de agosto<\/li>\n<li>Ma\u00f3. Fiestas de la Mare de D\u00e9u de Gr\u00e0cia (Ma\u00f3): 7 y 8 de septiembre<\/li>\n<\/ul>\n","protected":false},"excerpt":{"rendered":"<p>Fiestas de verano en Menorca pueblo a pueblo Desde junio, que se celebran las Fiestas de San Juan de Ciutadella y hasta septiembre que Ma\u00f3 celebra sus Fiestas de Gr\u00e0cia, Menorca se viste de fiesta. Todos los municipios de la Isla acogen sus fiestas m\u00e1s populares durante los meses de verano y ofrecen una estupenda<\/p>\n","protected":false},"author":2,"featured_media":1275,"comment_status":"open","ping_status":"closed","sticky":false,"template":"","format":"standard","meta":{"inline_featured_image":false,"footnotes":""},"categories":[37],"tags":[],"class_list":["post-1274","post","type-post","status-publish","format-standard","has-post-thumbnail","hentry","category-fiestas-menorca"],"yoast_head":"<!-- This site is optimized with the Yoast SEO Premium plugin v18.7 (Yoast SEO v27.5) - https:\/\/yoast.com\/product\/yoast-seo-premium-wordpress\/ -->\n<title>Fiestas de verano en Menorca para descubrir en moto<\/title>\n<meta name=\"description\" content=\"En verano todos los pueblos de Menorca celebran sus fiestas. Te detallamos las fechas para que disfrutes de otra opci\u00f3n mientras haces turismo en moto en Menorca\" \/>\n<meta name=\"robots\" content=\"index, follow, max-snippet:-1, max-image-preview:large, max-video-preview:-1\" \/>\n<link rel=\"canonical\" href=\"https:\/\/rideon.es\/renting-empresas\/fiestas-de-verano-en-menorca-pueblo-a-pueblo\/\" \/>\n<meta property=\"og:locale\" content=\"es_ES\" \/>\n<meta property=\"og:type\" content=\"article\" \/>\n<meta property=\"og:title\" content=\"Fiestas de verano en Menorca pueblo a pueblo\" \/>\n<meta property=\"og:description\" content=\"En verano todos los pueblos de Menorca celebran sus fiestas. Te detallamos las fechas para que disfrutes de otra opci\u00f3n mientras haces turismo en moto en Menorca\" \/>\n<meta property=\"og:url\" content=\"https:\/\/rideon.es\/renting-empresas\/fiestas-de-verano-en-menorca-pueblo-a-pueblo\/\" \/>\n<meta property=\"og:site_name\" content=\"Alquiler de motos mensual y Renting para Empresas\" \/>\n<meta property=\"article:published_time\" content=\"2016-11-10T13:33:52+00:00\" \/>\n<meta name=\"author\" content=\"Ride On\" \/>\n<meta name=\"twitter:card\" content=\"summary_large_image\" \/>\n<meta name=\"twitter:label1\" content=\"Escrito por\" \/>\n\t<meta name=\"twitter:data1\" content=\"Ride On\" \/>\n\t<meta name=\"twitter:label2\" content=\"Tiempo de lectura\" \/>\n\t<meta name=\"twitter:data2\" content=\"2 minutos\" \/>\n<script type=\"application\/ld+json\" class=\"yoast-schema-graph\">{\"@context\":\"https:\\\/\\\/schema.org\",\"@graph\":[{\"@type\":\"Article\",\"@id\":\"https:\\\/\\\/rideon.es\\\/renting-empresas\\\/fiestas-de-verano-en-menorca-pueblo-a-pueblo\\\/#article\",\"isPartOf\":{\"@id\":\"https:\\\/\\\/rideon.es\\\/renting-empresas\\\/fiestas-de-verano-en-menorca-pueblo-a-pueblo\\\/\"},\"author\":{\"name\":\"Ride On\",\"@id\":\"https:\\\/\\\/rideon.es\\\/renting-empresas\\\/#\\\/schema\\\/person\\\/48d6770e55c623d929bd20ce295611a7\"},\"headline\":\"Fiestas de verano en Menorca pueblo a pueblo\",\"datePublished\":\"2016-11-10T13:33:52+00:00\",\"mainEntityOfPage\":{\"@id\":\"https:\\\/\\\/rideon.es\\\/renting-empresas\\\/fiestas-de-verano-en-menorca-pueblo-a-pueblo\\\/\"},\"wordCount\":447,\"commentCount\":0,\"publisher\":{\"@id\":\"https:\\\/\\\/rideon.es\\\/renting-empresas\\\/#organization\"},\"image\":{\"@id\":\"https:\\\/\\\/rideon.es\\\/renting-empresas\\\/fiestas-de-verano-en-menorca-pueblo-a-pueblo\\\/#primaryimage\"},\"thumbnailUrl\":\"\",\"articleSection\":[\"Fiestas Menorca\"],\"inLanguage\":\"es\",\"potentialAction\":[{\"@type\":\"CommentAction\",\"name\":\"Comment\",\"target\":[\"https:\\\/\\\/rideon.es\\\/renting-empresas\\\/fiestas-de-verano-en-menorca-pueblo-a-pueblo\\\/#respond\"]}]},{\"@type\":\"WebPage\",\"@id\":\"https:\\\/\\\/rideon.es\\\/renting-empresas\\\/fiestas-de-verano-en-menorca-pueblo-a-pueblo\\\/\",\"url\":\"https:\\\/\\\/rideon.es\\\/renting-empresas\\\/fiestas-de-verano-en-menorca-pueblo-a-pueblo\\\/\",\"name\":\"Fiestas de verano en Menorca para descubrir en moto\",\"isPartOf\":{\"@id\":\"https:\\\/\\\/rideon.es\\\/renting-empresas\\\/#website\"},\"primaryImageOfPage\":{\"@id\":\"https:\\\/\\\/rideon.es\\\/renting-empresas\\\/fiestas-de-verano-en-menorca-pueblo-a-pueblo\\\/#primaryimage\"},\"image\":{\"@id\":\"https:\\\/\\\/rideon.es\\\/renting-empresas\\\/fiestas-de-verano-en-menorca-pueblo-a-pueblo\\\/#primaryimage\"},\"thumbnailUrl\":\"\",\"datePublished\":\"2016-11-10T13:33:52+00:00\",\"description\":\"En verano todos los pueblos de Menorca celebran sus fiestas. Te detallamos las fechas para que disfrutes de otra opci\u00f3n mientras haces turismo en moto en Menorca\",\"inLanguage\":\"es\",\"potentialAction\":[{\"@type\":\"ReadAction\",\"target\":[\"https:\\\/\\\/rideon.es\\\/renting-empresas\\\/fiestas-de-verano-en-menorca-pueblo-a-pueblo\\\/\"]}]},{\"@type\":\"ImageObject\",\"inLanguage\":\"es\",\"@id\":\"https:\\\/\\\/rideon.es\\\/renting-empresas\\\/fiestas-de-verano-en-menorca-pueblo-a-pueblo\\\/#primaryimage\",\"url\":\"\",\"contentUrl\":\"\"},{\"@type\":\"WebSite\",\"@id\":\"https:\\\/\\\/rideon.es\\\/renting-empresas\\\/#website\",\"url\":\"https:\\\/\\\/rideon.es\\\/renting-empresas\\\/\",\"name\":\"Alquiler de motos mensual y Renting para Empresas\",\"description\":\"Las motos m\u00e1s c\u00f3modas y seguras para disfrutar de tus vacaciones sobre ruedas. Alquiler de motos en Menorca, Mallorca, Barcelona y Valencia con Rideon.es\",\"publisher\":{\"@id\":\"https:\\\/\\\/rideon.es\\\/renting-empresas\\\/#organization\"},\"potentialAction\":[{\"@type\":\"SearchAction\",\"target\":{\"@type\":\"EntryPoint\",\"urlTemplate\":\"https:\\\/\\\/rideon.es\\\/renting-empresas\\\/?s={search_term_string}\"},\"query-input\":{\"@type\":\"PropertyValueSpecification\",\"valueRequired\":true,\"valueName\":\"search_term_string\"}}],\"inLanguage\":\"es\"},{\"@type\":\"Organization\",\"@id\":\"https:\\\/\\\/rideon.es\\\/renting-empresas\\\/#organization\",\"name\":\"Alquiler de motos mensual y Renting para Empresas\",\"url\":\"https:\\\/\\\/rideon.es\\\/renting-empresas\\\/\",\"logo\":{\"@type\":\"ImageObject\",\"inLanguage\":\"es\",\"@id\":\"https:\\\/\\\/rideon.es\\\/renting-empresas\\\/#\\\/schema\\\/logo\\\/image\\\/\",\"url\":\"https:\\\/\\\/rideon.es\\\/renting-empresas\\\/wp-content\\\/uploads\\\/sites\\\/19\\\/2020\\\/02\\\/rideon_logo-200x78-1.png\",\"contentUrl\":\"https:\\\/\\\/rideon.es\\\/renting-empresas\\\/wp-content\\\/uploads\\\/sites\\\/19\\\/2020\\\/02\\\/rideon_logo-200x78-1.png\",\"width\":200,\"height\":78,\"caption\":\"Alquiler de motos mensual y Renting para Empresas\"},\"image\":{\"@id\":\"https:\\\/\\\/rideon.es\\\/renting-empresas\\\/#\\\/schema\\\/logo\\\/image\\\/\"}},{\"@type\":\"Person\",\"@id\":\"https:\\\/\\\/rideon.es\\\/renting-empresas\\\/#\\\/schema\\\/person\\\/48d6770e55c623d929bd20ce295611a7\",\"name\":\"Ride On\",\"image\":{\"@type\":\"ImageObject\",\"inLanguage\":\"es\",\"@id\":\"https:\\\/\\\/secure.gravatar.com\\\/avatar\\\/785e72183089da6a00243c0f0e2d52db79b9983b602219afb07c868943086138?s=96&d=mm&r=g\",\"url\":\"https:\\\/\\\/secure.gravatar.com\\\/avatar\\\/785e72183089da6a00243c0f0e2d52db79b9983b602219afb07c868943086138?s=96&d=mm&r=g\",\"contentUrl\":\"https:\\\/\\\/secure.gravatar.com\\\/avatar\\\/785e72183089da6a00243c0f0e2d52db79b9983b602219afb07c868943086138?s=96&d=mm&r=g\",\"caption\":\"Ride On\"},\"url\":\"https:\\\/\\\/rideon.es\\\/renting-empresas\\\/author\\\/eduardoyauri\\\/\"}]}<\/script>\n<!-- \/ Yoast SEO Premium plugin. -->","yoast_head_json":{"title":"Fiestas de verano en Menorca para descubrir en moto","description":"En verano todos los pueblos de Menorca celebran sus fiestas. Te detallamos las fechas para que disfrutes de otra opci\u00f3n mientras haces turismo en moto en Menorca","robots":{"index":"index","follow":"follow","max-snippet":"max-snippet:-1","max-image-preview":"max-image-preview:large","max-video-preview":"max-video-preview:-1"},"canonical":"https:\/\/rideon.es\/renting-empresas\/fiestas-de-verano-en-menorca-pueblo-a-pueblo\/","og_locale":"es_ES","og_type":"article","og_title":"Fiestas de verano en Menorca pueblo a pueblo","og_description":"En verano todos los pueblos de Menorca celebran sus fiestas. Te detallamos las fechas para que disfrutes de otra opci\u00f3n mientras haces turismo en moto en Menorca","og_url":"https:\/\/rideon.es\/renting-empresas\/fiestas-de-verano-en-menorca-pueblo-a-pueblo\/","og_site_name":"Alquiler de motos mensual y Renting para Empresas","article_published_time":"2016-11-10T13:33:52+00:00","author":"Ride On","twitter_card":"summary_large_image","twitter_misc":{"Escrito por":"Ride On","Tiempo de lectura":"2 minutos"},"schema":{"@context":"https:\/\/schema.org","@graph":[{"@type":"Article","@id":"https:\/\/rideon.es\/renting-empresas\/fiestas-de-verano-en-menorca-pueblo-a-pueblo\/#article","isPartOf":{"@id":"https:\/\/rideon.es\/renting-empresas\/fiestas-de-verano-en-menorca-pueblo-a-pueblo\/"},"author":{"name":"Ride On","@id":"https:\/\/rideon.es\/renting-empresas\/#\/schema\/person\/48d6770e55c623d929bd20ce295611a7"},"headline":"Fiestas de verano en Menorca pueblo a pueblo","datePublished":"2016-11-10T13:33:52+00:00","mainEntityOfPage":{"@id":"https:\/\/rideon.es\/renting-empresas\/fiestas-de-verano-en-menorca-pueblo-a-pueblo\/"},"wordCount":447,"commentCount":0,"publisher":{"@id":"https:\/\/rideon.es\/renting-empresas\/#organization"},"image":{"@id":"https:\/\/rideon.es\/renting-empresas\/fiestas-de-verano-en-menorca-pueblo-a-pueblo\/#primaryimage"},"thumbnailUrl":"","articleSection":["Fiestas Menorca"],"inLanguage":"es","potentialAction":[{"@type":"CommentAction","name":"Comment","target":["https:\/\/rideon.es\/renting-empresas\/fiestas-de-verano-en-menorca-pueblo-a-pueblo\/#respond"]}]},{"@type":"WebPage","@id":"https:\/\/rideon.es\/renting-empresas\/fiestas-de-verano-en-menorca-pueblo-a-pueblo\/","url":"https:\/\/rideon.es\/renting-empresas\/fiestas-de-verano-en-menorca-pueblo-a-pueblo\/","name":"Fiestas de verano en Menorca para descubrir en moto","isPartOf":{"@id":"https:\/\/rideon.es\/renting-empresas\/#website"},"primaryImageOfPage":{"@id":"https:\/\/rideon.es\/renting-empresas\/fiestas-de-verano-en-menorca-pueblo-a-pueblo\/#primaryimage"},"image":{"@id":"https:\/\/rideon.es\/renting-empresas\/fiestas-de-verano-en-menorca-pueblo-a-pueblo\/#primaryimage"},"thumbnailUrl":"","datePublished":"2016-11-10T13:33:52+00:00","description":"En verano todos los pueblos de Menorca celebran sus fiestas. Te detallamos las fechas para que disfrutes de otra opci\u00f3n mientras haces turismo en moto en Menorca","inLanguage":"es","potentialAction":[{"@type":"ReadAction","target":["https:\/\/rideon.es\/renting-empresas\/fiestas-de-verano-en-menorca-pueblo-a-pueblo\/"]}]},{"@type":"ImageObject","inLanguage":"es","@id":"https:\/\/rideon.es\/renting-empresas\/fiestas-de-verano-en-menorca-pueblo-a-pueblo\/#primaryimage","url":"","contentUrl":""},{"@type":"WebSite","@id":"https:\/\/rideon.es\/renting-empresas\/#website","url":"https:\/\/rideon.es\/renting-empresas\/","name":"Alquiler de motos mensual y Renting para Empresas","description":"Las motos m\u00e1s c\u00f3modas y seguras para disfrutar de tus vacaciones sobre ruedas. Alquiler de motos en Menorca, Mallorca, Barcelona y Valencia con Rideon.es","publisher":{"@id":"https:\/\/rideon.es\/renting-empresas\/#organization"},"potentialAction":[{"@type":"SearchAction","target":{"@type":"EntryPoint","urlTemplate":"https:\/\/rideon.es\/renting-empresas\/?s={search_term_string}"},"query-input":{"@type":"PropertyValueSpecification","valueRequired":true,"valueName":"search_term_string"}}],"inLanguage":"es"},{"@type":"Organization","@id":"https:\/\/rideon.es\/renting-empresas\/#organization","name":"Alquiler de motos mensual y Renting para Empresas","url":"https:\/\/rideon.es\/renting-empresas\/","logo":{"@type":"ImageObject","inLanguage":"es","@id":"https:\/\/rideon.es\/renting-empresas\/#\/schema\/logo\/image\/","url":"https:\/\/rideon.es\/renting-empresas\/wp-content\/uploads\/sites\/19\/2020\/02\/rideon_logo-200x78-1.png","contentUrl":"https:\/\/rideon.es\/renting-empresas\/wp-content\/uploads\/sites\/19\/2020\/02\/rideon_logo-200x78-1.png","width":200,"height":78,"caption":"Alquiler de motos mensual y Renting para Empresas"},"image":{"@id":"https:\/\/rideon.es\/renting-empresas\/#\/schema\/logo\/image\/"}},{"@type":"Person","@id":"https:\/\/rideon.es\/renting-empresas\/#\/schema\/person\/48d6770e55c623d929bd20ce295611a7","name":"Ride On","image":{"@type":"ImageObject","inLanguage":"es","@id":"https:\/\/secure.gravatar.com\/avatar\/785e72183089da6a00243c0f0e2d52db79b9983b602219afb07c868943086138?s=96&d=mm&r=g","url":"https:\/\/secure.gravatar.com\/avatar\/785e72183089da6a00243c0f0e2d52db79b9983b602219afb07c868943086138?s=96&d=mm&r=g","contentUrl":"https:\/\/secure.gravatar.com\/avatar\/785e72183089da6a00243c0f0e2d52db79b9983b602219afb07c868943086138?s=96&d=mm&r=g","caption":"Ride On"},"url":"https:\/\/rideon.es\/renting-empresas\/author\/eduardoyauri\/"}]}},"_links":{"self":[{"href":"https:\/\/rideon.es\/renting-empresas\/wp-json\/wp\/v2\/posts\/1274","targetHints":{"allow":["GET"]}}],"collection":[{"href":"https:\/\/rideon.es\/renting-empresas\/wp-json\/wp\/v2\/posts"}],"about":[{"href":"https:\/\/rideon.es\/renting-empresas\/wp-json\/wp\/v2\/types\/post"}],"author":[{"embeddable":true,"href":"https:\/\/rideon.es\/renting-empresas\/wp-json\/wp\/v2\/users\/2"}],"replies":[{"embeddable":true,"href":"https:\/\/rideon.es\/renting-empresas\/wp-json\/wp\/v2\/comments?post=1274"}],"version-history":[{"count":0,"href":"https:\/\/rideon.es\/renting-empresas\/wp-json\/wp\/v2\/posts\/1274\/revisions"}],"wp:featuredmedia":[{"embeddable":true,"href":"https:\/\/rideon.es\/renting-empresas\/wp-json\/"}],"wp:attachment":[{"href":"https:\/\/rideon.es\/renting-empresas\/wp-json\/wp\/v2\/media?parent=1274"}],"wp:term":[{"taxonomy":"category","embeddable":true,"href":"https:\/\/rideon.es\/renting-empresas\/wp-json\/wp\/v2\/categories?post=1274"},{"taxonomy":"post_tag","embeddable":true,"href":"https:\/\/rideon.es\/renting-empresas\/wp-json\/wp\/v2\/tags?post=1274"}],"curies":[{"name":"wp","href":"https:\/\/api.w.org\/{rel}","templated":true}]}}