{"id":1270,"date":"2016-11-10T13:31:43","date_gmt":"2016-11-10T13:31:43","guid":{"rendered":"https:\/\/rideon.es\/?p=1270"},"modified":"2016-11-10T13:31:43","modified_gmt":"2016-11-10T13:31:43","slug":"las-fiestas-de-sant-climent-de-mao-2015-paso-a-paso","status":"publish","type":"post","link":"https:\/\/rideon.es\/renting-empresas\/las-fiestas-de-sant-climent-de-mao-2015-paso-a-paso\/","title":{"rendered":"Las Fiestas de Sant Climent de Ma\u00f3 2015, paso a paso"},"content":{"rendered":"<h2>Las Fiestas de Sant Climent de Ma\u00f3 2015, paso a paso<\/h2>\n<p>El tercer fin de semana de agosto, la <b>localidad <\/b><b>mahonesa<\/b><b> de <\/b><b>Sant<\/b><b> Climent<\/b> se viste de gala para celebrar sus fiestas patronales. Este 2015 las fiestas se celebran los d\u00edas 22, 23 y 24 de agosto.<br \/>\nLas <b>fi<\/b><b>estas de <\/b><b>Sant<\/b><b> Climent<\/b> <b>de <\/b><b>Ma\u00f3<\/b> siguen los mismos patrones que al resto de <b>fiestas populares de <\/b><b>Menorca<\/b> y son una excelente oportunidad para que los que descubr\u00eds la belleza de <a href=\"http:\/\/www.motorentsoldeplata.com\/\">Menorca en moto de alquiler<\/a> pod\u00e1is adentraros tambi\u00e9n en la cultura popular de este pueblo mediterr\u00e1neo.<br \/>\n<b>S<\/b><b>\u00e1bado 22 de agosto:<\/b><br \/>\nEn la calle de Sant Jaume se inicia el \u2018Replec\u2019 de los caballeros que participar\u00e1n en la \u2018Colcada\u2019.\u00a0 En primer lugar se sit\u00faa el \u2018fabioler\u2019, seguido del \u2018Caixer Fadr\u00ed\u2019 (soltero); y despu\u00e9s, el resto de los caballeros. El \u2018Caixer Batle\u2019, acompa\u00f1ado por el \u2018Caixer Pag\u00e8s\u2019 (pay\u00e9s), los esperan. El jinete soltero recibe la bandera de manos de la autoridad local y seguidamente todos los caballeros pasan saludando al \u2018Caixer Batle\u2019 (alcalde) de Sant Climent.<br \/>\nSeguidamente, todos los \u2018caixers\u2019 salen en formaci\u00f3n a toque de \u2018fabiol\u2019 y, una vez sobre los caballos, se dirigen a la iglesia para recoger al \u2018Caixer Capell\u00e0\u2019 (cura).<br \/>\nEntonces empieza el recorrido de la \u2018colcada\u2019 por las calles del pueblo. Una vez finalizado este, la \u2018Colcada\u2019 se dirige a \u2018Completes\u2019 a la iglesia de Sant Climent.<br \/>\nY al acabar la celebraci\u00f3n tiene lugar el tradicional \u2018Jaleo\u2019 en la plaza de Sant Climent.<br \/>\n<b>Domingo 23 de agosto:\u00a0<\/b><br \/>\nPor la ma\u00f1ana se vuelven a reunir los caballeros en la calle Sant Jaume, y siguen el mismo ceremonial que el s\u00e1bado de fiesta. Todos juntos van a la iglesia para asistir a la \u2018Misa de Caixers\u2019 (Misa de Caballeros).<br \/>\nUna vez concluida la celebraci\u00f3n, la \u2018Colcada\u2019 sale en formaci\u00f3n con direcci\u00f3n a la plaza de Sant Climent, para dar inicio al \u2018Jaleo\u2019, despu\u00e9s de hacer el \u2018Caragol\u2019 de costumbre. Al acabar este, se realiza el protocolo de despedida del Alcalde y la \u2018Capellana\u2019, que se desarrolla como el del d\u00eda anterior. Posteriormente, el Ayuntamiento ofrece a todos los participantes el tradicional refrigerio. Al llegar, todos los Caballeros entran en formaci\u00f3n y a toque de \u2018fabiol\u2019.<br \/>\nEl \u2018Caixer Batle\u2019 y el Alcalde (o su representante) dirigen unas palabras a los presentes, agradeciendo su participaci\u00f3n e invit\u00e1ndolos a las fiestas del pr\u00f3ximo a\u00f1o. Despu\u00e9s de estas palabras, el \u2018Caixer Batle\u2019 vuelve la vara de mando al representante del Ayuntamiento, y el \u2018Caixer Fadr\u00ed\u2019 que ha ostentado este cargo devuelve la bandera al representante de la Junta. De esta manera se dan por finalizados los actos protocolarios.<\/p>\n","protected":false},"excerpt":{"rendered":"<p>Las Fiestas de Sant Climent de Ma\u00f3 2015, paso a paso El tercer fin de semana de agosto, la localidad mahonesa de Sant Climent se viste de gala para celebrar sus fiestas patronales. Este 2015 las fiestas se celebran los d\u00edas 22, 23 y 24 de agosto. Las fiestas de Sant Climent de Ma\u00f3 siguen<\/p>\n","protected":false},"author":2,"featured_media":1271,"comment_status":"open","ping_status":"closed","sticky":false,"template":"","format":"standard","meta":{"inline_featured_image":false,"footnotes":""},"categories":[36],"tags":[],"class_list":["post-1270","post","type-post","status-publish","format-standard","has-post-thumbnail","hentry","category-fiestas-san-clemente"],"yoast_head":"<!-- This site is optimized with the Yoast SEO Premium plugin v18.7 (Yoast SEO v27.5) - https:\/\/yoast.com\/product\/yoast-seo-premium-wordpress\/ -->\n<title>Todo lo que debes saber de las Fiestas de Sant Climent (Ma\u00f3)<\/title>\n<meta name=\"description\" content=\"Si est\u00e1s por Menorca con tu moto de alquiler el fin de semana del 22 y 23 de agosto de 2015 no dudes en visitar las Fiestas de Sant Climent \u2013 Ma\u00f3\" \/>\n<meta name=\"robots\" content=\"index, follow, max-snippet:-1, max-image-preview:large, max-video-preview:-1\" \/>\n<link rel=\"canonical\" href=\"https:\/\/rideon.es\/renting-empresas\/las-fiestas-de-sant-climent-de-mao-2015-paso-a-paso\/\" \/>\n<meta property=\"og:locale\" content=\"es_ES\" \/>\n<meta property=\"og:type\" content=\"article\" \/>\n<meta property=\"og:title\" content=\"Las Fiestas de Sant Climent de Ma\u00f3 2015, paso a paso\" \/>\n<meta property=\"og:description\" content=\"Si est\u00e1s por Menorca con tu moto de alquiler el fin de semana del 22 y 23 de agosto de 2015 no dudes en visitar las Fiestas de Sant Climent \u2013 Ma\u00f3\" \/>\n<meta property=\"og:url\" content=\"https:\/\/rideon.es\/renting-empresas\/las-fiestas-de-sant-climent-de-mao-2015-paso-a-paso\/\" \/>\n<meta property=\"og:site_name\" content=\"Alquiler de motos mensual y Renting para Empresas\" \/>\n<meta property=\"article:published_time\" content=\"2016-11-10T13:31:43+00:00\" \/>\n<meta name=\"author\" content=\"Ride On\" \/>\n<meta name=\"twitter:card\" content=\"summary_large_image\" \/>\n<meta name=\"twitter:label1\" content=\"Escrito por\" \/>\n\t<meta name=\"twitter:data1\" content=\"Ride On\" \/>\n\t<meta name=\"twitter:label2\" content=\"Tiempo de lectura\" \/>\n\t<meta name=\"twitter:data2\" content=\"2 minutos\" \/>\n<script type=\"application\/ld+json\" class=\"yoast-schema-graph\">{\"@context\":\"https:\\\/\\\/schema.org\",\"@graph\":[{\"@type\":\"Article\",\"@id\":\"https:\\\/\\\/rideon.es\\\/renting-empresas\\\/las-fiestas-de-sant-climent-de-mao-2015-paso-a-paso\\\/#article\",\"isPartOf\":{\"@id\":\"https:\\\/\\\/rideon.es\\\/renting-empresas\\\/las-fiestas-de-sant-climent-de-mao-2015-paso-a-paso\\\/\"},\"author\":{\"name\":\"Ride On\",\"@id\":\"https:\\\/\\\/rideon.es\\\/renting-empresas\\\/#\\\/schema\\\/person\\\/48d6770e55c623d929bd20ce295611a7\"},\"headline\":\"Las Fiestas de Sant Climent de Ma\u00f3 2015, paso a paso\",\"datePublished\":\"2016-11-10T13:31:43+00:00\",\"mainEntityOfPage\":{\"@id\":\"https:\\\/\\\/rideon.es\\\/renting-empresas\\\/las-fiestas-de-sant-climent-de-mao-2015-paso-a-paso\\\/\"},\"wordCount\":465,\"commentCount\":0,\"publisher\":{\"@id\":\"https:\\\/\\\/rideon.es\\\/renting-empresas\\\/#organization\"},\"image\":{\"@id\":\"https:\\\/\\\/rideon.es\\\/renting-empresas\\\/las-fiestas-de-sant-climent-de-mao-2015-paso-a-paso\\\/#primaryimage\"},\"thumbnailUrl\":\"\",\"articleSection\":[\"fiestas san clemente\"],\"inLanguage\":\"es\",\"potentialAction\":[{\"@type\":\"CommentAction\",\"name\":\"Comment\",\"target\":[\"https:\\\/\\\/rideon.es\\\/renting-empresas\\\/las-fiestas-de-sant-climent-de-mao-2015-paso-a-paso\\\/#respond\"]}]},{\"@type\":\"WebPage\",\"@id\":\"https:\\\/\\\/rideon.es\\\/renting-empresas\\\/las-fiestas-de-sant-climent-de-mao-2015-paso-a-paso\\\/\",\"url\":\"https:\\\/\\\/rideon.es\\\/renting-empresas\\\/las-fiestas-de-sant-climent-de-mao-2015-paso-a-paso\\\/\",\"name\":\"Todo lo que debes saber de las Fiestas de Sant Climent (Ma\u00f3)\",\"isPartOf\":{\"@id\":\"https:\\\/\\\/rideon.es\\\/renting-empresas\\\/#website\"},\"primaryImageOfPage\":{\"@id\":\"https:\\\/\\\/rideon.es\\\/renting-empresas\\\/las-fiestas-de-sant-climent-de-mao-2015-paso-a-paso\\\/#primaryimage\"},\"image\":{\"@id\":\"https:\\\/\\\/rideon.es\\\/renting-empresas\\\/las-fiestas-de-sant-climent-de-mao-2015-paso-a-paso\\\/#primaryimage\"},\"thumbnailUrl\":\"\",\"datePublished\":\"2016-11-10T13:31:43+00:00\",\"description\":\"Si est\u00e1s por Menorca con tu moto de alquiler el fin de semana del 22 y 23 de agosto de 2015 no dudes en visitar las Fiestas de Sant Climent \u2013 Ma\u00f3\",\"inLanguage\":\"es\",\"potentialAction\":[{\"@type\":\"ReadAction\",\"target\":[\"https:\\\/\\\/rideon.es\\\/renting-empresas\\\/las-fiestas-de-sant-climent-de-mao-2015-paso-a-paso\\\/\"]}]},{\"@type\":\"ImageObject\",\"inLanguage\":\"es\",\"@id\":\"https:\\\/\\\/rideon.es\\\/renting-empresas\\\/las-fiestas-de-sant-climent-de-mao-2015-paso-a-paso\\\/#primaryimage\",\"url\":\"\",\"contentUrl\":\"\"},{\"@type\":\"WebSite\",\"@id\":\"https:\\\/\\\/rideon.es\\\/renting-empresas\\\/#website\",\"url\":\"https:\\\/\\\/rideon.es\\\/renting-empresas\\\/\",\"name\":\"Alquiler de motos mensual y Renting para Empresas\",\"description\":\"Las motos m\u00e1s c\u00f3modas y seguras para disfrutar de tus vacaciones sobre ruedas. Alquiler de motos en Menorca, Mallorca, Barcelona y Valencia con Rideon.es\",\"publisher\":{\"@id\":\"https:\\\/\\\/rideon.es\\\/renting-empresas\\\/#organization\"},\"potentialAction\":[{\"@type\":\"SearchAction\",\"target\":{\"@type\":\"EntryPoint\",\"urlTemplate\":\"https:\\\/\\\/rideon.es\\\/renting-empresas\\\/?s={search_term_string}\"},\"query-input\":{\"@type\":\"PropertyValueSpecification\",\"valueRequired\":true,\"valueName\":\"search_term_string\"}}],\"inLanguage\":\"es\"},{\"@type\":\"Organization\",\"@id\":\"https:\\\/\\\/rideon.es\\\/renting-empresas\\\/#organization\",\"name\":\"Alquiler de motos mensual y Renting para Empresas\",\"url\":\"https:\\\/\\\/rideon.es\\\/renting-empresas\\\/\",\"logo\":{\"@type\":\"ImageObject\",\"inLanguage\":\"es\",\"@id\":\"https:\\\/\\\/rideon.es\\\/renting-empresas\\\/#\\\/schema\\\/logo\\\/image\\\/\",\"url\":\"https:\\\/\\\/rideon.es\\\/renting-empresas\\\/wp-content\\\/uploads\\\/sites\\\/19\\\/2020\\\/02\\\/rideon_logo-200x78-1.png\",\"contentUrl\":\"https:\\\/\\\/rideon.es\\\/renting-empresas\\\/wp-content\\\/uploads\\\/sites\\\/19\\\/2020\\\/02\\\/rideon_logo-200x78-1.png\",\"width\":200,\"height\":78,\"caption\":\"Alquiler de motos mensual y Renting para Empresas\"},\"image\":{\"@id\":\"https:\\\/\\\/rideon.es\\\/renting-empresas\\\/#\\\/schema\\\/logo\\\/image\\\/\"}},{\"@type\":\"Person\",\"@id\":\"https:\\\/\\\/rideon.es\\\/renting-empresas\\\/#\\\/schema\\\/person\\\/48d6770e55c623d929bd20ce295611a7\",\"name\":\"Ride On\",\"image\":{\"@type\":\"ImageObject\",\"inLanguage\":\"es\",\"@id\":\"https:\\\/\\\/secure.gravatar.com\\\/avatar\\\/785e72183089da6a00243c0f0e2d52db79b9983b602219afb07c868943086138?s=96&d=mm&r=g\",\"url\":\"https:\\\/\\\/secure.gravatar.com\\\/avatar\\\/785e72183089da6a00243c0f0e2d52db79b9983b602219afb07c868943086138?s=96&d=mm&r=g\",\"contentUrl\":\"https:\\\/\\\/secure.gravatar.com\\\/avatar\\\/785e72183089da6a00243c0f0e2d52db79b9983b602219afb07c868943086138?s=96&d=mm&r=g\",\"caption\":\"Ride On\"},\"url\":\"https:\\\/\\\/rideon.es\\\/renting-empresas\\\/author\\\/eduardoyauri\\\/\"}]}<\/script>\n<!-- \/ Yoast SEO Premium plugin. -->","yoast_head_json":{"title":"Todo lo que debes saber de las Fiestas de Sant Climent (Ma\u00f3)","description":"Si est\u00e1s por Menorca con tu moto de alquiler el fin de semana del 22 y 23 de agosto de 2015 no dudes en visitar las Fiestas de Sant Climent \u2013 Ma\u00f3","robots":{"index":"index","follow":"follow","max-snippet":"max-snippet:-1","max-image-preview":"max-image-preview:large","max-video-preview":"max-video-preview:-1"},"canonical":"https:\/\/rideon.es\/renting-empresas\/las-fiestas-de-sant-climent-de-mao-2015-paso-a-paso\/","og_locale":"es_ES","og_type":"article","og_title":"Las Fiestas de Sant Climent de Ma\u00f3 2015, paso a paso","og_description":"Si est\u00e1s por Menorca con tu moto de alquiler el fin de semana del 22 y 23 de agosto de 2015 no dudes en visitar las Fiestas de Sant Climent \u2013 Ma\u00f3","og_url":"https:\/\/rideon.es\/renting-empresas\/las-fiestas-de-sant-climent-de-mao-2015-paso-a-paso\/","og_site_name":"Alquiler de motos mensual y Renting para Empresas","article_published_time":"2016-11-10T13:31:43+00:00","author":"Ride On","twitter_card":"summary_large_image","twitter_misc":{"Escrito por":"Ride On","Tiempo de lectura":"2 minutos"},"schema":{"@context":"https:\/\/schema.org","@graph":[{"@type":"Article","@id":"https:\/\/rideon.es\/renting-empresas\/las-fiestas-de-sant-climent-de-mao-2015-paso-a-paso\/#article","isPartOf":{"@id":"https:\/\/rideon.es\/renting-empresas\/las-fiestas-de-sant-climent-de-mao-2015-paso-a-paso\/"},"author":{"name":"Ride On","@id":"https:\/\/rideon.es\/renting-empresas\/#\/schema\/person\/48d6770e55c623d929bd20ce295611a7"},"headline":"Las Fiestas de Sant Climent de Ma\u00f3 2015, paso a paso","datePublished":"2016-11-10T13:31:43+00:00","mainEntityOfPage":{"@id":"https:\/\/rideon.es\/renting-empresas\/las-fiestas-de-sant-climent-de-mao-2015-paso-a-paso\/"},"wordCount":465,"commentCount":0,"publisher":{"@id":"https:\/\/rideon.es\/renting-empresas\/#organization"},"image":{"@id":"https:\/\/rideon.es\/renting-empresas\/las-fiestas-de-sant-climent-de-mao-2015-paso-a-paso\/#primaryimage"},"thumbnailUrl":"","articleSection":["fiestas san clemente"],"inLanguage":"es","potentialAction":[{"@type":"CommentAction","name":"Comment","target":["https:\/\/rideon.es\/renting-empresas\/las-fiestas-de-sant-climent-de-mao-2015-paso-a-paso\/#respond"]}]},{"@type":"WebPage","@id":"https:\/\/rideon.es\/renting-empresas\/las-fiestas-de-sant-climent-de-mao-2015-paso-a-paso\/","url":"https:\/\/rideon.es\/renting-empresas\/las-fiestas-de-sant-climent-de-mao-2015-paso-a-paso\/","name":"Todo lo que debes saber de las Fiestas de Sant Climent (Ma\u00f3)","isPartOf":{"@id":"https:\/\/rideon.es\/renting-empresas\/#website"},"primaryImageOfPage":{"@id":"https:\/\/rideon.es\/renting-empresas\/las-fiestas-de-sant-climent-de-mao-2015-paso-a-paso\/#primaryimage"},"image":{"@id":"https:\/\/rideon.es\/renting-empresas\/las-fiestas-de-sant-climent-de-mao-2015-paso-a-paso\/#primaryimage"},"thumbnailUrl":"","datePublished":"2016-11-10T13:31:43+00:00","description":"Si est\u00e1s por Menorca con tu moto de alquiler el fin de semana del 22 y 23 de agosto de 2015 no dudes en visitar las Fiestas de Sant Climent \u2013 Ma\u00f3","inLanguage":"es","potentialAction":[{"@type":"ReadAction","target":["https:\/\/rideon.es\/renting-empresas\/las-fiestas-de-sant-climent-de-mao-2015-paso-a-paso\/"]}]},{"@type":"ImageObject","inLanguage":"es","@id":"https:\/\/rideon.es\/renting-empresas\/las-fiestas-de-sant-climent-de-mao-2015-paso-a-paso\/#primaryimage","url":"","contentUrl":""},{"@type":"WebSite","@id":"https:\/\/rideon.es\/renting-empresas\/#website","url":"https:\/\/rideon.es\/renting-empresas\/","name":"Alquiler de motos mensual y Renting para Empresas","description":"Las motos m\u00e1s c\u00f3modas y seguras para disfrutar de tus vacaciones sobre ruedas. Alquiler de motos en Menorca, Mallorca, Barcelona y Valencia con Rideon.es","publisher":{"@id":"https:\/\/rideon.es\/renting-empresas\/#organization"},"potentialAction":[{"@type":"SearchAction","target":{"@type":"EntryPoint","urlTemplate":"https:\/\/rideon.es\/renting-empresas\/?s={search_term_string}"},"query-input":{"@type":"PropertyValueSpecification","valueRequired":true,"valueName":"search_term_string"}}],"inLanguage":"es"},{"@type":"Organization","@id":"https:\/\/rideon.es\/renting-empresas\/#organization","name":"Alquiler de motos mensual y Renting para Empresas","url":"https:\/\/rideon.es\/renting-empresas\/","logo":{"@type":"ImageObject","inLanguage":"es","@id":"https:\/\/rideon.es\/renting-empresas\/#\/schema\/logo\/image\/","url":"https:\/\/rideon.es\/renting-empresas\/wp-content\/uploads\/sites\/19\/2020\/02\/rideon_logo-200x78-1.png","contentUrl":"https:\/\/rideon.es\/renting-empresas\/wp-content\/uploads\/sites\/19\/2020\/02\/rideon_logo-200x78-1.png","width":200,"height":78,"caption":"Alquiler de motos mensual y Renting para Empresas"},"image":{"@id":"https:\/\/rideon.es\/renting-empresas\/#\/schema\/logo\/image\/"}},{"@type":"Person","@id":"https:\/\/rideon.es\/renting-empresas\/#\/schema\/person\/48d6770e55c623d929bd20ce295611a7","name":"Ride On","image":{"@type":"ImageObject","inLanguage":"es","@id":"https:\/\/secure.gravatar.com\/avatar\/785e72183089da6a00243c0f0e2d52db79b9983b602219afb07c868943086138?s=96&d=mm&r=g","url":"https:\/\/secure.gravatar.com\/avatar\/785e72183089da6a00243c0f0e2d52db79b9983b602219afb07c868943086138?s=96&d=mm&r=g","contentUrl":"https:\/\/secure.gravatar.com\/avatar\/785e72183089da6a00243c0f0e2d52db79b9983b602219afb07c868943086138?s=96&d=mm&r=g","caption":"Ride On"},"url":"https:\/\/rideon.es\/renting-empresas\/author\/eduardoyauri\/"}]}},"_links":{"self":[{"href":"https:\/\/rideon.es\/renting-empresas\/wp-json\/wp\/v2\/posts\/1270","targetHints":{"allow":["GET"]}}],"collection":[{"href":"https:\/\/rideon.es\/renting-empresas\/wp-json\/wp\/v2\/posts"}],"about":[{"href":"https:\/\/rideon.es\/renting-empresas\/wp-json\/wp\/v2\/types\/post"}],"author":[{"embeddable":true,"href":"https:\/\/rideon.es\/renting-empresas\/wp-json\/wp\/v2\/users\/2"}],"replies":[{"embeddable":true,"href":"https:\/\/rideon.es\/renting-empresas\/wp-json\/wp\/v2\/comments?post=1270"}],"version-history":[{"count":0,"href":"https:\/\/rideon.es\/renting-empresas\/wp-json\/wp\/v2\/posts\/1270\/revisions"}],"wp:featuredmedia":[{"embeddable":true,"href":"https:\/\/rideon.es\/renting-empresas\/wp-json\/"}],"wp:attachment":[{"href":"https:\/\/rideon.es\/renting-empresas\/wp-json\/wp\/v2\/media?parent=1270"}],"wp:term":[{"taxonomy":"category","embeddable":true,"href":"https:\/\/rideon.es\/renting-empresas\/wp-json\/wp\/v2\/categories?post=1270"},{"taxonomy":"post_tag","embeddable":true,"href":"https:\/\/rideon.es\/renting-empresas\/wp-json\/wp\/v2\/tags?post=1270"}],"curies":[{"name":"wp","href":"https:\/\/api.w.org\/{rel}","templated":true}]}}