{"id":1267,"date":"2016-11-10T13:30:19","date_gmt":"2016-11-10T13:30:19","guid":{"rendered":"https:\/\/rideon.es\/?p=1267"},"modified":"2016-11-10T13:30:19","modified_gmt":"2016-11-10T13:30:19","slug":"fiestas-de-sant-nicolau-en-monte-toro-las-ultimas-del-verano","status":"publish","type":"post","link":"https:\/\/rideon.es\/renting-empresas\/fiestas-de-sant-nicolau-en-monte-toro-las-ultimas-del-verano\/","title":{"rendered":"Fiestas de Sant Nicolau en Monte Toro, las \u00faltimas del verano"},"content":{"rendered":"<h2>Fiestas de Sant Nicolau en Monte Toro, las \u00faltimas del verano<\/h2>\n<p>Las <b>Fiestas de <\/b><b>Sant<\/b><b> Joan de <\/b><b>Ciutadella<\/b>, que se celebran en junio, inauguran la temporada estival <b>en <\/b><b>Menorca<\/b>, y las <b>Fiestas de <\/b><b>Sant<\/b> <b>Nicolau<\/b><b> de Es <\/b><b>Mercadal<\/b> la despiden justo el fin de semana de mediados de septiembre, que este a\u00f1o 2015 coincide con los d\u00edas 12 y 13.<br \/>\nLas \u00faltimas fiestas del verano tienen la particularidad de que se celebran en <b>Monte Toro<\/b>, en el punto m\u00e1s elevado de la isla y donde no puedes dejar de subir si dispones de una <a href=\"http:\/\/www.motorentsoldeplata.com\/\">moto de alquiler en Menorca<\/a>, porque desde all\u00ed se divisa pr\u00e1cticamente todo el territorio de esta bella isla mediterr\u00e1nea.<br \/>\nDurante Sant Nicolau, el <b>santuario de Monte Toro<\/b> se transforma en un colorido escenario en el que caballos y <i>caixers<\/i> celebran la fiesta de m\u00e1s altura de <b>Menorca<\/b>.<br \/>\nTe contamos las horas y los actos que se celebran en este emblem\u00e1tico lugar, para que puedas participar activamente en sus fiestas.<\/p>\n<li>A las 9 de la ma\u00f1ana la comitiva (<i>la <\/i><i>colcada<\/i>) se re\u00fane en <b>Es <\/b><b>Mercadal<\/b> y all\u00ed inicia el ascenso hasta el <b>santuario de Monte<\/b><b> Toro<\/b>.<\/li>\n<li>A las 11.00 horas la <i>colcada<\/i> ya est\u00e1 en Monte Toro para celebrar la <b>Missa<\/b><b> de <\/b><b>Caixers<\/b><\/li>\n<li>A partir de las 12.30hs, cuando termina la ceremonia religiosa, los \u2018caixers\u2019 acompa\u00f1ados por la m\u00fasica de la orquesta forman ante el santuario. All\u00ed se hace <b>entrega de las banderas<\/b> que representan las fiestas de todos los pueblos de Mallorca.<\/li>\n<li>Justo despu\u00e9s comienza el <b>Jaleo<\/b>, un espect\u00e1culo que protagonizan los caballos saltando a dos patas entre el gent\u00edo y que se prolonga durante dos horas.<\/li>\n<li>Tras el Jaleo se hace <b>entrega de las ca\u00f1as verdes<\/b> a los <b>caixers<\/b> y se celebra el acto de la \u2018Beguda\u2019 en la <i>Posada del Toro<\/i>.<\/li>\n<li>Finalmente, la \u2018colcada\u2019 inicia el <b>descenso al pueblo de Es <\/b><b>Mercadal<\/b> d\u00f3nde contin\u00faa la fiesta.<\/li>\n","protected":false},"excerpt":{"rendered":"<p>Fiestas de Sant Nicolau en Monte Toro, las \u00faltimas del verano Las Fiestas de Sant Joan de Ciutadella, que se celebran en junio, inauguran la temporada estival en Menorca, y las Fiestas de Sant Nicolau de Es Mercadal la despiden justo el fin de semana de mediados de septiembre, que este a\u00f1o 2015 coincide con<\/p>\n","protected":false},"author":2,"featured_media":1268,"comment_status":"open","ping_status":"closed","sticky":false,"template":"","format":"standard","meta":{"inline_featured_image":false,"footnotes":""},"categories":[35],"tags":[],"class_list":["post-1267","post","type-post","status-publish","format-standard","has-post-thumbnail","hentry","category-fiestas-sant-nicolau"],"yoast_head":"<!-- This site is optimized with the Yoast SEO Premium plugin v18.7 (Yoast SEO v27.5) - https:\/\/yoast.com\/product\/yoast-seo-premium-wordpress\/ -->\n<title>Sant Nicolau, las \u00faltimas fiestas del verano en Menorca<\/title>\n<meta name=\"description\" content=\"Las \u00faltimas fiestas del verano se celebran en Monte Toro, en la cima de la isla, que no puedes dejar de visitar con tu moto de alquiler en Menorca\" \/>\n<meta name=\"robots\" content=\"index, follow, max-snippet:-1, max-image-preview:large, max-video-preview:-1\" \/>\n<link rel=\"canonical\" href=\"https:\/\/rideon.es\/renting-empresas\/fiestas-de-sant-nicolau-en-monte-toro-las-ultimas-del-verano\/\" \/>\n<meta property=\"og:locale\" content=\"es_ES\" \/>\n<meta property=\"og:type\" content=\"article\" \/>\n<meta property=\"og:title\" content=\"Fiestas de Sant Nicolau en Monte Toro, las \u00faltimas del verano\" \/>\n<meta property=\"og:description\" content=\"Las \u00faltimas fiestas del verano se celebran en Monte Toro, en la cima de la isla, que no puedes dejar de visitar con tu moto de alquiler en Menorca\" \/>\n<meta property=\"og:url\" content=\"https:\/\/rideon.es\/renting-empresas\/fiestas-de-sant-nicolau-en-monte-toro-las-ultimas-del-verano\/\" \/>\n<meta property=\"og:site_name\" content=\"Alquiler de motos mensual y Renting para Empresas\" \/>\n<meta property=\"article:published_time\" content=\"2016-11-10T13:30:19+00:00\" \/>\n<meta name=\"author\" content=\"Ride On\" \/>\n<meta name=\"twitter:card\" content=\"summary_large_image\" \/>\n<meta name=\"twitter:label1\" content=\"Escrito por\" \/>\n\t<meta name=\"twitter:data1\" content=\"Ride On\" \/>\n\t<meta name=\"twitter:label2\" content=\"Tiempo de lectura\" \/>\n\t<meta name=\"twitter:data2\" content=\"2 minutos\" \/>\n<script type=\"application\/ld+json\" class=\"yoast-schema-graph\">{\"@context\":\"https:\\\/\\\/schema.org\",\"@graph\":[{\"@type\":\"Article\",\"@id\":\"https:\\\/\\\/rideon.es\\\/renting-empresas\\\/fiestas-de-sant-nicolau-en-monte-toro-las-ultimas-del-verano\\\/#article\",\"isPartOf\":{\"@id\":\"https:\\\/\\\/rideon.es\\\/renting-empresas\\\/fiestas-de-sant-nicolau-en-monte-toro-las-ultimas-del-verano\\\/\"},\"author\":{\"name\":\"Ride On\",\"@id\":\"https:\\\/\\\/rideon.es\\\/renting-empresas\\\/#\\\/schema\\\/person\\\/48d6770e55c623d929bd20ce295611a7\"},\"headline\":\"Fiestas de Sant Nicolau en Monte Toro, las \u00faltimas del verano\",\"datePublished\":\"2016-11-10T13:30:19+00:00\",\"mainEntityOfPage\":{\"@id\":\"https:\\\/\\\/rideon.es\\\/renting-empresas\\\/fiestas-de-sant-nicolau-en-monte-toro-las-ultimas-del-verano\\\/\"},\"wordCount\":335,\"commentCount\":0,\"publisher\":{\"@id\":\"https:\\\/\\\/rideon.es\\\/renting-empresas\\\/#organization\"},\"image\":{\"@id\":\"https:\\\/\\\/rideon.es\\\/renting-empresas\\\/fiestas-de-sant-nicolau-en-monte-toro-las-ultimas-del-verano\\\/#primaryimage\"},\"thumbnailUrl\":\"\",\"articleSection\":[\"Fiestas Sant Nicolau\"],\"inLanguage\":\"es\",\"potentialAction\":[{\"@type\":\"CommentAction\",\"name\":\"Comment\",\"target\":[\"https:\\\/\\\/rideon.es\\\/renting-empresas\\\/fiestas-de-sant-nicolau-en-monte-toro-las-ultimas-del-verano\\\/#respond\"]}]},{\"@type\":\"WebPage\",\"@id\":\"https:\\\/\\\/rideon.es\\\/renting-empresas\\\/fiestas-de-sant-nicolau-en-monte-toro-las-ultimas-del-verano\\\/\",\"url\":\"https:\\\/\\\/rideon.es\\\/renting-empresas\\\/fiestas-de-sant-nicolau-en-monte-toro-las-ultimas-del-verano\\\/\",\"name\":\"Sant Nicolau, las \u00faltimas fiestas del verano en Menorca\",\"isPartOf\":{\"@id\":\"https:\\\/\\\/rideon.es\\\/renting-empresas\\\/#website\"},\"primaryImageOfPage\":{\"@id\":\"https:\\\/\\\/rideon.es\\\/renting-empresas\\\/fiestas-de-sant-nicolau-en-monte-toro-las-ultimas-del-verano\\\/#primaryimage\"},\"image\":{\"@id\":\"https:\\\/\\\/rideon.es\\\/renting-empresas\\\/fiestas-de-sant-nicolau-en-monte-toro-las-ultimas-del-verano\\\/#primaryimage\"},\"thumbnailUrl\":\"\",\"datePublished\":\"2016-11-10T13:30:19+00:00\",\"description\":\"Las \u00faltimas fiestas del verano se celebran en Monte Toro, en la cima de la isla, que no puedes dejar de visitar con tu moto de alquiler en Menorca\",\"inLanguage\":\"es\",\"potentialAction\":[{\"@type\":\"ReadAction\",\"target\":[\"https:\\\/\\\/rideon.es\\\/renting-empresas\\\/fiestas-de-sant-nicolau-en-monte-toro-las-ultimas-del-verano\\\/\"]}]},{\"@type\":\"ImageObject\",\"inLanguage\":\"es\",\"@id\":\"https:\\\/\\\/rideon.es\\\/renting-empresas\\\/fiestas-de-sant-nicolau-en-monte-toro-las-ultimas-del-verano\\\/#primaryimage\",\"url\":\"\",\"contentUrl\":\"\"},{\"@type\":\"WebSite\",\"@id\":\"https:\\\/\\\/rideon.es\\\/renting-empresas\\\/#website\",\"url\":\"https:\\\/\\\/rideon.es\\\/renting-empresas\\\/\",\"name\":\"Alquiler de motos mensual y Renting para Empresas\",\"description\":\"Las motos m\u00e1s c\u00f3modas y seguras para disfrutar de tus vacaciones sobre ruedas. Alquiler de motos en Menorca, Mallorca, Barcelona y Valencia con Rideon.es\",\"publisher\":{\"@id\":\"https:\\\/\\\/rideon.es\\\/renting-empresas\\\/#organization\"},\"potentialAction\":[{\"@type\":\"SearchAction\",\"target\":{\"@type\":\"EntryPoint\",\"urlTemplate\":\"https:\\\/\\\/rideon.es\\\/renting-empresas\\\/?s={search_term_string}\"},\"query-input\":{\"@type\":\"PropertyValueSpecification\",\"valueRequired\":true,\"valueName\":\"search_term_string\"}}],\"inLanguage\":\"es\"},{\"@type\":\"Organization\",\"@id\":\"https:\\\/\\\/rideon.es\\\/renting-empresas\\\/#organization\",\"name\":\"Alquiler de motos mensual y Renting para Empresas\",\"url\":\"https:\\\/\\\/rideon.es\\\/renting-empresas\\\/\",\"logo\":{\"@type\":\"ImageObject\",\"inLanguage\":\"es\",\"@id\":\"https:\\\/\\\/rideon.es\\\/renting-empresas\\\/#\\\/schema\\\/logo\\\/image\\\/\",\"url\":\"https:\\\/\\\/rideon.es\\\/renting-empresas\\\/wp-content\\\/uploads\\\/sites\\\/19\\\/2020\\\/02\\\/rideon_logo-200x78-1.png\",\"contentUrl\":\"https:\\\/\\\/rideon.es\\\/renting-empresas\\\/wp-content\\\/uploads\\\/sites\\\/19\\\/2020\\\/02\\\/rideon_logo-200x78-1.png\",\"width\":200,\"height\":78,\"caption\":\"Alquiler de motos mensual y Renting para Empresas\"},\"image\":{\"@id\":\"https:\\\/\\\/rideon.es\\\/renting-empresas\\\/#\\\/schema\\\/logo\\\/image\\\/\"}},{\"@type\":\"Person\",\"@id\":\"https:\\\/\\\/rideon.es\\\/renting-empresas\\\/#\\\/schema\\\/person\\\/48d6770e55c623d929bd20ce295611a7\",\"name\":\"Ride On\",\"image\":{\"@type\":\"ImageObject\",\"inLanguage\":\"es\",\"@id\":\"https:\\\/\\\/secure.gravatar.com\\\/avatar\\\/785e72183089da6a00243c0f0e2d52db79b9983b602219afb07c868943086138?s=96&d=mm&r=g\",\"url\":\"https:\\\/\\\/secure.gravatar.com\\\/avatar\\\/785e72183089da6a00243c0f0e2d52db79b9983b602219afb07c868943086138?s=96&d=mm&r=g\",\"contentUrl\":\"https:\\\/\\\/secure.gravatar.com\\\/avatar\\\/785e72183089da6a00243c0f0e2d52db79b9983b602219afb07c868943086138?s=96&d=mm&r=g\",\"caption\":\"Ride On\"},\"url\":\"https:\\\/\\\/rideon.es\\\/renting-empresas\\\/author\\\/eduardoyauri\\\/\"}]}<\/script>\n<!-- \/ Yoast SEO Premium plugin. -->","yoast_head_json":{"title":"Sant Nicolau, las \u00faltimas fiestas del verano en Menorca","description":"Las \u00faltimas fiestas del verano se celebran en Monte Toro, en la cima de la isla, que no puedes dejar de visitar con tu moto de alquiler en Menorca","robots":{"index":"index","follow":"follow","max-snippet":"max-snippet:-1","max-image-preview":"max-image-preview:large","max-video-preview":"max-video-preview:-1"},"canonical":"https:\/\/rideon.es\/renting-empresas\/fiestas-de-sant-nicolau-en-monte-toro-las-ultimas-del-verano\/","og_locale":"es_ES","og_type":"article","og_title":"Fiestas de Sant Nicolau en Monte Toro, las \u00faltimas del verano","og_description":"Las \u00faltimas fiestas del verano se celebran en Monte Toro, en la cima de la isla, que no puedes dejar de visitar con tu moto de alquiler en Menorca","og_url":"https:\/\/rideon.es\/renting-empresas\/fiestas-de-sant-nicolau-en-monte-toro-las-ultimas-del-verano\/","og_site_name":"Alquiler de motos mensual y Renting para Empresas","article_published_time":"2016-11-10T13:30:19+00:00","author":"Ride On","twitter_card":"summary_large_image","twitter_misc":{"Escrito por":"Ride On","Tiempo de lectura":"2 minutos"},"schema":{"@context":"https:\/\/schema.org","@graph":[{"@type":"Article","@id":"https:\/\/rideon.es\/renting-empresas\/fiestas-de-sant-nicolau-en-monte-toro-las-ultimas-del-verano\/#article","isPartOf":{"@id":"https:\/\/rideon.es\/renting-empresas\/fiestas-de-sant-nicolau-en-monte-toro-las-ultimas-del-verano\/"},"author":{"name":"Ride On","@id":"https:\/\/rideon.es\/renting-empresas\/#\/schema\/person\/48d6770e55c623d929bd20ce295611a7"},"headline":"Fiestas de Sant Nicolau en Monte Toro, las \u00faltimas del verano","datePublished":"2016-11-10T13:30:19+00:00","mainEntityOfPage":{"@id":"https:\/\/rideon.es\/renting-empresas\/fiestas-de-sant-nicolau-en-monte-toro-las-ultimas-del-verano\/"},"wordCount":335,"commentCount":0,"publisher":{"@id":"https:\/\/rideon.es\/renting-empresas\/#organization"},"image":{"@id":"https:\/\/rideon.es\/renting-empresas\/fiestas-de-sant-nicolau-en-monte-toro-las-ultimas-del-verano\/#primaryimage"},"thumbnailUrl":"","articleSection":["Fiestas Sant Nicolau"],"inLanguage":"es","potentialAction":[{"@type":"CommentAction","name":"Comment","target":["https:\/\/rideon.es\/renting-empresas\/fiestas-de-sant-nicolau-en-monte-toro-las-ultimas-del-verano\/#respond"]}]},{"@type":"WebPage","@id":"https:\/\/rideon.es\/renting-empresas\/fiestas-de-sant-nicolau-en-monte-toro-las-ultimas-del-verano\/","url":"https:\/\/rideon.es\/renting-empresas\/fiestas-de-sant-nicolau-en-monte-toro-las-ultimas-del-verano\/","name":"Sant Nicolau, las \u00faltimas fiestas del verano en Menorca","isPartOf":{"@id":"https:\/\/rideon.es\/renting-empresas\/#website"},"primaryImageOfPage":{"@id":"https:\/\/rideon.es\/renting-empresas\/fiestas-de-sant-nicolau-en-monte-toro-las-ultimas-del-verano\/#primaryimage"},"image":{"@id":"https:\/\/rideon.es\/renting-empresas\/fiestas-de-sant-nicolau-en-monte-toro-las-ultimas-del-verano\/#primaryimage"},"thumbnailUrl":"","datePublished":"2016-11-10T13:30:19+00:00","description":"Las \u00faltimas fiestas del verano se celebran en Monte Toro, en la cima de la isla, que no puedes dejar de visitar con tu moto de alquiler en Menorca","inLanguage":"es","potentialAction":[{"@type":"ReadAction","target":["https:\/\/rideon.es\/renting-empresas\/fiestas-de-sant-nicolau-en-monte-toro-las-ultimas-del-verano\/"]}]},{"@type":"ImageObject","inLanguage":"es","@id":"https:\/\/rideon.es\/renting-empresas\/fiestas-de-sant-nicolau-en-monte-toro-las-ultimas-del-verano\/#primaryimage","url":"","contentUrl":""},{"@type":"WebSite","@id":"https:\/\/rideon.es\/renting-empresas\/#website","url":"https:\/\/rideon.es\/renting-empresas\/","name":"Alquiler de motos mensual y Renting para Empresas","description":"Las motos m\u00e1s c\u00f3modas y seguras para disfrutar de tus vacaciones sobre ruedas. Alquiler de motos en Menorca, Mallorca, Barcelona y Valencia con Rideon.es","publisher":{"@id":"https:\/\/rideon.es\/renting-empresas\/#organization"},"potentialAction":[{"@type":"SearchAction","target":{"@type":"EntryPoint","urlTemplate":"https:\/\/rideon.es\/renting-empresas\/?s={search_term_string}"},"query-input":{"@type":"PropertyValueSpecification","valueRequired":true,"valueName":"search_term_string"}}],"inLanguage":"es"},{"@type":"Organization","@id":"https:\/\/rideon.es\/renting-empresas\/#organization","name":"Alquiler de motos mensual y Renting para Empresas","url":"https:\/\/rideon.es\/renting-empresas\/","logo":{"@type":"ImageObject","inLanguage":"es","@id":"https:\/\/rideon.es\/renting-empresas\/#\/schema\/logo\/image\/","url":"https:\/\/rideon.es\/renting-empresas\/wp-content\/uploads\/sites\/19\/2020\/02\/rideon_logo-200x78-1.png","contentUrl":"https:\/\/rideon.es\/renting-empresas\/wp-content\/uploads\/sites\/19\/2020\/02\/rideon_logo-200x78-1.png","width":200,"height":78,"caption":"Alquiler de motos mensual y Renting para Empresas"},"image":{"@id":"https:\/\/rideon.es\/renting-empresas\/#\/schema\/logo\/image\/"}},{"@type":"Person","@id":"https:\/\/rideon.es\/renting-empresas\/#\/schema\/person\/48d6770e55c623d929bd20ce295611a7","name":"Ride On","image":{"@type":"ImageObject","inLanguage":"es","@id":"https:\/\/secure.gravatar.com\/avatar\/785e72183089da6a00243c0f0e2d52db79b9983b602219afb07c868943086138?s=96&d=mm&r=g","url":"https:\/\/secure.gravatar.com\/avatar\/785e72183089da6a00243c0f0e2d52db79b9983b602219afb07c868943086138?s=96&d=mm&r=g","contentUrl":"https:\/\/secure.gravatar.com\/avatar\/785e72183089da6a00243c0f0e2d52db79b9983b602219afb07c868943086138?s=96&d=mm&r=g","caption":"Ride On"},"url":"https:\/\/rideon.es\/renting-empresas\/author\/eduardoyauri\/"}]}},"_links":{"self":[{"href":"https:\/\/rideon.es\/renting-empresas\/wp-json\/wp\/v2\/posts\/1267","targetHints":{"allow":["GET"]}}],"collection":[{"href":"https:\/\/rideon.es\/renting-empresas\/wp-json\/wp\/v2\/posts"}],"about":[{"href":"https:\/\/rideon.es\/renting-empresas\/wp-json\/wp\/v2\/types\/post"}],"author":[{"embeddable":true,"href":"https:\/\/rideon.es\/renting-empresas\/wp-json\/wp\/v2\/users\/2"}],"replies":[{"embeddable":true,"href":"https:\/\/rideon.es\/renting-empresas\/wp-json\/wp\/v2\/comments?post=1267"}],"version-history":[{"count":0,"href":"https:\/\/rideon.es\/renting-empresas\/wp-json\/wp\/v2\/posts\/1267\/revisions"}],"wp:featuredmedia":[{"embeddable":true,"href":"https:\/\/rideon.es\/renting-empresas\/wp-json\/"}],"wp:attachment":[{"href":"https:\/\/rideon.es\/renting-empresas\/wp-json\/wp\/v2\/media?parent=1267"}],"wp:term":[{"taxonomy":"category","embeddable":true,"href":"https:\/\/rideon.es\/renting-empresas\/wp-json\/wp\/v2\/categories?post=1267"},{"taxonomy":"post_tag","embeddable":true,"href":"https:\/\/rideon.es\/renting-empresas\/wp-json\/wp\/v2\/tags?post=1267"}],"curies":[{"name":"wp","href":"https:\/\/api.w.org\/{rel}","templated":true}]}}