{"id":1261,"date":"2016-11-10T13:27:36","date_gmt":"2016-11-10T13:27:36","guid":{"rendered":"https:\/\/rideon.es\/?p=1261"},"modified":"2016-11-10T13:27:36","modified_gmt":"2016-11-10T13:27:36","slug":"bellver-y-el-ferrocarril-de-soller","status":"publish","type":"post","link":"https:\/\/rideon.es\/renting-empresas\/bellver-y-el-ferrocarril-de-soller\/","title":{"rendered":"Bellver y el ferrocarril de Soller"},"content":{"rendered":"<p><b>Castillo de Bellver<\/b><br \/>\n<span style=\"font-weight: 400\">Situaci\u00f3n: <\/span><a href=\"https:\/\/goo.gl\/maps\/Wjrn6FVUty12\"><span style=\"font-weight: 400\">https:\/\/goo.gl\/maps\/Wjrn6FVUty12<\/span><\/a><br \/>\n<span style=\"font-weight: 400\">Contacto: <\/span><a href=\"http:\/\/castelldebellver.palma.cat\/portal\/PALMA\/castelldebellver\/castelldebellver_principal1.jsp?codResi=1\"><span style=\"font-weight: 400\">http:\/\/castelldebellver.palma.cat<\/span><\/a><br \/>\n&nbsp;<br \/>\n<span style=\"font-weight: 400\">Lejos de la angostura de las calles y de los fabulosos patios distinguidos se alza el castillo de Bellver, orden\u00f3 su construcci\u00f3n Jaime II, hijo de Jaime el conquistador para alivio de su maltrecho cuerpo atacado por la tuberculosis y fue posteriormente aprovechado como c\u00e1rcel de aquel asturiano ilustrado llamado Gaspar Melchor de Jovellanos que pen\u00f3 durante 6 a\u00f1os encerrado en el castillo. El centro de Mallorca no tiene casi aparcamiento, es perfecto para ser visitado con el <\/span><a href=\"https:\/\/rideon.es\/alquiler-motos-mallorca\/\"><span style=\"font-weight: 400\">aquiler moto Mallorca<\/span><\/a><span style=\"font-weight: 400\">.<\/span><br \/>\n<img decoding=\"async\" class=\"img-responsive\" src=\"http:\/\/www.rideonmotorent.com\/wp-content\/uploads\/2016\/10\/Castillo-de-Bellver2.jpg\" alt=\"Castell Bellver\" width=\"100%\" \/><br \/>\n<span style=\"font-weight: 400\">La fortaleza es el testigo m\u00e1s notorio de aquellos tiempos en los que Mallorca era un reino independiente abierto al mediterr\u00e1neo, donde participaba de un pr\u00f3spero comercio. <\/span><span style=\"font-weight: 400\">La torre mayor, perfectamente protegida y aislada del resto de la fortaleza, era el \u00faltimo\u00a0<\/span><span style=\"font-weight: 400\">reducto de resistencia si Bellver era atacado. En este tipo de torres se celebraba, de manera tradicional, la ceremonia nea de homenaje, por la que el castellano, como m\u00e1ximo \u00a0responsable de la fortaleza, realizaba un juramento de fidelidad y obediencia a su rey o \u00a0se\u00f1or y se compromet\u00eda a defender el castillo. durante muchos a\u00f1os la torre mayor fue usada tambi\u00e9n como prisi\u00f3n. Visita la isla de Mallorca con tu <\/span><a href=\"https:\/\/rideon.es\/\"><span style=\"font-weight: 400\">alquiler motos Mallorca<\/span><\/a><span style=\"font-weight: 400\"> Rideon<\/span><br \/>\n<img decoding=\"async\" class=\"img-responsive\" src=\"http:\/\/www.rideonmotorent.com\/wp-content\/uploads\/2016\/10\/interior-castillo-Bellver.jpg\" alt=\"Interior del castell de Bellver\" width=\"100%\" \/><br \/>\n<span style=\"font-weight: 400\">Una importante colecci\u00f3n de grafitis son una prueba de ese per\u00edodo de confinamiento. Desde su alamedas se puede disfrutar de otra obra de arte prodigiosa, la bah\u00eda Mallorquina.<\/span><br \/>\n&nbsp;<br \/>\n<b>Comer en Salvia Restaurant<\/b><br \/>\n<span style=\"font-weight: 400\">Situaci\u00f3n: <\/span><a href=\"https:\/\/goo.gl\/maps\/vutz8tS5mUU2\"><span style=\"font-weight: 400\">https:\/\/goo.gl\/maps\/vutz8tS5mUU2<\/span><\/a><br \/>\n<span style=\"font-weight: 400\">Contacto: <\/span><a href=\"http:\/\/www.hotelsalvia.com\/\"><span style=\"font-weight: 400\">http:\/\/www.hotelsalvia.com\/<\/span><\/a><br \/>\n<span style=\"font-weight: 400\">En un elegante entorno de una mansi\u00f3n del siglo XIX y un jard\u00edn mediterr\u00e1neo con el impresionante tel\u00f3n de fondo del valle de S\u00f3ller brindan el hermoso escenario de la terraza del comedor al Salvia. El restaurante Salvia proporciona un comida sintonizada y platos interesantes que le dan un sabor \u00fanico de Mallorca. Visita el restaurante Salvia con tu <\/span><a href=\"https:\/\/rideon.es\/alquiler-motos-mallorca\/\"><span style=\"font-weight: 400\">alquiler moto Mallorca<\/span><\/a><span style=\"font-weight: 400\"> con Rideon.<\/span><br \/>\n<img decoding=\"async\" class=\"img-responsive\" src=\"http:\/\/www.rideonmotorent.com\/wp-content\/uploads\/2016\/10\/restaurante-salvia-Mallorca1.jpg\" alt=\"Restaurante Salvia Mallorca\" width=\"100%\" \/><br \/>\n<span style=\"font-weight: 400\">Con una peque\u00f1a pero sabrosa selecci\u00f3n de productos frescos de Mallorca, platos espa\u00f1oles y mediterr\u00e1neos, tambi\u00e9n se puede tomar un aperitivo para acompa\u00f1ar una copa de vino o algunos antojos m\u00e1s suculentos como el \u00a0&#8216;Risotto de los mariscos Negro&#8217; una exquisitez para todos los amantes de los mariscos. <\/span><br \/>\n<span style=\"font-weight: 400\">Para las cenas La Salvia ofrece un men\u00fa de temporada, para maridar la \u00a0comida se puede elegir entre su amplia pero cuidadosa y escogida selecci\u00f3n de vinos de Mallorca y regionales espa\u00f1olas. <\/span><br \/>\n&nbsp;<br \/>\n<b>Ferrocarril de S\u00f3ller<\/b><br \/>\nSituaci\u00f3n: <a href=\"https:\/\/goo.gl\/maps\/NYMgibQ3HWU2\">https:\/\/goo.gl\/maps\/NYMgibQ3HWU2<\/a><br \/>\n&nbsp;<br \/>\n<img decoding=\"async\" class=\"img-responsive\" src=\"http:\/\/www.rideonmotorent.com\/wp-content\/uploads\/2016\/10\/exterior-ferrocarril-soller.jpg\" alt=\"Ferrocarril de Soller\" width=\"100%\" \/><br \/>\n<span style=\"font-weight: 400\">Abandonar Palma de Mallorca en el Ferrocarril de S\u00f3ller es toda una experiencia, es el \u00faltimo de su estirpe, funciona desde 1912 y recorre los 27 KM que separan la capital de S\u00f3ller. Es mucho m\u00e1s que un medio de locomoci\u00f3n, se ha convertido en patrimonio de todos los mallorquines que lo han sabido mantener a salvo de los estragos del tiempo, y de las corrientes furiosas del dise\u00f1o y de modas. Visita el ferrocarril de Mallorca con tu <\/span><a href=\"https:\/\/rideon.es\/alquiler-motos-mallorca\/\"><span style=\"font-weight: 400\">alquiler moto Mallorca<\/span><\/a><span style=\"font-weight: 400\"> Rideon.<\/span><br \/>\n<img decoding=\"async\" class=\"img-responsive\" src=\"http:\/\/www.rideonmotorent.com\/wp-content\/uploads\/2016\/10\/ferrocarril-de-soller.jpg\" alt=\"Estacion Ferrocarril de Soller\" width=\"100%\" \/><br \/>\n<span style=\"font-weight: 400\">El ferrocarril es una aut\u00e9ntica m\u00e1quina del tiempo desde la que se pueden ver monta\u00f1as, atravesar sierras y de contemplar los paisajes de la sierra de tramuntana para gozar finalmente de la visi\u00f3n del valle de S\u00f3ller.<\/span><br \/>\n<img decoding=\"async\" class=\"img-responsive\" src=\"http:\/\/www.rideonmotorent.com\/wp-content\/uploads\/2016\/10\/valle-de-soller1.jpg\" alt=\"Valle del Soller\" width=\"100%\" \/><br \/>\n<span style=\"font-weight: 400\">La posada de l\u2019a Artes\u00e0 es el punto y final del recorrido, \u00e9sta es una antigua casa de postas desde la que part\u00edan las diligencias hacia Palma, a la que han permitido conservar el aroma de a\u00f1ejos tiempos de esplendor.<\/span><br \/>\n<span style=\"font-weight: 400\">Para m\u00e1s informaci\u00f3n visiten nuestro <\/span><a href=\"https:\/\/rideon.es\/mallorca\/\"><span style=\"font-weight: 400\">Blog de informaci\u00f3n Tur\u00edstica a Mallorca<\/span><\/a><span style=\"font-weight: 400\">, para reservas online de motos de alquiler Mallorca pueden visitar nuestra web <\/span><a href=\"https:\/\/rideon.es\/\"><span style=\"font-weight: 400\">www.rideon.es<\/span><\/a><br \/>\n&nbsp;<\/p>\n","protected":false},"excerpt":{"rendered":"<p>Castillo de Bellver Situaci\u00f3n: https:\/\/goo.gl\/maps\/Wjrn6FVUty12 Contacto: http:\/\/castelldebellver.palma.cat &nbsp; Lejos de la angostura de las calles y de los fabulosos patios distinguidos se alza el castillo de Bellver, orden\u00f3 su construcci\u00f3n Jaime II, hijo de Jaime el conquistador para alivio de su maltrecho cuerpo atacado por la tuberculosis y fue posteriormente aprovechado como c\u00e1rcel de aquel<\/p>\n","protected":false},"author":2,"featured_media":1596,"comment_status":"open","ping_status":"closed","sticky":false,"template":"","format":"standard","meta":{"inline_featured_image":false,"footnotes":""},"categories":[11],"tags":[],"class_list":["post-1261","post","type-post","status-publish","format-standard","has-post-thumbnail","hentry","category-mallorca"],"yoast_head":"<!-- This site is optimized with the Yoast SEO Premium plugin v18.7 (Yoast SEO v27.5) - https:\/\/yoast.com\/product\/yoast-seo-premium-wordpress\/ -->\n<title>Bellver<\/title>\n<meta name=\"description\" content=\"Desde RIdeon alquiler moto Mallorca queremos que disfruten de su estancia en Mallorca y visiten el castillo de Bellver y el fant\u00e1stico ferrocarril de Soller\" \/>\n<meta name=\"robots\" content=\"index, follow, max-snippet:-1, max-image-preview:large, max-video-preview:-1\" \/>\n<link rel=\"canonical\" href=\"https:\/\/rideon.es\/renting-empresas\/bellver-y-el-ferrocarril-de-soller\/\" \/>\n<meta property=\"og:locale\" content=\"es_ES\" \/>\n<meta property=\"og:type\" content=\"article\" \/>\n<meta property=\"og:title\" content=\"Bellver y el ferrocarril de Soller\" \/>\n<meta property=\"og:description\" content=\"Desde RIdeon alquiler moto Mallorca queremos que disfruten de su estancia en Mallorca y visiten el castillo de Bellver y el fant\u00e1stico ferrocarril de Soller\" \/>\n<meta property=\"og:url\" content=\"https:\/\/rideon.es\/renting-empresas\/bellver-y-el-ferrocarril-de-soller\/\" \/>\n<meta property=\"og:site_name\" content=\"Alquiler de motos mensual y Renting para Empresas\" \/>\n<meta property=\"article:published_time\" content=\"2016-11-10T13:27:36+00:00\" \/>\n<meta name=\"author\" content=\"Ride On\" \/>\n<meta name=\"twitter:card\" content=\"summary_large_image\" \/>\n<meta name=\"twitter:label1\" content=\"Escrito por\" \/>\n\t<meta name=\"twitter:data1\" content=\"Ride On\" \/>\n\t<meta name=\"twitter:label2\" content=\"Tiempo de lectura\" \/>\n\t<meta name=\"twitter:data2\" content=\"3 minutos\" \/>\n<script type=\"application\/ld+json\" class=\"yoast-schema-graph\">{\"@context\":\"https:\\\/\\\/schema.org\",\"@graph\":[{\"@type\":\"Article\",\"@id\":\"https:\\\/\\\/rideon.es\\\/renting-empresas\\\/bellver-y-el-ferrocarril-de-soller\\\/#article\",\"isPartOf\":{\"@id\":\"https:\\\/\\\/rideon.es\\\/renting-empresas\\\/bellver-y-el-ferrocarril-de-soller\\\/\"},\"author\":{\"name\":\"Ride On\",\"@id\":\"https:\\\/\\\/rideon.es\\\/renting-empresas\\\/#\\\/schema\\\/person\\\/48d6770e55c623d929bd20ce295611a7\"},\"headline\":\"Bellver y el ferrocarril de Soller\",\"datePublished\":\"2016-11-10T13:27:36+00:00\",\"mainEntityOfPage\":{\"@id\":\"https:\\\/\\\/rideon.es\\\/renting-empresas\\\/bellver-y-el-ferrocarril-de-soller\\\/\"},\"wordCount\":655,\"commentCount\":0,\"publisher\":{\"@id\":\"https:\\\/\\\/rideon.es\\\/renting-empresas\\\/#organization\"},\"image\":{\"@id\":\"https:\\\/\\\/rideon.es\\\/renting-empresas\\\/bellver-y-el-ferrocarril-de-soller\\\/#primaryimage\"},\"thumbnailUrl\":\"\",\"articleSection\":[\"Mallorca\"],\"inLanguage\":\"es\",\"potentialAction\":[{\"@type\":\"CommentAction\",\"name\":\"Comment\",\"target\":[\"https:\\\/\\\/rideon.es\\\/renting-empresas\\\/bellver-y-el-ferrocarril-de-soller\\\/#respond\"]}]},{\"@type\":\"WebPage\",\"@id\":\"https:\\\/\\\/rideon.es\\\/renting-empresas\\\/bellver-y-el-ferrocarril-de-soller\\\/\",\"url\":\"https:\\\/\\\/rideon.es\\\/renting-empresas\\\/bellver-y-el-ferrocarril-de-soller\\\/\",\"name\":\"Bellver\",\"isPartOf\":{\"@id\":\"https:\\\/\\\/rideon.es\\\/renting-empresas\\\/#website\"},\"primaryImageOfPage\":{\"@id\":\"https:\\\/\\\/rideon.es\\\/renting-empresas\\\/bellver-y-el-ferrocarril-de-soller\\\/#primaryimage\"},\"image\":{\"@id\":\"https:\\\/\\\/rideon.es\\\/renting-empresas\\\/bellver-y-el-ferrocarril-de-soller\\\/#primaryimage\"},\"thumbnailUrl\":\"\",\"datePublished\":\"2016-11-10T13:27:36+00:00\",\"description\":\"Desde RIdeon alquiler moto Mallorca queremos que disfruten de su estancia en Mallorca y visiten el castillo de Bellver y el fant\u00e1stico ferrocarril de Soller\",\"inLanguage\":\"es\",\"potentialAction\":[{\"@type\":\"ReadAction\",\"target\":[\"https:\\\/\\\/rideon.es\\\/renting-empresas\\\/bellver-y-el-ferrocarril-de-soller\\\/\"]}]},{\"@type\":\"ImageObject\",\"inLanguage\":\"es\",\"@id\":\"https:\\\/\\\/rideon.es\\\/renting-empresas\\\/bellver-y-el-ferrocarril-de-soller\\\/#primaryimage\",\"url\":\"\",\"contentUrl\":\"\"},{\"@type\":\"WebSite\",\"@id\":\"https:\\\/\\\/rideon.es\\\/renting-empresas\\\/#website\",\"url\":\"https:\\\/\\\/rideon.es\\\/renting-empresas\\\/\",\"name\":\"Alquiler de motos mensual y Renting para Empresas\",\"description\":\"Las motos m\u00e1s c\u00f3modas y seguras para disfrutar de tus vacaciones sobre ruedas. Alquiler de motos en Menorca, Mallorca, Barcelona y Valencia con Rideon.es\",\"publisher\":{\"@id\":\"https:\\\/\\\/rideon.es\\\/renting-empresas\\\/#organization\"},\"potentialAction\":[{\"@type\":\"SearchAction\",\"target\":{\"@type\":\"EntryPoint\",\"urlTemplate\":\"https:\\\/\\\/rideon.es\\\/renting-empresas\\\/?s={search_term_string}\"},\"query-input\":{\"@type\":\"PropertyValueSpecification\",\"valueRequired\":true,\"valueName\":\"search_term_string\"}}],\"inLanguage\":\"es\"},{\"@type\":\"Organization\",\"@id\":\"https:\\\/\\\/rideon.es\\\/renting-empresas\\\/#organization\",\"name\":\"Alquiler de motos mensual y Renting para Empresas\",\"url\":\"https:\\\/\\\/rideon.es\\\/renting-empresas\\\/\",\"logo\":{\"@type\":\"ImageObject\",\"inLanguage\":\"es\",\"@id\":\"https:\\\/\\\/rideon.es\\\/renting-empresas\\\/#\\\/schema\\\/logo\\\/image\\\/\",\"url\":\"https:\\\/\\\/rideon.es\\\/renting-empresas\\\/wp-content\\\/uploads\\\/sites\\\/19\\\/2020\\\/02\\\/rideon_logo-200x78-1.png\",\"contentUrl\":\"https:\\\/\\\/rideon.es\\\/renting-empresas\\\/wp-content\\\/uploads\\\/sites\\\/19\\\/2020\\\/02\\\/rideon_logo-200x78-1.png\",\"width\":200,\"height\":78,\"caption\":\"Alquiler de motos mensual y Renting para Empresas\"},\"image\":{\"@id\":\"https:\\\/\\\/rideon.es\\\/renting-empresas\\\/#\\\/schema\\\/logo\\\/image\\\/\"}},{\"@type\":\"Person\",\"@id\":\"https:\\\/\\\/rideon.es\\\/renting-empresas\\\/#\\\/schema\\\/person\\\/48d6770e55c623d929bd20ce295611a7\",\"name\":\"Ride On\",\"image\":{\"@type\":\"ImageObject\",\"inLanguage\":\"es\",\"@id\":\"https:\\\/\\\/secure.gravatar.com\\\/avatar\\\/785e72183089da6a00243c0f0e2d52db79b9983b602219afb07c868943086138?s=96&d=mm&r=g\",\"url\":\"https:\\\/\\\/secure.gravatar.com\\\/avatar\\\/785e72183089da6a00243c0f0e2d52db79b9983b602219afb07c868943086138?s=96&d=mm&r=g\",\"contentUrl\":\"https:\\\/\\\/secure.gravatar.com\\\/avatar\\\/785e72183089da6a00243c0f0e2d52db79b9983b602219afb07c868943086138?s=96&d=mm&r=g\",\"caption\":\"Ride On\"},\"url\":\"https:\\\/\\\/rideon.es\\\/renting-empresas\\\/author\\\/eduardoyauri\\\/\"}]}<\/script>\n<!-- \/ Yoast SEO Premium plugin. -->","yoast_head_json":{"title":"Bellver","description":"Desde RIdeon alquiler moto Mallorca queremos que disfruten de su estancia en Mallorca y visiten el castillo de Bellver y el fant\u00e1stico ferrocarril de Soller","robots":{"index":"index","follow":"follow","max-snippet":"max-snippet:-1","max-image-preview":"max-image-preview:large","max-video-preview":"max-video-preview:-1"},"canonical":"https:\/\/rideon.es\/renting-empresas\/bellver-y-el-ferrocarril-de-soller\/","og_locale":"es_ES","og_type":"article","og_title":"Bellver y el ferrocarril de Soller","og_description":"Desde RIdeon alquiler moto Mallorca queremos que disfruten de su estancia en Mallorca y visiten el castillo de Bellver y el fant\u00e1stico ferrocarril de Soller","og_url":"https:\/\/rideon.es\/renting-empresas\/bellver-y-el-ferrocarril-de-soller\/","og_site_name":"Alquiler de motos mensual y Renting para Empresas","article_published_time":"2016-11-10T13:27:36+00:00","author":"Ride On","twitter_card":"summary_large_image","twitter_misc":{"Escrito por":"Ride On","Tiempo de lectura":"3 minutos"},"schema":{"@context":"https:\/\/schema.org","@graph":[{"@type":"Article","@id":"https:\/\/rideon.es\/renting-empresas\/bellver-y-el-ferrocarril-de-soller\/#article","isPartOf":{"@id":"https:\/\/rideon.es\/renting-empresas\/bellver-y-el-ferrocarril-de-soller\/"},"author":{"name":"Ride On","@id":"https:\/\/rideon.es\/renting-empresas\/#\/schema\/person\/48d6770e55c623d929bd20ce295611a7"},"headline":"Bellver y el ferrocarril de Soller","datePublished":"2016-11-10T13:27:36+00:00","mainEntityOfPage":{"@id":"https:\/\/rideon.es\/renting-empresas\/bellver-y-el-ferrocarril-de-soller\/"},"wordCount":655,"commentCount":0,"publisher":{"@id":"https:\/\/rideon.es\/renting-empresas\/#organization"},"image":{"@id":"https:\/\/rideon.es\/renting-empresas\/bellver-y-el-ferrocarril-de-soller\/#primaryimage"},"thumbnailUrl":"","articleSection":["Mallorca"],"inLanguage":"es","potentialAction":[{"@type":"CommentAction","name":"Comment","target":["https:\/\/rideon.es\/renting-empresas\/bellver-y-el-ferrocarril-de-soller\/#respond"]}]},{"@type":"WebPage","@id":"https:\/\/rideon.es\/renting-empresas\/bellver-y-el-ferrocarril-de-soller\/","url":"https:\/\/rideon.es\/renting-empresas\/bellver-y-el-ferrocarril-de-soller\/","name":"Bellver","isPartOf":{"@id":"https:\/\/rideon.es\/renting-empresas\/#website"},"primaryImageOfPage":{"@id":"https:\/\/rideon.es\/renting-empresas\/bellver-y-el-ferrocarril-de-soller\/#primaryimage"},"image":{"@id":"https:\/\/rideon.es\/renting-empresas\/bellver-y-el-ferrocarril-de-soller\/#primaryimage"},"thumbnailUrl":"","datePublished":"2016-11-10T13:27:36+00:00","description":"Desde RIdeon alquiler moto Mallorca queremos que disfruten de su estancia en Mallorca y visiten el castillo de Bellver y el fant\u00e1stico ferrocarril de Soller","inLanguage":"es","potentialAction":[{"@type":"ReadAction","target":["https:\/\/rideon.es\/renting-empresas\/bellver-y-el-ferrocarril-de-soller\/"]}]},{"@type":"ImageObject","inLanguage":"es","@id":"https:\/\/rideon.es\/renting-empresas\/bellver-y-el-ferrocarril-de-soller\/#primaryimage","url":"","contentUrl":""},{"@type":"WebSite","@id":"https:\/\/rideon.es\/renting-empresas\/#website","url":"https:\/\/rideon.es\/renting-empresas\/","name":"Alquiler de motos mensual y Renting para Empresas","description":"Las motos m\u00e1s c\u00f3modas y seguras para disfrutar de tus vacaciones sobre ruedas. Alquiler de motos en Menorca, Mallorca, Barcelona y Valencia con Rideon.es","publisher":{"@id":"https:\/\/rideon.es\/renting-empresas\/#organization"},"potentialAction":[{"@type":"SearchAction","target":{"@type":"EntryPoint","urlTemplate":"https:\/\/rideon.es\/renting-empresas\/?s={search_term_string}"},"query-input":{"@type":"PropertyValueSpecification","valueRequired":true,"valueName":"search_term_string"}}],"inLanguage":"es"},{"@type":"Organization","@id":"https:\/\/rideon.es\/renting-empresas\/#organization","name":"Alquiler de motos mensual y Renting para Empresas","url":"https:\/\/rideon.es\/renting-empresas\/","logo":{"@type":"ImageObject","inLanguage":"es","@id":"https:\/\/rideon.es\/renting-empresas\/#\/schema\/logo\/image\/","url":"https:\/\/rideon.es\/renting-empresas\/wp-content\/uploads\/sites\/19\/2020\/02\/rideon_logo-200x78-1.png","contentUrl":"https:\/\/rideon.es\/renting-empresas\/wp-content\/uploads\/sites\/19\/2020\/02\/rideon_logo-200x78-1.png","width":200,"height":78,"caption":"Alquiler de motos mensual y Renting para Empresas"},"image":{"@id":"https:\/\/rideon.es\/renting-empresas\/#\/schema\/logo\/image\/"}},{"@type":"Person","@id":"https:\/\/rideon.es\/renting-empresas\/#\/schema\/person\/48d6770e55c623d929bd20ce295611a7","name":"Ride On","image":{"@type":"ImageObject","inLanguage":"es","@id":"https:\/\/secure.gravatar.com\/avatar\/785e72183089da6a00243c0f0e2d52db79b9983b602219afb07c868943086138?s=96&d=mm&r=g","url":"https:\/\/secure.gravatar.com\/avatar\/785e72183089da6a00243c0f0e2d52db79b9983b602219afb07c868943086138?s=96&d=mm&r=g","contentUrl":"https:\/\/secure.gravatar.com\/avatar\/785e72183089da6a00243c0f0e2d52db79b9983b602219afb07c868943086138?s=96&d=mm&r=g","caption":"Ride On"},"url":"https:\/\/rideon.es\/renting-empresas\/author\/eduardoyauri\/"}]}},"_links":{"self":[{"href":"https:\/\/rideon.es\/renting-empresas\/wp-json\/wp\/v2\/posts\/1261","targetHints":{"allow":["GET"]}}],"collection":[{"href":"https:\/\/rideon.es\/renting-empresas\/wp-json\/wp\/v2\/posts"}],"about":[{"href":"https:\/\/rideon.es\/renting-empresas\/wp-json\/wp\/v2\/types\/post"}],"author":[{"embeddable":true,"href":"https:\/\/rideon.es\/renting-empresas\/wp-json\/wp\/v2\/users\/2"}],"replies":[{"embeddable":true,"href":"https:\/\/rideon.es\/renting-empresas\/wp-json\/wp\/v2\/comments?post=1261"}],"version-history":[{"count":0,"href":"https:\/\/rideon.es\/renting-empresas\/wp-json\/wp\/v2\/posts\/1261\/revisions"}],"wp:featuredmedia":[{"embeddable":true,"href":"https:\/\/rideon.es\/renting-empresas\/wp-json\/"}],"wp:attachment":[{"href":"https:\/\/rideon.es\/renting-empresas\/wp-json\/wp\/v2\/media?parent=1261"}],"wp:term":[{"taxonomy":"category","embeddable":true,"href":"https:\/\/rideon.es\/renting-empresas\/wp-json\/wp\/v2\/categories?post=1261"},{"taxonomy":"post_tag","embeddable":true,"href":"https:\/\/rideon.es\/renting-empresas\/wp-json\/wp\/v2\/tags?post=1261"}],"curies":[{"name":"wp","href":"https:\/\/api.w.org\/{rel}","templated":true}]}}