{"id":1255,"date":"2016-11-10T13:23:00","date_gmt":"2016-11-10T13:23:00","guid":{"rendered":"https:\/\/rideon.es\/?p=1255"},"modified":"2016-11-10T13:23:00","modified_gmt":"2016-11-10T13:23:00","slug":"las-fiestas-de-sant-joan-de-ciutadella-un-momento-unico-para-conocer-menorca","status":"publish","type":"post","link":"https:\/\/rideon.es\/renting-empresas\/las-fiestas-de-sant-joan-de-ciutadella-un-momento-unico-para-conocer-menorca\/","title":{"rendered":"Las Fiestas de Sant Joan de Ciutadella, un momento \u00fanico para conocer Menorca"},"content":{"rendered":"<h2>Las Fiestas de Sant Joan de Ciutadella, un momento \u00fanico para conocer Menorca<\/h2>\n<p>Si est\u00e1s pensando en pasar unas vacaciones en moto en Menorca quiz\u00e1 te interese saber que dentro de muy poco Ciutadella celebra una de las fiestas m\u00e1s espectaculares de Espa\u00f1a, las Fiestas de Sant Joan, que en esta localidad adquieren una intensidad tal que las convierten en una celebraci\u00f3n \u00fanica en el mundo.<\/p>\n<p>Se trata de unas fiestas centenarias cuyo origen se remonta al siglo XIV y aunque en un principio eran una festividad religiosa, el paso del tiempo ha ido transformando en una celebraci\u00f3n repleta de simbolismo en la que caballos y jinetes son protagonistas. Y en la que se vuelven iguales nobles, cl\u00e9rigos, artesanos y agricultures representados por los \u2018caixers\u2019 y subidos sobre los lomos de los elegantes e imponentes caballos menorquines.<\/p>\n","protected":false},"excerpt":{"rendered":"<p>Las Fiestas de Sant Joan de Ciutadella, un momento \u00fanico para conocer Menorca Si est\u00e1s pensando en pasar unas vacaciones en moto en Menorca quiz\u00e1 te interese saber que dentro de muy poco Ciutadella celebra una de las fiestas m\u00e1s espectaculares de Espa\u00f1a, las Fiestas de Sant Joan, que en esta localidad adquieren una intensidad<\/p>\n","protected":false},"author":2,"featured_media":1256,"comment_status":"open","ping_status":"closed","sticky":false,"template":"","format":"standard","meta":{"inline_featured_image":false,"footnotes":""},"categories":[14],"tags":[],"class_list":["post-1255","post","type-post","status-publish","format-standard","has-post-thumbnail","hentry","category-menorca"],"yoast_head":"<!-- This site is optimized with the Yoast SEO Premium plugin v18.7 (Yoast SEO v27.5) - https:\/\/yoast.com\/product\/yoast-seo-premium-wordpress\/ -->\n<title>Las Fiestas de Sant Joan de Ciutadella, un momento \u00fanico para conocer Menorca - Alquiler de motos mensual y Renting para Empresas<\/title>\n<meta name=\"robots\" content=\"index, follow, max-snippet:-1, max-image-preview:large, max-video-preview:-1\" \/>\n<link rel=\"canonical\" href=\"https:\/\/rideon.es\/renting-empresas\/las-fiestas-de-sant-joan-de-ciutadella-un-momento-unico-para-conocer-menorca\/\" \/>\n<meta property=\"og:locale\" content=\"es_ES\" \/>\n<meta property=\"og:type\" content=\"article\" \/>\n<meta property=\"og:title\" content=\"Las Fiestas de Sant Joan de Ciutadella, un momento \u00fanico para conocer Menorca\" \/>\n<meta property=\"og:description\" content=\"Las Fiestas de Sant Joan de Ciutadella, un momento \u00fanico para conocer Menorca Si est\u00e1s pensando en pasar unas vacaciones en moto en Menorca quiz\u00e1 te interese saber que dentro de muy poco Ciutadella celebra una de las fiestas m\u00e1s espectaculares de Espa\u00f1a, las Fiestas de Sant Joan, que en esta localidad adquieren una intensidad\" \/>\n<meta property=\"og:url\" content=\"https:\/\/rideon.es\/renting-empresas\/las-fiestas-de-sant-joan-de-ciutadella-un-momento-unico-para-conocer-menorca\/\" \/>\n<meta property=\"og:site_name\" content=\"Alquiler de motos mensual y Renting para Empresas\" \/>\n<meta property=\"article:published_time\" content=\"2016-11-10T13:23:00+00:00\" \/>\n<meta name=\"author\" content=\"Ride On\" \/>\n<meta name=\"twitter:card\" content=\"summary_large_image\" \/>\n<meta name=\"twitter:label1\" content=\"Escrito por\" \/>\n\t<meta name=\"twitter:data1\" content=\"Ride On\" \/>\n\t<meta name=\"twitter:label2\" content=\"Tiempo de lectura\" \/>\n\t<meta name=\"twitter:data2\" content=\"1 minuto\" \/>\n<script type=\"application\/ld+json\" class=\"yoast-schema-graph\">{\"@context\":\"https:\\\/\\\/schema.org\",\"@graph\":[{\"@type\":\"Article\",\"@id\":\"https:\\\/\\\/rideon.es\\\/renting-empresas\\\/las-fiestas-de-sant-joan-de-ciutadella-un-momento-unico-para-conocer-menorca\\\/#article\",\"isPartOf\":{\"@id\":\"https:\\\/\\\/rideon.es\\\/renting-empresas\\\/las-fiestas-de-sant-joan-de-ciutadella-un-momento-unico-para-conocer-menorca\\\/\"},\"author\":{\"name\":\"Ride On\",\"@id\":\"https:\\\/\\\/rideon.es\\\/renting-empresas\\\/#\\\/schema\\\/person\\\/48d6770e55c623d929bd20ce295611a7\"},\"headline\":\"Las Fiestas de Sant Joan de Ciutadella, un momento \u00fanico para conocer Menorca\",\"datePublished\":\"2016-11-10T13:23:00+00:00\",\"mainEntityOfPage\":{\"@id\":\"https:\\\/\\\/rideon.es\\\/renting-empresas\\\/las-fiestas-de-sant-joan-de-ciutadella-un-momento-unico-para-conocer-menorca\\\/\"},\"wordCount\":156,\"commentCount\":0,\"publisher\":{\"@id\":\"https:\\\/\\\/rideon.es\\\/renting-empresas\\\/#organization\"},\"image\":{\"@id\":\"https:\\\/\\\/rideon.es\\\/renting-empresas\\\/las-fiestas-de-sant-joan-de-ciutadella-un-momento-unico-para-conocer-menorca\\\/#primaryimage\"},\"thumbnailUrl\":\"\",\"articleSection\":[\"Menorca\"],\"inLanguage\":\"es\",\"potentialAction\":[{\"@type\":\"CommentAction\",\"name\":\"Comment\",\"target\":[\"https:\\\/\\\/rideon.es\\\/renting-empresas\\\/las-fiestas-de-sant-joan-de-ciutadella-un-momento-unico-para-conocer-menorca\\\/#respond\"]}]},{\"@type\":\"WebPage\",\"@id\":\"https:\\\/\\\/rideon.es\\\/renting-empresas\\\/las-fiestas-de-sant-joan-de-ciutadella-un-momento-unico-para-conocer-menorca\\\/\",\"url\":\"https:\\\/\\\/rideon.es\\\/renting-empresas\\\/las-fiestas-de-sant-joan-de-ciutadella-un-momento-unico-para-conocer-menorca\\\/\",\"name\":\"Las Fiestas de Sant Joan de Ciutadella, un momento \u00fanico para conocer Menorca - Alquiler de motos mensual y Renting para Empresas\",\"isPartOf\":{\"@id\":\"https:\\\/\\\/rideon.es\\\/renting-empresas\\\/#website\"},\"primaryImageOfPage\":{\"@id\":\"https:\\\/\\\/rideon.es\\\/renting-empresas\\\/las-fiestas-de-sant-joan-de-ciutadella-un-momento-unico-para-conocer-menorca\\\/#primaryimage\"},\"image\":{\"@id\":\"https:\\\/\\\/rideon.es\\\/renting-empresas\\\/las-fiestas-de-sant-joan-de-ciutadella-un-momento-unico-para-conocer-menorca\\\/#primaryimage\"},\"thumbnailUrl\":\"\",\"datePublished\":\"2016-11-10T13:23:00+00:00\",\"inLanguage\":\"es\",\"potentialAction\":[{\"@type\":\"ReadAction\",\"target\":[\"https:\\\/\\\/rideon.es\\\/renting-empresas\\\/las-fiestas-de-sant-joan-de-ciutadella-un-momento-unico-para-conocer-menorca\\\/\"]}]},{\"@type\":\"ImageObject\",\"inLanguage\":\"es\",\"@id\":\"https:\\\/\\\/rideon.es\\\/renting-empresas\\\/las-fiestas-de-sant-joan-de-ciutadella-un-momento-unico-para-conocer-menorca\\\/#primaryimage\",\"url\":\"\",\"contentUrl\":\"\"},{\"@type\":\"WebSite\",\"@id\":\"https:\\\/\\\/rideon.es\\\/renting-empresas\\\/#website\",\"url\":\"https:\\\/\\\/rideon.es\\\/renting-empresas\\\/\",\"name\":\"Alquiler de motos mensual y Renting para Empresas\",\"description\":\"Las motos m\u00e1s c\u00f3modas y seguras para disfrutar de tus vacaciones sobre ruedas. Alquiler de motos en Menorca, Mallorca, Barcelona y Valencia con Rideon.es\",\"publisher\":{\"@id\":\"https:\\\/\\\/rideon.es\\\/renting-empresas\\\/#organization\"},\"potentialAction\":[{\"@type\":\"SearchAction\",\"target\":{\"@type\":\"EntryPoint\",\"urlTemplate\":\"https:\\\/\\\/rideon.es\\\/renting-empresas\\\/?s={search_term_string}\"},\"query-input\":{\"@type\":\"PropertyValueSpecification\",\"valueRequired\":true,\"valueName\":\"search_term_string\"}}],\"inLanguage\":\"es\"},{\"@type\":\"Organization\",\"@id\":\"https:\\\/\\\/rideon.es\\\/renting-empresas\\\/#organization\",\"name\":\"Alquiler de motos mensual y Renting para Empresas\",\"url\":\"https:\\\/\\\/rideon.es\\\/renting-empresas\\\/\",\"logo\":{\"@type\":\"ImageObject\",\"inLanguage\":\"es\",\"@id\":\"https:\\\/\\\/rideon.es\\\/renting-empresas\\\/#\\\/schema\\\/logo\\\/image\\\/\",\"url\":\"https:\\\/\\\/rideon.es\\\/renting-empresas\\\/wp-content\\\/uploads\\\/sites\\\/19\\\/2020\\\/02\\\/rideon_logo-200x78-1.png\",\"contentUrl\":\"https:\\\/\\\/rideon.es\\\/renting-empresas\\\/wp-content\\\/uploads\\\/sites\\\/19\\\/2020\\\/02\\\/rideon_logo-200x78-1.png\",\"width\":200,\"height\":78,\"caption\":\"Alquiler de motos mensual y Renting para Empresas\"},\"image\":{\"@id\":\"https:\\\/\\\/rideon.es\\\/renting-empresas\\\/#\\\/schema\\\/logo\\\/image\\\/\"}},{\"@type\":\"Person\",\"@id\":\"https:\\\/\\\/rideon.es\\\/renting-empresas\\\/#\\\/schema\\\/person\\\/48d6770e55c623d929bd20ce295611a7\",\"name\":\"Ride On\",\"image\":{\"@type\":\"ImageObject\",\"inLanguage\":\"es\",\"@id\":\"https:\\\/\\\/secure.gravatar.com\\\/avatar\\\/785e72183089da6a00243c0f0e2d52db79b9983b602219afb07c868943086138?s=96&d=mm&r=g\",\"url\":\"https:\\\/\\\/secure.gravatar.com\\\/avatar\\\/785e72183089da6a00243c0f0e2d52db79b9983b602219afb07c868943086138?s=96&d=mm&r=g\",\"contentUrl\":\"https:\\\/\\\/secure.gravatar.com\\\/avatar\\\/785e72183089da6a00243c0f0e2d52db79b9983b602219afb07c868943086138?s=96&d=mm&r=g\",\"caption\":\"Ride On\"},\"url\":\"https:\\\/\\\/rideon.es\\\/renting-empresas\\\/author\\\/eduardoyauri\\\/\"}]}<\/script>\n<!-- \/ Yoast SEO Premium plugin. -->","yoast_head_json":{"title":"Las Fiestas de Sant Joan de Ciutadella, un momento \u00fanico para conocer Menorca - Alquiler de motos mensual y Renting para Empresas","robots":{"index":"index","follow":"follow","max-snippet":"max-snippet:-1","max-image-preview":"max-image-preview:large","max-video-preview":"max-video-preview:-1"},"canonical":"https:\/\/rideon.es\/renting-empresas\/las-fiestas-de-sant-joan-de-ciutadella-un-momento-unico-para-conocer-menorca\/","og_locale":"es_ES","og_type":"article","og_title":"Las Fiestas de Sant Joan de Ciutadella, un momento \u00fanico para conocer Menorca","og_description":"Las Fiestas de Sant Joan de Ciutadella, un momento \u00fanico para conocer Menorca Si est\u00e1s pensando en pasar unas vacaciones en moto en Menorca quiz\u00e1 te interese saber que dentro de muy poco Ciutadella celebra una de las fiestas m\u00e1s espectaculares de Espa\u00f1a, las Fiestas de Sant Joan, que en esta localidad adquieren una intensidad","og_url":"https:\/\/rideon.es\/renting-empresas\/las-fiestas-de-sant-joan-de-ciutadella-un-momento-unico-para-conocer-menorca\/","og_site_name":"Alquiler de motos mensual y Renting para Empresas","article_published_time":"2016-11-10T13:23:00+00:00","author":"Ride On","twitter_card":"summary_large_image","twitter_misc":{"Escrito por":"Ride On","Tiempo de lectura":"1 minuto"},"schema":{"@context":"https:\/\/schema.org","@graph":[{"@type":"Article","@id":"https:\/\/rideon.es\/renting-empresas\/las-fiestas-de-sant-joan-de-ciutadella-un-momento-unico-para-conocer-menorca\/#article","isPartOf":{"@id":"https:\/\/rideon.es\/renting-empresas\/las-fiestas-de-sant-joan-de-ciutadella-un-momento-unico-para-conocer-menorca\/"},"author":{"name":"Ride On","@id":"https:\/\/rideon.es\/renting-empresas\/#\/schema\/person\/48d6770e55c623d929bd20ce295611a7"},"headline":"Las Fiestas de Sant Joan de Ciutadella, un momento \u00fanico para conocer Menorca","datePublished":"2016-11-10T13:23:00+00:00","mainEntityOfPage":{"@id":"https:\/\/rideon.es\/renting-empresas\/las-fiestas-de-sant-joan-de-ciutadella-un-momento-unico-para-conocer-menorca\/"},"wordCount":156,"commentCount":0,"publisher":{"@id":"https:\/\/rideon.es\/renting-empresas\/#organization"},"image":{"@id":"https:\/\/rideon.es\/renting-empresas\/las-fiestas-de-sant-joan-de-ciutadella-un-momento-unico-para-conocer-menorca\/#primaryimage"},"thumbnailUrl":"","articleSection":["Menorca"],"inLanguage":"es","potentialAction":[{"@type":"CommentAction","name":"Comment","target":["https:\/\/rideon.es\/renting-empresas\/las-fiestas-de-sant-joan-de-ciutadella-un-momento-unico-para-conocer-menorca\/#respond"]}]},{"@type":"WebPage","@id":"https:\/\/rideon.es\/renting-empresas\/las-fiestas-de-sant-joan-de-ciutadella-un-momento-unico-para-conocer-menorca\/","url":"https:\/\/rideon.es\/renting-empresas\/las-fiestas-de-sant-joan-de-ciutadella-un-momento-unico-para-conocer-menorca\/","name":"Las Fiestas de Sant Joan de Ciutadella, un momento \u00fanico para conocer Menorca - Alquiler de motos mensual y Renting para Empresas","isPartOf":{"@id":"https:\/\/rideon.es\/renting-empresas\/#website"},"primaryImageOfPage":{"@id":"https:\/\/rideon.es\/renting-empresas\/las-fiestas-de-sant-joan-de-ciutadella-un-momento-unico-para-conocer-menorca\/#primaryimage"},"image":{"@id":"https:\/\/rideon.es\/renting-empresas\/las-fiestas-de-sant-joan-de-ciutadella-un-momento-unico-para-conocer-menorca\/#primaryimage"},"thumbnailUrl":"","datePublished":"2016-11-10T13:23:00+00:00","inLanguage":"es","potentialAction":[{"@type":"ReadAction","target":["https:\/\/rideon.es\/renting-empresas\/las-fiestas-de-sant-joan-de-ciutadella-un-momento-unico-para-conocer-menorca\/"]}]},{"@type":"ImageObject","inLanguage":"es","@id":"https:\/\/rideon.es\/renting-empresas\/las-fiestas-de-sant-joan-de-ciutadella-un-momento-unico-para-conocer-menorca\/#primaryimage","url":"","contentUrl":""},{"@type":"WebSite","@id":"https:\/\/rideon.es\/renting-empresas\/#website","url":"https:\/\/rideon.es\/renting-empresas\/","name":"Alquiler de motos mensual y Renting para Empresas","description":"Las motos m\u00e1s c\u00f3modas y seguras para disfrutar de tus vacaciones sobre ruedas. Alquiler de motos en Menorca, Mallorca, Barcelona y Valencia con Rideon.es","publisher":{"@id":"https:\/\/rideon.es\/renting-empresas\/#organization"},"potentialAction":[{"@type":"SearchAction","target":{"@type":"EntryPoint","urlTemplate":"https:\/\/rideon.es\/renting-empresas\/?s={search_term_string}"},"query-input":{"@type":"PropertyValueSpecification","valueRequired":true,"valueName":"search_term_string"}}],"inLanguage":"es"},{"@type":"Organization","@id":"https:\/\/rideon.es\/renting-empresas\/#organization","name":"Alquiler de motos mensual y Renting para Empresas","url":"https:\/\/rideon.es\/renting-empresas\/","logo":{"@type":"ImageObject","inLanguage":"es","@id":"https:\/\/rideon.es\/renting-empresas\/#\/schema\/logo\/image\/","url":"https:\/\/rideon.es\/renting-empresas\/wp-content\/uploads\/sites\/19\/2020\/02\/rideon_logo-200x78-1.png","contentUrl":"https:\/\/rideon.es\/renting-empresas\/wp-content\/uploads\/sites\/19\/2020\/02\/rideon_logo-200x78-1.png","width":200,"height":78,"caption":"Alquiler de motos mensual y Renting para Empresas"},"image":{"@id":"https:\/\/rideon.es\/renting-empresas\/#\/schema\/logo\/image\/"}},{"@type":"Person","@id":"https:\/\/rideon.es\/renting-empresas\/#\/schema\/person\/48d6770e55c623d929bd20ce295611a7","name":"Ride On","image":{"@type":"ImageObject","inLanguage":"es","@id":"https:\/\/secure.gravatar.com\/avatar\/785e72183089da6a00243c0f0e2d52db79b9983b602219afb07c868943086138?s=96&d=mm&r=g","url":"https:\/\/secure.gravatar.com\/avatar\/785e72183089da6a00243c0f0e2d52db79b9983b602219afb07c868943086138?s=96&d=mm&r=g","contentUrl":"https:\/\/secure.gravatar.com\/avatar\/785e72183089da6a00243c0f0e2d52db79b9983b602219afb07c868943086138?s=96&d=mm&r=g","caption":"Ride On"},"url":"https:\/\/rideon.es\/renting-empresas\/author\/eduardoyauri\/"}]}},"_links":{"self":[{"href":"https:\/\/rideon.es\/renting-empresas\/wp-json\/wp\/v2\/posts\/1255","targetHints":{"allow":["GET"]}}],"collection":[{"href":"https:\/\/rideon.es\/renting-empresas\/wp-json\/wp\/v2\/posts"}],"about":[{"href":"https:\/\/rideon.es\/renting-empresas\/wp-json\/wp\/v2\/types\/post"}],"author":[{"embeddable":true,"href":"https:\/\/rideon.es\/renting-empresas\/wp-json\/wp\/v2\/users\/2"}],"replies":[{"embeddable":true,"href":"https:\/\/rideon.es\/renting-empresas\/wp-json\/wp\/v2\/comments?post=1255"}],"version-history":[{"count":0,"href":"https:\/\/rideon.es\/renting-empresas\/wp-json\/wp\/v2\/posts\/1255\/revisions"}],"wp:featuredmedia":[{"embeddable":true,"href":"https:\/\/rideon.es\/renting-empresas\/wp-json\/"}],"wp:attachment":[{"href":"https:\/\/rideon.es\/renting-empresas\/wp-json\/wp\/v2\/media?parent=1255"}],"wp:term":[{"taxonomy":"category","embeddable":true,"href":"https:\/\/rideon.es\/renting-empresas\/wp-json\/wp\/v2\/categories?post=1255"},{"taxonomy":"post_tag","embeddable":true,"href":"https:\/\/rideon.es\/renting-empresas\/wp-json\/wp\/v2\/tags?post=1255"}],"curies":[{"name":"wp","href":"https:\/\/api.w.org\/{rel}","templated":true}]}}