{"id":1249,"date":"2016-11-10T13:20:28","date_gmt":"2016-11-10T13:20:28","guid":{"rendered":"https:\/\/rideon.es\/?p=1249"},"modified":"2016-11-10T13:20:28","modified_gmt":"2016-11-10T13:20:28","slug":"recorrer-menorca-en-moto-y-a-caballo","status":"publish","type":"post","link":"https:\/\/rideon.es\/renting-empresas\/recorrer-menorca-en-moto-y-a-caballo\/","title":{"rendered":"Recorrer Menorca en moto y a caballo"},"content":{"rendered":"<h2>Recorrer Menorca en moto y a caballo<\/h2>\n<p>Para comprender la estrecha relaci\u00f3n entre los menorquines y los caballos tenemos varias opciones. Participar en algunas las fiestas patronales de los pueblos y ciudades de Menorca, en las que el caballo es protagonista, disfrutar de alguno de los espect\u00e1culos ecuestres que se celebran en la Isla, o mejor a\u00fan, participar activamente en alguna de las m\u00faltiples excursiones y rutas a caballo que se realizan por entornos naturales de gran valor paisaj\u00edstico.<br \/>\nLas rutas que realices con tu moto de alquiler en Menorca tendr\u00e1n el complemento perfecto de tus vacaciones con estas excursiones ecuestres en plena naturaleza y por caminos a los que no acceden veh\u00edculos.<br \/>\nLas rutas en torno al Cam\u00ed de Cavalls se pueden realizar en peque\u00f1os itinerarios o bien con un programa de 3 a 5 d\u00edas, con lo que se recorrera por entero este legendario camino que da la vuelta entera a la Isla pegado a la costa.<br \/>\nPero tambi\u00e9n se pueden hacer excursiones a caballo por zonas rurales y playas v\u00edrgenes y, con todo ello, se brinda la posibilidad al visitante de conocer la isla desde una nueva perspectiva, descubriendo buena parte de su riqueza medioambiental y cultural.<br \/>\nA ra\u00edz de la declaraci\u00f3n de Menorca como Reserva de la Biosfera, la Isla pone al abasto del visitante una amplia amalgama de espacios v\u00edrgenes por descubrir cabalgando, una particular red de caminos rurales que se han conservado a pesar del paso de los a\u00f1os y disfrutar del magn\u00edfico paisaje de la isla.<br \/>\nQue el caballo menorqu\u00edn sea de raza aut\u00f3ctona no se puede entender sin tener en cuenta la importancia que tienen las fiestas, cuyo verdadero protagonista es el animal. Tambi\u00e9n tiene una importancia vital la tarea llevada a cabo por la Asociaci\u00f3n de Criadores y Propietarios de Caballos de Raza Menorquina, entidad que trabaja para fomentar y promocionar el caballo de raza menorquina y a cuyo esfuerzo se debe el reconocimiento de esta raza como propia.<br \/>\nJunto con las fiestas tradicionales, la doma menorquina juega un papel fundamental en la cultura<br \/>\ndel caballo en Menorca, por cuanto conforma una modalidad h\u00edpica propia. Este estilo de montar encuentra sus or\u00edgenes en las fiestas tradicionales, de las que toma las figuras diferenciadoras hasta convertirse en un espect\u00e1culo que, a principios de los a\u00f1os 80 fue reconocido como disciplina deportiva.<\/p>\n","protected":false},"excerpt":{"rendered":"<p>Recorrer Menorca en moto y a caballo Para comprender la estrecha relaci\u00f3n entre los menorquines y los caballos tenemos varias opciones. Participar en algunas las fiestas patronales de los pueblos y ciudades de Menorca, en las que el caballo es protagonista, disfrutar de alguno de los espect\u00e1culos ecuestres que se celebran en la Isla, o<\/p>\n","protected":false},"author":2,"featured_media":1250,"comment_status":"open","ping_status":"closed","sticky":false,"template":"","format":"standard","meta":{"inline_featured_image":false,"footnotes":""},"categories":[33],"tags":[],"class_list":["post-1249","post","type-post","status-publish","format-standard","has-post-thumbnail","hentry","category-menorca-en-moto"],"yoast_head":"<!-- This site is optimized with the Yoast SEO Premium plugin v18.7 (Yoast SEO v27.5) - https:\/\/yoast.com\/product\/yoast-seo-premium-wordpress\/ -->\n<title>Recorre Menorca en moto y disfruta adem\u00e1s del turismo ecuestre<\/title>\n<meta name=\"description\" content=\"La Isla de Menorca ofrece un entorno inmejorable para conocer en moto alquiler y adem\u00e1s es un destino perfecto para hacer excusriones increibles a caballo\" \/>\n<meta name=\"robots\" content=\"index, follow, max-snippet:-1, max-image-preview:large, max-video-preview:-1\" \/>\n<link rel=\"canonical\" href=\"https:\/\/rideon.es\/renting-empresas\/recorrer-menorca-en-moto-y-a-caballo\/\" \/>\n<meta property=\"og:locale\" content=\"es_ES\" \/>\n<meta property=\"og:type\" content=\"article\" \/>\n<meta property=\"og:title\" content=\"Recorrer Menorca en moto y a caballo\" \/>\n<meta property=\"og:description\" content=\"La Isla de Menorca ofrece un entorno inmejorable para conocer en moto alquiler y adem\u00e1s es un destino perfecto para hacer excusriones increibles a caballo\" \/>\n<meta property=\"og:url\" content=\"https:\/\/rideon.es\/renting-empresas\/recorrer-menorca-en-moto-y-a-caballo\/\" \/>\n<meta property=\"og:site_name\" content=\"Alquiler de motos mensual y Renting para Empresas\" \/>\n<meta property=\"article:published_time\" content=\"2016-11-10T13:20:28+00:00\" \/>\n<meta name=\"author\" content=\"Ride On\" \/>\n<meta name=\"twitter:card\" content=\"summary_large_image\" \/>\n<meta name=\"twitter:label1\" content=\"Escrito por\" \/>\n\t<meta name=\"twitter:data1\" content=\"Ride On\" \/>\n\t<meta name=\"twitter:label2\" content=\"Tiempo de lectura\" \/>\n\t<meta name=\"twitter:data2\" content=\"2 minutos\" \/>\n<script type=\"application\/ld+json\" class=\"yoast-schema-graph\">{\"@context\":\"https:\\\/\\\/schema.org\",\"@graph\":[{\"@type\":\"Article\",\"@id\":\"https:\\\/\\\/rideon.es\\\/renting-empresas\\\/recorrer-menorca-en-moto-y-a-caballo\\\/#article\",\"isPartOf\":{\"@id\":\"https:\\\/\\\/rideon.es\\\/renting-empresas\\\/recorrer-menorca-en-moto-y-a-caballo\\\/\"},\"author\":{\"name\":\"Ride On\",\"@id\":\"https:\\\/\\\/rideon.es\\\/renting-empresas\\\/#\\\/schema\\\/person\\\/48d6770e55c623d929bd20ce295611a7\"},\"headline\":\"Recorrer Menorca en moto y a caballo\",\"datePublished\":\"2016-11-10T13:20:28+00:00\",\"mainEntityOfPage\":{\"@id\":\"https:\\\/\\\/rideon.es\\\/renting-empresas\\\/recorrer-menorca-en-moto-y-a-caballo\\\/\"},\"wordCount\":417,\"commentCount\":0,\"publisher\":{\"@id\":\"https:\\\/\\\/rideon.es\\\/renting-empresas\\\/#organization\"},\"image\":{\"@id\":\"https:\\\/\\\/rideon.es\\\/renting-empresas\\\/recorrer-menorca-en-moto-y-a-caballo\\\/#primaryimage\"},\"thumbnailUrl\":\"\",\"articleSection\":[\"Menorca en moto\"],\"inLanguage\":\"es\",\"potentialAction\":[{\"@type\":\"CommentAction\",\"name\":\"Comment\",\"target\":[\"https:\\\/\\\/rideon.es\\\/renting-empresas\\\/recorrer-menorca-en-moto-y-a-caballo\\\/#respond\"]}]},{\"@type\":\"WebPage\",\"@id\":\"https:\\\/\\\/rideon.es\\\/renting-empresas\\\/recorrer-menorca-en-moto-y-a-caballo\\\/\",\"url\":\"https:\\\/\\\/rideon.es\\\/renting-empresas\\\/recorrer-menorca-en-moto-y-a-caballo\\\/\",\"name\":\"Recorre Menorca en moto y disfruta adem\u00e1s del turismo ecuestre\",\"isPartOf\":{\"@id\":\"https:\\\/\\\/rideon.es\\\/renting-empresas\\\/#website\"},\"primaryImageOfPage\":{\"@id\":\"https:\\\/\\\/rideon.es\\\/renting-empresas\\\/recorrer-menorca-en-moto-y-a-caballo\\\/#primaryimage\"},\"image\":{\"@id\":\"https:\\\/\\\/rideon.es\\\/renting-empresas\\\/recorrer-menorca-en-moto-y-a-caballo\\\/#primaryimage\"},\"thumbnailUrl\":\"\",\"datePublished\":\"2016-11-10T13:20:28+00:00\",\"description\":\"La Isla de Menorca ofrece un entorno inmejorable para conocer en moto alquiler y adem\u00e1s es un destino perfecto para hacer excusriones increibles a caballo\",\"inLanguage\":\"es\",\"potentialAction\":[{\"@type\":\"ReadAction\",\"target\":[\"https:\\\/\\\/rideon.es\\\/renting-empresas\\\/recorrer-menorca-en-moto-y-a-caballo\\\/\"]}]},{\"@type\":\"ImageObject\",\"inLanguage\":\"es\",\"@id\":\"https:\\\/\\\/rideon.es\\\/renting-empresas\\\/recorrer-menorca-en-moto-y-a-caballo\\\/#primaryimage\",\"url\":\"\",\"contentUrl\":\"\"},{\"@type\":\"WebSite\",\"@id\":\"https:\\\/\\\/rideon.es\\\/renting-empresas\\\/#website\",\"url\":\"https:\\\/\\\/rideon.es\\\/renting-empresas\\\/\",\"name\":\"Alquiler de motos mensual y Renting para Empresas\",\"description\":\"Las motos m\u00e1s c\u00f3modas y seguras para disfrutar de tus vacaciones sobre ruedas. Alquiler de motos en Menorca, Mallorca, Barcelona y Valencia con Rideon.es\",\"publisher\":{\"@id\":\"https:\\\/\\\/rideon.es\\\/renting-empresas\\\/#organization\"},\"potentialAction\":[{\"@type\":\"SearchAction\",\"target\":{\"@type\":\"EntryPoint\",\"urlTemplate\":\"https:\\\/\\\/rideon.es\\\/renting-empresas\\\/?s={search_term_string}\"},\"query-input\":{\"@type\":\"PropertyValueSpecification\",\"valueRequired\":true,\"valueName\":\"search_term_string\"}}],\"inLanguage\":\"es\"},{\"@type\":\"Organization\",\"@id\":\"https:\\\/\\\/rideon.es\\\/renting-empresas\\\/#organization\",\"name\":\"Alquiler de motos mensual y Renting para Empresas\",\"url\":\"https:\\\/\\\/rideon.es\\\/renting-empresas\\\/\",\"logo\":{\"@type\":\"ImageObject\",\"inLanguage\":\"es\",\"@id\":\"https:\\\/\\\/rideon.es\\\/renting-empresas\\\/#\\\/schema\\\/logo\\\/image\\\/\",\"url\":\"https:\\\/\\\/rideon.es\\\/renting-empresas\\\/wp-content\\\/uploads\\\/sites\\\/19\\\/2020\\\/02\\\/rideon_logo-200x78-1.png\",\"contentUrl\":\"https:\\\/\\\/rideon.es\\\/renting-empresas\\\/wp-content\\\/uploads\\\/sites\\\/19\\\/2020\\\/02\\\/rideon_logo-200x78-1.png\",\"width\":200,\"height\":78,\"caption\":\"Alquiler de motos mensual y Renting para Empresas\"},\"image\":{\"@id\":\"https:\\\/\\\/rideon.es\\\/renting-empresas\\\/#\\\/schema\\\/logo\\\/image\\\/\"}},{\"@type\":\"Person\",\"@id\":\"https:\\\/\\\/rideon.es\\\/renting-empresas\\\/#\\\/schema\\\/person\\\/48d6770e55c623d929bd20ce295611a7\",\"name\":\"Ride On\",\"image\":{\"@type\":\"ImageObject\",\"inLanguage\":\"es\",\"@id\":\"https:\\\/\\\/secure.gravatar.com\\\/avatar\\\/785e72183089da6a00243c0f0e2d52db79b9983b602219afb07c868943086138?s=96&d=mm&r=g\",\"url\":\"https:\\\/\\\/secure.gravatar.com\\\/avatar\\\/785e72183089da6a00243c0f0e2d52db79b9983b602219afb07c868943086138?s=96&d=mm&r=g\",\"contentUrl\":\"https:\\\/\\\/secure.gravatar.com\\\/avatar\\\/785e72183089da6a00243c0f0e2d52db79b9983b602219afb07c868943086138?s=96&d=mm&r=g\",\"caption\":\"Ride On\"},\"url\":\"https:\\\/\\\/rideon.es\\\/renting-empresas\\\/author\\\/eduardoyauri\\\/\"}]}<\/script>\n<!-- \/ Yoast SEO Premium plugin. -->","yoast_head_json":{"title":"Recorre Menorca en moto y disfruta adem\u00e1s del turismo ecuestre","description":"La Isla de Menorca ofrece un entorno inmejorable para conocer en moto alquiler y adem\u00e1s es un destino perfecto para hacer excusriones increibles a caballo","robots":{"index":"index","follow":"follow","max-snippet":"max-snippet:-1","max-image-preview":"max-image-preview:large","max-video-preview":"max-video-preview:-1"},"canonical":"https:\/\/rideon.es\/renting-empresas\/recorrer-menorca-en-moto-y-a-caballo\/","og_locale":"es_ES","og_type":"article","og_title":"Recorrer Menorca en moto y a caballo","og_description":"La Isla de Menorca ofrece un entorno inmejorable para conocer en moto alquiler y adem\u00e1s es un destino perfecto para hacer excusriones increibles a caballo","og_url":"https:\/\/rideon.es\/renting-empresas\/recorrer-menorca-en-moto-y-a-caballo\/","og_site_name":"Alquiler de motos mensual y Renting para Empresas","article_published_time":"2016-11-10T13:20:28+00:00","author":"Ride On","twitter_card":"summary_large_image","twitter_misc":{"Escrito por":"Ride On","Tiempo de lectura":"2 minutos"},"schema":{"@context":"https:\/\/schema.org","@graph":[{"@type":"Article","@id":"https:\/\/rideon.es\/renting-empresas\/recorrer-menorca-en-moto-y-a-caballo\/#article","isPartOf":{"@id":"https:\/\/rideon.es\/renting-empresas\/recorrer-menorca-en-moto-y-a-caballo\/"},"author":{"name":"Ride On","@id":"https:\/\/rideon.es\/renting-empresas\/#\/schema\/person\/48d6770e55c623d929bd20ce295611a7"},"headline":"Recorrer Menorca en moto y a caballo","datePublished":"2016-11-10T13:20:28+00:00","mainEntityOfPage":{"@id":"https:\/\/rideon.es\/renting-empresas\/recorrer-menorca-en-moto-y-a-caballo\/"},"wordCount":417,"commentCount":0,"publisher":{"@id":"https:\/\/rideon.es\/renting-empresas\/#organization"},"image":{"@id":"https:\/\/rideon.es\/renting-empresas\/recorrer-menorca-en-moto-y-a-caballo\/#primaryimage"},"thumbnailUrl":"","articleSection":["Menorca en moto"],"inLanguage":"es","potentialAction":[{"@type":"CommentAction","name":"Comment","target":["https:\/\/rideon.es\/renting-empresas\/recorrer-menorca-en-moto-y-a-caballo\/#respond"]}]},{"@type":"WebPage","@id":"https:\/\/rideon.es\/renting-empresas\/recorrer-menorca-en-moto-y-a-caballo\/","url":"https:\/\/rideon.es\/renting-empresas\/recorrer-menorca-en-moto-y-a-caballo\/","name":"Recorre Menorca en moto y disfruta adem\u00e1s del turismo ecuestre","isPartOf":{"@id":"https:\/\/rideon.es\/renting-empresas\/#website"},"primaryImageOfPage":{"@id":"https:\/\/rideon.es\/renting-empresas\/recorrer-menorca-en-moto-y-a-caballo\/#primaryimage"},"image":{"@id":"https:\/\/rideon.es\/renting-empresas\/recorrer-menorca-en-moto-y-a-caballo\/#primaryimage"},"thumbnailUrl":"","datePublished":"2016-11-10T13:20:28+00:00","description":"La Isla de Menorca ofrece un entorno inmejorable para conocer en moto alquiler y adem\u00e1s es un destino perfecto para hacer excusriones increibles a caballo","inLanguage":"es","potentialAction":[{"@type":"ReadAction","target":["https:\/\/rideon.es\/renting-empresas\/recorrer-menorca-en-moto-y-a-caballo\/"]}]},{"@type":"ImageObject","inLanguage":"es","@id":"https:\/\/rideon.es\/renting-empresas\/recorrer-menorca-en-moto-y-a-caballo\/#primaryimage","url":"","contentUrl":""},{"@type":"WebSite","@id":"https:\/\/rideon.es\/renting-empresas\/#website","url":"https:\/\/rideon.es\/renting-empresas\/","name":"Alquiler de motos mensual y Renting para Empresas","description":"Las motos m\u00e1s c\u00f3modas y seguras para disfrutar de tus vacaciones sobre ruedas. Alquiler de motos en Menorca, Mallorca, Barcelona y Valencia con Rideon.es","publisher":{"@id":"https:\/\/rideon.es\/renting-empresas\/#organization"},"potentialAction":[{"@type":"SearchAction","target":{"@type":"EntryPoint","urlTemplate":"https:\/\/rideon.es\/renting-empresas\/?s={search_term_string}"},"query-input":{"@type":"PropertyValueSpecification","valueRequired":true,"valueName":"search_term_string"}}],"inLanguage":"es"},{"@type":"Organization","@id":"https:\/\/rideon.es\/renting-empresas\/#organization","name":"Alquiler de motos mensual y Renting para Empresas","url":"https:\/\/rideon.es\/renting-empresas\/","logo":{"@type":"ImageObject","inLanguage":"es","@id":"https:\/\/rideon.es\/renting-empresas\/#\/schema\/logo\/image\/","url":"https:\/\/rideon.es\/renting-empresas\/wp-content\/uploads\/sites\/19\/2020\/02\/rideon_logo-200x78-1.png","contentUrl":"https:\/\/rideon.es\/renting-empresas\/wp-content\/uploads\/sites\/19\/2020\/02\/rideon_logo-200x78-1.png","width":200,"height":78,"caption":"Alquiler de motos mensual y Renting para Empresas"},"image":{"@id":"https:\/\/rideon.es\/renting-empresas\/#\/schema\/logo\/image\/"}},{"@type":"Person","@id":"https:\/\/rideon.es\/renting-empresas\/#\/schema\/person\/48d6770e55c623d929bd20ce295611a7","name":"Ride On","image":{"@type":"ImageObject","inLanguage":"es","@id":"https:\/\/secure.gravatar.com\/avatar\/785e72183089da6a00243c0f0e2d52db79b9983b602219afb07c868943086138?s=96&d=mm&r=g","url":"https:\/\/secure.gravatar.com\/avatar\/785e72183089da6a00243c0f0e2d52db79b9983b602219afb07c868943086138?s=96&d=mm&r=g","contentUrl":"https:\/\/secure.gravatar.com\/avatar\/785e72183089da6a00243c0f0e2d52db79b9983b602219afb07c868943086138?s=96&d=mm&r=g","caption":"Ride On"},"url":"https:\/\/rideon.es\/renting-empresas\/author\/eduardoyauri\/"}]}},"_links":{"self":[{"href":"https:\/\/rideon.es\/renting-empresas\/wp-json\/wp\/v2\/posts\/1249","targetHints":{"allow":["GET"]}}],"collection":[{"href":"https:\/\/rideon.es\/renting-empresas\/wp-json\/wp\/v2\/posts"}],"about":[{"href":"https:\/\/rideon.es\/renting-empresas\/wp-json\/wp\/v2\/types\/post"}],"author":[{"embeddable":true,"href":"https:\/\/rideon.es\/renting-empresas\/wp-json\/wp\/v2\/users\/2"}],"replies":[{"embeddable":true,"href":"https:\/\/rideon.es\/renting-empresas\/wp-json\/wp\/v2\/comments?post=1249"}],"version-history":[{"count":0,"href":"https:\/\/rideon.es\/renting-empresas\/wp-json\/wp\/v2\/posts\/1249\/revisions"}],"wp:featuredmedia":[{"embeddable":true,"href":"https:\/\/rideon.es\/renting-empresas\/wp-json\/"}],"wp:attachment":[{"href":"https:\/\/rideon.es\/renting-empresas\/wp-json\/wp\/v2\/media?parent=1249"}],"wp:term":[{"taxonomy":"category","embeddable":true,"href":"https:\/\/rideon.es\/renting-empresas\/wp-json\/wp\/v2\/categories?post=1249"},{"taxonomy":"post_tag","embeddable":true,"href":"https:\/\/rideon.es\/renting-empresas\/wp-json\/wp\/v2\/tags?post=1249"}],"curies":[{"name":"wp","href":"https:\/\/api.w.org\/{rel}","templated":true}]}}