{"id":1220,"date":"2016-11-10T13:05:12","date_gmt":"2016-11-10T13:05:12","guid":{"rendered":"https:\/\/rideon.es\/?p=1220"},"modified":"2016-11-10T13:05:12","modified_gmt":"2016-11-10T13:05:12","slug":"tres-rutas-por-el-corazon-del-parque-natural-de-salbufera-des-grau","status":"publish","type":"post","link":"https:\/\/rideon.es\/renting-empresas\/tres-rutas-por-el-corazon-del-parque-natural-de-salbufera-des-grau\/","title":{"rendered":"Tres rutas por el coraz\u00f3n del Parque Natural de S\u2019Albufera des Grau"},"content":{"rendered":"<h2>Tres rutas por el coraz\u00f3n del Parque Natural de S&#8217;Albufera des Grau<\/h2>\n<p>El <b>Parque Natural de s&#8217;Albufera des Grau<\/b>, en el noreste de la Isla, cuenta con m\u00e1s de 5.000 hect\u00e1reas, terrestres y marinas. Es una buena actividad para los amantes del senderismo y de la naturaleza que est\u00e9n disfrutando de unas <a href=\"http:\/\/menorcaenmoto.com\/\">vacaciones en moto en Menorca<\/a>.\u00a0 Ya que permite descubrir buena parte de su <b>riqueza medioambiental<\/b> mediante las rutas dentro del parque y permite tambi\u00e9n adentrarse <b>en moto<\/b> hasta uno de sus extremos, el <b>Cap de F\u00e0varitx<\/b>, o conocer sus pueblos colindantes como <b>Es Grau<\/b> o el <b>Port d&#8217;Addaia<\/b>.<br \/>\nDentro del parque, que cuenta con un centro de recepci\u00f3n para informar y orientar la visita, se pueden realizar tres <b>itinerarios a pie<\/b>.<\/p>\n<li><b>Sa Gola<\/b> \u2013 De dificultad baja y con una distancia de 1.70 km (45 minutos). Este itinerario recorre el canal de Sa Gola y la zona dunar de la playa de Es Grau. Resulta muy agradable realizarlo en verano, debido a la sombra del pinar y su proximidad al mar. Esta ruta se inicia en Es Grau. El camino es llano y ofrece una buena oportunidad para disfrutar del paisaje marino del parque, del mirador de la punta de Sa Gola, de los corrales de pesca y el sistema dunar.<\/li>\n<li><b>Santa Madrona<\/b> \u2013 De dificultad baja y con un recorrido total de 2,8 km (1 hora aproximada). Esta es la mejor ruta para observar aves acu\u00e1ticas ya que bordea la costa suroeste de s&#8217;Albufera des Grau y pasa pr\u00f3ximo a la laguna. Cuenta con diversos miradores y observatorios y por ello es recomendable hacerlo con calma e ir parando en todos sus lugares de inter\u00e9s. La ruta comienza en el centro de recepci\u00f3n y pasa por la Punta de ses \u00c0nedes, la zona h\u00fameda de la cala de Santa Madrona y Es Prat. Se observan los islotes del interior de la laguna y la actividad agraria en el Parque<\/li>\n<li><b>Mirador de cala Llimpa<\/b> &#8211;\u00a0 de dificultad y con una distancia de 1.70 km (45 minutos). En el Centro de recepci\u00f3n de visitantes se proporciona toda la informaci\u00f3n necesaria para hacer este itinerario, el que ofrece mayor valor paisaj\u00edstico y el menos conocido de los tres que bordean S&#8217;Albufera des Grau. Recorre la parte sureste de la laguna. Se recomienda seguirlo con calma, parando en los puntos de inter\u00e9s y fij\u00e1ndose en la diversidad vegetal, entre la que se encuentea orqu\u00eddeas.<\/li>\n<\/ul>\n","protected":false},"excerpt":{"rendered":"<p>Tres rutas por el coraz\u00f3n del Parque Natural de S&#8217;Albufera des Grau El Parque Natural de s&#8217;Albufera des Grau, en el noreste de la Isla, cuenta con m\u00e1s de 5.000 hect\u00e1reas, terrestres y marinas. Es una buena actividad para los amantes del senderismo y de la naturaleza que est\u00e9n disfrutando de unas vacaciones en moto<\/p>\n","protected":false},"author":2,"featured_media":1221,"comment_status":"open","ping_status":"closed","sticky":false,"template":"","format":"standard","meta":{"inline_featured_image":false,"footnotes":""},"categories":[29],"tags":[],"class_list":["post-1220","post","type-post","status-publish","format-standard","has-post-thumbnail","hentry","category-parque-natural-de-salbufera-des-grau"],"yoast_head":"<!-- This site is optimized with the Yoast SEO Premium plugin v18.7 (Yoast SEO v27.5) - https:\/\/yoast.com\/product\/yoast-seo-premium-wordpress\/ -->\n<title>Rutas en moto y a pie en a s&#039;Albufera des Grau de Menorca<\/title>\n<meta name=\"description\" content=\"El Parque Natural de s&#039;Albufera des Grau es una buena actividad para los amantes de la naturaleza que est\u00e9n disfrutando de unas vacaciones en moto en Menorca.\" \/>\n<meta name=\"robots\" content=\"index, follow, max-snippet:-1, max-image-preview:large, max-video-preview:-1\" \/>\n<link rel=\"canonical\" href=\"https:\/\/rideon.es\/renting-empresas\/tres-rutas-por-el-corazon-del-parque-natural-de-salbufera-des-grau\/\" \/>\n<meta property=\"og:locale\" content=\"es_ES\" \/>\n<meta property=\"og:type\" content=\"article\" \/>\n<meta property=\"og:title\" content=\"Tres rutas por el coraz\u00f3n del Parque Natural de S\u2019Albufera des Grau\" \/>\n<meta property=\"og:description\" content=\"El Parque Natural de s&#039;Albufera des Grau es una buena actividad para los amantes de la naturaleza que est\u00e9n disfrutando de unas vacaciones en moto en Menorca.\" \/>\n<meta property=\"og:url\" content=\"https:\/\/rideon.es\/renting-empresas\/tres-rutas-por-el-corazon-del-parque-natural-de-salbufera-des-grau\/\" \/>\n<meta property=\"og:site_name\" content=\"Alquiler de motos mensual y Renting para Empresas\" \/>\n<meta property=\"article:published_time\" content=\"2016-11-10T13:05:12+00:00\" \/>\n<meta name=\"author\" content=\"Ride On\" \/>\n<meta name=\"twitter:card\" content=\"summary_large_image\" \/>\n<meta name=\"twitter:label1\" content=\"Escrito por\" \/>\n\t<meta name=\"twitter:data1\" content=\"Ride On\" \/>\n\t<meta name=\"twitter:label2\" content=\"Tiempo de lectura\" \/>\n\t<meta name=\"twitter:data2\" content=\"2 minutos\" \/>\n<script type=\"application\/ld+json\" class=\"yoast-schema-graph\">{\"@context\":\"https:\\\/\\\/schema.org\",\"@graph\":[{\"@type\":\"Article\",\"@id\":\"https:\\\/\\\/rideon.es\\\/renting-empresas\\\/tres-rutas-por-el-corazon-del-parque-natural-de-salbufera-des-grau\\\/#article\",\"isPartOf\":{\"@id\":\"https:\\\/\\\/rideon.es\\\/renting-empresas\\\/tres-rutas-por-el-corazon-del-parque-natural-de-salbufera-des-grau\\\/\"},\"author\":{\"name\":\"Ride On\",\"@id\":\"https:\\\/\\\/rideon.es\\\/renting-empresas\\\/#\\\/schema\\\/person\\\/48d6770e55c623d929bd20ce295611a7\"},\"headline\":\"Tres rutas por el coraz\u00f3n del Parque Natural de S\u2019Albufera des Grau\",\"datePublished\":\"2016-11-10T13:05:12+00:00\",\"mainEntityOfPage\":{\"@id\":\"https:\\\/\\\/rideon.es\\\/renting-empresas\\\/tres-rutas-por-el-corazon-del-parque-natural-de-salbufera-des-grau\\\/\"},\"wordCount\":431,\"commentCount\":0,\"publisher\":{\"@id\":\"https:\\\/\\\/rideon.es\\\/renting-empresas\\\/#organization\"},\"image\":{\"@id\":\"https:\\\/\\\/rideon.es\\\/renting-empresas\\\/tres-rutas-por-el-corazon-del-parque-natural-de-salbufera-des-grau\\\/#primaryimage\"},\"thumbnailUrl\":\"\",\"articleSection\":[\"Parque Natural de S'Albufera des Grau\"],\"inLanguage\":\"es\",\"potentialAction\":[{\"@type\":\"CommentAction\",\"name\":\"Comment\",\"target\":[\"https:\\\/\\\/rideon.es\\\/renting-empresas\\\/tres-rutas-por-el-corazon-del-parque-natural-de-salbufera-des-grau\\\/#respond\"]}]},{\"@type\":\"WebPage\",\"@id\":\"https:\\\/\\\/rideon.es\\\/renting-empresas\\\/tres-rutas-por-el-corazon-del-parque-natural-de-salbufera-des-grau\\\/\",\"url\":\"https:\\\/\\\/rideon.es\\\/renting-empresas\\\/tres-rutas-por-el-corazon-del-parque-natural-de-salbufera-des-grau\\\/\",\"name\":\"Rutas en moto y a pie en a s'Albufera des Grau de Menorca\",\"isPartOf\":{\"@id\":\"https:\\\/\\\/rideon.es\\\/renting-empresas\\\/#website\"},\"primaryImageOfPage\":{\"@id\":\"https:\\\/\\\/rideon.es\\\/renting-empresas\\\/tres-rutas-por-el-corazon-del-parque-natural-de-salbufera-des-grau\\\/#primaryimage\"},\"image\":{\"@id\":\"https:\\\/\\\/rideon.es\\\/renting-empresas\\\/tres-rutas-por-el-corazon-del-parque-natural-de-salbufera-des-grau\\\/#primaryimage\"},\"thumbnailUrl\":\"\",\"datePublished\":\"2016-11-10T13:05:12+00:00\",\"description\":\"El Parque Natural de s'Albufera des Grau es una buena actividad para los amantes de la naturaleza que est\u00e9n disfrutando de unas vacaciones en moto en Menorca.\",\"inLanguage\":\"es\",\"potentialAction\":[{\"@type\":\"ReadAction\",\"target\":[\"https:\\\/\\\/rideon.es\\\/renting-empresas\\\/tres-rutas-por-el-corazon-del-parque-natural-de-salbufera-des-grau\\\/\"]}]},{\"@type\":\"ImageObject\",\"inLanguage\":\"es\",\"@id\":\"https:\\\/\\\/rideon.es\\\/renting-empresas\\\/tres-rutas-por-el-corazon-del-parque-natural-de-salbufera-des-grau\\\/#primaryimage\",\"url\":\"\",\"contentUrl\":\"\"},{\"@type\":\"WebSite\",\"@id\":\"https:\\\/\\\/rideon.es\\\/renting-empresas\\\/#website\",\"url\":\"https:\\\/\\\/rideon.es\\\/renting-empresas\\\/\",\"name\":\"Alquiler de motos mensual y Renting para Empresas\",\"description\":\"Las motos m\u00e1s c\u00f3modas y seguras para disfrutar de tus vacaciones sobre ruedas. Alquiler de motos en Menorca, Mallorca, Barcelona y Valencia con Rideon.es\",\"publisher\":{\"@id\":\"https:\\\/\\\/rideon.es\\\/renting-empresas\\\/#organization\"},\"potentialAction\":[{\"@type\":\"SearchAction\",\"target\":{\"@type\":\"EntryPoint\",\"urlTemplate\":\"https:\\\/\\\/rideon.es\\\/renting-empresas\\\/?s={search_term_string}\"},\"query-input\":{\"@type\":\"PropertyValueSpecification\",\"valueRequired\":true,\"valueName\":\"search_term_string\"}}],\"inLanguage\":\"es\"},{\"@type\":\"Organization\",\"@id\":\"https:\\\/\\\/rideon.es\\\/renting-empresas\\\/#organization\",\"name\":\"Alquiler de motos mensual y Renting para Empresas\",\"url\":\"https:\\\/\\\/rideon.es\\\/renting-empresas\\\/\",\"logo\":{\"@type\":\"ImageObject\",\"inLanguage\":\"es\",\"@id\":\"https:\\\/\\\/rideon.es\\\/renting-empresas\\\/#\\\/schema\\\/logo\\\/image\\\/\",\"url\":\"https:\\\/\\\/rideon.es\\\/renting-empresas\\\/wp-content\\\/uploads\\\/sites\\\/19\\\/2020\\\/02\\\/rideon_logo-200x78-1.png\",\"contentUrl\":\"https:\\\/\\\/rideon.es\\\/renting-empresas\\\/wp-content\\\/uploads\\\/sites\\\/19\\\/2020\\\/02\\\/rideon_logo-200x78-1.png\",\"width\":200,\"height\":78,\"caption\":\"Alquiler de motos mensual y Renting para Empresas\"},\"image\":{\"@id\":\"https:\\\/\\\/rideon.es\\\/renting-empresas\\\/#\\\/schema\\\/logo\\\/image\\\/\"}},{\"@type\":\"Person\",\"@id\":\"https:\\\/\\\/rideon.es\\\/renting-empresas\\\/#\\\/schema\\\/person\\\/48d6770e55c623d929bd20ce295611a7\",\"name\":\"Ride On\",\"image\":{\"@type\":\"ImageObject\",\"inLanguage\":\"es\",\"@id\":\"https:\\\/\\\/secure.gravatar.com\\\/avatar\\\/785e72183089da6a00243c0f0e2d52db79b9983b602219afb07c868943086138?s=96&d=mm&r=g\",\"url\":\"https:\\\/\\\/secure.gravatar.com\\\/avatar\\\/785e72183089da6a00243c0f0e2d52db79b9983b602219afb07c868943086138?s=96&d=mm&r=g\",\"contentUrl\":\"https:\\\/\\\/secure.gravatar.com\\\/avatar\\\/785e72183089da6a00243c0f0e2d52db79b9983b602219afb07c868943086138?s=96&d=mm&r=g\",\"caption\":\"Ride On\"},\"url\":\"https:\\\/\\\/rideon.es\\\/renting-empresas\\\/author\\\/eduardoyauri\\\/\"}]}<\/script>\n<!-- \/ Yoast SEO Premium plugin. -->","yoast_head_json":{"title":"Rutas en moto y a pie en a s'Albufera des Grau de Menorca","description":"El Parque Natural de s'Albufera des Grau es una buena actividad para los amantes de la naturaleza que est\u00e9n disfrutando de unas vacaciones en moto en Menorca.","robots":{"index":"index","follow":"follow","max-snippet":"max-snippet:-1","max-image-preview":"max-image-preview:large","max-video-preview":"max-video-preview:-1"},"canonical":"https:\/\/rideon.es\/renting-empresas\/tres-rutas-por-el-corazon-del-parque-natural-de-salbufera-des-grau\/","og_locale":"es_ES","og_type":"article","og_title":"Tres rutas por el coraz\u00f3n del Parque Natural de S\u2019Albufera des Grau","og_description":"El Parque Natural de s'Albufera des Grau es una buena actividad para los amantes de la naturaleza que est\u00e9n disfrutando de unas vacaciones en moto en Menorca.","og_url":"https:\/\/rideon.es\/renting-empresas\/tres-rutas-por-el-corazon-del-parque-natural-de-salbufera-des-grau\/","og_site_name":"Alquiler de motos mensual y Renting para Empresas","article_published_time":"2016-11-10T13:05:12+00:00","author":"Ride On","twitter_card":"summary_large_image","twitter_misc":{"Escrito por":"Ride On","Tiempo de lectura":"2 minutos"},"schema":{"@context":"https:\/\/schema.org","@graph":[{"@type":"Article","@id":"https:\/\/rideon.es\/renting-empresas\/tres-rutas-por-el-corazon-del-parque-natural-de-salbufera-des-grau\/#article","isPartOf":{"@id":"https:\/\/rideon.es\/renting-empresas\/tres-rutas-por-el-corazon-del-parque-natural-de-salbufera-des-grau\/"},"author":{"name":"Ride On","@id":"https:\/\/rideon.es\/renting-empresas\/#\/schema\/person\/48d6770e55c623d929bd20ce295611a7"},"headline":"Tres rutas por el coraz\u00f3n del Parque Natural de S\u2019Albufera des Grau","datePublished":"2016-11-10T13:05:12+00:00","mainEntityOfPage":{"@id":"https:\/\/rideon.es\/renting-empresas\/tres-rutas-por-el-corazon-del-parque-natural-de-salbufera-des-grau\/"},"wordCount":431,"commentCount":0,"publisher":{"@id":"https:\/\/rideon.es\/renting-empresas\/#organization"},"image":{"@id":"https:\/\/rideon.es\/renting-empresas\/tres-rutas-por-el-corazon-del-parque-natural-de-salbufera-des-grau\/#primaryimage"},"thumbnailUrl":"","articleSection":["Parque Natural de S'Albufera des Grau"],"inLanguage":"es","potentialAction":[{"@type":"CommentAction","name":"Comment","target":["https:\/\/rideon.es\/renting-empresas\/tres-rutas-por-el-corazon-del-parque-natural-de-salbufera-des-grau\/#respond"]}]},{"@type":"WebPage","@id":"https:\/\/rideon.es\/renting-empresas\/tres-rutas-por-el-corazon-del-parque-natural-de-salbufera-des-grau\/","url":"https:\/\/rideon.es\/renting-empresas\/tres-rutas-por-el-corazon-del-parque-natural-de-salbufera-des-grau\/","name":"Rutas en moto y a pie en a s'Albufera des Grau de Menorca","isPartOf":{"@id":"https:\/\/rideon.es\/renting-empresas\/#website"},"primaryImageOfPage":{"@id":"https:\/\/rideon.es\/renting-empresas\/tres-rutas-por-el-corazon-del-parque-natural-de-salbufera-des-grau\/#primaryimage"},"image":{"@id":"https:\/\/rideon.es\/renting-empresas\/tres-rutas-por-el-corazon-del-parque-natural-de-salbufera-des-grau\/#primaryimage"},"thumbnailUrl":"","datePublished":"2016-11-10T13:05:12+00:00","description":"El Parque Natural de s'Albufera des Grau es una buena actividad para los amantes de la naturaleza que est\u00e9n disfrutando de unas vacaciones en moto en Menorca.","inLanguage":"es","potentialAction":[{"@type":"ReadAction","target":["https:\/\/rideon.es\/renting-empresas\/tres-rutas-por-el-corazon-del-parque-natural-de-salbufera-des-grau\/"]}]},{"@type":"ImageObject","inLanguage":"es","@id":"https:\/\/rideon.es\/renting-empresas\/tres-rutas-por-el-corazon-del-parque-natural-de-salbufera-des-grau\/#primaryimage","url":"","contentUrl":""},{"@type":"WebSite","@id":"https:\/\/rideon.es\/renting-empresas\/#website","url":"https:\/\/rideon.es\/renting-empresas\/","name":"Alquiler de motos mensual y Renting para Empresas","description":"Las motos m\u00e1s c\u00f3modas y seguras para disfrutar de tus vacaciones sobre ruedas. Alquiler de motos en Menorca, Mallorca, Barcelona y Valencia con Rideon.es","publisher":{"@id":"https:\/\/rideon.es\/renting-empresas\/#organization"},"potentialAction":[{"@type":"SearchAction","target":{"@type":"EntryPoint","urlTemplate":"https:\/\/rideon.es\/renting-empresas\/?s={search_term_string}"},"query-input":{"@type":"PropertyValueSpecification","valueRequired":true,"valueName":"search_term_string"}}],"inLanguage":"es"},{"@type":"Organization","@id":"https:\/\/rideon.es\/renting-empresas\/#organization","name":"Alquiler de motos mensual y Renting para Empresas","url":"https:\/\/rideon.es\/renting-empresas\/","logo":{"@type":"ImageObject","inLanguage":"es","@id":"https:\/\/rideon.es\/renting-empresas\/#\/schema\/logo\/image\/","url":"https:\/\/rideon.es\/renting-empresas\/wp-content\/uploads\/sites\/19\/2020\/02\/rideon_logo-200x78-1.png","contentUrl":"https:\/\/rideon.es\/renting-empresas\/wp-content\/uploads\/sites\/19\/2020\/02\/rideon_logo-200x78-1.png","width":200,"height":78,"caption":"Alquiler de motos mensual y Renting para Empresas"},"image":{"@id":"https:\/\/rideon.es\/renting-empresas\/#\/schema\/logo\/image\/"}},{"@type":"Person","@id":"https:\/\/rideon.es\/renting-empresas\/#\/schema\/person\/48d6770e55c623d929bd20ce295611a7","name":"Ride On","image":{"@type":"ImageObject","inLanguage":"es","@id":"https:\/\/secure.gravatar.com\/avatar\/785e72183089da6a00243c0f0e2d52db79b9983b602219afb07c868943086138?s=96&d=mm&r=g","url":"https:\/\/secure.gravatar.com\/avatar\/785e72183089da6a00243c0f0e2d52db79b9983b602219afb07c868943086138?s=96&d=mm&r=g","contentUrl":"https:\/\/secure.gravatar.com\/avatar\/785e72183089da6a00243c0f0e2d52db79b9983b602219afb07c868943086138?s=96&d=mm&r=g","caption":"Ride On"},"url":"https:\/\/rideon.es\/renting-empresas\/author\/eduardoyauri\/"}]}},"_links":{"self":[{"href":"https:\/\/rideon.es\/renting-empresas\/wp-json\/wp\/v2\/posts\/1220","targetHints":{"allow":["GET"]}}],"collection":[{"href":"https:\/\/rideon.es\/renting-empresas\/wp-json\/wp\/v2\/posts"}],"about":[{"href":"https:\/\/rideon.es\/renting-empresas\/wp-json\/wp\/v2\/types\/post"}],"author":[{"embeddable":true,"href":"https:\/\/rideon.es\/renting-empresas\/wp-json\/wp\/v2\/users\/2"}],"replies":[{"embeddable":true,"href":"https:\/\/rideon.es\/renting-empresas\/wp-json\/wp\/v2\/comments?post=1220"}],"version-history":[{"count":0,"href":"https:\/\/rideon.es\/renting-empresas\/wp-json\/wp\/v2\/posts\/1220\/revisions"}],"wp:featuredmedia":[{"embeddable":true,"href":"https:\/\/rideon.es\/renting-empresas\/wp-json\/"}],"wp:attachment":[{"href":"https:\/\/rideon.es\/renting-empresas\/wp-json\/wp\/v2\/media?parent=1220"}],"wp:term":[{"taxonomy":"category","embeddable":true,"href":"https:\/\/rideon.es\/renting-empresas\/wp-json\/wp\/v2\/categories?post=1220"},{"taxonomy":"post_tag","embeddable":true,"href":"https:\/\/rideon.es\/renting-empresas\/wp-json\/wp\/v2\/tags?post=1220"}],"curies":[{"name":"wp","href":"https:\/\/api.w.org\/{rel}","templated":true}]}}