{"id":1183,"date":"2016-11-10T12:46:49","date_gmt":"2016-11-10T12:46:49","guid":{"rendered":"https:\/\/rideon.es\/?p=1183"},"modified":"2016-11-10T12:46:49","modified_gmt":"2016-11-10T12:46:49","slug":"la-ruta-del-queso-mahon-menorca","status":"publish","type":"post","link":"https:\/\/rideon.es\/renting-empresas\/la-ruta-del-queso-mahon-menorca\/","title":{"rendered":"La Ruta del Queso Mah\u00f3n-Menorca"},"content":{"rendered":"<h2>La Ruta del Queso Mah\u00f3n-Menorca<\/h2>\n<p>El <b>queso mahon\u00e9s<\/b> es uno de los <b>productos de alimentaci\u00f3n<\/b> m\u00e1s reconocidos de Menorca. Es tambi\u00e9n un <b>producto artesano<\/b> que se sigue elaborando como anta\u00f1o y uno de los sabores m\u00e1s caracter\u00edsticos de la gastronom\u00eda menorquina que cuenta con <b>Denominaci\u00f3n de Origen Protegida<\/b> desde el a\u00f1o 1985.<br \/>\nSe tiene constancia de que los menorquines ya hac\u00eda su propio <b>queso en la prehistoria<\/b>, en el a\u00f1o 2000 AC. Existen asimismo manuscritos \u00e1rabes del siglo XI que hablan de las excelencias del queso que se elabora en la Isla.<br \/>\nEn el siglo XIII el queso de Menorca ya se exporta a otras zonas y durante el XVIII, en plena dominaci\u00f3n brit\u00e1nica, experimenta un importante crecimiento y <b>acu\u00f1a el nombre de Queso Mah\u00f3n<\/b> ya que se etiquetaba con el sello del puerto que exped\u00eda el producto.<br \/>\nElaborado con leche de las vacas de la isla, el <b>queso Mah\u00f3n-Menorca<\/b> tiene un sabor \u00fanico propiciado por la brisa marina, que sala los pastos para darle ese toque inconfundible.<br \/>\nSu proceso de elaboraci\u00f3n se ha mantenido invariable en las <b>fincas rurales de Menorca<\/b>, <i>els llocs<\/i>.<br \/>\nFiel a sus or\u00edgenes, con una receta trasmitida <b>generaci\u00f3n a generaci\u00f3n<\/b>, el Queso Mah\u00f3n de hoy incorpora adem\u00e1s todos los controles sanitarios exigidos e incorpora algunos avances tecnol\u00f3gicos que permiten una producci\u00f3n a mayor escala.<br \/>\nNo obstante, existen a\u00fan <i>llocs<\/i> d\u00f3nde se realiza una <b>producci\u00f3n a peque\u00f1a escala<\/b> y de forma totalmente <b>artesanal<\/b>, respetando todos sus procesos naturales de maduraci\u00f3n.<br \/>\nEstas fincas se pueden visitar y adquirir all\u00ed las piezas de queso m\u00e1s frescas y saborasas, compradas directamente al productor. Estos <i>llocs<\/i> son <b>Santa Catalina<\/b>, entre Ma\u00f3 y Fornells; <b>Hort Sant Patrici<\/b> en Ferreries; y <b>S&#8217;Arang\u00ed<\/b> en Es Mercadal. Por ello nuestra propuesta para recorrer <a href=\"http:\/\/menorcaenmoto.com\/\">Menorca en moto<\/a> de alquiler es hoy esta sabrosa <b>Ruta del Queso<\/b>.<br \/>\nTambi\u00e9n se puede optar por las visitas guiadas a la <b>Cooperativa Coinga <\/b>(Alaior) la productora m\u00e1s importante de Menorca. All\u00ed se realizan talleres gastron\u00f3micos, degustaciones y otras actividades relacionadas con esta joya de la <b>cocina menorquina<\/b>.<\/p>\n","protected":false},"excerpt":{"rendered":"<p>La Ruta del Queso Mah\u00f3n-Menorca El queso mahon\u00e9s es uno de los productos de alimentaci\u00f3n m\u00e1s reconocidos de Menorca. Es tambi\u00e9n un producto artesano que se sigue elaborando como anta\u00f1o y uno de los sabores m\u00e1s caracter\u00edsticos de la gastronom\u00eda menorquina que cuenta con Denominaci\u00f3n de Origen Protegida desde el a\u00f1o 1985. Se tiene constancia<\/p>\n","protected":false},"author":2,"featured_media":1184,"comment_status":"open","ping_status":"closed","sticky":false,"template":"","format":"standard","meta":{"inline_featured_image":false,"footnotes":""},"categories":[18],"tags":[],"class_list":["post-1183","post","type-post","status-publish","format-standard","has-post-thumbnail","hentry","category-ruta-del-queso"],"yoast_head":"<!-- This site is optimized with the Yoast SEO Premium plugin v18.7 (Yoast SEO v27.5) - https:\/\/yoast.com\/product\/yoast-seo-premium-wordpress\/ -->\n<title>La Ruta del Queso Mah\u00f3n-Menorca en moto<\/title>\n<meta name=\"description\" content=\"Con nuestras motos de alquiler en Menorca podemos disfrutar de la Ruta Gastron\u00f3mica del Queso Mah\u00f3n-Menorca, degustar su sabor y recorrer las zonas m\u00e1s rurales\" \/>\n<meta name=\"robots\" content=\"index, follow, max-snippet:-1, max-image-preview:large, max-video-preview:-1\" \/>\n<link rel=\"canonical\" href=\"https:\/\/rideon.es\/renting-empresas\/la-ruta-del-queso-mahon-menorca\/\" \/>\n<meta property=\"og:locale\" content=\"es_ES\" \/>\n<meta property=\"og:type\" content=\"article\" \/>\n<meta property=\"og:title\" content=\"La Ruta del Queso Mah\u00f3n-Menorca\" \/>\n<meta property=\"og:description\" content=\"Con nuestras motos de alquiler en Menorca podemos disfrutar de la Ruta Gastron\u00f3mica del Queso Mah\u00f3n-Menorca, degustar su sabor y recorrer las zonas m\u00e1s rurales\" \/>\n<meta property=\"og:url\" content=\"https:\/\/rideon.es\/renting-empresas\/la-ruta-del-queso-mahon-menorca\/\" \/>\n<meta property=\"og:site_name\" content=\"Alquiler de motos mensual y Renting para Empresas\" \/>\n<meta property=\"article:published_time\" content=\"2016-11-10T12:46:49+00:00\" \/>\n<meta name=\"author\" content=\"Ride On\" \/>\n<meta name=\"twitter:card\" content=\"summary_large_image\" \/>\n<meta name=\"twitter:label1\" content=\"Escrito por\" \/>\n\t<meta name=\"twitter:data1\" content=\"Ride On\" \/>\n\t<meta name=\"twitter:label2\" content=\"Tiempo de lectura\" \/>\n\t<meta name=\"twitter:data2\" content=\"2 minutos\" \/>\n<script type=\"application\/ld+json\" class=\"yoast-schema-graph\">{\"@context\":\"https:\\\/\\\/schema.org\",\"@graph\":[{\"@type\":\"Article\",\"@id\":\"https:\\\/\\\/rideon.es\\\/renting-empresas\\\/la-ruta-del-queso-mahon-menorca\\\/#article\",\"isPartOf\":{\"@id\":\"https:\\\/\\\/rideon.es\\\/renting-empresas\\\/la-ruta-del-queso-mahon-menorca\\\/\"},\"author\":{\"name\":\"Ride On\",\"@id\":\"https:\\\/\\\/rideon.es\\\/renting-empresas\\\/#\\\/schema\\\/person\\\/48d6770e55c623d929bd20ce295611a7\"},\"headline\":\"La Ruta del Queso Mah\u00f3n-Menorca\",\"datePublished\":\"2016-11-10T12:46:49+00:00\",\"mainEntityOfPage\":{\"@id\":\"https:\\\/\\\/rideon.es\\\/renting-empresas\\\/la-ruta-del-queso-mahon-menorca\\\/\"},\"wordCount\":378,\"commentCount\":0,\"publisher\":{\"@id\":\"https:\\\/\\\/rideon.es\\\/renting-empresas\\\/#organization\"},\"image\":{\"@id\":\"https:\\\/\\\/rideon.es\\\/renting-empresas\\\/la-ruta-del-queso-mahon-menorca\\\/#primaryimage\"},\"thumbnailUrl\":\"\",\"articleSection\":[\"Ruta del Queso\"],\"inLanguage\":\"es\",\"potentialAction\":[{\"@type\":\"CommentAction\",\"name\":\"Comment\",\"target\":[\"https:\\\/\\\/rideon.es\\\/renting-empresas\\\/la-ruta-del-queso-mahon-menorca\\\/#respond\"]}]},{\"@type\":\"WebPage\",\"@id\":\"https:\\\/\\\/rideon.es\\\/renting-empresas\\\/la-ruta-del-queso-mahon-menorca\\\/\",\"url\":\"https:\\\/\\\/rideon.es\\\/renting-empresas\\\/la-ruta-del-queso-mahon-menorca\\\/\",\"name\":\"La Ruta del Queso Mah\u00f3n-Menorca en moto\",\"isPartOf\":{\"@id\":\"https:\\\/\\\/rideon.es\\\/renting-empresas\\\/#website\"},\"primaryImageOfPage\":{\"@id\":\"https:\\\/\\\/rideon.es\\\/renting-empresas\\\/la-ruta-del-queso-mahon-menorca\\\/#primaryimage\"},\"image\":{\"@id\":\"https:\\\/\\\/rideon.es\\\/renting-empresas\\\/la-ruta-del-queso-mahon-menorca\\\/#primaryimage\"},\"thumbnailUrl\":\"\",\"datePublished\":\"2016-11-10T12:46:49+00:00\",\"description\":\"Con nuestras motos de alquiler en Menorca podemos disfrutar de la Ruta Gastron\u00f3mica del Queso Mah\u00f3n-Menorca, degustar su sabor y recorrer las zonas m\u00e1s rurales\",\"inLanguage\":\"es\",\"potentialAction\":[{\"@type\":\"ReadAction\",\"target\":[\"https:\\\/\\\/rideon.es\\\/renting-empresas\\\/la-ruta-del-queso-mahon-menorca\\\/\"]}]},{\"@type\":\"ImageObject\",\"inLanguage\":\"es\",\"@id\":\"https:\\\/\\\/rideon.es\\\/renting-empresas\\\/la-ruta-del-queso-mahon-menorca\\\/#primaryimage\",\"url\":\"\",\"contentUrl\":\"\"},{\"@type\":\"WebSite\",\"@id\":\"https:\\\/\\\/rideon.es\\\/renting-empresas\\\/#website\",\"url\":\"https:\\\/\\\/rideon.es\\\/renting-empresas\\\/\",\"name\":\"Alquiler de motos mensual y Renting para Empresas\",\"description\":\"Las motos m\u00e1s c\u00f3modas y seguras para disfrutar de tus vacaciones sobre ruedas. Alquiler de motos en Menorca, Mallorca, Barcelona y Valencia con Rideon.es\",\"publisher\":{\"@id\":\"https:\\\/\\\/rideon.es\\\/renting-empresas\\\/#organization\"},\"potentialAction\":[{\"@type\":\"SearchAction\",\"target\":{\"@type\":\"EntryPoint\",\"urlTemplate\":\"https:\\\/\\\/rideon.es\\\/renting-empresas\\\/?s={search_term_string}\"},\"query-input\":{\"@type\":\"PropertyValueSpecification\",\"valueRequired\":true,\"valueName\":\"search_term_string\"}}],\"inLanguage\":\"es\"},{\"@type\":\"Organization\",\"@id\":\"https:\\\/\\\/rideon.es\\\/renting-empresas\\\/#organization\",\"name\":\"Alquiler de motos mensual y Renting para Empresas\",\"url\":\"https:\\\/\\\/rideon.es\\\/renting-empresas\\\/\",\"logo\":{\"@type\":\"ImageObject\",\"inLanguage\":\"es\",\"@id\":\"https:\\\/\\\/rideon.es\\\/renting-empresas\\\/#\\\/schema\\\/logo\\\/image\\\/\",\"url\":\"https:\\\/\\\/rideon.es\\\/renting-empresas\\\/wp-content\\\/uploads\\\/sites\\\/19\\\/2020\\\/02\\\/rideon_logo-200x78-1.png\",\"contentUrl\":\"https:\\\/\\\/rideon.es\\\/renting-empresas\\\/wp-content\\\/uploads\\\/sites\\\/19\\\/2020\\\/02\\\/rideon_logo-200x78-1.png\",\"width\":200,\"height\":78,\"caption\":\"Alquiler de motos mensual y Renting para Empresas\"},\"image\":{\"@id\":\"https:\\\/\\\/rideon.es\\\/renting-empresas\\\/#\\\/schema\\\/logo\\\/image\\\/\"}},{\"@type\":\"Person\",\"@id\":\"https:\\\/\\\/rideon.es\\\/renting-empresas\\\/#\\\/schema\\\/person\\\/48d6770e55c623d929bd20ce295611a7\",\"name\":\"Ride On\",\"image\":{\"@type\":\"ImageObject\",\"inLanguage\":\"es\",\"@id\":\"https:\\\/\\\/secure.gravatar.com\\\/avatar\\\/785e72183089da6a00243c0f0e2d52db79b9983b602219afb07c868943086138?s=96&d=mm&r=g\",\"url\":\"https:\\\/\\\/secure.gravatar.com\\\/avatar\\\/785e72183089da6a00243c0f0e2d52db79b9983b602219afb07c868943086138?s=96&d=mm&r=g\",\"contentUrl\":\"https:\\\/\\\/secure.gravatar.com\\\/avatar\\\/785e72183089da6a00243c0f0e2d52db79b9983b602219afb07c868943086138?s=96&d=mm&r=g\",\"caption\":\"Ride On\"},\"url\":\"https:\\\/\\\/rideon.es\\\/renting-empresas\\\/author\\\/eduardoyauri\\\/\"}]}<\/script>\n<!-- \/ Yoast SEO Premium plugin. -->","yoast_head_json":{"title":"La Ruta del Queso Mah\u00f3n-Menorca en moto","description":"Con nuestras motos de alquiler en Menorca podemos disfrutar de la Ruta Gastron\u00f3mica del Queso Mah\u00f3n-Menorca, degustar su sabor y recorrer las zonas m\u00e1s rurales","robots":{"index":"index","follow":"follow","max-snippet":"max-snippet:-1","max-image-preview":"max-image-preview:large","max-video-preview":"max-video-preview:-1"},"canonical":"https:\/\/rideon.es\/renting-empresas\/la-ruta-del-queso-mahon-menorca\/","og_locale":"es_ES","og_type":"article","og_title":"La Ruta del Queso Mah\u00f3n-Menorca","og_description":"Con nuestras motos de alquiler en Menorca podemos disfrutar de la Ruta Gastron\u00f3mica del Queso Mah\u00f3n-Menorca, degustar su sabor y recorrer las zonas m\u00e1s rurales","og_url":"https:\/\/rideon.es\/renting-empresas\/la-ruta-del-queso-mahon-menorca\/","og_site_name":"Alquiler de motos mensual y Renting para Empresas","article_published_time":"2016-11-10T12:46:49+00:00","author":"Ride On","twitter_card":"summary_large_image","twitter_misc":{"Escrito por":"Ride On","Tiempo de lectura":"2 minutos"},"schema":{"@context":"https:\/\/schema.org","@graph":[{"@type":"Article","@id":"https:\/\/rideon.es\/renting-empresas\/la-ruta-del-queso-mahon-menorca\/#article","isPartOf":{"@id":"https:\/\/rideon.es\/renting-empresas\/la-ruta-del-queso-mahon-menorca\/"},"author":{"name":"Ride On","@id":"https:\/\/rideon.es\/renting-empresas\/#\/schema\/person\/48d6770e55c623d929bd20ce295611a7"},"headline":"La Ruta del Queso Mah\u00f3n-Menorca","datePublished":"2016-11-10T12:46:49+00:00","mainEntityOfPage":{"@id":"https:\/\/rideon.es\/renting-empresas\/la-ruta-del-queso-mahon-menorca\/"},"wordCount":378,"commentCount":0,"publisher":{"@id":"https:\/\/rideon.es\/renting-empresas\/#organization"},"image":{"@id":"https:\/\/rideon.es\/renting-empresas\/la-ruta-del-queso-mahon-menorca\/#primaryimage"},"thumbnailUrl":"","articleSection":["Ruta del Queso"],"inLanguage":"es","potentialAction":[{"@type":"CommentAction","name":"Comment","target":["https:\/\/rideon.es\/renting-empresas\/la-ruta-del-queso-mahon-menorca\/#respond"]}]},{"@type":"WebPage","@id":"https:\/\/rideon.es\/renting-empresas\/la-ruta-del-queso-mahon-menorca\/","url":"https:\/\/rideon.es\/renting-empresas\/la-ruta-del-queso-mahon-menorca\/","name":"La Ruta del Queso Mah\u00f3n-Menorca en moto","isPartOf":{"@id":"https:\/\/rideon.es\/renting-empresas\/#website"},"primaryImageOfPage":{"@id":"https:\/\/rideon.es\/renting-empresas\/la-ruta-del-queso-mahon-menorca\/#primaryimage"},"image":{"@id":"https:\/\/rideon.es\/renting-empresas\/la-ruta-del-queso-mahon-menorca\/#primaryimage"},"thumbnailUrl":"","datePublished":"2016-11-10T12:46:49+00:00","description":"Con nuestras motos de alquiler en Menorca podemos disfrutar de la Ruta Gastron\u00f3mica del Queso Mah\u00f3n-Menorca, degustar su sabor y recorrer las zonas m\u00e1s rurales","inLanguage":"es","potentialAction":[{"@type":"ReadAction","target":["https:\/\/rideon.es\/renting-empresas\/la-ruta-del-queso-mahon-menorca\/"]}]},{"@type":"ImageObject","inLanguage":"es","@id":"https:\/\/rideon.es\/renting-empresas\/la-ruta-del-queso-mahon-menorca\/#primaryimage","url":"","contentUrl":""},{"@type":"WebSite","@id":"https:\/\/rideon.es\/renting-empresas\/#website","url":"https:\/\/rideon.es\/renting-empresas\/","name":"Alquiler de motos mensual y Renting para Empresas","description":"Las motos m\u00e1s c\u00f3modas y seguras para disfrutar de tus vacaciones sobre ruedas. Alquiler de motos en Menorca, Mallorca, Barcelona y Valencia con Rideon.es","publisher":{"@id":"https:\/\/rideon.es\/renting-empresas\/#organization"},"potentialAction":[{"@type":"SearchAction","target":{"@type":"EntryPoint","urlTemplate":"https:\/\/rideon.es\/renting-empresas\/?s={search_term_string}"},"query-input":{"@type":"PropertyValueSpecification","valueRequired":true,"valueName":"search_term_string"}}],"inLanguage":"es"},{"@type":"Organization","@id":"https:\/\/rideon.es\/renting-empresas\/#organization","name":"Alquiler de motos mensual y Renting para Empresas","url":"https:\/\/rideon.es\/renting-empresas\/","logo":{"@type":"ImageObject","inLanguage":"es","@id":"https:\/\/rideon.es\/renting-empresas\/#\/schema\/logo\/image\/","url":"https:\/\/rideon.es\/renting-empresas\/wp-content\/uploads\/sites\/19\/2020\/02\/rideon_logo-200x78-1.png","contentUrl":"https:\/\/rideon.es\/renting-empresas\/wp-content\/uploads\/sites\/19\/2020\/02\/rideon_logo-200x78-1.png","width":200,"height":78,"caption":"Alquiler de motos mensual y Renting para Empresas"},"image":{"@id":"https:\/\/rideon.es\/renting-empresas\/#\/schema\/logo\/image\/"}},{"@type":"Person","@id":"https:\/\/rideon.es\/renting-empresas\/#\/schema\/person\/48d6770e55c623d929bd20ce295611a7","name":"Ride On","image":{"@type":"ImageObject","inLanguage":"es","@id":"https:\/\/secure.gravatar.com\/avatar\/785e72183089da6a00243c0f0e2d52db79b9983b602219afb07c868943086138?s=96&d=mm&r=g","url":"https:\/\/secure.gravatar.com\/avatar\/785e72183089da6a00243c0f0e2d52db79b9983b602219afb07c868943086138?s=96&d=mm&r=g","contentUrl":"https:\/\/secure.gravatar.com\/avatar\/785e72183089da6a00243c0f0e2d52db79b9983b602219afb07c868943086138?s=96&d=mm&r=g","caption":"Ride On"},"url":"https:\/\/rideon.es\/renting-empresas\/author\/eduardoyauri\/"}]}},"_links":{"self":[{"href":"https:\/\/rideon.es\/renting-empresas\/wp-json\/wp\/v2\/posts\/1183","targetHints":{"allow":["GET"]}}],"collection":[{"href":"https:\/\/rideon.es\/renting-empresas\/wp-json\/wp\/v2\/posts"}],"about":[{"href":"https:\/\/rideon.es\/renting-empresas\/wp-json\/wp\/v2\/types\/post"}],"author":[{"embeddable":true,"href":"https:\/\/rideon.es\/renting-empresas\/wp-json\/wp\/v2\/users\/2"}],"replies":[{"embeddable":true,"href":"https:\/\/rideon.es\/renting-empresas\/wp-json\/wp\/v2\/comments?post=1183"}],"version-history":[{"count":0,"href":"https:\/\/rideon.es\/renting-empresas\/wp-json\/wp\/v2\/posts\/1183\/revisions"}],"wp:featuredmedia":[{"embeddable":true,"href":"https:\/\/rideon.es\/renting-empresas\/wp-json\/"}],"wp:attachment":[{"href":"https:\/\/rideon.es\/renting-empresas\/wp-json\/wp\/v2\/media?parent=1183"}],"wp:term":[{"taxonomy":"category","embeddable":true,"href":"https:\/\/rideon.es\/renting-empresas\/wp-json\/wp\/v2\/categories?post=1183"},{"taxonomy":"post_tag","embeddable":true,"href":"https:\/\/rideon.es\/renting-empresas\/wp-json\/wp\/v2\/tags?post=1183"}],"curies":[{"name":"wp","href":"https:\/\/api.w.org\/{rel}","templated":true}]}}