{"id":1180,"date":"2016-11-10T12:45:13","date_gmt":"2016-11-10T12:45:13","guid":{"rendered":"https:\/\/rideon.es\/?p=1180"},"modified":"2016-11-10T12:45:13","modified_gmt":"2016-11-10T12:45:13","slug":"las-5-claves-de-las-fiestas-de-sant-lluis-de-menorca","status":"publish","type":"post","link":"https:\/\/rideon.es\/renting-empresas\/las-5-claves-de-las-fiestas-de-sant-lluis-de-menorca\/","title":{"rendered":"Las 5 claves de las Fiestas de Sant Llu\u00eds de Menorca"},"content":{"rendered":"<h2>Las 5 claves de las Fiestas de Sant Llu\u00eds de Menorca<\/h2>\n<p>Los <b>d\u00edas 29 y 30 de agosto<\/b> la localidad menorquina de <b>Sant<\/b> <b>Llu\u00eds<\/b> celebra sus fiestas patronales, unas fiestas que en realidad se prolongan a lo largo de toda una semana y que suponen una diversi\u00f3n garantizada para quienes hac\u00e9is <a href=\"http:\/\/www.motorentsoldeplata.com\/\">turismo en Menorca en moto de alquiler<\/a> (por supuesto).<br \/>\nTambi\u00e9n las <b>fiestas de <\/b><b>Sant<\/b> <b>Llu\u00eds<\/b>, como en el resto de pueblos y ciudades de <b>Menorca<\/b>, tienen su principal protagonista en el <b>caballo menorqu\u00edn<\/b> y en toda una serie de actos, de tradici\u00f3n ancestral, en los que se desarrolla una colorida escenograf\u00eda \u00fanica en el mundo.<br \/>\nLos jinetes (<b>caixers<\/b>) representan a los distintos estamentos sociales de anta\u00f1o, el cura, el alcalde, el campesino, un soltero, un casado\u2026 y con sus elegantes atuendos participan en una serie de actos vistosos y muy divertidos.<br \/>\nA continuaci\u00f3n, te destacamos los <b>5 actos m\u00e1s importantes de las Fiestas de <\/b><b>Sant<\/b> <b>Llu\u00eds<\/b>, para que no te pierdas ninguno de ellos, porque todos merecen la pena y son reflejo del caracter\u00edstico ambiente festivo que vive la localidad durante sus d\u00edas de fiesta grande.<br \/>\nActos relevantes de las Fiestas de Sant Llu\u00eds<\/p>\n<ol>\n<li>La <b>lectura del preg\u00f3n<\/b>, que marca el inicio oficial de la fiesta el viernes anterior al d\u00eda del patr\u00f3n.<\/li>\n<li>La <b>salida de la comitiva<\/b>, la cabalgata o \u201ccolcada\u201d, tiene lugar el s\u00e1bado por la tarde y el domingo por ma\u00f1ana. Recorre las calles de Sant Llu\u00eds antes de asistir a los actos religiosos (las Completes y Missa de Caixers).<\/li>\n<li>El \u2018<b>jaleo<\/b>\u2019 se celebra despu\u00e9s de los actos religiosos en la plaza. Los caballos saltan al ritmo de la m\u00fasica entre la multitud.<\/li>\n<li>Sant Llu\u00eds durante sus fiestas tambi\u00e9n protagoniza un vistoso <b>desfile de carrozas<\/b> en el que se implica pr\u00e1cticamente todo el pueblo.\n<li>Las fiestas concluyen con un bonito <b>espect\u00e1culo pirot\u00e9cnico<\/b>, muy recomendable.<\/li>\n","protected":false},"excerpt":{"rendered":"<p>Las 5 claves de las Fiestas de Sant Llu\u00eds de Menorca Los d\u00edas 29 y 30 de agosto la localidad menorquina de Sant Llu\u00eds celebra sus fiestas patronales, unas fiestas que en realidad se prolongan a lo largo de toda una semana y que suponen una diversi\u00f3n garantizada para quienes hac\u00e9is turismo en Menorca en<\/p>\n","protected":false},"author":2,"featured_media":1181,"comment_status":"open","ping_status":"closed","sticky":false,"template":"","format":"standard","meta":{"inline_featured_image":false,"footnotes":""},"categories":[1],"tags":[],"class_list":["post-1180","post","type-post","status-publish","format-standard","has-post-thumbnail","hentry","category-uncategorized"],"yoast_head":"<!-- This site is optimized with the Yoast SEO Premium plugin v18.7 (Yoast SEO v27.5) - https:\/\/yoast.com\/product\/yoast-seo-premium-wordpress\/ -->\n<title>5 momentos para saborear las fiestas de Sant Llu\u00eds de Menorca<\/title>\n<meta name=\"description\" content=\"Te damos las 5 claves para vivir las Fiestas de Sant Llu\u00eds mientras haces turismo en Menorca con tu moto de alquiler\" \/>\n<meta name=\"robots\" content=\"index, follow, max-snippet:-1, max-image-preview:large, max-video-preview:-1\" \/>\n<link rel=\"canonical\" href=\"https:\/\/rideon.es\/renting-empresas\/las-5-claves-de-las-fiestas-de-sant-lluis-de-menorca\/\" \/>\n<meta property=\"og:locale\" content=\"es_ES\" \/>\n<meta property=\"og:type\" content=\"article\" \/>\n<meta property=\"og:title\" content=\"Las 5 claves de las Fiestas de Sant Llu\u00eds de Menorca\" \/>\n<meta property=\"og:description\" content=\"Te damos las 5 claves para vivir las Fiestas de Sant Llu\u00eds mientras haces turismo en Menorca con tu moto de alquiler\" \/>\n<meta property=\"og:url\" content=\"https:\/\/rideon.es\/renting-empresas\/las-5-claves-de-las-fiestas-de-sant-lluis-de-menorca\/\" \/>\n<meta property=\"og:site_name\" content=\"Alquiler de motos mensual y Renting para Empresas\" \/>\n<meta property=\"article:published_time\" content=\"2016-11-10T12:45:13+00:00\" \/>\n<meta name=\"author\" content=\"Ride On\" \/>\n<meta name=\"twitter:card\" content=\"summary_large_image\" \/>\n<meta name=\"twitter:label1\" content=\"Escrito por\" \/>\n\t<meta name=\"twitter:data1\" content=\"Ride On\" \/>\n\t<meta name=\"twitter:label2\" content=\"Tiempo de lectura\" \/>\n\t<meta name=\"twitter:data2\" content=\"2 minutos\" \/>\n<script type=\"application\/ld+json\" class=\"yoast-schema-graph\">{\"@context\":\"https:\\\/\\\/schema.org\",\"@graph\":[{\"@type\":\"Article\",\"@id\":\"https:\\\/\\\/rideon.es\\\/renting-empresas\\\/las-5-claves-de-las-fiestas-de-sant-lluis-de-menorca\\\/#article\",\"isPartOf\":{\"@id\":\"https:\\\/\\\/rideon.es\\\/renting-empresas\\\/las-5-claves-de-las-fiestas-de-sant-lluis-de-menorca\\\/\"},\"author\":{\"name\":\"Ride On\",\"@id\":\"https:\\\/\\\/rideon.es\\\/renting-empresas\\\/#\\\/schema\\\/person\\\/48d6770e55c623d929bd20ce295611a7\"},\"headline\":\"Las 5 claves de las Fiestas de Sant Llu\u00eds de Menorca\",\"datePublished\":\"2016-11-10T12:45:13+00:00\",\"mainEntityOfPage\":{\"@id\":\"https:\\\/\\\/rideon.es\\\/renting-empresas\\\/las-5-claves-de-las-fiestas-de-sant-lluis-de-menorca\\\/\"},\"wordCount\":345,\"commentCount\":0,\"publisher\":{\"@id\":\"https:\\\/\\\/rideon.es\\\/renting-empresas\\\/#organization\"},\"image\":{\"@id\":\"https:\\\/\\\/rideon.es\\\/renting-empresas\\\/las-5-claves-de-las-fiestas-de-sant-lluis-de-menorca\\\/#primaryimage\"},\"thumbnailUrl\":\"\",\"articleSection\":[\"Uncategorized\"],\"inLanguage\":\"es\",\"potentialAction\":[{\"@type\":\"CommentAction\",\"name\":\"Comment\",\"target\":[\"https:\\\/\\\/rideon.es\\\/renting-empresas\\\/las-5-claves-de-las-fiestas-de-sant-lluis-de-menorca\\\/#respond\"]}]},{\"@type\":\"WebPage\",\"@id\":\"https:\\\/\\\/rideon.es\\\/renting-empresas\\\/las-5-claves-de-las-fiestas-de-sant-lluis-de-menorca\\\/\",\"url\":\"https:\\\/\\\/rideon.es\\\/renting-empresas\\\/las-5-claves-de-las-fiestas-de-sant-lluis-de-menorca\\\/\",\"name\":\"5 momentos para saborear las fiestas de Sant Llu\u00eds de Menorca\",\"isPartOf\":{\"@id\":\"https:\\\/\\\/rideon.es\\\/renting-empresas\\\/#website\"},\"primaryImageOfPage\":{\"@id\":\"https:\\\/\\\/rideon.es\\\/renting-empresas\\\/las-5-claves-de-las-fiestas-de-sant-lluis-de-menorca\\\/#primaryimage\"},\"image\":{\"@id\":\"https:\\\/\\\/rideon.es\\\/renting-empresas\\\/las-5-claves-de-las-fiestas-de-sant-lluis-de-menorca\\\/#primaryimage\"},\"thumbnailUrl\":\"\",\"datePublished\":\"2016-11-10T12:45:13+00:00\",\"description\":\"Te damos las 5 claves para vivir las Fiestas de Sant Llu\u00eds mientras haces turismo en Menorca con tu moto de alquiler\",\"inLanguage\":\"es\",\"potentialAction\":[{\"@type\":\"ReadAction\",\"target\":[\"https:\\\/\\\/rideon.es\\\/renting-empresas\\\/las-5-claves-de-las-fiestas-de-sant-lluis-de-menorca\\\/\"]}]},{\"@type\":\"ImageObject\",\"inLanguage\":\"es\",\"@id\":\"https:\\\/\\\/rideon.es\\\/renting-empresas\\\/las-5-claves-de-las-fiestas-de-sant-lluis-de-menorca\\\/#primaryimage\",\"url\":\"\",\"contentUrl\":\"\"},{\"@type\":\"WebSite\",\"@id\":\"https:\\\/\\\/rideon.es\\\/renting-empresas\\\/#website\",\"url\":\"https:\\\/\\\/rideon.es\\\/renting-empresas\\\/\",\"name\":\"Alquiler de motos mensual y Renting para Empresas\",\"description\":\"Las motos m\u00e1s c\u00f3modas y seguras para disfrutar de tus vacaciones sobre ruedas. Alquiler de motos en Menorca, Mallorca, Barcelona y Valencia con Rideon.es\",\"publisher\":{\"@id\":\"https:\\\/\\\/rideon.es\\\/renting-empresas\\\/#organization\"},\"potentialAction\":[{\"@type\":\"SearchAction\",\"target\":{\"@type\":\"EntryPoint\",\"urlTemplate\":\"https:\\\/\\\/rideon.es\\\/renting-empresas\\\/?s={search_term_string}\"},\"query-input\":{\"@type\":\"PropertyValueSpecification\",\"valueRequired\":true,\"valueName\":\"search_term_string\"}}],\"inLanguage\":\"es\"},{\"@type\":\"Organization\",\"@id\":\"https:\\\/\\\/rideon.es\\\/renting-empresas\\\/#organization\",\"name\":\"Alquiler de motos mensual y Renting para Empresas\",\"url\":\"https:\\\/\\\/rideon.es\\\/renting-empresas\\\/\",\"logo\":{\"@type\":\"ImageObject\",\"inLanguage\":\"es\",\"@id\":\"https:\\\/\\\/rideon.es\\\/renting-empresas\\\/#\\\/schema\\\/logo\\\/image\\\/\",\"url\":\"https:\\\/\\\/rideon.es\\\/renting-empresas\\\/wp-content\\\/uploads\\\/sites\\\/19\\\/2020\\\/02\\\/rideon_logo-200x78-1.png\",\"contentUrl\":\"https:\\\/\\\/rideon.es\\\/renting-empresas\\\/wp-content\\\/uploads\\\/sites\\\/19\\\/2020\\\/02\\\/rideon_logo-200x78-1.png\",\"width\":200,\"height\":78,\"caption\":\"Alquiler de motos mensual y Renting para Empresas\"},\"image\":{\"@id\":\"https:\\\/\\\/rideon.es\\\/renting-empresas\\\/#\\\/schema\\\/logo\\\/image\\\/\"}},{\"@type\":\"Person\",\"@id\":\"https:\\\/\\\/rideon.es\\\/renting-empresas\\\/#\\\/schema\\\/person\\\/48d6770e55c623d929bd20ce295611a7\",\"name\":\"Ride On\",\"image\":{\"@type\":\"ImageObject\",\"inLanguage\":\"es\",\"@id\":\"https:\\\/\\\/secure.gravatar.com\\\/avatar\\\/785e72183089da6a00243c0f0e2d52db79b9983b602219afb07c868943086138?s=96&d=mm&r=g\",\"url\":\"https:\\\/\\\/secure.gravatar.com\\\/avatar\\\/785e72183089da6a00243c0f0e2d52db79b9983b602219afb07c868943086138?s=96&d=mm&r=g\",\"contentUrl\":\"https:\\\/\\\/secure.gravatar.com\\\/avatar\\\/785e72183089da6a00243c0f0e2d52db79b9983b602219afb07c868943086138?s=96&d=mm&r=g\",\"caption\":\"Ride On\"},\"url\":\"https:\\\/\\\/rideon.es\\\/renting-empresas\\\/author\\\/eduardoyauri\\\/\"}]}<\/script>\n<!-- \/ Yoast SEO Premium plugin. -->","yoast_head_json":{"title":"5 momentos para saborear las fiestas de Sant Llu\u00eds de Menorca","description":"Te damos las 5 claves para vivir las Fiestas de Sant Llu\u00eds mientras haces turismo en Menorca con tu moto de alquiler","robots":{"index":"index","follow":"follow","max-snippet":"max-snippet:-1","max-image-preview":"max-image-preview:large","max-video-preview":"max-video-preview:-1"},"canonical":"https:\/\/rideon.es\/renting-empresas\/las-5-claves-de-las-fiestas-de-sant-lluis-de-menorca\/","og_locale":"es_ES","og_type":"article","og_title":"Las 5 claves de las Fiestas de Sant Llu\u00eds de Menorca","og_description":"Te damos las 5 claves para vivir las Fiestas de Sant Llu\u00eds mientras haces turismo en Menorca con tu moto de alquiler","og_url":"https:\/\/rideon.es\/renting-empresas\/las-5-claves-de-las-fiestas-de-sant-lluis-de-menorca\/","og_site_name":"Alquiler de motos mensual y Renting para Empresas","article_published_time":"2016-11-10T12:45:13+00:00","author":"Ride On","twitter_card":"summary_large_image","twitter_misc":{"Escrito por":"Ride On","Tiempo de lectura":"2 minutos"},"schema":{"@context":"https:\/\/schema.org","@graph":[{"@type":"Article","@id":"https:\/\/rideon.es\/renting-empresas\/las-5-claves-de-las-fiestas-de-sant-lluis-de-menorca\/#article","isPartOf":{"@id":"https:\/\/rideon.es\/renting-empresas\/las-5-claves-de-las-fiestas-de-sant-lluis-de-menorca\/"},"author":{"name":"Ride On","@id":"https:\/\/rideon.es\/renting-empresas\/#\/schema\/person\/48d6770e55c623d929bd20ce295611a7"},"headline":"Las 5 claves de las Fiestas de Sant Llu\u00eds de Menorca","datePublished":"2016-11-10T12:45:13+00:00","mainEntityOfPage":{"@id":"https:\/\/rideon.es\/renting-empresas\/las-5-claves-de-las-fiestas-de-sant-lluis-de-menorca\/"},"wordCount":345,"commentCount":0,"publisher":{"@id":"https:\/\/rideon.es\/renting-empresas\/#organization"},"image":{"@id":"https:\/\/rideon.es\/renting-empresas\/las-5-claves-de-las-fiestas-de-sant-lluis-de-menorca\/#primaryimage"},"thumbnailUrl":"","articleSection":["Uncategorized"],"inLanguage":"es","potentialAction":[{"@type":"CommentAction","name":"Comment","target":["https:\/\/rideon.es\/renting-empresas\/las-5-claves-de-las-fiestas-de-sant-lluis-de-menorca\/#respond"]}]},{"@type":"WebPage","@id":"https:\/\/rideon.es\/renting-empresas\/las-5-claves-de-las-fiestas-de-sant-lluis-de-menorca\/","url":"https:\/\/rideon.es\/renting-empresas\/las-5-claves-de-las-fiestas-de-sant-lluis-de-menorca\/","name":"5 momentos para saborear las fiestas de Sant Llu\u00eds de Menorca","isPartOf":{"@id":"https:\/\/rideon.es\/renting-empresas\/#website"},"primaryImageOfPage":{"@id":"https:\/\/rideon.es\/renting-empresas\/las-5-claves-de-las-fiestas-de-sant-lluis-de-menorca\/#primaryimage"},"image":{"@id":"https:\/\/rideon.es\/renting-empresas\/las-5-claves-de-las-fiestas-de-sant-lluis-de-menorca\/#primaryimage"},"thumbnailUrl":"","datePublished":"2016-11-10T12:45:13+00:00","description":"Te damos las 5 claves para vivir las Fiestas de Sant Llu\u00eds mientras haces turismo en Menorca con tu moto de alquiler","inLanguage":"es","potentialAction":[{"@type":"ReadAction","target":["https:\/\/rideon.es\/renting-empresas\/las-5-claves-de-las-fiestas-de-sant-lluis-de-menorca\/"]}]},{"@type":"ImageObject","inLanguage":"es","@id":"https:\/\/rideon.es\/renting-empresas\/las-5-claves-de-las-fiestas-de-sant-lluis-de-menorca\/#primaryimage","url":"","contentUrl":""},{"@type":"WebSite","@id":"https:\/\/rideon.es\/renting-empresas\/#website","url":"https:\/\/rideon.es\/renting-empresas\/","name":"Alquiler de motos mensual y Renting para Empresas","description":"Las motos m\u00e1s c\u00f3modas y seguras para disfrutar de tus vacaciones sobre ruedas. Alquiler de motos en Menorca, Mallorca, Barcelona y Valencia con Rideon.es","publisher":{"@id":"https:\/\/rideon.es\/renting-empresas\/#organization"},"potentialAction":[{"@type":"SearchAction","target":{"@type":"EntryPoint","urlTemplate":"https:\/\/rideon.es\/renting-empresas\/?s={search_term_string}"},"query-input":{"@type":"PropertyValueSpecification","valueRequired":true,"valueName":"search_term_string"}}],"inLanguage":"es"},{"@type":"Organization","@id":"https:\/\/rideon.es\/renting-empresas\/#organization","name":"Alquiler de motos mensual y Renting para Empresas","url":"https:\/\/rideon.es\/renting-empresas\/","logo":{"@type":"ImageObject","inLanguage":"es","@id":"https:\/\/rideon.es\/renting-empresas\/#\/schema\/logo\/image\/","url":"https:\/\/rideon.es\/renting-empresas\/wp-content\/uploads\/sites\/19\/2020\/02\/rideon_logo-200x78-1.png","contentUrl":"https:\/\/rideon.es\/renting-empresas\/wp-content\/uploads\/sites\/19\/2020\/02\/rideon_logo-200x78-1.png","width":200,"height":78,"caption":"Alquiler de motos mensual y Renting para Empresas"},"image":{"@id":"https:\/\/rideon.es\/renting-empresas\/#\/schema\/logo\/image\/"}},{"@type":"Person","@id":"https:\/\/rideon.es\/renting-empresas\/#\/schema\/person\/48d6770e55c623d929bd20ce295611a7","name":"Ride On","image":{"@type":"ImageObject","inLanguage":"es","@id":"https:\/\/secure.gravatar.com\/avatar\/785e72183089da6a00243c0f0e2d52db79b9983b602219afb07c868943086138?s=96&d=mm&r=g","url":"https:\/\/secure.gravatar.com\/avatar\/785e72183089da6a00243c0f0e2d52db79b9983b602219afb07c868943086138?s=96&d=mm&r=g","contentUrl":"https:\/\/secure.gravatar.com\/avatar\/785e72183089da6a00243c0f0e2d52db79b9983b602219afb07c868943086138?s=96&d=mm&r=g","caption":"Ride On"},"url":"https:\/\/rideon.es\/renting-empresas\/author\/eduardoyauri\/"}]}},"_links":{"self":[{"href":"https:\/\/rideon.es\/renting-empresas\/wp-json\/wp\/v2\/posts\/1180","targetHints":{"allow":["GET"]}}],"collection":[{"href":"https:\/\/rideon.es\/renting-empresas\/wp-json\/wp\/v2\/posts"}],"about":[{"href":"https:\/\/rideon.es\/renting-empresas\/wp-json\/wp\/v2\/types\/post"}],"author":[{"embeddable":true,"href":"https:\/\/rideon.es\/renting-empresas\/wp-json\/wp\/v2\/users\/2"}],"replies":[{"embeddable":true,"href":"https:\/\/rideon.es\/renting-empresas\/wp-json\/wp\/v2\/comments?post=1180"}],"version-history":[{"count":0,"href":"https:\/\/rideon.es\/renting-empresas\/wp-json\/wp\/v2\/posts\/1180\/revisions"}],"wp:featuredmedia":[{"embeddable":true,"href":"https:\/\/rideon.es\/renting-empresas\/wp-json\/"}],"wp:attachment":[{"href":"https:\/\/rideon.es\/renting-empresas\/wp-json\/wp\/v2\/media?parent=1180"}],"wp:term":[{"taxonomy":"category","embeddable":true,"href":"https:\/\/rideon.es\/renting-empresas\/wp-json\/wp\/v2\/categories?post=1180"},{"taxonomy":"post_tag","embeddable":true,"href":"https:\/\/rideon.es\/renting-empresas\/wp-json\/wp\/v2\/tags?post=1180"}],"curies":[{"name":"wp","href":"https:\/\/api.w.org\/{rel}","templated":true}]}}