{"id":1177,"date":"2016-11-10T12:43:06","date_gmt":"2016-11-10T12:43:06","guid":{"rendered":"https:\/\/rideon.es\/?p=1177"},"modified":"2016-11-10T12:43:06","modified_gmt":"2016-11-10T12:43:06","slug":"space-menorca","status":"publish","type":"post","link":"https:\/\/rideon.es\/renting-empresas\/space-menorca\/","title":{"rendered":"Space Menorca"},"content":{"rendered":"<h2>Space Menorca<\/h2>\n<p>La sala <b>Space Menorca<\/b>, ubicada en el <b>Port de Ciutadella<\/b> (Passeig es Pla de Sant Joan, 15), es un referente en el ocio nocturno de la Isla. El club de Ciutadella, descendiente directo de la archiconocida mundialmente Space Ibiza (calificada como la mejor discoteca del mundo), ha tra\u00eddo a la Isla un <b>nuevo concepto de ocio<\/b> marcado por la <b>m\u00fasica electr\u00f3nica<\/b> m\u00e1s vanguardista y por Djs de reconocido prestigio internacional que llenan el aforo noche tras noche durante la temporada estival.<br \/>\nDesde que abriera sus puertas en verano de 2012, el club ha generado un nuevo ambiente en <b>Ciutadella<\/b>, congregando en este recodo del Puerto a gente venida de todos los puntos de la Isla que acuden por el reclamo de su buen ambiente y por las numerosas fiestas y eventos que desarrollan a lo largo del verano.<br \/>\nEl emblem\u00e1tico club de Ciutadella cuenta con un sistema de sonido de la marca \u2018Space Ibiza Sound System by Funktion One\u2019, uno de las<b> instalaciones m\u00e1s potentes<\/b> del mercado que ha sido importada de Eivissa y adaptada a las caracter\u00edsticas de la sala de Menorca para sacar su m\u00e1ximo rendimiento.<br \/>\nTambi\u00e9n el sistema el\u00e9ctrico de iluminaci\u00f3n Led y videomapping con el que cuenta ofrecen las mejores prestaciones.<br \/>\nLa discoteca adem\u00e1s cuenta con un estilo decorativo original que incluye elementos de la <b>arquitectura tradicional menorquina<\/b> y otros m\u00e1s minimalistas sin perder la esencia mediterr\u00e1nea del Puerto de Ciutadella.<br \/>\nLa discoteca <b>Space Menorca<\/b> tiene una superficie de 850 m2 en la que comparten espacio una gran sala, la Main Room, un hall exterior y una amplia terraza jard\u00edn de ambiente chill-out<br \/>\nUna buena opci\u00f3n para vivir la noche menorquina hasta altas horas de la madrugada que recomendamos a nuestros clientes de <a href=\"http:\/\/www.motorentsoldeplata.com\/\">alquiler de motos en Menorca<\/a>.<\/p>\n","protected":false},"excerpt":{"rendered":"<p>Space Menorca La sala Space Menorca, ubicada en el Port de Ciutadella (Passeig es Pla de Sant Joan, 15), es un referente en el ocio nocturno de la Isla. El club de Ciutadella, descendiente directo de la archiconocida mundialmente Space Ibiza (calificada como la mejor discoteca del mundo), ha tra\u00eddo a la Isla un nuevo<\/p>\n","protected":false},"author":2,"featured_media":1178,"comment_status":"open","ping_status":"closed","sticky":false,"template":"","format":"standard","meta":{"inline_featured_image":false,"footnotes":""},"categories":[17],"tags":[],"class_list":["post-1177","post","type-post","status-publish","format-standard","has-post-thumbnail","hentry","category-space-discoteca"],"yoast_head":"<!-- This site is optimized with the Yoast SEO Premium plugin v18.7 (Yoast SEO v27.5) - https:\/\/yoast.com\/product\/yoast-seo-premium-wordpress\/ -->\n<title>Ocio nocturno en Ciutadella: Space Menorca<\/title>\n<meta name=\"description\" content=\"La discoteca Space Menorca, en el Puerto de Ciutadella: una recomendaci\u00f3n para nuestros clientes de alquiler de motos en Menorca\" \/>\n<meta name=\"robots\" content=\"index, follow, max-snippet:-1, max-image-preview:large, max-video-preview:-1\" \/>\n<link rel=\"canonical\" href=\"https:\/\/rideon.es\/renting-empresas\/space-menorca\/\" \/>\n<meta property=\"og:locale\" content=\"es_ES\" \/>\n<meta property=\"og:type\" content=\"article\" \/>\n<meta property=\"og:title\" content=\"Space Menorca\" \/>\n<meta property=\"og:description\" content=\"La discoteca Space Menorca, en el Puerto de Ciutadella: una recomendaci\u00f3n para nuestros clientes de alquiler de motos en Menorca\" \/>\n<meta property=\"og:url\" content=\"https:\/\/rideon.es\/renting-empresas\/space-menorca\/\" \/>\n<meta property=\"og:site_name\" content=\"Alquiler de motos mensual y Renting para Empresas\" \/>\n<meta property=\"article:published_time\" content=\"2016-11-10T12:43:06+00:00\" \/>\n<meta name=\"author\" content=\"Ride On\" \/>\n<meta name=\"twitter:card\" content=\"summary_large_image\" \/>\n<meta name=\"twitter:label1\" content=\"Escrito por\" \/>\n\t<meta name=\"twitter:data1\" content=\"Ride On\" \/>\n\t<meta name=\"twitter:label2\" content=\"Tiempo de lectura\" \/>\n\t<meta name=\"twitter:data2\" content=\"2 minutos\" \/>\n<script type=\"application\/ld+json\" class=\"yoast-schema-graph\">{\"@context\":\"https:\\\/\\\/schema.org\",\"@graph\":[{\"@type\":\"Article\",\"@id\":\"https:\\\/\\\/rideon.es\\\/renting-empresas\\\/space-menorca\\\/#article\",\"isPartOf\":{\"@id\":\"https:\\\/\\\/rideon.es\\\/renting-empresas\\\/space-menorca\\\/\"},\"author\":{\"name\":\"Ride On\",\"@id\":\"https:\\\/\\\/rideon.es\\\/renting-empresas\\\/#\\\/schema\\\/person\\\/48d6770e55c623d929bd20ce295611a7\"},\"headline\":\"Space Menorca\",\"datePublished\":\"2016-11-10T12:43:06+00:00\",\"mainEntityOfPage\":{\"@id\":\"https:\\\/\\\/rideon.es\\\/renting-empresas\\\/space-menorca\\\/\"},\"wordCount\":309,\"commentCount\":0,\"publisher\":{\"@id\":\"https:\\\/\\\/rideon.es\\\/renting-empresas\\\/#organization\"},\"image\":{\"@id\":\"https:\\\/\\\/rideon.es\\\/renting-empresas\\\/space-menorca\\\/#primaryimage\"},\"thumbnailUrl\":\"\",\"articleSection\":[\"Space discoteca\"],\"inLanguage\":\"es\",\"potentialAction\":[{\"@type\":\"CommentAction\",\"name\":\"Comment\",\"target\":[\"https:\\\/\\\/rideon.es\\\/renting-empresas\\\/space-menorca\\\/#respond\"]}]},{\"@type\":\"WebPage\",\"@id\":\"https:\\\/\\\/rideon.es\\\/renting-empresas\\\/space-menorca\\\/\",\"url\":\"https:\\\/\\\/rideon.es\\\/renting-empresas\\\/space-menorca\\\/\",\"name\":\"Ocio nocturno en Ciutadella: Space Menorca\",\"isPartOf\":{\"@id\":\"https:\\\/\\\/rideon.es\\\/renting-empresas\\\/#website\"},\"primaryImageOfPage\":{\"@id\":\"https:\\\/\\\/rideon.es\\\/renting-empresas\\\/space-menorca\\\/#primaryimage\"},\"image\":{\"@id\":\"https:\\\/\\\/rideon.es\\\/renting-empresas\\\/space-menorca\\\/#primaryimage\"},\"thumbnailUrl\":\"\",\"datePublished\":\"2016-11-10T12:43:06+00:00\",\"description\":\"La discoteca Space Menorca, en el Puerto de Ciutadella: una recomendaci\u00f3n para nuestros clientes de alquiler de motos en Menorca\",\"inLanguage\":\"es\",\"potentialAction\":[{\"@type\":\"ReadAction\",\"target\":[\"https:\\\/\\\/rideon.es\\\/renting-empresas\\\/space-menorca\\\/\"]}]},{\"@type\":\"ImageObject\",\"inLanguage\":\"es\",\"@id\":\"https:\\\/\\\/rideon.es\\\/renting-empresas\\\/space-menorca\\\/#primaryimage\",\"url\":\"\",\"contentUrl\":\"\"},{\"@type\":\"WebSite\",\"@id\":\"https:\\\/\\\/rideon.es\\\/renting-empresas\\\/#website\",\"url\":\"https:\\\/\\\/rideon.es\\\/renting-empresas\\\/\",\"name\":\"Alquiler de motos mensual y Renting para Empresas\",\"description\":\"Las motos m\u00e1s c\u00f3modas y seguras para disfrutar de tus vacaciones sobre ruedas. Alquiler de motos en Menorca, Mallorca, Barcelona y Valencia con Rideon.es\",\"publisher\":{\"@id\":\"https:\\\/\\\/rideon.es\\\/renting-empresas\\\/#organization\"},\"potentialAction\":[{\"@type\":\"SearchAction\",\"target\":{\"@type\":\"EntryPoint\",\"urlTemplate\":\"https:\\\/\\\/rideon.es\\\/renting-empresas\\\/?s={search_term_string}\"},\"query-input\":{\"@type\":\"PropertyValueSpecification\",\"valueRequired\":true,\"valueName\":\"search_term_string\"}}],\"inLanguage\":\"es\"},{\"@type\":\"Organization\",\"@id\":\"https:\\\/\\\/rideon.es\\\/renting-empresas\\\/#organization\",\"name\":\"Alquiler de motos mensual y Renting para Empresas\",\"url\":\"https:\\\/\\\/rideon.es\\\/renting-empresas\\\/\",\"logo\":{\"@type\":\"ImageObject\",\"inLanguage\":\"es\",\"@id\":\"https:\\\/\\\/rideon.es\\\/renting-empresas\\\/#\\\/schema\\\/logo\\\/image\\\/\",\"url\":\"https:\\\/\\\/rideon.es\\\/renting-empresas\\\/wp-content\\\/uploads\\\/sites\\\/19\\\/2020\\\/02\\\/rideon_logo-200x78-1.png\",\"contentUrl\":\"https:\\\/\\\/rideon.es\\\/renting-empresas\\\/wp-content\\\/uploads\\\/sites\\\/19\\\/2020\\\/02\\\/rideon_logo-200x78-1.png\",\"width\":200,\"height\":78,\"caption\":\"Alquiler de motos mensual y Renting para Empresas\"},\"image\":{\"@id\":\"https:\\\/\\\/rideon.es\\\/renting-empresas\\\/#\\\/schema\\\/logo\\\/image\\\/\"}},{\"@type\":\"Person\",\"@id\":\"https:\\\/\\\/rideon.es\\\/renting-empresas\\\/#\\\/schema\\\/person\\\/48d6770e55c623d929bd20ce295611a7\",\"name\":\"Ride On\",\"image\":{\"@type\":\"ImageObject\",\"inLanguage\":\"es\",\"@id\":\"https:\\\/\\\/secure.gravatar.com\\\/avatar\\\/785e72183089da6a00243c0f0e2d52db79b9983b602219afb07c868943086138?s=96&d=mm&r=g\",\"url\":\"https:\\\/\\\/secure.gravatar.com\\\/avatar\\\/785e72183089da6a00243c0f0e2d52db79b9983b602219afb07c868943086138?s=96&d=mm&r=g\",\"contentUrl\":\"https:\\\/\\\/secure.gravatar.com\\\/avatar\\\/785e72183089da6a00243c0f0e2d52db79b9983b602219afb07c868943086138?s=96&d=mm&r=g\",\"caption\":\"Ride On\"},\"url\":\"https:\\\/\\\/rideon.es\\\/renting-empresas\\\/author\\\/eduardoyauri\\\/\"}]}<\/script>\n<!-- \/ Yoast SEO Premium plugin. -->","yoast_head_json":{"title":"Ocio nocturno en Ciutadella: Space Menorca","description":"La discoteca Space Menorca, en el Puerto de Ciutadella: una recomendaci\u00f3n para nuestros clientes de alquiler de motos en Menorca","robots":{"index":"index","follow":"follow","max-snippet":"max-snippet:-1","max-image-preview":"max-image-preview:large","max-video-preview":"max-video-preview:-1"},"canonical":"https:\/\/rideon.es\/renting-empresas\/space-menorca\/","og_locale":"es_ES","og_type":"article","og_title":"Space Menorca","og_description":"La discoteca Space Menorca, en el Puerto de Ciutadella: una recomendaci\u00f3n para nuestros clientes de alquiler de motos en Menorca","og_url":"https:\/\/rideon.es\/renting-empresas\/space-menorca\/","og_site_name":"Alquiler de motos mensual y Renting para Empresas","article_published_time":"2016-11-10T12:43:06+00:00","author":"Ride On","twitter_card":"summary_large_image","twitter_misc":{"Escrito por":"Ride On","Tiempo de lectura":"2 minutos"},"schema":{"@context":"https:\/\/schema.org","@graph":[{"@type":"Article","@id":"https:\/\/rideon.es\/renting-empresas\/space-menorca\/#article","isPartOf":{"@id":"https:\/\/rideon.es\/renting-empresas\/space-menorca\/"},"author":{"name":"Ride On","@id":"https:\/\/rideon.es\/renting-empresas\/#\/schema\/person\/48d6770e55c623d929bd20ce295611a7"},"headline":"Space Menorca","datePublished":"2016-11-10T12:43:06+00:00","mainEntityOfPage":{"@id":"https:\/\/rideon.es\/renting-empresas\/space-menorca\/"},"wordCount":309,"commentCount":0,"publisher":{"@id":"https:\/\/rideon.es\/renting-empresas\/#organization"},"image":{"@id":"https:\/\/rideon.es\/renting-empresas\/space-menorca\/#primaryimage"},"thumbnailUrl":"","articleSection":["Space discoteca"],"inLanguage":"es","potentialAction":[{"@type":"CommentAction","name":"Comment","target":["https:\/\/rideon.es\/renting-empresas\/space-menorca\/#respond"]}]},{"@type":"WebPage","@id":"https:\/\/rideon.es\/renting-empresas\/space-menorca\/","url":"https:\/\/rideon.es\/renting-empresas\/space-menorca\/","name":"Ocio nocturno en Ciutadella: Space Menorca","isPartOf":{"@id":"https:\/\/rideon.es\/renting-empresas\/#website"},"primaryImageOfPage":{"@id":"https:\/\/rideon.es\/renting-empresas\/space-menorca\/#primaryimage"},"image":{"@id":"https:\/\/rideon.es\/renting-empresas\/space-menorca\/#primaryimage"},"thumbnailUrl":"","datePublished":"2016-11-10T12:43:06+00:00","description":"La discoteca Space Menorca, en el Puerto de Ciutadella: una recomendaci\u00f3n para nuestros clientes de alquiler de motos en Menorca","inLanguage":"es","potentialAction":[{"@type":"ReadAction","target":["https:\/\/rideon.es\/renting-empresas\/space-menorca\/"]}]},{"@type":"ImageObject","inLanguage":"es","@id":"https:\/\/rideon.es\/renting-empresas\/space-menorca\/#primaryimage","url":"","contentUrl":""},{"@type":"WebSite","@id":"https:\/\/rideon.es\/renting-empresas\/#website","url":"https:\/\/rideon.es\/renting-empresas\/","name":"Alquiler de motos mensual y Renting para Empresas","description":"Las motos m\u00e1s c\u00f3modas y seguras para disfrutar de tus vacaciones sobre ruedas. Alquiler de motos en Menorca, Mallorca, Barcelona y Valencia con Rideon.es","publisher":{"@id":"https:\/\/rideon.es\/renting-empresas\/#organization"},"potentialAction":[{"@type":"SearchAction","target":{"@type":"EntryPoint","urlTemplate":"https:\/\/rideon.es\/renting-empresas\/?s={search_term_string}"},"query-input":{"@type":"PropertyValueSpecification","valueRequired":true,"valueName":"search_term_string"}}],"inLanguage":"es"},{"@type":"Organization","@id":"https:\/\/rideon.es\/renting-empresas\/#organization","name":"Alquiler de motos mensual y Renting para Empresas","url":"https:\/\/rideon.es\/renting-empresas\/","logo":{"@type":"ImageObject","inLanguage":"es","@id":"https:\/\/rideon.es\/renting-empresas\/#\/schema\/logo\/image\/","url":"https:\/\/rideon.es\/renting-empresas\/wp-content\/uploads\/sites\/19\/2020\/02\/rideon_logo-200x78-1.png","contentUrl":"https:\/\/rideon.es\/renting-empresas\/wp-content\/uploads\/sites\/19\/2020\/02\/rideon_logo-200x78-1.png","width":200,"height":78,"caption":"Alquiler de motos mensual y Renting para Empresas"},"image":{"@id":"https:\/\/rideon.es\/renting-empresas\/#\/schema\/logo\/image\/"}},{"@type":"Person","@id":"https:\/\/rideon.es\/renting-empresas\/#\/schema\/person\/48d6770e55c623d929bd20ce295611a7","name":"Ride On","image":{"@type":"ImageObject","inLanguage":"es","@id":"https:\/\/secure.gravatar.com\/avatar\/785e72183089da6a00243c0f0e2d52db79b9983b602219afb07c868943086138?s=96&d=mm&r=g","url":"https:\/\/secure.gravatar.com\/avatar\/785e72183089da6a00243c0f0e2d52db79b9983b602219afb07c868943086138?s=96&d=mm&r=g","contentUrl":"https:\/\/secure.gravatar.com\/avatar\/785e72183089da6a00243c0f0e2d52db79b9983b602219afb07c868943086138?s=96&d=mm&r=g","caption":"Ride On"},"url":"https:\/\/rideon.es\/renting-empresas\/author\/eduardoyauri\/"}]}},"_links":{"self":[{"href":"https:\/\/rideon.es\/renting-empresas\/wp-json\/wp\/v2\/posts\/1177","targetHints":{"allow":["GET"]}}],"collection":[{"href":"https:\/\/rideon.es\/renting-empresas\/wp-json\/wp\/v2\/posts"}],"about":[{"href":"https:\/\/rideon.es\/renting-empresas\/wp-json\/wp\/v2\/types\/post"}],"author":[{"embeddable":true,"href":"https:\/\/rideon.es\/renting-empresas\/wp-json\/wp\/v2\/users\/2"}],"replies":[{"embeddable":true,"href":"https:\/\/rideon.es\/renting-empresas\/wp-json\/wp\/v2\/comments?post=1177"}],"version-history":[{"count":0,"href":"https:\/\/rideon.es\/renting-empresas\/wp-json\/wp\/v2\/posts\/1177\/revisions"}],"wp:featuredmedia":[{"embeddable":true,"href":"https:\/\/rideon.es\/renting-empresas\/wp-json\/"}],"wp:attachment":[{"href":"https:\/\/rideon.es\/renting-empresas\/wp-json\/wp\/v2\/media?parent=1177"}],"wp:term":[{"taxonomy":"category","embeddable":true,"href":"https:\/\/rideon.es\/renting-empresas\/wp-json\/wp\/v2\/categories?post=1177"},{"taxonomy":"post_tag","embeddable":true,"href":"https:\/\/rideon.es\/renting-empresas\/wp-json\/wp\/v2\/tags?post=1177"}],"curies":[{"name":"wp","href":"https:\/\/api.w.org\/{rel}","templated":true}]}}