{"id":1174,"date":"2016-11-10T12:40:38","date_gmt":"2016-11-10T12:40:38","guid":{"rendered":"https:\/\/rideon.es\/?p=1174"},"modified":"2016-11-10T12:40:38","modified_gmt":"2016-11-10T12:40:38","slug":"liceu-y-iglesia-santa-maria-del-pi","status":"publish","type":"post","link":"https:\/\/rideon.es\/renting-empresas\/liceu-y-iglesia-santa-maria-del-pi\/","title":{"rendered":"Liceu y iglesia santa Maria del PI"},"content":{"rendered":"<p><b>El Liceo de Barcelona<\/b><br \/>\n<span style=\"font-weight: 400\">SItuaci\u00f3n: <\/span><a href=\"https:\/\/goo.gl\/maps\/eVDTCd8Dt6s\"><span style=\"font-weight: 400\">https:\/\/goo.gl\/maps\/eVDTCd8Dt6s<\/span><\/a><br \/>\n<span style=\"font-weight: 400\">Contacto: <\/span><a href=\"http:\/\/www.liceubarcelona.cat\/\"><span style=\"font-weight: 400\">http:\/\/www.liceubarcelona.cat\/<\/span><\/a><br \/>\n<span style=\"font-weight: 400\">La calle m\u00e1s famosa de Barcelona es la Rambla, de ella se ha dicho de todo, que es un torrente continuo de gente, que es un muestrario de la humanidad o la m\u00e1s diversa fauna urbanita que acude a mirar y a ser mirado. Actualmente la rambla no solo es un calle, se ha convertido en un escenario lleno de espect\u00e1culos. En la orilla de la rambla se encuentra el escenario con m\u00e1s renombre de la ciudad condal, el Liceo. Visita la la ciudad de Barcelona con tu <\/span><a href=\"https:\/\/rideon.es\/barcelona\"><span style=\"font-weight: 400\">alquiler motos Barcelona<\/span><\/a><span style=\"font-weight: 400\"> RIdeon<\/span><br \/>\n<img decoding=\"async\" class=\"img-responsive\" src=\"http:\/\/www.rideonmotorent.com\/wp-content\/uploads\/2016\/10\/teatro-liceu-Barcelona.jpg\" alt=\"Teatro Liceu Barcelona\" width=\"100%\" \/><br \/>\n<span style=\"font-weight: 400\">Renacido de sus propias cenizas, el Liceu es no solo uno de los teatros de referencia de \u00d3pera a nivel mundial, sino toda una instituci\u00f3n, especialmente para una ciudad que tiene una vocaci\u00f3n musical sobresaliente. Debe resaltarse que en el mismo edificio convive junto al teatro, el Conservatorio Superior de M\u00fasica del Liceo y el C\u00edrculo del Liceo, una sociedad civil privada independiente creada en el a\u00f1o 1847, propietaria de un sector del edificio que no ha sido afectado por ninguno de los incendios y que conserva su decoraci\u00f3n modernista como ejemplo de la implicaci\u00f3n de la burgues\u00eda catalana en las actividades culturales.<\/span><br \/>\n&nbsp;<br \/>\n<img decoding=\"async\" class=\"img-responsive\" src=\"http:\/\/www.rideonmotorent.com\/wp-content\/uploads\/2016\/10\/liceu-inteior.jpg\" alt=\"Teatro Liceu Barcelona interior\" width=\"100%\" \/><br \/>\n<span style=\"font-weight: 400\">Tras el incendio de 1994, el teatro fue reconstruido, siguiendo el proyecto y la direcci\u00f3n de los arquitectos Ignasi de Sol\u00e0 Morales, Xavier Fabr\u00e9 y Llu\u00eds Dilm\u00e9, y se volvi\u00f3 a inaugurar en el a\u00f1o 1999. La reconstrucci\u00f3n respet\u00f3 el ambiente de la sala y ampli\u00f3 considerablemente el escenario para adaptarlo a las m\u00e1s modernas especificaciones, para lo que hubo que demoler diversas casas que rodeaban el teatro. Descubre Barcelona de la forma m\u00e1s c\u00f3moda y r\u00e1pida con Rideon, tu <\/span><a href=\"https:\/\/rideon.es\/barcelona\"><span style=\"font-weight: 400\">alquiler motos Barcelona<\/span><\/a><span style=\"font-weight: 400\">.<\/span><br \/>\n&nbsp;<br \/>\n<img decoding=\"async\" class=\"img-responsive\" src=\"http:\/\/www.rideonmotorent.com\/wp-content\/uploads\/2016\/10\/fachada-liceo-barcelona.jpg\" alt=\"Fachada Teatro Liceu Barcelona\" width=\"100%\" \/><br \/>\n<span style=\"font-weight: 400\">El Liceo tiene doce niveles, tres fachadas y una medianera, y dispone de una cubierta plana en el extremo triangular de las Ramblas con la calle de San Pablo y otras cubiertas planas a diferentes niveles en el resto del nuevo edificio.<\/span><br \/>\n<span style=\"font-weight: 400\">Se deben evaluar las tres fachadas, entendidas como elemento principal que define el espacio p\u00fablico y urbano, como el di\u00e1logo y el ejercicio de una evoluci\u00f3n culta y trabajada y donde se han utilizado unos materiales y una relaci\u00f3n de lleno\/vac\u00edo que confieren una enorme actualidad al debate que supone trabajar con el pasado y sus preexistencias. Una vez m\u00e1s se ha hecho realidad la posibilidad de establecer un di\u00e1logo y no una confrontaci\u00f3n mim\u00e9tica entre el pasado y el presente. Descubre Barcelona de la forma m\u00e1s c\u00f3moda y r\u00e1pida con Rideon, tu <\/span><a href=\"https:\/\/rideon.es\/barcelona\"><span style=\"font-weight: 400\">alquiler motos Barcelona<\/span><\/a><span style=\"font-weight: 400\">.<\/span><br \/>\n&nbsp;<br \/>\n<b>Comer en Ultramarinos <\/b><br \/>\n<span style=\"font-weight: 400\">SItuaci\u00f3n: <\/span><a href=\"https:\/\/goo.gl\/maps\/WHJoRtq5dhB2\"><span style=\"font-weight: 400\">https:\/\/goo.gl\/maps\/WHJoRtq5dhB2<\/span><\/a><br \/>\n<span style=\"font-weight: 400\">Contacto: <\/span><a href=\"http:\/\/www.ultramarinosbarcelona.com\/\"><span style=\"font-weight: 400\">http:\/\/www.ultramarinosbarcelona.com\/<\/span><\/a><br \/>\n&nbsp;<br \/>\n<span style=\"font-weight: 400\">Ultramarinos se encuentra en pleno centro de Barcelona y en uno de los lugares m\u00e1s emblem\u00e1ticos de la ciudad, La Rambla. Se trata de un magn\u00edfico espacio gastron\u00f3mico dise\u00f1ado por el reconocido L\u00e1zaro Rosa-Viol\u00e1n. El interiorista ha hecho de un espacio rec\u00f3ndito un sitio para divertirse, creando un entorno jovial ba\u00f1ado de luz natural que alumbra una amplia sala a trav\u00e9s de un mosaico de claraboyas. Ultramarinos se erige como el bar de tapas de moda en Barcelona, aunando con estilo y sofisticaci\u00f3n una cocina abierta y una sofisticada barra de c\u00f3cteles. El local te ofrece tambi\u00e9n la posibilidad de gozar de una divertida terraza mientras eres testigo del ajetreo de la Rambla.<\/span><br \/>\n<img decoding=\"async\" class=\"img-responsive\" src=\"http:\/\/www.rideonmotorent.com\/wp-content\/uploads\/2016\/10\/interior-ultramarinos-Barcelona.jpg\" alt=\"Restaurante ultramarinos Barcelona\" width=\"100%\" \/><br \/>\n<span style=\"font-weight: 400\">Disfruta con nosotros de una deliciosa carta de c\u00f3cteles creados por los mejores baristas de la ciudad, ven a tomarte unas tapas, del\u00e9itate con el marisco de la Llotja barcelonesa y de nuestros productos de km 0. Te esperamos los domingos para comer una aut\u00e9ntica paella y probar vinos D.O. tra\u00eddos de las mejores bodegas naturales, biodin\u00e1micas y org\u00e1nicas del pa\u00eds.<\/span><br \/>\n&nbsp;<br \/>\n<img decoding=\"async\" class=\"img-responsive\" src=\"http:\/\/www.rideonmotorent.com\/wp-content\/uploads\/2016\/10\/interior-barra-ultramarinos-barcelona.jpg\" alt=\"Restaurante ultramarinos Barcelona interior\" width=\"100%\" \/><br \/>\n<span style=\"font-weight: 400\">Un espacio de 800m2 da cabida a todos los gustos. Puedes ver a sus chefs trabajar desde una barra hecha con madera natural o pasar una velada agradable en la sala central, la que quiere hacer un homenaje a las fiestas de verbena espa\u00f1olas. Ultramarinos sirve modestos pero frescos, sabrosos y aut\u00e9nticos platos; todos ellos elaborados con los mejores productos nacionales. <\/span><br \/>\n<span style=\"font-weight: 400\">Se puede dar un paseo por Castilla y Le\u00f3n con un sensacional cordero lechal o sentirse como en Galicia degustando el chulet\u00f3n de vaca vieja, se puede incluso navegar por las costas catalanas y encontrar el mejor marisco fresco del d\u00eda. Aunque tambi\u00e9n se puede viajar m\u00e1s lejos y pedir el secreto ib\u00e9rico con mojo pic\u00f3n canario o quedarse en casa acompa\u00f1ado de un consagrado plato barcelon\u00e9s, los bu\u00f1uelos de bacalao con alioli de miel.<\/span><br \/>\n&nbsp;<br \/>\n<b>Iglesia de Santa Mar\u00eda del Pi<\/b><br \/>\n<span style=\"font-weight: 400\">SItuaci\u00f3n: <\/span><a href=\"https:\/\/goo.gl\/maps\/k1SCKt8z8L82\"><span style=\"font-weight: 400\">https:\/\/goo.gl\/maps\/k1SCKt8z8L82<\/span><\/a><br \/>\n<span style=\"font-weight: 400\">Contacto: <\/span><a href=\"http:\/\/basilicadelpi.com\/?lang=es\"><span style=\"font-weight: 400\">http:\/\/basilicadelpi.com\/?lang=es<\/span><\/a><br \/>\n<span style=\"font-weight: 400\">Por la tarde recomendamos coger el <\/span><a href=\"https:\/\/rideon.es\/barcelona\"><span style=\"font-weight: 400\">alquiler moto Barcelona<\/span><\/a><span style=\"font-weight: 400\"> y visitar la Igl\u00e7esia de Santa Maria del Pi, el edificio ha sido construido como una brecha para que el campanario sea contemplado desde la rambla, es un buen ejemplo de construcci\u00f3n pensada en la mirada. La plaza del pi d\u00f3nde est\u00e1 la iglesia g\u00f3tica con el mismo nombre, es hoy un entra\u00f1able rinc\u00f3n del casco viejo barcelon\u00e9s. <\/span><br \/>\n<img decoding=\"async\" class=\"img-responsive\" src=\"http:\/\/www.rideonmotorent.com\/wp-content\/uploads\/2016\/10\/Bas\u00edlica-santa-maria-del-pi-barcelona.jpg\" alt=\"Iglesia de Santa Maria del Pi Barcelona\" width=\"100%\" \/><br \/>\n<span style=\"font-weight: 400\"> La primera referencia fiable sobre Santa Maria del Pi corresponde al a\u00f1o 987. A partir de este y de otros testamentos sacramentales, se sabe que la iglesia ten\u00eda, como m\u00ednimo, tres altares, que deb\u00edan estar dispuestos en bater\u00eda al transepto, como es habitual en las iglesias rom\u00e1nicas: uno central, dedicado a la Virgen y dos laterales dedicados a San Clemente y San Pancracio. <\/span><br \/>\n<span style=\"font-weight: 400\">Adem\u00e1s, consta la existencia de un beneficio dedicado a San Juan anterior a 1248. Por otra parte, se puede constatar un portal rom\u00e1nico a partir de una serie de elementos escult\u00f3ricos, como capiteles, impostas de ornamentaci\u00f3n vegetal o figurada, de una calidad notable, que se integraron en los portales g\u00f3ticos y que se pueden fechar hacia mediados del siglo XII. <\/span><span style=\"font-weight: 400\">Descubre Barcelona de la forma m\u00e1s c\u00f3moda y r\u00e1pida con Rideon, tu <\/span><a href=\"https:\/\/rideon.es\/barcelona\"><span style=\"font-weight: 400\">alquiler motos Barcelona<\/span><\/a><span style=\"font-weight: 400\">.<\/span><br \/>\n&nbsp;<br \/>\n<img decoding=\"async\" class=\"img-responsive\" src=\"http:\/\/www.rideonmotorent.com\/wp-content\/uploads\/2016\/10\/interior-basilica-delpi-barcelona.jpg\" alt=\"Iglesia de Santa Maria del Pi Barcelona Interior\" width=\"100%\" \/><br \/>\n<span style=\"font-weight: 400\">La inauguraci\u00f3n del Museo y Tesoro de la bas\u00edlica, en 2011, pretende poner de relieve todos estos valores, herederos de los m\u00e1s de 1000 a\u00f1os de historia de Santa Maria del Pi, e invita a descubrir la iglesia tanto a sus vecinos como a quienes de fuera, vienen a visitarla. Con \u00e9l se abre una nueva etapa en la vida de esta parroquia, que mira al futuro con esperanza e ilusi\u00f3n.<\/span><br \/>\n<span style=\"font-weight: 400\">Para m\u00e1s informaci\u00f3n visiten nuestro <\/span><a href=\"https:\/\/rideon.es\/barcelona\/\"><span style=\"font-weight: 400\">Blog de informaci\u00f3n Tur\u00edstica a Barcelona<\/span><\/a><span style=\"font-weight: 400\">, para reservas online de motos de alquiler Mallorca pueden visitar nuestra web <\/span><a href=\"http:\/\/www.rideonmotorent.com\/\"><span style=\"font-weight: 400\">www.rideonmotorent.com<\/span><\/a><br \/>\n&nbsp;<\/p>\n","protected":false},"excerpt":{"rendered":"<p>El Liceo de Barcelona SItuaci\u00f3n: https:\/\/goo.gl\/maps\/eVDTCd8Dt6s Contacto: http:\/\/www.liceubarcelona.cat\/ La calle m\u00e1s famosa de Barcelona es la Rambla, de ella se ha dicho de todo, que es un torrente continuo de gente, que es un muestrario de la humanidad o la m\u00e1s diversa fauna urbanita que acude a mirar y a ser mirado. Actualmente la rambla<\/p>\n","protected":false},"author":2,"featured_media":1523,"comment_status":"open","ping_status":"closed","sticky":false,"template":"","format":"standard","meta":{"inline_featured_image":false,"footnotes":""},"categories":[9],"tags":[],"class_list":["post-1174","post","type-post","status-publish","format-standard","has-post-thumbnail","hentry","category-barcelona"],"yoast_head":"<!-- This site is optimized with the Yoast SEO Premium plugin v18.7 (Yoast SEO v27.5) - https:\/\/yoast.com\/product\/yoast-seo-premium-wordpress\/ -->\n<title>Liceu y iglesia santa Maria del PI - Alquiler de motos mensual y Renting para Empresas<\/title>\n<meta name=\"description\" content=\"Descubre con RIdeon Barcelona el Liceu y la ig\u00e9sia g\u00f3tica de Santa Mar\u00eda del Pi. Con Rideon moverte por Barcelona es m\u00e1s f\u00e1cil que nunca. Alquila ya tu Moto\" \/>\n<meta name=\"robots\" content=\"index, follow, max-snippet:-1, max-image-preview:large, max-video-preview:-1\" \/>\n<link rel=\"canonical\" href=\"https:\/\/rideon.es\/renting-empresas\/liceu-y-iglesia-santa-maria-del-pi\/\" \/>\n<meta property=\"og:locale\" content=\"es_ES\" \/>\n<meta property=\"og:type\" content=\"article\" \/>\n<meta property=\"og:title\" content=\"Liceu y iglesia santa Maria del PI\" \/>\n<meta property=\"og:description\" content=\"Descubre con RIdeon Barcelona el Liceu y la ig\u00e9sia g\u00f3tica de Santa Mar\u00eda del Pi. Con Rideon moverte por Barcelona es m\u00e1s f\u00e1cil que nunca. Alquila ya tu Moto\" \/>\n<meta property=\"og:url\" content=\"https:\/\/rideon.es\/renting-empresas\/liceu-y-iglesia-santa-maria-del-pi\/\" \/>\n<meta property=\"og:site_name\" content=\"Alquiler de motos mensual y Renting para Empresas\" \/>\n<meta property=\"article:published_time\" content=\"2016-11-10T12:40:38+00:00\" \/>\n<meta name=\"author\" content=\"Ride On\" \/>\n<meta name=\"twitter:card\" content=\"summary_large_image\" \/>\n<meta name=\"twitter:label1\" content=\"Escrito por\" \/>\n\t<meta name=\"twitter:data1\" content=\"Ride On\" \/>\n\t<meta name=\"twitter:label2\" content=\"Tiempo de lectura\" \/>\n\t<meta name=\"twitter:data2\" content=\"6 minutos\" \/>\n<script type=\"application\/ld+json\" class=\"yoast-schema-graph\">{\"@context\":\"https:\\\/\\\/schema.org\",\"@graph\":[{\"@type\":\"Article\",\"@id\":\"https:\\\/\\\/rideon.es\\\/renting-empresas\\\/liceu-y-iglesia-santa-maria-del-pi\\\/#article\",\"isPartOf\":{\"@id\":\"https:\\\/\\\/rideon.es\\\/renting-empresas\\\/liceu-y-iglesia-santa-maria-del-pi\\\/\"},\"author\":{\"name\":\"Ride On\",\"@id\":\"https:\\\/\\\/rideon.es\\\/renting-empresas\\\/#\\\/schema\\\/person\\\/48d6770e55c623d929bd20ce295611a7\"},\"headline\":\"Liceu y iglesia santa Maria del PI\",\"datePublished\":\"2016-11-10T12:40:38+00:00\",\"mainEntityOfPage\":{\"@id\":\"https:\\\/\\\/rideon.es\\\/renting-empresas\\\/liceu-y-iglesia-santa-maria-del-pi\\\/\"},\"wordCount\":1188,\"commentCount\":0,\"publisher\":{\"@id\":\"https:\\\/\\\/rideon.es\\\/renting-empresas\\\/#organization\"},\"image\":{\"@id\":\"https:\\\/\\\/rideon.es\\\/renting-empresas\\\/liceu-y-iglesia-santa-maria-del-pi\\\/#primaryimage\"},\"thumbnailUrl\":\"\",\"articleSection\":[\"Barcelona\"],\"inLanguage\":\"es\",\"potentialAction\":[{\"@type\":\"CommentAction\",\"name\":\"Comment\",\"target\":[\"https:\\\/\\\/rideon.es\\\/renting-empresas\\\/liceu-y-iglesia-santa-maria-del-pi\\\/#respond\"]}]},{\"@type\":\"WebPage\",\"@id\":\"https:\\\/\\\/rideon.es\\\/renting-empresas\\\/liceu-y-iglesia-santa-maria-del-pi\\\/\",\"url\":\"https:\\\/\\\/rideon.es\\\/renting-empresas\\\/liceu-y-iglesia-santa-maria-del-pi\\\/\",\"name\":\"Liceu y iglesia santa Maria del PI - Alquiler de motos mensual y Renting para Empresas\",\"isPartOf\":{\"@id\":\"https:\\\/\\\/rideon.es\\\/renting-empresas\\\/#website\"},\"primaryImageOfPage\":{\"@id\":\"https:\\\/\\\/rideon.es\\\/renting-empresas\\\/liceu-y-iglesia-santa-maria-del-pi\\\/#primaryimage\"},\"image\":{\"@id\":\"https:\\\/\\\/rideon.es\\\/renting-empresas\\\/liceu-y-iglesia-santa-maria-del-pi\\\/#primaryimage\"},\"thumbnailUrl\":\"\",\"datePublished\":\"2016-11-10T12:40:38+00:00\",\"description\":\"Descubre con RIdeon Barcelona el Liceu y la ig\u00e9sia g\u00f3tica de Santa Mar\u00eda del Pi. Con Rideon moverte por Barcelona es m\u00e1s f\u00e1cil que nunca. Alquila ya tu Moto\",\"inLanguage\":\"es\",\"potentialAction\":[{\"@type\":\"ReadAction\",\"target\":[\"https:\\\/\\\/rideon.es\\\/renting-empresas\\\/liceu-y-iglesia-santa-maria-del-pi\\\/\"]}]},{\"@type\":\"ImageObject\",\"inLanguage\":\"es\",\"@id\":\"https:\\\/\\\/rideon.es\\\/renting-empresas\\\/liceu-y-iglesia-santa-maria-del-pi\\\/#primaryimage\",\"url\":\"\",\"contentUrl\":\"\"},{\"@type\":\"WebSite\",\"@id\":\"https:\\\/\\\/rideon.es\\\/renting-empresas\\\/#website\",\"url\":\"https:\\\/\\\/rideon.es\\\/renting-empresas\\\/\",\"name\":\"Alquiler de motos mensual y Renting para Empresas\",\"description\":\"Las motos m\u00e1s c\u00f3modas y seguras para disfrutar de tus vacaciones sobre ruedas. Alquiler de motos en Menorca, Mallorca, Barcelona y Valencia con Rideon.es\",\"publisher\":{\"@id\":\"https:\\\/\\\/rideon.es\\\/renting-empresas\\\/#organization\"},\"potentialAction\":[{\"@type\":\"SearchAction\",\"target\":{\"@type\":\"EntryPoint\",\"urlTemplate\":\"https:\\\/\\\/rideon.es\\\/renting-empresas\\\/?s={search_term_string}\"},\"query-input\":{\"@type\":\"PropertyValueSpecification\",\"valueRequired\":true,\"valueName\":\"search_term_string\"}}],\"inLanguage\":\"es\"},{\"@type\":\"Organization\",\"@id\":\"https:\\\/\\\/rideon.es\\\/renting-empresas\\\/#organization\",\"name\":\"Alquiler de motos mensual y Renting para Empresas\",\"url\":\"https:\\\/\\\/rideon.es\\\/renting-empresas\\\/\",\"logo\":{\"@type\":\"ImageObject\",\"inLanguage\":\"es\",\"@id\":\"https:\\\/\\\/rideon.es\\\/renting-empresas\\\/#\\\/schema\\\/logo\\\/image\\\/\",\"url\":\"https:\\\/\\\/rideon.es\\\/renting-empresas\\\/wp-content\\\/uploads\\\/sites\\\/19\\\/2020\\\/02\\\/rideon_logo-200x78-1.png\",\"contentUrl\":\"https:\\\/\\\/rideon.es\\\/renting-empresas\\\/wp-content\\\/uploads\\\/sites\\\/19\\\/2020\\\/02\\\/rideon_logo-200x78-1.png\",\"width\":200,\"height\":78,\"caption\":\"Alquiler de motos mensual y Renting para Empresas\"},\"image\":{\"@id\":\"https:\\\/\\\/rideon.es\\\/renting-empresas\\\/#\\\/schema\\\/logo\\\/image\\\/\"}},{\"@type\":\"Person\",\"@id\":\"https:\\\/\\\/rideon.es\\\/renting-empresas\\\/#\\\/schema\\\/person\\\/48d6770e55c623d929bd20ce295611a7\",\"name\":\"Ride On\",\"image\":{\"@type\":\"ImageObject\",\"inLanguage\":\"es\",\"@id\":\"https:\\\/\\\/secure.gravatar.com\\\/avatar\\\/785e72183089da6a00243c0f0e2d52db79b9983b602219afb07c868943086138?s=96&d=mm&r=g\",\"url\":\"https:\\\/\\\/secure.gravatar.com\\\/avatar\\\/785e72183089da6a00243c0f0e2d52db79b9983b602219afb07c868943086138?s=96&d=mm&r=g\",\"contentUrl\":\"https:\\\/\\\/secure.gravatar.com\\\/avatar\\\/785e72183089da6a00243c0f0e2d52db79b9983b602219afb07c868943086138?s=96&d=mm&r=g\",\"caption\":\"Ride On\"},\"url\":\"https:\\\/\\\/rideon.es\\\/renting-empresas\\\/author\\\/eduardoyauri\\\/\"}]}<\/script>\n<!-- \/ Yoast SEO Premium plugin. -->","yoast_head_json":{"title":"Liceu y iglesia santa Maria del PI - Alquiler de motos mensual y Renting para Empresas","description":"Descubre con RIdeon Barcelona el Liceu y la ig\u00e9sia g\u00f3tica de Santa Mar\u00eda del Pi. Con Rideon moverte por Barcelona es m\u00e1s f\u00e1cil que nunca. Alquila ya tu Moto","robots":{"index":"index","follow":"follow","max-snippet":"max-snippet:-1","max-image-preview":"max-image-preview:large","max-video-preview":"max-video-preview:-1"},"canonical":"https:\/\/rideon.es\/renting-empresas\/liceu-y-iglesia-santa-maria-del-pi\/","og_locale":"es_ES","og_type":"article","og_title":"Liceu y iglesia santa Maria del PI","og_description":"Descubre con RIdeon Barcelona el Liceu y la ig\u00e9sia g\u00f3tica de Santa Mar\u00eda del Pi. Con Rideon moverte por Barcelona es m\u00e1s f\u00e1cil que nunca. Alquila ya tu Moto","og_url":"https:\/\/rideon.es\/renting-empresas\/liceu-y-iglesia-santa-maria-del-pi\/","og_site_name":"Alquiler de motos mensual y Renting para Empresas","article_published_time":"2016-11-10T12:40:38+00:00","author":"Ride On","twitter_card":"summary_large_image","twitter_misc":{"Escrito por":"Ride On","Tiempo de lectura":"6 minutos"},"schema":{"@context":"https:\/\/schema.org","@graph":[{"@type":"Article","@id":"https:\/\/rideon.es\/renting-empresas\/liceu-y-iglesia-santa-maria-del-pi\/#article","isPartOf":{"@id":"https:\/\/rideon.es\/renting-empresas\/liceu-y-iglesia-santa-maria-del-pi\/"},"author":{"name":"Ride On","@id":"https:\/\/rideon.es\/renting-empresas\/#\/schema\/person\/48d6770e55c623d929bd20ce295611a7"},"headline":"Liceu y iglesia santa Maria del PI","datePublished":"2016-11-10T12:40:38+00:00","mainEntityOfPage":{"@id":"https:\/\/rideon.es\/renting-empresas\/liceu-y-iglesia-santa-maria-del-pi\/"},"wordCount":1188,"commentCount":0,"publisher":{"@id":"https:\/\/rideon.es\/renting-empresas\/#organization"},"image":{"@id":"https:\/\/rideon.es\/renting-empresas\/liceu-y-iglesia-santa-maria-del-pi\/#primaryimage"},"thumbnailUrl":"","articleSection":["Barcelona"],"inLanguage":"es","potentialAction":[{"@type":"CommentAction","name":"Comment","target":["https:\/\/rideon.es\/renting-empresas\/liceu-y-iglesia-santa-maria-del-pi\/#respond"]}]},{"@type":"WebPage","@id":"https:\/\/rideon.es\/renting-empresas\/liceu-y-iglesia-santa-maria-del-pi\/","url":"https:\/\/rideon.es\/renting-empresas\/liceu-y-iglesia-santa-maria-del-pi\/","name":"Liceu y iglesia santa Maria del PI - Alquiler de motos mensual y Renting para Empresas","isPartOf":{"@id":"https:\/\/rideon.es\/renting-empresas\/#website"},"primaryImageOfPage":{"@id":"https:\/\/rideon.es\/renting-empresas\/liceu-y-iglesia-santa-maria-del-pi\/#primaryimage"},"image":{"@id":"https:\/\/rideon.es\/renting-empresas\/liceu-y-iglesia-santa-maria-del-pi\/#primaryimage"},"thumbnailUrl":"","datePublished":"2016-11-10T12:40:38+00:00","description":"Descubre con RIdeon Barcelona el Liceu y la ig\u00e9sia g\u00f3tica de Santa Mar\u00eda del Pi. Con Rideon moverte por Barcelona es m\u00e1s f\u00e1cil que nunca. Alquila ya tu Moto","inLanguage":"es","potentialAction":[{"@type":"ReadAction","target":["https:\/\/rideon.es\/renting-empresas\/liceu-y-iglesia-santa-maria-del-pi\/"]}]},{"@type":"ImageObject","inLanguage":"es","@id":"https:\/\/rideon.es\/renting-empresas\/liceu-y-iglesia-santa-maria-del-pi\/#primaryimage","url":"","contentUrl":""},{"@type":"WebSite","@id":"https:\/\/rideon.es\/renting-empresas\/#website","url":"https:\/\/rideon.es\/renting-empresas\/","name":"Alquiler de motos mensual y Renting para Empresas","description":"Las motos m\u00e1s c\u00f3modas y seguras para disfrutar de tus vacaciones sobre ruedas. Alquiler de motos en Menorca, Mallorca, Barcelona y Valencia con Rideon.es","publisher":{"@id":"https:\/\/rideon.es\/renting-empresas\/#organization"},"potentialAction":[{"@type":"SearchAction","target":{"@type":"EntryPoint","urlTemplate":"https:\/\/rideon.es\/renting-empresas\/?s={search_term_string}"},"query-input":{"@type":"PropertyValueSpecification","valueRequired":true,"valueName":"search_term_string"}}],"inLanguage":"es"},{"@type":"Organization","@id":"https:\/\/rideon.es\/renting-empresas\/#organization","name":"Alquiler de motos mensual y Renting para Empresas","url":"https:\/\/rideon.es\/renting-empresas\/","logo":{"@type":"ImageObject","inLanguage":"es","@id":"https:\/\/rideon.es\/renting-empresas\/#\/schema\/logo\/image\/","url":"https:\/\/rideon.es\/renting-empresas\/wp-content\/uploads\/sites\/19\/2020\/02\/rideon_logo-200x78-1.png","contentUrl":"https:\/\/rideon.es\/renting-empresas\/wp-content\/uploads\/sites\/19\/2020\/02\/rideon_logo-200x78-1.png","width":200,"height":78,"caption":"Alquiler de motos mensual y Renting para Empresas"},"image":{"@id":"https:\/\/rideon.es\/renting-empresas\/#\/schema\/logo\/image\/"}},{"@type":"Person","@id":"https:\/\/rideon.es\/renting-empresas\/#\/schema\/person\/48d6770e55c623d929bd20ce295611a7","name":"Ride On","image":{"@type":"ImageObject","inLanguage":"es","@id":"https:\/\/secure.gravatar.com\/avatar\/785e72183089da6a00243c0f0e2d52db79b9983b602219afb07c868943086138?s=96&d=mm&r=g","url":"https:\/\/secure.gravatar.com\/avatar\/785e72183089da6a00243c0f0e2d52db79b9983b602219afb07c868943086138?s=96&d=mm&r=g","contentUrl":"https:\/\/secure.gravatar.com\/avatar\/785e72183089da6a00243c0f0e2d52db79b9983b602219afb07c868943086138?s=96&d=mm&r=g","caption":"Ride On"},"url":"https:\/\/rideon.es\/renting-empresas\/author\/eduardoyauri\/"}]}},"_links":{"self":[{"href":"https:\/\/rideon.es\/renting-empresas\/wp-json\/wp\/v2\/posts\/1174","targetHints":{"allow":["GET"]}}],"collection":[{"href":"https:\/\/rideon.es\/renting-empresas\/wp-json\/wp\/v2\/posts"}],"about":[{"href":"https:\/\/rideon.es\/renting-empresas\/wp-json\/wp\/v2\/types\/post"}],"author":[{"embeddable":true,"href":"https:\/\/rideon.es\/renting-empresas\/wp-json\/wp\/v2\/users\/2"}],"replies":[{"embeddable":true,"href":"https:\/\/rideon.es\/renting-empresas\/wp-json\/wp\/v2\/comments?post=1174"}],"version-history":[{"count":0,"href":"https:\/\/rideon.es\/renting-empresas\/wp-json\/wp\/v2\/posts\/1174\/revisions"}],"wp:featuredmedia":[{"embeddable":true,"href":"https:\/\/rideon.es\/renting-empresas\/wp-json\/"}],"wp:attachment":[{"href":"https:\/\/rideon.es\/renting-empresas\/wp-json\/wp\/v2\/media?parent=1174"}],"wp:term":[{"taxonomy":"category","embeddable":true,"href":"https:\/\/rideon.es\/renting-empresas\/wp-json\/wp\/v2\/categories?post=1174"},{"taxonomy":"post_tag","embeddable":true,"href":"https:\/\/rideon.es\/renting-empresas\/wp-json\/wp\/v2\/tags?post=1174"}],"curies":[{"name":"wp","href":"https:\/\/api.w.org\/{rel}","templated":true}]}}