{"id":1170,"date":"2016-11-10T12:36:46","date_gmt":"2016-11-10T12:36:46","guid":{"rendered":"https:\/\/rideon.es\/?p=1170"},"modified":"2016-11-10T12:36:46","modified_gmt":"2016-11-10T12:36:46","slug":"las-autenticas-avarques-menorquinas","status":"publish","type":"post","link":"https:\/\/rideon.es\/renting-empresas\/las-autenticas-avarques-menorquinas\/","title":{"rendered":"Las aut\u00e9nticas avarques menorquinas"},"content":{"rendered":"<h2>Las aut\u00e9nticas avarques menorquinas<\/h2>\n<p><b>Menorca<\/b> cuenta con una larga <b>tradici\u00f3n artesana<\/b> y con una gran diversidad de oficios antiguos. Oficios que los <b>artesanos menorquines<\/b> han sabido conservar a lo largo de los a\u00f1os, transmitir sus habilidades y fomentar el gusto por lo tradicional.<br \/>\nEn Menorca existen hasta diecis\u00e9is familias de oficios artesanos. Hay un amplio sector de artesan\u00eda en <b>alimentaci\u00f3n y bebidas, en madera, piedra, cer\u00e1mica, tejidos<\/b>&#8230; y por supuesto, en el sector del <b>calzado y la piel<\/b> que es d\u00f3nde hoy queremos detenernos a trav\u00e9s de la tradicional <b>avarca menorquina<\/b>.<br \/>\n&nbsp;<br \/>\nSe trata del calzado m\u00e1s t\u00edpico y tradicional de Menorca, el calzado que antiguamente se usaba en las <b>zonas rurales<\/b> de la Isla por campesinos y jornaleros. Ninguno de ellos hubiera cre\u00eddo entonces que el calzado r\u00fastico que usaban para transitar por la Isla en verano iba a calzar los pies de toda una familia real&#8230; Pero as\u00ed es. La <b>avarca menorquina<\/b> empez\u00f3 a popularizarse en los a\u00f1os 50 pero fue sin duda la afici\u00f3n de do\u00f1a<b> Sof\u00eda de Borb\u00f3n<\/b> por este calzado, habitual en sus veranos en Mallorca, lo que acab\u00f3 por lanzarla a la fama mundial.<br \/>\nSu dise\u00f1o es sencillo. Una <b>pieza de cuero<\/b> abierta en la punta que se adapta al empeine del pie, y una tira, tambi\u00e9n de piel, que se ajusta en el tal\u00f3n y que permite adem\u00e1s calzarse con dicha tira en el empeine y el tal\u00f3n descubierto.<br \/>\nLas <i>avarques menorquines<\/i> se fabrican prinicpalmente en <b>Ciutadella, Alaior, Es Mercadal y Ferreries<\/b>.<br \/>\n&nbsp;<br \/>\nRecorriendo <a href=\"http:\/\/menorcaenmoto.com\/\">Menorca en moto de alquiler<\/a> vamos a encontrar f\u00e1cilmente las genuinas avarcas menorquinas en las <b>zapater\u00edas tradicionales<\/b> de la Isla, desde la diminuta talla 18 para ni\u00f1os hasta el tallaje m\u00e1s alto para caballeros, <b>en todos los colores<\/b> y con infinidad de motivos decorativos.<br \/>\nPero es importante asegurarse que estamos comprando la <b>aut\u00e9ntica avarca menorquina<\/b> porque dicen que sus imitadoras no encajan correctamente en el tal\u00f3n y, por tanto, no gozan de la <b>comodidad<\/b> que ofrece este calzado para recorrer cualquier tipo de terreno. Incluso se usan en el sector n\u00e1utico.<\/p>\n","protected":false},"excerpt":{"rendered":"<p>Las aut\u00e9nticas avarques menorquinas Menorca cuenta con una larga tradici\u00f3n artesana y con una gran diversidad de oficios antiguos. Oficios que los artesanos menorquines han sabido conservar a lo largo de los a\u00f1os, transmitir sus habilidades y fomentar el gusto por lo tradicional. En Menorca existen hasta diecis\u00e9is familias de oficios artesanos. Hay un amplio<\/p>\n","protected":false},"author":2,"featured_media":1172,"comment_status":"open","ping_status":"closed","sticky":false,"template":"","format":"standard","meta":{"inline_featured_image":false,"footnotes":""},"categories":[16],"tags":[],"class_list":["post-1170","post","type-post","status-publish","format-standard","has-post-thumbnail","hentry","category-avarca-menorquina"],"yoast_head":"<!-- This site is optimized with the Yoast SEO Premium plugin v18.7 (Yoast SEO v27.5) - https:\/\/yoast.com\/product\/yoast-seo-premium-wordpress\/ -->\n<title>Avarcas menorquinas, artesan\u00eda y dise\u00f1o &#039;Made in Menorca&#039;<\/title>\n<meta name=\"description\" content=\"Una ruta en moto de alquiler por Menorca para descubrir uno de sus productos artesanales m\u00e1s famosos, las aut\u00e9nticas avarcas menorquinas\" \/>\n<meta name=\"robots\" content=\"index, follow, max-snippet:-1, max-image-preview:large, max-video-preview:-1\" \/>\n<link rel=\"canonical\" href=\"https:\/\/rideon.es\/renting-empresas\/las-autenticas-avarques-menorquinas\/\" \/>\n<meta property=\"og:locale\" content=\"es_ES\" \/>\n<meta property=\"og:type\" content=\"article\" \/>\n<meta property=\"og:title\" content=\"Las aut\u00e9nticas avarques menorquinas\" \/>\n<meta property=\"og:description\" content=\"Una ruta en moto de alquiler por Menorca para descubrir uno de sus productos artesanales m\u00e1s famosos, las aut\u00e9nticas avarcas menorquinas\" \/>\n<meta property=\"og:url\" content=\"https:\/\/rideon.es\/renting-empresas\/las-autenticas-avarques-menorquinas\/\" \/>\n<meta property=\"og:site_name\" content=\"Alquiler de motos mensual y Renting para Empresas\" \/>\n<meta property=\"article:published_time\" content=\"2016-11-10T12:36:46+00:00\" \/>\n<meta name=\"author\" content=\"Ride On\" \/>\n<meta name=\"twitter:card\" content=\"summary_large_image\" \/>\n<meta name=\"twitter:label1\" content=\"Escrito por\" \/>\n\t<meta name=\"twitter:data1\" content=\"Ride On\" \/>\n\t<meta name=\"twitter:label2\" content=\"Tiempo de lectura\" \/>\n\t<meta name=\"twitter:data2\" content=\"2 minutos\" \/>\n<script type=\"application\/ld+json\" class=\"yoast-schema-graph\">{\"@context\":\"https:\\\/\\\/schema.org\",\"@graph\":[{\"@type\":\"Article\",\"@id\":\"https:\\\/\\\/rideon.es\\\/renting-empresas\\\/las-autenticas-avarques-menorquinas\\\/#article\",\"isPartOf\":{\"@id\":\"https:\\\/\\\/rideon.es\\\/renting-empresas\\\/las-autenticas-avarques-menorquinas\\\/\"},\"author\":{\"name\":\"Ride On\",\"@id\":\"https:\\\/\\\/rideon.es\\\/renting-empresas\\\/#\\\/schema\\\/person\\\/48d6770e55c623d929bd20ce295611a7\"},\"headline\":\"Las aut\u00e9nticas avarques menorquinas\",\"datePublished\":\"2016-11-10T12:36:46+00:00\",\"mainEntityOfPage\":{\"@id\":\"https:\\\/\\\/rideon.es\\\/renting-empresas\\\/las-autenticas-avarques-menorquinas\\\/\"},\"wordCount\":375,\"commentCount\":0,\"publisher\":{\"@id\":\"https:\\\/\\\/rideon.es\\\/renting-empresas\\\/#organization\"},\"image\":{\"@id\":\"https:\\\/\\\/rideon.es\\\/renting-empresas\\\/las-autenticas-avarques-menorquinas\\\/#primaryimage\"},\"thumbnailUrl\":\"\",\"articleSection\":[\"avarca menorquina.\"],\"inLanguage\":\"es\",\"potentialAction\":[{\"@type\":\"CommentAction\",\"name\":\"Comment\",\"target\":[\"https:\\\/\\\/rideon.es\\\/renting-empresas\\\/las-autenticas-avarques-menorquinas\\\/#respond\"]}]},{\"@type\":\"WebPage\",\"@id\":\"https:\\\/\\\/rideon.es\\\/renting-empresas\\\/las-autenticas-avarques-menorquinas\\\/\",\"url\":\"https:\\\/\\\/rideon.es\\\/renting-empresas\\\/las-autenticas-avarques-menorquinas\\\/\",\"name\":\"Avarcas menorquinas, artesan\u00eda y dise\u00f1o 'Made in Menorca'\",\"isPartOf\":{\"@id\":\"https:\\\/\\\/rideon.es\\\/renting-empresas\\\/#website\"},\"primaryImageOfPage\":{\"@id\":\"https:\\\/\\\/rideon.es\\\/renting-empresas\\\/las-autenticas-avarques-menorquinas\\\/#primaryimage\"},\"image\":{\"@id\":\"https:\\\/\\\/rideon.es\\\/renting-empresas\\\/las-autenticas-avarques-menorquinas\\\/#primaryimage\"},\"thumbnailUrl\":\"\",\"datePublished\":\"2016-11-10T12:36:46+00:00\",\"description\":\"Una ruta en moto de alquiler por Menorca para descubrir uno de sus productos artesanales m\u00e1s famosos, las aut\u00e9nticas avarcas menorquinas\",\"inLanguage\":\"es\",\"potentialAction\":[{\"@type\":\"ReadAction\",\"target\":[\"https:\\\/\\\/rideon.es\\\/renting-empresas\\\/las-autenticas-avarques-menorquinas\\\/\"]}]},{\"@type\":\"ImageObject\",\"inLanguage\":\"es\",\"@id\":\"https:\\\/\\\/rideon.es\\\/renting-empresas\\\/las-autenticas-avarques-menorquinas\\\/#primaryimage\",\"url\":\"\",\"contentUrl\":\"\"},{\"@type\":\"WebSite\",\"@id\":\"https:\\\/\\\/rideon.es\\\/renting-empresas\\\/#website\",\"url\":\"https:\\\/\\\/rideon.es\\\/renting-empresas\\\/\",\"name\":\"Alquiler de motos mensual y Renting para Empresas\",\"description\":\"Las motos m\u00e1s c\u00f3modas y seguras para disfrutar de tus vacaciones sobre ruedas. Alquiler de motos en Menorca, Mallorca, Barcelona y Valencia con Rideon.es\",\"publisher\":{\"@id\":\"https:\\\/\\\/rideon.es\\\/renting-empresas\\\/#organization\"},\"potentialAction\":[{\"@type\":\"SearchAction\",\"target\":{\"@type\":\"EntryPoint\",\"urlTemplate\":\"https:\\\/\\\/rideon.es\\\/renting-empresas\\\/?s={search_term_string}\"},\"query-input\":{\"@type\":\"PropertyValueSpecification\",\"valueRequired\":true,\"valueName\":\"search_term_string\"}}],\"inLanguage\":\"es\"},{\"@type\":\"Organization\",\"@id\":\"https:\\\/\\\/rideon.es\\\/renting-empresas\\\/#organization\",\"name\":\"Alquiler de motos mensual y Renting para Empresas\",\"url\":\"https:\\\/\\\/rideon.es\\\/renting-empresas\\\/\",\"logo\":{\"@type\":\"ImageObject\",\"inLanguage\":\"es\",\"@id\":\"https:\\\/\\\/rideon.es\\\/renting-empresas\\\/#\\\/schema\\\/logo\\\/image\\\/\",\"url\":\"https:\\\/\\\/rideon.es\\\/renting-empresas\\\/wp-content\\\/uploads\\\/sites\\\/19\\\/2020\\\/02\\\/rideon_logo-200x78-1.png\",\"contentUrl\":\"https:\\\/\\\/rideon.es\\\/renting-empresas\\\/wp-content\\\/uploads\\\/sites\\\/19\\\/2020\\\/02\\\/rideon_logo-200x78-1.png\",\"width\":200,\"height\":78,\"caption\":\"Alquiler de motos mensual y Renting para Empresas\"},\"image\":{\"@id\":\"https:\\\/\\\/rideon.es\\\/renting-empresas\\\/#\\\/schema\\\/logo\\\/image\\\/\"}},{\"@type\":\"Person\",\"@id\":\"https:\\\/\\\/rideon.es\\\/renting-empresas\\\/#\\\/schema\\\/person\\\/48d6770e55c623d929bd20ce295611a7\",\"name\":\"Ride On\",\"image\":{\"@type\":\"ImageObject\",\"inLanguage\":\"es\",\"@id\":\"https:\\\/\\\/secure.gravatar.com\\\/avatar\\\/785e72183089da6a00243c0f0e2d52db79b9983b602219afb07c868943086138?s=96&d=mm&r=g\",\"url\":\"https:\\\/\\\/secure.gravatar.com\\\/avatar\\\/785e72183089da6a00243c0f0e2d52db79b9983b602219afb07c868943086138?s=96&d=mm&r=g\",\"contentUrl\":\"https:\\\/\\\/secure.gravatar.com\\\/avatar\\\/785e72183089da6a00243c0f0e2d52db79b9983b602219afb07c868943086138?s=96&d=mm&r=g\",\"caption\":\"Ride On\"},\"url\":\"https:\\\/\\\/rideon.es\\\/renting-empresas\\\/author\\\/eduardoyauri\\\/\"}]}<\/script>\n<!-- \/ Yoast SEO Premium plugin. -->","yoast_head_json":{"title":"Avarcas menorquinas, artesan\u00eda y dise\u00f1o 'Made in Menorca'","description":"Una ruta en moto de alquiler por Menorca para descubrir uno de sus productos artesanales m\u00e1s famosos, las aut\u00e9nticas avarcas menorquinas","robots":{"index":"index","follow":"follow","max-snippet":"max-snippet:-1","max-image-preview":"max-image-preview:large","max-video-preview":"max-video-preview:-1"},"canonical":"https:\/\/rideon.es\/renting-empresas\/las-autenticas-avarques-menorquinas\/","og_locale":"es_ES","og_type":"article","og_title":"Las aut\u00e9nticas avarques menorquinas","og_description":"Una ruta en moto de alquiler por Menorca para descubrir uno de sus productos artesanales m\u00e1s famosos, las aut\u00e9nticas avarcas menorquinas","og_url":"https:\/\/rideon.es\/renting-empresas\/las-autenticas-avarques-menorquinas\/","og_site_name":"Alquiler de motos mensual y Renting para Empresas","article_published_time":"2016-11-10T12:36:46+00:00","author":"Ride On","twitter_card":"summary_large_image","twitter_misc":{"Escrito por":"Ride On","Tiempo de lectura":"2 minutos"},"schema":{"@context":"https:\/\/schema.org","@graph":[{"@type":"Article","@id":"https:\/\/rideon.es\/renting-empresas\/las-autenticas-avarques-menorquinas\/#article","isPartOf":{"@id":"https:\/\/rideon.es\/renting-empresas\/las-autenticas-avarques-menorquinas\/"},"author":{"name":"Ride On","@id":"https:\/\/rideon.es\/renting-empresas\/#\/schema\/person\/48d6770e55c623d929bd20ce295611a7"},"headline":"Las aut\u00e9nticas avarques menorquinas","datePublished":"2016-11-10T12:36:46+00:00","mainEntityOfPage":{"@id":"https:\/\/rideon.es\/renting-empresas\/las-autenticas-avarques-menorquinas\/"},"wordCount":375,"commentCount":0,"publisher":{"@id":"https:\/\/rideon.es\/renting-empresas\/#organization"},"image":{"@id":"https:\/\/rideon.es\/renting-empresas\/las-autenticas-avarques-menorquinas\/#primaryimage"},"thumbnailUrl":"","articleSection":["avarca menorquina."],"inLanguage":"es","potentialAction":[{"@type":"CommentAction","name":"Comment","target":["https:\/\/rideon.es\/renting-empresas\/las-autenticas-avarques-menorquinas\/#respond"]}]},{"@type":"WebPage","@id":"https:\/\/rideon.es\/renting-empresas\/las-autenticas-avarques-menorquinas\/","url":"https:\/\/rideon.es\/renting-empresas\/las-autenticas-avarques-menorquinas\/","name":"Avarcas menorquinas, artesan\u00eda y dise\u00f1o 'Made in Menorca'","isPartOf":{"@id":"https:\/\/rideon.es\/renting-empresas\/#website"},"primaryImageOfPage":{"@id":"https:\/\/rideon.es\/renting-empresas\/las-autenticas-avarques-menorquinas\/#primaryimage"},"image":{"@id":"https:\/\/rideon.es\/renting-empresas\/las-autenticas-avarques-menorquinas\/#primaryimage"},"thumbnailUrl":"","datePublished":"2016-11-10T12:36:46+00:00","description":"Una ruta en moto de alquiler por Menorca para descubrir uno de sus productos artesanales m\u00e1s famosos, las aut\u00e9nticas avarcas menorquinas","inLanguage":"es","potentialAction":[{"@type":"ReadAction","target":["https:\/\/rideon.es\/renting-empresas\/las-autenticas-avarques-menorquinas\/"]}]},{"@type":"ImageObject","inLanguage":"es","@id":"https:\/\/rideon.es\/renting-empresas\/las-autenticas-avarques-menorquinas\/#primaryimage","url":"","contentUrl":""},{"@type":"WebSite","@id":"https:\/\/rideon.es\/renting-empresas\/#website","url":"https:\/\/rideon.es\/renting-empresas\/","name":"Alquiler de motos mensual y Renting para Empresas","description":"Las motos m\u00e1s c\u00f3modas y seguras para disfrutar de tus vacaciones sobre ruedas. Alquiler de motos en Menorca, Mallorca, Barcelona y Valencia con Rideon.es","publisher":{"@id":"https:\/\/rideon.es\/renting-empresas\/#organization"},"potentialAction":[{"@type":"SearchAction","target":{"@type":"EntryPoint","urlTemplate":"https:\/\/rideon.es\/renting-empresas\/?s={search_term_string}"},"query-input":{"@type":"PropertyValueSpecification","valueRequired":true,"valueName":"search_term_string"}}],"inLanguage":"es"},{"@type":"Organization","@id":"https:\/\/rideon.es\/renting-empresas\/#organization","name":"Alquiler de motos mensual y Renting para Empresas","url":"https:\/\/rideon.es\/renting-empresas\/","logo":{"@type":"ImageObject","inLanguage":"es","@id":"https:\/\/rideon.es\/renting-empresas\/#\/schema\/logo\/image\/","url":"https:\/\/rideon.es\/renting-empresas\/wp-content\/uploads\/sites\/19\/2020\/02\/rideon_logo-200x78-1.png","contentUrl":"https:\/\/rideon.es\/renting-empresas\/wp-content\/uploads\/sites\/19\/2020\/02\/rideon_logo-200x78-1.png","width":200,"height":78,"caption":"Alquiler de motos mensual y Renting para Empresas"},"image":{"@id":"https:\/\/rideon.es\/renting-empresas\/#\/schema\/logo\/image\/"}},{"@type":"Person","@id":"https:\/\/rideon.es\/renting-empresas\/#\/schema\/person\/48d6770e55c623d929bd20ce295611a7","name":"Ride On","image":{"@type":"ImageObject","inLanguage":"es","@id":"https:\/\/secure.gravatar.com\/avatar\/785e72183089da6a00243c0f0e2d52db79b9983b602219afb07c868943086138?s=96&d=mm&r=g","url":"https:\/\/secure.gravatar.com\/avatar\/785e72183089da6a00243c0f0e2d52db79b9983b602219afb07c868943086138?s=96&d=mm&r=g","contentUrl":"https:\/\/secure.gravatar.com\/avatar\/785e72183089da6a00243c0f0e2d52db79b9983b602219afb07c868943086138?s=96&d=mm&r=g","caption":"Ride On"},"url":"https:\/\/rideon.es\/renting-empresas\/author\/eduardoyauri\/"}]}},"_links":{"self":[{"href":"https:\/\/rideon.es\/renting-empresas\/wp-json\/wp\/v2\/posts\/1170","targetHints":{"allow":["GET"]}}],"collection":[{"href":"https:\/\/rideon.es\/renting-empresas\/wp-json\/wp\/v2\/posts"}],"about":[{"href":"https:\/\/rideon.es\/renting-empresas\/wp-json\/wp\/v2\/types\/post"}],"author":[{"embeddable":true,"href":"https:\/\/rideon.es\/renting-empresas\/wp-json\/wp\/v2\/users\/2"}],"replies":[{"embeddable":true,"href":"https:\/\/rideon.es\/renting-empresas\/wp-json\/wp\/v2\/comments?post=1170"}],"version-history":[{"count":0,"href":"https:\/\/rideon.es\/renting-empresas\/wp-json\/wp\/v2\/posts\/1170\/revisions"}],"wp:featuredmedia":[{"embeddable":true,"href":"https:\/\/rideon.es\/renting-empresas\/wp-json\/"}],"wp:attachment":[{"href":"https:\/\/rideon.es\/renting-empresas\/wp-json\/wp\/v2\/media?parent=1170"}],"wp:term":[{"taxonomy":"category","embeddable":true,"href":"https:\/\/rideon.es\/renting-empresas\/wp-json\/wp\/v2\/categories?post=1170"},{"taxonomy":"post_tag","embeddable":true,"href":"https:\/\/rideon.es\/renting-empresas\/wp-json\/wp\/v2\/tags?post=1170"}],"curies":[{"name":"wp","href":"https:\/\/api.w.org\/{rel}","templated":true}]}}