{"id":1166,"date":"2016-11-10T12:34:27","date_gmt":"2016-11-10T12:34:27","guid":{"rendered":"https:\/\/rideon.es\/?p=1166"},"modified":"2016-11-10T12:34:27","modified_gmt":"2016-11-10T12:34:27","slug":"alaior-una-ruta-en-moto-por-la-menorca-mas-autentica","status":"publish","type":"post","link":"https:\/\/rideon.es\/renting-empresas\/alaior-una-ruta-en-moto-por-la-menorca-mas-autentica\/","title":{"rendered":"Alaior, una ruta en moto por la Menorca m\u00e1s aut\u00e9ntica"},"content":{"rendered":"<h2>Alaior, una ruta en moto por la Menorca m\u00e1s aut\u00e9ntica<\/h2>\n<p>Declarada como <b>Reserva de la Biosfera<\/b> por la UNESCO, el municipio de Alaior ofrece una buena muestra de los valores naturales de la Isla y por ello supone un excelente ruta para descubrir la aut\u00e9ntica <a href=\"http:\/\/www.motorentsoldeplata.com\/\">Menorca en moto de alquiler<\/a>.<br \/>\nSituado en la mitad Sur de la Isla, sobre un terreno suave, <b>Alaior<\/b> destaca tambi\u00e9n por contar con una <b>costa emblem\u00e1tica<\/b> en la que se encuentra el arenal m\u00e1s largo de la Isla, <b>Son Bou<\/b>. De aguas cristalinas y arena dorada, Son Bou es, junto a <b>Cala en Porter<\/b>, el principal n\u00facleo tur\u00edstico del municipio.<br \/>\n&nbsp;<br \/>\n<b>Son Bou<\/b> disfruta de una importante oferta de ocio para todos los p\u00fablicos y edades. Adem\u00e1s de contar con un complejo con diversidad de <b>comercios, bares y restaurantes<\/b>, tambi\u00e9n cuenta con un divertido parque acu\u00e1tico y con una gran bolera en la que se ofrecen clases gratuitas y se celebrarn competiciones.<br \/>\n<b>Cala en Porter<\/b> tambi\u00e9n cuenta con una amplia oferta de servicios, de locales con m\u00fasica en directo con todo tipo de ambientes, entre los que destaca la <b>Cova den Xoroi<\/b>, la discoteca m\u00e1s famosa de Menorca.<br \/>\n&nbsp;<br \/>\nAdem\u00e1s de ofrecer aut\u00e9nticas estampas del paisaje caracter\u00edstico de las <b>zonas rurales de Menorca<\/b>, con sus particulares muros de pared seca, los visitante podr\u00e1n adentrarse en <b>entornos naturales<\/b> de gran valor paisaj\u00edstico y de gran belleza como el que ofrece el sinuoso recorrido del <b>Barranc des Rellotge<\/b> (el Barranco del Reloj), que desemboca en Cala en Porter.<br \/>\nSe trata de uno de los seis barrancos m\u00e1s extensos del Sur de Alaior. Nace en el municipio de <b>Es Mercadal<\/b>, a los pies de <b>Monte Toro<\/b>, y atraviesa Alaior en paralelo al antiguo <b>Cam\u00ed des Camp\u00e0s<\/b>. Cuando el barranco llega cerca de Villa Tanus, el camino se desv\u00eda a la derecha y discurre en paralelo al <b>Cam\u00ed des Polvor\u00ed<\/b>, donde se convervan dos puentes antiguos de gran valor etnol\u00f3gico.<br \/>\nEn Alaior tambi\u00e9n podemos disfrutar de <b>Es Lloc de Menorca<\/b>, un nuevo espacio de ocio que incluye un centro zool\u00f3gico con <b>animales y plantas aut\u00f3ctonas<\/b> y d\u00f3nde se pueden ver las costumbres y utensilios t\u00edpicos de la vida en el campo menorqu\u00edn.<br \/>\n&nbsp;<\/p>\n","protected":false},"excerpt":{"rendered":"<p>Alaior, una ruta en moto por la Menorca m\u00e1s aut\u00e9ntica Declarada como Reserva de la Biosfera por la UNESCO, el municipio de Alaior ofrece una buena muestra de los valores naturales de la Isla y por ello supone un excelente ruta para descubrir la aut\u00e9ntica Menorca en moto de alquiler. Situado en la mitad Sur<\/p>\n","protected":false},"author":2,"featured_media":1168,"comment_status":"open","ping_status":"closed","sticky":false,"template":"","format":"standard","meta":{"inline_featured_image":false,"footnotes":""},"categories":[15],"tags":[],"class_list":["post-1166","post","type-post","status-publish","format-standard","has-post-thumbnail","hentry","category-alaior"],"yoast_head":"<!-- This site is optimized with the Yoast SEO Premium plugin v18.7 (Yoast SEO v27.5) - https:\/\/yoast.com\/product\/yoast-seo-premium-wordpress\/ -->\n<title>Recorriendo el municipio menorqu\u00edn de Alaior en moto<\/title>\n<meta name=\"description\" content=\"El municipio de Alaior nos ofrece una magn\u00edfica oportunidad para descubrir los contrastes de Menorca en nuestra moto de alquiler\" \/>\n<meta name=\"robots\" content=\"index, follow, max-snippet:-1, max-image-preview:large, max-video-preview:-1\" \/>\n<link rel=\"canonical\" href=\"https:\/\/rideon.es\/renting-empresas\/alaior-una-ruta-en-moto-por-la-menorca-mas-autentica\/\" \/>\n<meta property=\"og:locale\" content=\"es_ES\" \/>\n<meta property=\"og:type\" content=\"article\" \/>\n<meta property=\"og:title\" content=\"Alaior, una ruta en moto por la Menorca m\u00e1s aut\u00e9ntica\" \/>\n<meta property=\"og:description\" content=\"El municipio de Alaior nos ofrece una magn\u00edfica oportunidad para descubrir los contrastes de Menorca en nuestra moto de alquiler\" \/>\n<meta property=\"og:url\" content=\"https:\/\/rideon.es\/renting-empresas\/alaior-una-ruta-en-moto-por-la-menorca-mas-autentica\/\" \/>\n<meta property=\"og:site_name\" content=\"Alquiler de motos mensual y Renting para Empresas\" \/>\n<meta property=\"article:published_time\" content=\"2016-11-10T12:34:27+00:00\" \/>\n<meta name=\"author\" content=\"Ride On\" \/>\n<meta name=\"twitter:card\" content=\"summary_large_image\" \/>\n<meta name=\"twitter:label1\" content=\"Escrito por\" \/>\n\t<meta name=\"twitter:data1\" content=\"Ride On\" \/>\n\t<meta name=\"twitter:label2\" content=\"Tiempo de lectura\" \/>\n\t<meta name=\"twitter:data2\" content=\"2 minutos\" \/>\n<script type=\"application\/ld+json\" class=\"yoast-schema-graph\">{\"@context\":\"https:\\\/\\\/schema.org\",\"@graph\":[{\"@type\":\"Article\",\"@id\":\"https:\\\/\\\/rideon.es\\\/renting-empresas\\\/alaior-una-ruta-en-moto-por-la-menorca-mas-autentica\\\/#article\",\"isPartOf\":{\"@id\":\"https:\\\/\\\/rideon.es\\\/renting-empresas\\\/alaior-una-ruta-en-moto-por-la-menorca-mas-autentica\\\/\"},\"author\":{\"name\":\"Ride On\",\"@id\":\"https:\\\/\\\/rideon.es\\\/renting-empresas\\\/#\\\/schema\\\/person\\\/48d6770e55c623d929bd20ce295611a7\"},\"headline\":\"Alaior, una ruta en moto por la Menorca m\u00e1s aut\u00e9ntica\",\"datePublished\":\"2016-11-10T12:34:27+00:00\",\"mainEntityOfPage\":{\"@id\":\"https:\\\/\\\/rideon.es\\\/renting-empresas\\\/alaior-una-ruta-en-moto-por-la-menorca-mas-autentica\\\/\"},\"wordCount\":406,\"commentCount\":0,\"publisher\":{\"@id\":\"https:\\\/\\\/rideon.es\\\/renting-empresas\\\/#organization\"},\"image\":{\"@id\":\"https:\\\/\\\/rideon.es\\\/renting-empresas\\\/alaior-una-ruta-en-moto-por-la-menorca-mas-autentica\\\/#primaryimage\"},\"thumbnailUrl\":\"\",\"articleSection\":[\"Alaior\"],\"inLanguage\":\"es\",\"potentialAction\":[{\"@type\":\"CommentAction\",\"name\":\"Comment\",\"target\":[\"https:\\\/\\\/rideon.es\\\/renting-empresas\\\/alaior-una-ruta-en-moto-por-la-menorca-mas-autentica\\\/#respond\"]}]},{\"@type\":\"WebPage\",\"@id\":\"https:\\\/\\\/rideon.es\\\/renting-empresas\\\/alaior-una-ruta-en-moto-por-la-menorca-mas-autentica\\\/\",\"url\":\"https:\\\/\\\/rideon.es\\\/renting-empresas\\\/alaior-una-ruta-en-moto-por-la-menorca-mas-autentica\\\/\",\"name\":\"Recorriendo el municipio menorqu\u00edn de Alaior en moto\",\"isPartOf\":{\"@id\":\"https:\\\/\\\/rideon.es\\\/renting-empresas\\\/#website\"},\"primaryImageOfPage\":{\"@id\":\"https:\\\/\\\/rideon.es\\\/renting-empresas\\\/alaior-una-ruta-en-moto-por-la-menorca-mas-autentica\\\/#primaryimage\"},\"image\":{\"@id\":\"https:\\\/\\\/rideon.es\\\/renting-empresas\\\/alaior-una-ruta-en-moto-por-la-menorca-mas-autentica\\\/#primaryimage\"},\"thumbnailUrl\":\"\",\"datePublished\":\"2016-11-10T12:34:27+00:00\",\"description\":\"El municipio de Alaior nos ofrece una magn\u00edfica oportunidad para descubrir los contrastes de Menorca en nuestra moto de alquiler\",\"inLanguage\":\"es\",\"potentialAction\":[{\"@type\":\"ReadAction\",\"target\":[\"https:\\\/\\\/rideon.es\\\/renting-empresas\\\/alaior-una-ruta-en-moto-por-la-menorca-mas-autentica\\\/\"]}]},{\"@type\":\"ImageObject\",\"inLanguage\":\"es\",\"@id\":\"https:\\\/\\\/rideon.es\\\/renting-empresas\\\/alaior-una-ruta-en-moto-por-la-menorca-mas-autentica\\\/#primaryimage\",\"url\":\"\",\"contentUrl\":\"\"},{\"@type\":\"WebSite\",\"@id\":\"https:\\\/\\\/rideon.es\\\/renting-empresas\\\/#website\",\"url\":\"https:\\\/\\\/rideon.es\\\/renting-empresas\\\/\",\"name\":\"Alquiler de motos mensual y Renting para Empresas\",\"description\":\"Las motos m\u00e1s c\u00f3modas y seguras para disfrutar de tus vacaciones sobre ruedas. Alquiler de motos en Menorca, Mallorca, Barcelona y Valencia con Rideon.es\",\"publisher\":{\"@id\":\"https:\\\/\\\/rideon.es\\\/renting-empresas\\\/#organization\"},\"potentialAction\":[{\"@type\":\"SearchAction\",\"target\":{\"@type\":\"EntryPoint\",\"urlTemplate\":\"https:\\\/\\\/rideon.es\\\/renting-empresas\\\/?s={search_term_string}\"},\"query-input\":{\"@type\":\"PropertyValueSpecification\",\"valueRequired\":true,\"valueName\":\"search_term_string\"}}],\"inLanguage\":\"es\"},{\"@type\":\"Organization\",\"@id\":\"https:\\\/\\\/rideon.es\\\/renting-empresas\\\/#organization\",\"name\":\"Alquiler de motos mensual y Renting para Empresas\",\"url\":\"https:\\\/\\\/rideon.es\\\/renting-empresas\\\/\",\"logo\":{\"@type\":\"ImageObject\",\"inLanguage\":\"es\",\"@id\":\"https:\\\/\\\/rideon.es\\\/renting-empresas\\\/#\\\/schema\\\/logo\\\/image\\\/\",\"url\":\"https:\\\/\\\/rideon.es\\\/renting-empresas\\\/wp-content\\\/uploads\\\/sites\\\/19\\\/2020\\\/02\\\/rideon_logo-200x78-1.png\",\"contentUrl\":\"https:\\\/\\\/rideon.es\\\/renting-empresas\\\/wp-content\\\/uploads\\\/sites\\\/19\\\/2020\\\/02\\\/rideon_logo-200x78-1.png\",\"width\":200,\"height\":78,\"caption\":\"Alquiler de motos mensual y Renting para Empresas\"},\"image\":{\"@id\":\"https:\\\/\\\/rideon.es\\\/renting-empresas\\\/#\\\/schema\\\/logo\\\/image\\\/\"}},{\"@type\":\"Person\",\"@id\":\"https:\\\/\\\/rideon.es\\\/renting-empresas\\\/#\\\/schema\\\/person\\\/48d6770e55c623d929bd20ce295611a7\",\"name\":\"Ride On\",\"image\":{\"@type\":\"ImageObject\",\"inLanguage\":\"es\",\"@id\":\"https:\\\/\\\/secure.gravatar.com\\\/avatar\\\/785e72183089da6a00243c0f0e2d52db79b9983b602219afb07c868943086138?s=96&d=mm&r=g\",\"url\":\"https:\\\/\\\/secure.gravatar.com\\\/avatar\\\/785e72183089da6a00243c0f0e2d52db79b9983b602219afb07c868943086138?s=96&d=mm&r=g\",\"contentUrl\":\"https:\\\/\\\/secure.gravatar.com\\\/avatar\\\/785e72183089da6a00243c0f0e2d52db79b9983b602219afb07c868943086138?s=96&d=mm&r=g\",\"caption\":\"Ride On\"},\"url\":\"https:\\\/\\\/rideon.es\\\/renting-empresas\\\/author\\\/eduardoyauri\\\/\"}]}<\/script>\n<!-- \/ Yoast SEO Premium plugin. -->","yoast_head_json":{"title":"Recorriendo el municipio menorqu\u00edn de Alaior en moto","description":"El municipio de Alaior nos ofrece una magn\u00edfica oportunidad para descubrir los contrastes de Menorca en nuestra moto de alquiler","robots":{"index":"index","follow":"follow","max-snippet":"max-snippet:-1","max-image-preview":"max-image-preview:large","max-video-preview":"max-video-preview:-1"},"canonical":"https:\/\/rideon.es\/renting-empresas\/alaior-una-ruta-en-moto-por-la-menorca-mas-autentica\/","og_locale":"es_ES","og_type":"article","og_title":"Alaior, una ruta en moto por la Menorca m\u00e1s aut\u00e9ntica","og_description":"El municipio de Alaior nos ofrece una magn\u00edfica oportunidad para descubrir los contrastes de Menorca en nuestra moto de alquiler","og_url":"https:\/\/rideon.es\/renting-empresas\/alaior-una-ruta-en-moto-por-la-menorca-mas-autentica\/","og_site_name":"Alquiler de motos mensual y Renting para Empresas","article_published_time":"2016-11-10T12:34:27+00:00","author":"Ride On","twitter_card":"summary_large_image","twitter_misc":{"Escrito por":"Ride On","Tiempo de lectura":"2 minutos"},"schema":{"@context":"https:\/\/schema.org","@graph":[{"@type":"Article","@id":"https:\/\/rideon.es\/renting-empresas\/alaior-una-ruta-en-moto-por-la-menorca-mas-autentica\/#article","isPartOf":{"@id":"https:\/\/rideon.es\/renting-empresas\/alaior-una-ruta-en-moto-por-la-menorca-mas-autentica\/"},"author":{"name":"Ride On","@id":"https:\/\/rideon.es\/renting-empresas\/#\/schema\/person\/48d6770e55c623d929bd20ce295611a7"},"headline":"Alaior, una ruta en moto por la Menorca m\u00e1s aut\u00e9ntica","datePublished":"2016-11-10T12:34:27+00:00","mainEntityOfPage":{"@id":"https:\/\/rideon.es\/renting-empresas\/alaior-una-ruta-en-moto-por-la-menorca-mas-autentica\/"},"wordCount":406,"commentCount":0,"publisher":{"@id":"https:\/\/rideon.es\/renting-empresas\/#organization"},"image":{"@id":"https:\/\/rideon.es\/renting-empresas\/alaior-una-ruta-en-moto-por-la-menorca-mas-autentica\/#primaryimage"},"thumbnailUrl":"","articleSection":["Alaior"],"inLanguage":"es","potentialAction":[{"@type":"CommentAction","name":"Comment","target":["https:\/\/rideon.es\/renting-empresas\/alaior-una-ruta-en-moto-por-la-menorca-mas-autentica\/#respond"]}]},{"@type":"WebPage","@id":"https:\/\/rideon.es\/renting-empresas\/alaior-una-ruta-en-moto-por-la-menorca-mas-autentica\/","url":"https:\/\/rideon.es\/renting-empresas\/alaior-una-ruta-en-moto-por-la-menorca-mas-autentica\/","name":"Recorriendo el municipio menorqu\u00edn de Alaior en moto","isPartOf":{"@id":"https:\/\/rideon.es\/renting-empresas\/#website"},"primaryImageOfPage":{"@id":"https:\/\/rideon.es\/renting-empresas\/alaior-una-ruta-en-moto-por-la-menorca-mas-autentica\/#primaryimage"},"image":{"@id":"https:\/\/rideon.es\/renting-empresas\/alaior-una-ruta-en-moto-por-la-menorca-mas-autentica\/#primaryimage"},"thumbnailUrl":"","datePublished":"2016-11-10T12:34:27+00:00","description":"El municipio de Alaior nos ofrece una magn\u00edfica oportunidad para descubrir los contrastes de Menorca en nuestra moto de alquiler","inLanguage":"es","potentialAction":[{"@type":"ReadAction","target":["https:\/\/rideon.es\/renting-empresas\/alaior-una-ruta-en-moto-por-la-menorca-mas-autentica\/"]}]},{"@type":"ImageObject","inLanguage":"es","@id":"https:\/\/rideon.es\/renting-empresas\/alaior-una-ruta-en-moto-por-la-menorca-mas-autentica\/#primaryimage","url":"","contentUrl":""},{"@type":"WebSite","@id":"https:\/\/rideon.es\/renting-empresas\/#website","url":"https:\/\/rideon.es\/renting-empresas\/","name":"Alquiler de motos mensual y Renting para Empresas","description":"Las motos m\u00e1s c\u00f3modas y seguras para disfrutar de tus vacaciones sobre ruedas. Alquiler de motos en Menorca, Mallorca, Barcelona y Valencia con Rideon.es","publisher":{"@id":"https:\/\/rideon.es\/renting-empresas\/#organization"},"potentialAction":[{"@type":"SearchAction","target":{"@type":"EntryPoint","urlTemplate":"https:\/\/rideon.es\/renting-empresas\/?s={search_term_string}"},"query-input":{"@type":"PropertyValueSpecification","valueRequired":true,"valueName":"search_term_string"}}],"inLanguage":"es"},{"@type":"Organization","@id":"https:\/\/rideon.es\/renting-empresas\/#organization","name":"Alquiler de motos mensual y Renting para Empresas","url":"https:\/\/rideon.es\/renting-empresas\/","logo":{"@type":"ImageObject","inLanguage":"es","@id":"https:\/\/rideon.es\/renting-empresas\/#\/schema\/logo\/image\/","url":"https:\/\/rideon.es\/renting-empresas\/wp-content\/uploads\/sites\/19\/2020\/02\/rideon_logo-200x78-1.png","contentUrl":"https:\/\/rideon.es\/renting-empresas\/wp-content\/uploads\/sites\/19\/2020\/02\/rideon_logo-200x78-1.png","width":200,"height":78,"caption":"Alquiler de motos mensual y Renting para Empresas"},"image":{"@id":"https:\/\/rideon.es\/renting-empresas\/#\/schema\/logo\/image\/"}},{"@type":"Person","@id":"https:\/\/rideon.es\/renting-empresas\/#\/schema\/person\/48d6770e55c623d929bd20ce295611a7","name":"Ride On","image":{"@type":"ImageObject","inLanguage":"es","@id":"https:\/\/secure.gravatar.com\/avatar\/785e72183089da6a00243c0f0e2d52db79b9983b602219afb07c868943086138?s=96&d=mm&r=g","url":"https:\/\/secure.gravatar.com\/avatar\/785e72183089da6a00243c0f0e2d52db79b9983b602219afb07c868943086138?s=96&d=mm&r=g","contentUrl":"https:\/\/secure.gravatar.com\/avatar\/785e72183089da6a00243c0f0e2d52db79b9983b602219afb07c868943086138?s=96&d=mm&r=g","caption":"Ride On"},"url":"https:\/\/rideon.es\/renting-empresas\/author\/eduardoyauri\/"}]}},"_links":{"self":[{"href":"https:\/\/rideon.es\/renting-empresas\/wp-json\/wp\/v2\/posts\/1166","targetHints":{"allow":["GET"]}}],"collection":[{"href":"https:\/\/rideon.es\/renting-empresas\/wp-json\/wp\/v2\/posts"}],"about":[{"href":"https:\/\/rideon.es\/renting-empresas\/wp-json\/wp\/v2\/types\/post"}],"author":[{"embeddable":true,"href":"https:\/\/rideon.es\/renting-empresas\/wp-json\/wp\/v2\/users\/2"}],"replies":[{"embeddable":true,"href":"https:\/\/rideon.es\/renting-empresas\/wp-json\/wp\/v2\/comments?post=1166"}],"version-history":[{"count":0,"href":"https:\/\/rideon.es\/renting-empresas\/wp-json\/wp\/v2\/posts\/1166\/revisions"}],"wp:featuredmedia":[{"embeddable":true,"href":"https:\/\/rideon.es\/renting-empresas\/wp-json\/"}],"wp:attachment":[{"href":"https:\/\/rideon.es\/renting-empresas\/wp-json\/wp\/v2\/media?parent=1166"}],"wp:term":[{"taxonomy":"category","embeddable":true,"href":"https:\/\/rideon.es\/renting-empresas\/wp-json\/wp\/v2\/categories?post=1166"},{"taxonomy":"post_tag","embeddable":true,"href":"https:\/\/rideon.es\/renting-empresas\/wp-json\/wp\/v2\/tags?post=1166"}],"curies":[{"name":"wp","href":"https:\/\/api.w.org\/{rel}","templated":true}]}}